{"id":1328,"date":"2010-02-26T00:00:00","date_gmt":"2010-02-26T05:00:00","guid":{"rendered":"https:\/\/www.merkley.senate.gov\/we-pay-for-tax-cuts-for-the-wealthy-but-not-assistance-for-the-unemployedd\/"},"modified":"2010-02-26T00:00:00","modified_gmt":"2010-02-26T05:00:00","slug":"we-pay-for-tax-cuts-for-the-wealthy-but-not-assistance-for-the-unemployedd","status":"publish","type":"post","link":"https:\/\/www.merkley.senate.gov\/es\/we-pay-for-tax-cuts-for-the-wealthy-but-not-assistance-for-the-unemployedd\/","title":{"rendered":"\u00bfPagamos los recortes de impuestos para los ricos pero no la asistencia para los desempleados?"},"content":{"rendered":"<p>El Senador Merkley tom\u00f3 la palabra para condenar a un solo Senador que retrasaba una votaci\u00f3n a favor de la asistencia por desempleo y el seguro m\u00e9dico para los desempleados. <\/p>","protected":false},"excerpt":{"rendered":"<p>El Senador Merkley tom\u00f3 la palabra para condenar a un solo Senador que retrasaba una votaci\u00f3n a favor de la asistencia por desempleo y el seguro m\u00e9dico para los desempleados.<\/p>","protected":false},"author":2,"featured_media":0,"comment_status":"closed","ping_status":"closed","sticky":false,"template":"","format":"standard","meta":{"_acf_changed":false,"inline_featured_image":false,"footnotes":""},"categories":[25],"tags":[],"class_list":["post-1328","post","type-post","status-publish","format-standard","hentry","category-videos"],"acf":[],"yoast_head":"<!-- This site is optimized with the Yoast SEO plugin v27.2 - https:\/\/yoast.com\/product\/yoast-seo-wordpress\/ -->\n<title>We Pay for Tax Cuts for the Wealthy but not Assistance for the Unemployed? - Merkley<\/title>\n<meta name=\"robots\" content=\"index, follow, max-snippet:-1, max-image-preview:large, max-video-preview:-1\" \/>\n<link rel=\"canonical\" href=\"https:\/\/www.merkley.senate.gov\/es\/we-pay-for-tax-cuts-for-the-wealthy-but-not-assistance-for-the-unemployedd\/\" \/>\n<meta property=\"og:locale\" content=\"es_MX\" \/>\n<meta property=\"og:type\" content=\"article\" \/>\n<meta property=\"og:title\" content=\"We Pay for Tax Cuts for the Wealthy but not Assistance for the Unemployed? - Merkley\" \/>\n<meta property=\"og:description\" content=\"Senator Merkley took to the floor to decry a single Senator holding up a vote for unemployment assistance and health insurance for the unemployed.\" \/>\n<meta property=\"og:url\" content=\"https:\/\/www.merkley.senate.gov\/es\/we-pay-for-tax-cuts-for-the-wealthy-but-not-assistance-for-the-unemployedd\/\" \/>\n<meta property=\"og:site_name\" content=\"Merkley\" \/>\n<meta property=\"article:published_time\" content=\"2010-02-26T05:00:00+00:00\" \/>\n<meta name=\"twitter:card\" content=\"summary_large_image\" \/>\n<meta name=\"twitter:label1\" content=\"Written by\" \/>\n\t<meta name=\"twitter:data1\" content=\"\" \/>\n<script type=\"application\/ld+json\" class=\"yoast-schema-graph\">{\"@context\":\"https:\/\/schema.org\",\"@graph\":[{\"@type\":\"Article\",\"@id\":\"https:\/\/www.merkley.senate.gov\/es\/we-pay-for-tax-cuts-for-the-wealthy-but-not-assistance-for-the-unemployedd\/#article\",\"isPartOf\":{\"@id\":\"https:\/\/www.merkley.senate.gov\/es\/we-pay-for-tax-cuts-for-the-wealthy-but-not-assistance-for-the-unemployedd\/\"},\"author\":{\"name\":\"\",\"@id\":\"\"},\"headline\":\"We Pay for Tax Cuts for the Wealthy but not Assistance for the Unemployed?\",\"datePublished\":\"2010-02-26T05:00:00+00:00\",\"mainEntityOfPage\":{\"@id\":\"https:\/\/www.merkley.senate.gov\/es\/we-pay-for-tax-cuts-for-the-wealthy-but-not-assistance-for-the-unemployedd\/\"},\"wordCount\":38,\"articleSection\":[\"Videos\"],\"inLanguage\":\"es-MX\"},{\"@type\":\"WebPage\",\"@id\":\"https:\/\/www.merkley.senate.gov\/es\/we-pay-for-tax-cuts-for-the-wealthy-but-not-assistance-for-the-unemployedd\/\",\"url\":\"https:\/\/www.merkley.senate.gov\/es\/we-pay-for-tax-cuts-for-the-wealthy-but-not-assistance-for-the-unemployedd\/\",\"name\":\"We Pay for Tax Cuts for the Wealthy but not Assistance for the Unemployed? - Merkley\",\"isPartOf\":{\"@id\":\"https:\/\/www.merkley.senate.gov\/#website\"},\"datePublished\":\"2010-02-26T05:00:00+00:00\",\"author\":{\"@id\":\"\"},\"breadcrumb\":{\"@id\":\"https:\/\/www.merkley.senate.gov\/es\/we-pay-for-tax-cuts-for-the-wealthy-but-not-assistance-for-the-unemployedd\/#breadcrumb\"},\"inLanguage\":\"es-MX\",\"potentialAction\":[{\"@type\":\"ReadAction\",\"target\":[\"https:\/\/www.merkley.senate.gov\/es\/we-pay-for-tax-cuts-for-the-wealthy-but-not-assistance-for-the-unemployedd\/\"]}]},{\"@type\":\"BreadcrumbList\",\"@id\":\"https:\/\/www.merkley.senate.gov\/es\/we-pay-for-tax-cuts-for-the-wealthy-but-not-assistance-for-the-unemployedd\/#breadcrumb\",\"itemListElement\":[{\"@type\":\"ListItem\",\"position\":1,\"name\":\"Home\",\"item\":\"https:\/\/www.merkley.senate.gov\/\"},{\"@type\":\"ListItem\",\"position\":2,\"name\":\"We Pay for Tax Cuts for the Wealthy but not Assistance for the Unemployed?\"}]},{\"@type\":\"WebSite\",\"@id\":\"https:\/\/www.merkley.senate.gov\/#website\",\"url\":\"https:\/\/www.merkley.senate.gov\/\",\"name\":\"Merkley\",\"description\":\"Merkley\",\"potentialAction\":[{\"@type\":\"SearchAction\",\"target\":{\"@type\":\"EntryPoint\",\"urlTemplate\":\"https:\/\/www.merkley.senate.gov\/?s={search_term_string}\"},\"query-input\":{\"@type\":\"PropertyValueSpecification\",\"valueRequired\":true,\"valueName\":\"search_term_string\"}}],\"inLanguage\":\"es-MX\"},{\"@type\":\"Person\",\"@id\":\"\",\"url\":\"https:\/\/www.merkley.senate.gov\/es\/author\/\"}]}<\/script>\n<!-- \/ Yoast SEO plugin. -->","yoast_head_json":{"title":"We Pay for Tax Cuts for the Wealthy but not Assistance for the Unemployed? - Merkley","robots":{"index":"index","follow":"follow","max-snippet":"max-snippet:-1","max-image-preview":"max-image-preview:large","max-video-preview":"max-video-preview:-1"},"canonical":"https:\/\/www.merkley.senate.gov\/es\/we-pay-for-tax-cuts-for-the-wealthy-but-not-assistance-for-the-unemployedd\/","og_locale":"es_MX","og_type":"article","og_title":"We Pay for Tax Cuts for the Wealthy but not Assistance for the Unemployed? - Merkley","og_description":"Senator Merkley took to the floor to decry a single Senator holding up a vote for unemployment assistance and health insurance for the unemployed.","og_url":"https:\/\/www.merkley.senate.gov\/es\/we-pay-for-tax-cuts-for-the-wealthy-but-not-assistance-for-the-unemployedd\/","og_site_name":"Merkley","article_published_time":"2010-02-26T05:00:00+00:00","twitter_card":"summary_large_image","twitter_misc":{"Written by":""},"schema":{"@context":"https:\/\/schema.org","@graph":[{"@type":"Article","@id":"https:\/\/www.merkley.senate.gov\/es\/we-pay-for-tax-cuts-for-the-wealthy-but-not-assistance-for-the-unemployedd\/#article","isPartOf":{"@id":"https:\/\/www.merkley.senate.gov\/es\/we-pay-for-tax-cuts-for-the-wealthy-but-not-assistance-for-the-unemployedd\/"},"author":{"name":"","@id":""},"headline":"We Pay for Tax Cuts for the Wealthy but not Assistance for the Unemployed?","datePublished":"2010-02-26T05:00:00+00:00","mainEntityOfPage":{"@id":"https:\/\/www.merkley.senate.gov\/es\/we-pay-for-tax-cuts-for-the-wealthy-but-not-assistance-for-the-unemployedd\/"},"wordCount":38,"articleSection":["Videos"],"inLanguage":"es-MX"},{"@type":"WebPage","@id":"https:\/\/www.merkley.senate.gov\/es\/we-pay-for-tax-cuts-for-the-wealthy-but-not-assistance-for-the-unemployedd\/","url":"https:\/\/www.merkley.senate.gov\/es\/we-pay-for-tax-cuts-for-the-wealthy-but-not-assistance-for-the-unemployedd\/","name":"We Pay for Tax Cuts for the Wealthy but not Assistance for the Unemployed? - Merkley","isPartOf":{"@id":"https:\/\/www.merkley.senate.gov\/#website"},"datePublished":"2010-02-26T05:00:00+00:00","author":{"@id":""},"breadcrumb":{"@id":"https:\/\/www.merkley.senate.gov\/es\/we-pay-for-tax-cuts-for-the-wealthy-but-not-assistance-for-the-unemployedd\/#breadcrumb"},"inLanguage":"es-MX","potentialAction":[{"@type":"ReadAction","target":["https:\/\/www.merkley.senate.gov\/es\/we-pay-for-tax-cuts-for-the-wealthy-but-not-assistance-for-the-unemployedd\/"]}]},{"@type":"BreadcrumbList","@id":"https:\/\/www.merkley.senate.gov\/es\/we-pay-for-tax-cuts-for-the-wealthy-but-not-assistance-for-the-unemployedd\/#breadcrumb","itemListElement":[{"@type":"ListItem","position":1,"name":"Home","item":"https:\/\/www.merkley.senate.gov\/"},{"@type":"ListItem","position":2,"name":"We Pay for Tax Cuts for the Wealthy but not Assistance for the Unemployed?"}]},{"@type":"WebSite","@id":"https:\/\/www.merkley.senate.gov\/#website","url":"https:\/\/www.merkley.senate.gov\/","name":"merkley","description":"merkley","potentialAction":[{"@type":"SearchAction","target":{"@type":"EntryPoint","urlTemplate":"https:\/\/www.merkley.senate.gov\/?s={search_term_string}"},"query-input":{"@type":"PropertyValueSpecification","valueRequired":true,"valueName":"search_term_string"}}],"inLanguage":"es-MX"},{"@type":"Person","@id":"","url":"https:\/\/www.merkley.senate.gov\/es\/author\/"}]}},"_links":{"self":[{"href":"https:\/\/www.merkley.senate.gov\/es\/wp-json\/wp\/v2\/posts\/1328","targetHints":{"allow":["GET"]}}],"collection":[{"href":"https:\/\/www.merkley.senate.gov\/es\/wp-json\/wp\/v2\/posts"}],"about":[{"href":"https:\/\/www.merkley.senate.gov\/es\/wp-json\/wp\/v2\/types\/post"}],"author":[{"embeddable":true,"href":"https:\/\/www.merkley.senate.gov\/es\/wp-json\/wp\/v2\/users\/2"}],"replies":[{"embeddable":true,"href":"https:\/\/www.merkley.senate.gov\/es\/wp-json\/wp\/v2\/comments?post=1328"}],"version-history":[{"count":0,"href":"https:\/\/www.merkley.senate.gov\/es\/wp-json\/wp\/v2\/posts\/1328\/revisions"}],"wp:attachment":[{"href":"https:\/\/www.merkley.senate.gov\/es\/wp-json\/wp\/v2\/media?parent=1328"}],"wp:term":[{"taxonomy":"category","embeddable":true,"href":"https:\/\/www.merkley.senate.gov\/es\/wp-json\/wp\/v2\/categories?post=1328"},{"taxonomy":"post_tag","embeddable":true,"href":"https:\/\/www.merkley.senate.gov\/es\/wp-json\/wp\/v2\/tags?post=1328"}],"curies":[{"name":"wp","href":"https:\/\/api.w.org\/{rel}","templated":true}]}}