{"id":1522,"date":"2023-05-03T08:44:00","date_gmt":"2023-05-03T12:44:00","guid":{"rendered":"https:\/\/www.merkley.senate.gov\/?p=1522"},"modified":"2023-08-28T14:02:01","modified_gmt":"2023-08-28T18:02:01","slug":"merkley-julie-su-is-passionate-defender-of-workers-families","status":"publish","type":"post","link":"https:\/\/www.merkley.senate.gov\/es\/merkley-julie-su-is-passionate-defender-of-workers-families\/","title":{"rendered":"MERKLEY: JULIE SU ES UNA APASIONADA DEFENSORA DE LOS TRABAJADORES Y LAS FAMILIAS"},"content":{"rendered":"<p>mi\u00e9rcoles, 3 de mayo de 2023<\/p>\n\n\n\n<p>Washington, DC \u2013 Hoy, el Senador de EE. UU. de Oreg\u00f3n, Jeff Merkley, anunci\u00f3 su apoyo a la nominaci\u00f3n de Julie Su para ser Secretaria de Trabajo, luego de reunirse para revisar su historial. Las fotos de su reuni\u00f3n est\u00e1n disponibles.&nbsp;<a href=\"https:\/\/merkley.app.box.com\/s\/sjruob9om58p9mafzft07y6vho72fegt\">aqu\u00ed<\/a><em>.<\/em><\/p>\n\n\n\n<blockquote class=\"wp-block-quote is-layout-flow wp-block-quote-is-layout-flow\">\n<p>\u201cJulie Su es una apasionada defensora de los trabajadores y sus familias. En mi vecindario obrero, veo el efecto que est\u00e1n teniendo los salarios estancados en la capacidad de las familias para asumir los crecientes costos de la vivienda, la atenci\u00f3n m\u00e9dica y la educaci\u00f3n. Nuestro pr\u00f3ximo Secretario de Trabajo tiene que estar listo para desarmar nuestra econom\u00eda para que funcione para todos los estadounidenses, no solo para los ricos y bien conectados. Julie Su cumple con los requisitos y est\u00e1 lista para abrir las puertas de la oportunidad a todos, sin importar d\u00f3nde vivan, cu\u00e1nto dinero ganen o c\u00f3mo se vean.<\/p>\n\n\n\n<p>\u201cComo hijo de un maquinista sindical, conozco los beneficios que se derivan del derecho de un trabajador a organizar su lugar de trabajo y abogar por condiciones de trabajo seguras y salarios y beneficios justos. Julie ha pasado su carrera luchando por los derechos de los trabajadores, incluido el derecho a sindicalizarse. Juntos, con Su al frente del Departamento de Trabajo y los defensores de los trabajadores al frente del Senado, podemos abordar los serios desaf\u00edos que enfrentan los trabajadores estadounidenses y nuestra econom\u00eda\u201d.<\/p>\n<\/blockquote>\n\n\n\n<p class=\"has-text-align-center\">###<\/p>","protected":false},"excerpt":{"rendered":"<p>Wednesday, May 3, 2023 Washington, D.C. \u2013 Today, Oregon\u2019s U.S. Senator Jeff Merkley announced his support for Julie Su\u2019s nomination to be Labor Secretary, after meeting to review her record. Photos of their meeting are available&nbsp;here. \u201cJulie Su is a passionate defender of workers and their families. In my blue-collar neighborhood, I see the effect [&hellip;]<\/p>\n","protected":false},"author":1,"featured_media":0,"comment_status":"open","ping_status":"open","sticky":false,"template":"","format":"standard","meta":{"_acf_changed":false,"inline_featured_image":false,"footnotes":""},"categories":[24],"tags":[126],"class_list":["post-1522","post","type-post","status-publish","format-standard","hentry","category-press-releases","tag-support-for-living-wage-jobs"],"acf":[],"yoast_head":"<!-- This site is optimized with the Yoast SEO plugin v27.2 - https:\/\/yoast.com\/product\/yoast-seo-wordpress\/ -->\n<title>MERKLEY: JULIE SU IS PASSIONATE DEFENDER OF WORKERS, FAMILIES - Merkley<\/title>\n<meta name=\"robots\" content=\"index, follow, max-snippet:-1, max-image-preview:large, max-video-preview:-1\" \/>\n<link rel=\"canonical\" href=\"https:\/\/www.merkley.senate.gov\/es\/merkley-julie-su-is-passionate-defender-of-workers-families\/\" \/>\n<meta property=\"og:locale\" content=\"es_MX\" \/>\n<meta property=\"og:type\" content=\"article\" \/>\n<meta property=\"og:title\" content=\"MERKLEY: JULIE SU IS PASSIONATE DEFENDER OF WORKERS, FAMILIES - Merkley\" \/>\n<meta property=\"og:description\" content=\"Wednesday, May 3, 2023 Washington, D.C. \u2013 Today, Oregon\u2019s U.S. Senator Jeff Merkley announced his support for Julie Su\u2019s nomination to be Labor Secretary, after meeting to review her record. Photos of their meeting are available&nbsp;here. \u201cJulie Su is a passionate defender of workers and their families. In my blue-collar neighborhood, I see the effect [&hellip;]\" \/>\n<meta property=\"og:url\" content=\"https:\/\/www.merkley.senate.gov\/es\/merkley-julie-su-is-passionate-defender-of-workers-families\/\" \/>\n<meta property=\"og:site_name\" content=\"Merkley\" \/>\n<meta property=\"article:published_time\" content=\"2023-05-03T12:44:00+00:00\" \/>\n<meta property=\"article:modified_time\" content=\"2023-08-28T18:02:01+00:00\" \/>\n<meta name=\"author\" content=\"smw\" \/>\n<meta name=\"twitter:card\" content=\"summary_large_image\" \/>\n<meta name=\"twitter:label1\" content=\"Written by\" \/>\n\t<meta name=\"twitter:data1\" content=\"smw\" \/>\n\t<meta name=\"twitter:label2\" content=\"Est. reading time\" \/>\n\t<meta name=\"twitter:data2\" content=\"1 minute\" \/>\n<script type=\"application\/ld+json\" class=\"yoast-schema-graph\">{\"@context\":\"https:\/\/schema.org\",\"@graph\":[{\"@type\":\"Article\",\"@id\":\"https:\/\/www.merkley.senate.gov\/merkley-julie-su-is-passionate-defender-of-workers-families\/#article\",\"isPartOf\":{\"@id\":\"https:\/\/www.merkley.senate.gov\/merkley-julie-su-is-passionate-defender-of-workers-families\/\"},\"author\":{\"name\":\"smw\",\"@id\":\"https:\/\/www.merkley.senate.gov\/#\/schema\/person\/48ac5e5db5baef2064b650a6708be1de\"},\"headline\":\"MERKLEY: JULIE SU IS PASSIONATE DEFENDER OF WORKERS, FAMILIES\",\"datePublished\":\"2023-05-03T12:44:00+00:00\",\"dateModified\":\"2023-08-28T18:02:01+00:00\",\"mainEntityOfPage\":{\"@id\":\"https:\/\/www.merkley.senate.gov\/merkley-julie-su-is-passionate-defender-of-workers-families\/\"},\"wordCount\":217,\"commentCount\":0,\"keywords\":[\"Support for Living Wage Jobs\"],\"articleSection\":[\"Press Releases\"],\"inLanguage\":\"es-MX\",\"potentialAction\":[{\"@type\":\"CommentAction\",\"name\":\"Comment\",\"target\":[\"https:\/\/www.merkley.senate.gov\/merkley-julie-su-is-passionate-defender-of-workers-families\/#respond\"]}]},{\"@type\":\"WebPage\",\"@id\":\"https:\/\/www.merkley.senate.gov\/merkley-julie-su-is-passionate-defender-of-workers-families\/\",\"url\":\"https:\/\/www.merkley.senate.gov\/merkley-julie-su-is-passionate-defender-of-workers-families\/\",\"name\":\"MERKLEY: JULIE SU IS PASSIONATE DEFENDER OF WORKERS, FAMILIES - Merkley\",\"isPartOf\":{\"@id\":\"https:\/\/www.merkley.senate.gov\/#website\"},\"datePublished\":\"2023-05-03T12:44:00+00:00\",\"dateModified\":\"2023-08-28T18:02:01+00:00\",\"author\":{\"@id\":\"https:\/\/www.merkley.senate.gov\/#\/schema\/person\/48ac5e5db5baef2064b650a6708be1de\"},\"breadcrumb\":{\"@id\":\"https:\/\/www.merkley.senate.gov\/merkley-julie-su-is-passionate-defender-of-workers-families\/#breadcrumb\"},\"inLanguage\":\"es-MX\",\"potentialAction\":[{\"@type\":\"ReadAction\",\"target\":[\"https:\/\/www.merkley.senate.gov\/merkley-julie-su-is-passionate-defender-of-workers-families\/\"]}]},{\"@type\":\"BreadcrumbList\",\"@id\":\"https:\/\/www.merkley.senate.gov\/merkley-julie-su-is-passionate-defender-of-workers-families\/#breadcrumb\",\"itemListElement\":[{\"@type\":\"ListItem\",\"position\":1,\"name\":\"Home\",\"item\":\"https:\/\/www.merkley.senate.gov\/\"},{\"@type\":\"ListItem\",\"position\":2,\"name\":\"MERKLEY: JULIE SU IS PASSIONATE DEFENDER OF WORKERS, FAMILIES\"}]},{\"@type\":\"WebSite\",\"@id\":\"https:\/\/www.merkley.senate.gov\/#website\",\"url\":\"https:\/\/www.merkley.senate.gov\/\",\"name\":\"Merkley\",\"description\":\"Merkley\",\"potentialAction\":[{\"@type\":\"SearchAction\",\"target\":{\"@type\":\"EntryPoint\",\"urlTemplate\":\"https:\/\/www.merkley.senate.gov\/?s={search_term_string}\"},\"query-input\":{\"@type\":\"PropertyValueSpecification\",\"valueRequired\":true,\"valueName\":\"search_term_string\"}}],\"inLanguage\":\"es-MX\"},{\"@type\":\"Person\",\"@id\":\"https:\/\/www.merkley.senate.gov\/#\/schema\/person\/48ac5e5db5baef2064b650a6708be1de\",\"name\":\"smw\",\"image\":{\"@type\":\"ImageObject\",\"inLanguage\":\"es-MX\",\"@id\":\"https:\/\/secure.gravatar.com\/avatar\/32b0ac748dd07225155b3da6f449ed42f3edf05ef0abd60c66304c8378d1f2ee?s=96&d=mm&r=g\",\"url\":\"https:\/\/secure.gravatar.com\/avatar\/32b0ac748dd07225155b3da6f449ed42f3edf05ef0abd60c66304c8378d1f2ee?s=96&d=mm&r=g\",\"contentUrl\":\"https:\/\/secure.gravatar.com\/avatar\/32b0ac748dd07225155b3da6f449ed42f3edf05ef0abd60c66304c8378d1f2ee?s=96&d=mm&r=g\",\"caption\":\"smw\"},\"sameAs\":[\"https:\/\/www.merkley.senate.gov\"],\"url\":\"https:\/\/www.merkley.senate.gov\/es\/author\/smw\/\"}]}<\/script>\n<!-- \/ Yoast SEO plugin. -->","yoast_head_json":{"title":"MERKLEY: JULIE SU IS PASSIONATE DEFENDER OF WORKERS, FAMILIES - Merkley","robots":{"index":"index","follow":"follow","max-snippet":"max-snippet:-1","max-image-preview":"max-image-preview:large","max-video-preview":"max-video-preview:-1"},"canonical":"https:\/\/www.merkley.senate.gov\/es\/merkley-julie-su-is-passionate-defender-of-workers-families\/","og_locale":"es_MX","og_type":"article","og_title":"MERKLEY: JULIE SU IS PASSIONATE DEFENDER OF WORKERS, FAMILIES - Merkley","og_description":"Wednesday, May 3, 2023 Washington, D.C. \u2013 Today, Oregon\u2019s U.S. Senator Jeff Merkley announced his support for Julie Su\u2019s nomination to be Labor Secretary, after meeting to review her record. Photos of their meeting are available&nbsp;here. \u201cJulie Su is a passionate defender of workers and their families. In my blue-collar neighborhood, I see the effect [&hellip;]","og_url":"https:\/\/www.merkley.senate.gov\/es\/merkley-julie-su-is-passionate-defender-of-workers-families\/","og_site_name":"Merkley","article_published_time":"2023-05-03T12:44:00+00:00","article_modified_time":"2023-08-28T18:02:01+00:00","author":"smw","twitter_card":"summary_large_image","twitter_misc":{"Written by":"smw","Est. reading time":"1 minute"},"schema":{"@context":"https:\/\/schema.org","@graph":[{"@type":"Article","@id":"https:\/\/www.merkley.senate.gov\/merkley-julie-su-is-passionate-defender-of-workers-families\/#article","isPartOf":{"@id":"https:\/\/www.merkley.senate.gov\/merkley-julie-su-is-passionate-defender-of-workers-families\/"},"author":{"name":"smw","@id":"https:\/\/www.merkley.senate.gov\/#\/schema\/person\/48ac5e5db5baef2064b650a6708be1de"},"headline":"MERKLEY: JULIE SU IS PASSIONATE DEFENDER OF WORKERS, FAMILIES","datePublished":"2023-05-03T12:44:00+00:00","dateModified":"2023-08-28T18:02:01+00:00","mainEntityOfPage":{"@id":"https:\/\/www.merkley.senate.gov\/merkley-julie-su-is-passionate-defender-of-workers-families\/"},"wordCount":217,"commentCount":0,"keywords":["Support for Living Wage Jobs"],"articleSection":["Press Releases"],"inLanguage":"es-MX","potentialAction":[{"@type":"CommentAction","name":"Comment","target":["https:\/\/www.merkley.senate.gov\/merkley-julie-su-is-passionate-defender-of-workers-families\/#respond"]}]},{"@type":"WebPage","@id":"https:\/\/www.merkley.senate.gov\/merkley-julie-su-is-passionate-defender-of-workers-families\/","url":"https:\/\/www.merkley.senate.gov\/merkley-julie-su-is-passionate-defender-of-workers-families\/","name":"MERKLEY: JULIE SU IS PASSIONATE DEFENDER OF WORKERS, FAMILIES - Merkley","isPartOf":{"@id":"https:\/\/www.merkley.senate.gov\/#website"},"datePublished":"2023-05-03T12:44:00+00:00","dateModified":"2023-08-28T18:02:01+00:00","author":{"@id":"https:\/\/www.merkley.senate.gov\/#\/schema\/person\/48ac5e5db5baef2064b650a6708be1de"},"breadcrumb":{"@id":"https:\/\/www.merkley.senate.gov\/merkley-julie-su-is-passionate-defender-of-workers-families\/#breadcrumb"},"inLanguage":"es-MX","potentialAction":[{"@type":"ReadAction","target":["https:\/\/www.merkley.senate.gov\/merkley-julie-su-is-passionate-defender-of-workers-families\/"]}]},{"@type":"BreadcrumbList","@id":"https:\/\/www.merkley.senate.gov\/merkley-julie-su-is-passionate-defender-of-workers-families\/#breadcrumb","itemListElement":[{"@type":"ListItem","position":1,"name":"Home","item":"https:\/\/www.merkley.senate.gov\/"},{"@type":"ListItem","position":2,"name":"MERKLEY: JULIE SU IS PASSIONATE DEFENDER OF WORKERS, FAMILIES"}]},{"@type":"WebSite","@id":"https:\/\/www.merkley.senate.gov\/#website","url":"https:\/\/www.merkley.senate.gov\/","name":"merkley","description":"merkley","potentialAction":[{"@type":"SearchAction","target":{"@type":"EntryPoint","urlTemplate":"https:\/\/www.merkley.senate.gov\/?s={search_term_string}"},"query-input":{"@type":"PropertyValueSpecification","valueRequired":true,"valueName":"search_term_string"}}],"inLanguage":"es-MX"},{"@type":"Person","@id":"https:\/\/www.merkley.senate.gov\/#\/schema\/person\/48ac5e5db5baef2064b650a6708be1de","name":"smw","image":{"@type":"ImageObject","inLanguage":"es-MX","@id":"https:\/\/secure.gravatar.com\/avatar\/32b0ac748dd07225155b3da6f449ed42f3edf05ef0abd60c66304c8378d1f2ee?s=96&d=mm&r=g","url":"https:\/\/secure.gravatar.com\/avatar\/32b0ac748dd07225155b3da6f449ed42f3edf05ef0abd60c66304c8378d1f2ee?s=96&d=mm&r=g","contentUrl":"https:\/\/secure.gravatar.com\/avatar\/32b0ac748dd07225155b3da6f449ed42f3edf05ef0abd60c66304c8378d1f2ee?s=96&d=mm&r=g","caption":"smw"},"sameAs":["https:\/\/www.merkley.senate.gov"],"url":"https:\/\/www.merkley.senate.gov\/es\/author\/smw\/"}]}},"_links":{"self":[{"href":"https:\/\/www.merkley.senate.gov\/es\/wp-json\/wp\/v2\/posts\/1522","targetHints":{"allow":["GET"]}}],"collection":[{"href":"https:\/\/www.merkley.senate.gov\/es\/wp-json\/wp\/v2\/posts"}],"about":[{"href":"https:\/\/www.merkley.senate.gov\/es\/wp-json\/wp\/v2\/types\/post"}],"author":[{"embeddable":true,"href":"https:\/\/www.merkley.senate.gov\/es\/wp-json\/wp\/v2\/users\/1"}],"replies":[{"embeddable":true,"href":"https:\/\/www.merkley.senate.gov\/es\/wp-json\/wp\/v2\/comments?post=1522"}],"version-history":[{"count":1,"href":"https:\/\/www.merkley.senate.gov\/es\/wp-json\/wp\/v2\/posts\/1522\/revisions"}],"predecessor-version":[{"id":1523,"href":"https:\/\/www.merkley.senate.gov\/es\/wp-json\/wp\/v2\/posts\/1522\/revisions\/1523"}],"wp:attachment":[{"href":"https:\/\/www.merkley.senate.gov\/es\/wp-json\/wp\/v2\/media?parent=1522"}],"wp:term":[{"taxonomy":"category","embeddable":true,"href":"https:\/\/www.merkley.senate.gov\/es\/wp-json\/wp\/v2\/categories?post=1522"},{"taxonomy":"post_tag","embeddable":true,"href":"https:\/\/www.merkley.senate.gov\/es\/wp-json\/wp\/v2\/tags?post=1522"}],"curies":[{"name":"wp","href":"https:\/\/api.w.org\/{rel}","templated":true}]}}