{"id":17271,"date":"2023-08-01T16:04:50","date_gmt":"2023-08-01T20:04:50","guid":{"rendered":"https:\/\/www.merkley.senate.gov\/?p=17271"},"modified":"2023-08-01T16:04:52","modified_gmt":"2023-08-01T20:04:52","slug":"standing-up-for-oregon-farmers","status":"publish","type":"post","link":"https:\/\/www.merkley.senate.gov\/es\/standing-up-for-oregon-farmers\/","title":{"rendered":"Defender a los agricultores de Oreg\u00f3n"},"content":{"rendered":"<p>Jeff entiende que el cambio clim\u00e1tico tiene un gran impacto en los agricultores de Oreg\u00f3n. Este es especialmente el caso de las \u00e1reas del este de Oreg\u00f3n, que han estado extremadamente secas en los \u00faltimos a\u00f1os.<\/p>\n\n\n\n<p>Es por eso que Jeff, como miembro de alto rango del Subcomit\u00e9 de Asignaciones para la Agricultura del Senado, impuls\u00f3 la financiaci\u00f3n de la iniciativa Agricultura Resiliente en Tierras \u00c1ridas. La iniciativa Dryland Farming se dedica a promover las pr\u00e1cticas agr\u00edcolas en tierras secas. Esto incluye m\u00e9todos para aumentar la rentabilidad, conservar los recursos y disminuir la dependencia de los herbicidas. \u00a1Estas pr\u00e1cticas ya permiten que algunas granjas cultiven productos de alta calidad sin una gota de agua! Gracias a Jeff y su equipo, la iniciativa Resilient Dryland Farming recibir\u00e1 $2 millones este a\u00f1o.<\/p>\n\n\n\n<p>\u201c\u00a1Muy contento de escuchar esto!\u201d Greg Goad, un agricultor del \u00e1rea de Pendleton, le escribi\u00f3 a Jeff. \u201cLas posibilidades de que las granjas familiares de trigo en el este seco de Oreg\u00f3n sobrevivieran y prosperaran dieron un gran salto gracias a que el senador Merkley tom\u00f3 la iniciativa de proporcionar los fondos tan necesarios para la investigaci\u00f3n adicional para adaptarse a las condiciones m\u00e1s c\u00e1lidas y secas que todos enfrentamos cada vez m\u00e1s. . \u2026 Sin su apoyo a lo largo del camino, no podr\u00edamos haber llegado hasta aqu\u00ed\u201d.<\/p>\n\n\n\n<p>Jeff prioriza la innovaci\u00f3n sostenible, para que Oreg\u00f3n pueda hacer frente mejor a un clima cambiante y reducir su impacto en los empleos y la econom\u00eda. Jeff continuar\u00e1 apoyando a los agricultores de Oreg\u00f3n.<\/p>","protected":false},"excerpt":{"rendered":"<p>Jeff understands that climate change has a great impact on Oregon farmers. This is especially the case for areas of Eastern Oregon, which have been exceedingly dry in recent years. That is why Jeff, as ranking member of the Senate Appropriations Subcommittee for Agriculture, pushed for funding for the Resilient Dryland Farming initiative. The Dryland [&hellip;]<\/p>\n","protected":false},"author":6,"featured_media":0,"comment_status":"closed","ping_status":"closed","sticky":false,"template":"","format":"standard","meta":{"_acf_changed":false,"inline_featured_image":false,"footnotes":""},"categories":[117],"tags":[],"class_list":["post-17271","post","type-post","status-publish","format-standard","hentry","category-oregon-stories"],"acf":[],"yoast_head":"<!-- This site is optimized with the Yoast SEO plugin v27.2 - https:\/\/yoast.com\/product\/yoast-seo-wordpress\/ -->\n<title>Standing Up for Oregon Farmers - Merkley<\/title>\n<meta name=\"robots\" content=\"index, follow, max-snippet:-1, max-image-preview:large, max-video-preview:-1\" \/>\n<link rel=\"canonical\" href=\"https:\/\/www.merkley.senate.gov\/es\/standing-up-for-oregon-farmers\/\" \/>\n<meta property=\"og:locale\" content=\"es_MX\" \/>\n<meta property=\"og:type\" content=\"article\" \/>\n<meta property=\"og:title\" content=\"Standing Up for Oregon Farmers - Merkley\" \/>\n<meta property=\"og:description\" content=\"Jeff understands that climate change has a great impact on Oregon farmers. This is especially the case for areas of Eastern Oregon, which have been exceedingly dry in recent years. That is why Jeff, as ranking member of the Senate Appropriations Subcommittee for Agriculture, pushed for funding for the Resilient Dryland Farming initiative. The Dryland [&hellip;]\" \/>\n<meta property=\"og:url\" content=\"https:\/\/www.merkley.senate.gov\/es\/standing-up-for-oregon-farmers\/\" \/>\n<meta property=\"og:site_name\" content=\"Merkley\" \/>\n<meta property=\"article:published_time\" content=\"2023-08-01T20:04:50+00:00\" \/>\n<meta property=\"article:modified_time\" content=\"2023-08-01T20:04:52+00:00\" \/>\n<meta name=\"author\" content=\"45pressadmin\" \/>\n<meta name=\"twitter:card\" content=\"summary_large_image\" \/>\n<meta name=\"twitter:label1\" content=\"Written by\" \/>\n\t<meta name=\"twitter:data1\" content=\"45pressadmin\" \/>\n\t<meta name=\"twitter:label2\" content=\"Est. reading time\" \/>\n\t<meta name=\"twitter:data2\" content=\"1 minute\" \/>\n<script type=\"application\/ld+json\" class=\"yoast-schema-graph\">{\"@context\":\"https:\/\/schema.org\",\"@graph\":[{\"@type\":\"Article\",\"@id\":\"https:\/\/www.merkley.senate.gov\/standing-up-for-oregon-farmers\/#article\",\"isPartOf\":{\"@id\":\"https:\/\/www.merkley.senate.gov\/standing-up-for-oregon-farmers\/\"},\"author\":{\"name\":\"45pressadmin\",\"@id\":\"https:\/\/www.merkley.senate.gov\/#\/schema\/person\/4544d117a7a2d155129cd629728ee6c7\"},\"headline\":\"Standing Up for Oregon Farmers\",\"datePublished\":\"2023-08-01T20:04:50+00:00\",\"dateModified\":\"2023-08-01T20:04:52+00:00\",\"mainEntityOfPage\":{\"@id\":\"https:\/\/www.merkley.senate.gov\/standing-up-for-oregon-farmers\/\"},\"wordCount\":217,\"articleSection\":[\"Oregon Stories\"],\"inLanguage\":\"es-MX\"},{\"@type\":\"WebPage\",\"@id\":\"https:\/\/www.merkley.senate.gov\/standing-up-for-oregon-farmers\/\",\"url\":\"https:\/\/www.merkley.senate.gov\/standing-up-for-oregon-farmers\/\",\"name\":\"Standing Up for Oregon Farmers - Merkley\",\"isPartOf\":{\"@id\":\"https:\/\/www.merkley.senate.gov\/#website\"},\"datePublished\":\"2023-08-01T20:04:50+00:00\",\"dateModified\":\"2023-08-01T20:04:52+00:00\",\"author\":{\"@id\":\"https:\/\/www.merkley.senate.gov\/#\/schema\/person\/4544d117a7a2d155129cd629728ee6c7\"},\"breadcrumb\":{\"@id\":\"https:\/\/www.merkley.senate.gov\/standing-up-for-oregon-farmers\/#breadcrumb\"},\"inLanguage\":\"es-MX\",\"potentialAction\":[{\"@type\":\"ReadAction\",\"target\":[\"https:\/\/www.merkley.senate.gov\/standing-up-for-oregon-farmers\/\"]}]},{\"@type\":\"BreadcrumbList\",\"@id\":\"https:\/\/www.merkley.senate.gov\/standing-up-for-oregon-farmers\/#breadcrumb\",\"itemListElement\":[{\"@type\":\"ListItem\",\"position\":1,\"name\":\"Home\",\"item\":\"https:\/\/www.merkley.senate.gov\/\"},{\"@type\":\"ListItem\",\"position\":2,\"name\":\"Standing Up for Oregon Farmers\"}]},{\"@type\":\"WebSite\",\"@id\":\"https:\/\/www.merkley.senate.gov\/#website\",\"url\":\"https:\/\/www.merkley.senate.gov\/\",\"name\":\"Merkley\",\"description\":\"Merkley\",\"potentialAction\":[{\"@type\":\"SearchAction\",\"target\":{\"@type\":\"EntryPoint\",\"urlTemplate\":\"https:\/\/www.merkley.senate.gov\/?s={search_term_string}\"},\"query-input\":{\"@type\":\"PropertyValueSpecification\",\"valueRequired\":true,\"valueName\":\"search_term_string\"}}],\"inLanguage\":\"es-MX\"},{\"@type\":\"Person\",\"@id\":\"https:\/\/www.merkley.senate.gov\/#\/schema\/person\/4544d117a7a2d155129cd629728ee6c7\",\"name\":\"45pressadmin\",\"image\":{\"@type\":\"ImageObject\",\"inLanguage\":\"es-MX\",\"@id\":\"https:\/\/secure.gravatar.com\/avatar\/cfd648db6615317e17ba5ef027361388db6de5fd7a5e579dad742a66e31c06f2?s=96&d=mm&r=g\",\"url\":\"https:\/\/secure.gravatar.com\/avatar\/cfd648db6615317e17ba5ef027361388db6de5fd7a5e579dad742a66e31c06f2?s=96&d=mm&r=g\",\"contentUrl\":\"https:\/\/secure.gravatar.com\/avatar\/cfd648db6615317e17ba5ef027361388db6de5fd7a5e579dad742a66e31c06f2?s=96&d=mm&r=g\",\"caption\":\"45pressadmin\"},\"url\":\"https:\/\/www.merkley.senate.gov\/es\/author\/45pressadmin\/\"}]}<\/script>\n<!-- \/ Yoast SEO plugin. -->","yoast_head_json":{"title":"Standing Up for Oregon Farmers - Merkley","robots":{"index":"index","follow":"follow","max-snippet":"max-snippet:-1","max-image-preview":"max-image-preview:large","max-video-preview":"max-video-preview:-1"},"canonical":"https:\/\/www.merkley.senate.gov\/es\/standing-up-for-oregon-farmers\/","og_locale":"es_MX","og_type":"article","og_title":"Standing Up for Oregon Farmers - Merkley","og_description":"Jeff understands that climate change has a great impact on Oregon farmers. This is especially the case for areas of Eastern Oregon, which have been exceedingly dry in recent years. That is why Jeff, as ranking member of the Senate Appropriations Subcommittee for Agriculture, pushed for funding for the Resilient Dryland Farming initiative. The Dryland [&hellip;]","og_url":"https:\/\/www.merkley.senate.gov\/es\/standing-up-for-oregon-farmers\/","og_site_name":"Merkley","article_published_time":"2023-08-01T20:04:50+00:00","article_modified_time":"2023-08-01T20:04:52+00:00","author":"45pressadmin","twitter_card":"summary_large_image","twitter_misc":{"Written by":"45pressadmin","Est. reading time":"1 minute"},"schema":{"@context":"https:\/\/schema.org","@graph":[{"@type":"Article","@id":"https:\/\/www.merkley.senate.gov\/standing-up-for-oregon-farmers\/#article","isPartOf":{"@id":"https:\/\/www.merkley.senate.gov\/standing-up-for-oregon-farmers\/"},"author":{"name":"45pressadmin","@id":"https:\/\/www.merkley.senate.gov\/#\/schema\/person\/4544d117a7a2d155129cd629728ee6c7"},"headline":"Standing Up for Oregon Farmers","datePublished":"2023-08-01T20:04:50+00:00","dateModified":"2023-08-01T20:04:52+00:00","mainEntityOfPage":{"@id":"https:\/\/www.merkley.senate.gov\/standing-up-for-oregon-farmers\/"},"wordCount":217,"articleSection":["Oregon Stories"],"inLanguage":"es-MX"},{"@type":"WebPage","@id":"https:\/\/www.merkley.senate.gov\/standing-up-for-oregon-farmers\/","url":"https:\/\/www.merkley.senate.gov\/standing-up-for-oregon-farmers\/","name":"Standing Up for Oregon Farmers - Merkley","isPartOf":{"@id":"https:\/\/www.merkley.senate.gov\/#website"},"datePublished":"2023-08-01T20:04:50+00:00","dateModified":"2023-08-01T20:04:52+00:00","author":{"@id":"https:\/\/www.merkley.senate.gov\/#\/schema\/person\/4544d117a7a2d155129cd629728ee6c7"},"breadcrumb":{"@id":"https:\/\/www.merkley.senate.gov\/standing-up-for-oregon-farmers\/#breadcrumb"},"inLanguage":"es-MX","potentialAction":[{"@type":"ReadAction","target":["https:\/\/www.merkley.senate.gov\/standing-up-for-oregon-farmers\/"]}]},{"@type":"BreadcrumbList","@id":"https:\/\/www.merkley.senate.gov\/standing-up-for-oregon-farmers\/#breadcrumb","itemListElement":[{"@type":"ListItem","position":1,"name":"Home","item":"https:\/\/www.merkley.senate.gov\/"},{"@type":"ListItem","position":2,"name":"Standing Up for Oregon Farmers"}]},{"@type":"WebSite","@id":"https:\/\/www.merkley.senate.gov\/#website","url":"https:\/\/www.merkley.senate.gov\/","name":"merkley","description":"merkley","potentialAction":[{"@type":"SearchAction","target":{"@type":"EntryPoint","urlTemplate":"https:\/\/www.merkley.senate.gov\/?s={search_term_string}"},"query-input":{"@type":"PropertyValueSpecification","valueRequired":true,"valueName":"search_term_string"}}],"inLanguage":"es-MX"},{"@type":"Person","@id":"https:\/\/www.merkley.senate.gov\/#\/schema\/person\/4544d117a7a2d155129cd629728ee6c7","name":"45pressadmin","image":{"@type":"ImageObject","inLanguage":"es-MX","@id":"https:\/\/secure.gravatar.com\/avatar\/cfd648db6615317e17ba5ef027361388db6de5fd7a5e579dad742a66e31c06f2?s=96&d=mm&r=g","url":"https:\/\/secure.gravatar.com\/avatar\/cfd648db6615317e17ba5ef027361388db6de5fd7a5e579dad742a66e31c06f2?s=96&d=mm&r=g","contentUrl":"https:\/\/secure.gravatar.com\/avatar\/cfd648db6615317e17ba5ef027361388db6de5fd7a5e579dad742a66e31c06f2?s=96&d=mm&r=g","caption":"45pressadmin"},"url":"https:\/\/www.merkley.senate.gov\/es\/author\/45pressadmin\/"}]}},"_links":{"self":[{"href":"https:\/\/www.merkley.senate.gov\/es\/wp-json\/wp\/v2\/posts\/17271","targetHints":{"allow":["GET"]}}],"collection":[{"href":"https:\/\/www.merkley.senate.gov\/es\/wp-json\/wp\/v2\/posts"}],"about":[{"href":"https:\/\/www.merkley.senate.gov\/es\/wp-json\/wp\/v2\/types\/post"}],"author":[{"embeddable":true,"href":"https:\/\/www.merkley.senate.gov\/es\/wp-json\/wp\/v2\/users\/6"}],"replies":[{"embeddable":true,"href":"https:\/\/www.merkley.senate.gov\/es\/wp-json\/wp\/v2\/comments?post=17271"}],"version-history":[{"count":1,"href":"https:\/\/www.merkley.senate.gov\/es\/wp-json\/wp\/v2\/posts\/17271\/revisions"}],"predecessor-version":[{"id":17272,"href":"https:\/\/www.merkley.senate.gov\/es\/wp-json\/wp\/v2\/posts\/17271\/revisions\/17272"}],"wp:attachment":[{"href":"https:\/\/www.merkley.senate.gov\/es\/wp-json\/wp\/v2\/media?parent=17271"}],"wp:term":[{"taxonomy":"category","embeddable":true,"href":"https:\/\/www.merkley.senate.gov\/es\/wp-json\/wp\/v2\/categories?post=17271"},{"taxonomy":"post_tag","embeddable":true,"href":"https:\/\/www.merkley.senate.gov\/es\/wp-json\/wp\/v2\/tags?post=17271"}],"curies":[{"name":"wp","href":"https:\/\/api.w.org\/{rel}","templated":true}]}}