{"id":17285,"date":"2023-08-01T16:08:51","date_gmt":"2023-08-01T20:08:51","guid":{"rendered":"https:\/\/www.merkley.senate.gov\/?p=17285"},"modified":"2023-08-01T16:08:52","modified_gmt":"2023-08-01T20:08:52","slug":"emergency-fire-recovery-grant","status":"publish","type":"post","link":"https:\/\/www.merkley.senate.gov\/es\/emergency-fire-recovery-grant\/","title":{"rendered":"Subvenci\u00f3n de recuperaci\u00f3n de incendios de emergencia"},"content":{"rendered":"<p>Jeff cree que los trabajos confiables y bien remunerados deben estar al alcance de todos los habitantes de Oreg\u00f3n, y que nuestras comunidades merecen recibir los recursos que necesitan para reconstruir despu\u00e9s de un devastador incendio forestal. Es por eso que el equipo de Jeff presion\u00f3 para superar los obst\u00e1culos y obtener fondos de subvenciones completos para que los trabajadores de Oreg\u00f3n y sus comunidades se recuperaran despu\u00e9s de los incendios forestales del a\u00f1o pasado.<\/p>\n\n\n\n<p>Los incendios forestales del a\u00f1o pasado devastaron hogares, cerraron negocios, quemaron millones de acres y dejaron a muchos habitantes de Oreg\u00f3n sin trabajo. Despu\u00e9s de que la Comisi\u00f3n Coordinadora de Educaci\u00f3n Superior del estado de Oreg\u00f3n solicit\u00f3 la Subvenci\u00f3n para Trabajadores Desplazados de Recuperaci\u00f3n de Desastres por Incendios Forestales del Departamento de Trabajo de EE. UU., no hab\u00edan recibido respuesta de la agencia federal, incluso cuando los habitantes de Oreg\u00f3n necesitaban ayuda con urgencia. Team Merkley presion\u00f3 a la burocracia federal para que respondiera a la agencia estatal.<\/p>\n\n\n\n<p>Y con la ayuda del Equipo Merkley, Oreg\u00f3n obtuvo la totalidad de los $19,5 millones para ayudar a las comunidades de todo el estado a poner de nuevo a trabajar a los trabajadores desplazados para reconstruir despu\u00e9s del impacto devastador de los incendios forestales.<\/p>\n\n\n\n<p>Al enterarse de la noticia de la aprobaci\u00f3n de la subvenci\u00f3n de Oreg\u00f3n, la directora de la Junta de Fuerza Laboral del Condado de Lane, Kristina Payne, le escribi\u00f3 al representante de campo del senador: \u201c\u00a1Gracias! \u00a1Y le estoy dando todo el cr\u00e9dito a usted y al resto del equipo del Senador por obtener para Oreg\u00f3n la cantidad total que solicitamos en fondos de emergencia nacional contra incendios! \u00a1El Senador Merkley est\u00e1 marcando una gran diferencia para los habitantes de Oreg\u00f3n!\u201d.<\/p>\n\n\n\n<p>Estos fondos ayudar\u00e1n a las juntas laborales en las \u00e1reas afectadas por incendios forestales en todo el estado a que los habitantes de Oreg\u00f3n vuelvan a trabajar en la reconstrucci\u00f3n de estas comunidades, incluidos los trabajos para ayudar a la recuperaci\u00f3n de cuencas hidrogr\u00e1ficas y otros esfuerzos de trabajo de recuperaci\u00f3n de incendios forestales.<\/p>","protected":false},"excerpt":{"rendered":"<p>Jeff believes that good-paying, reliable jobs should be in reach for every Oregonian, and that our communities deserve to receive the resources they need to rebuild after a devastating wildfire. That is why Jeff\u2019s team pushed to overcome obstacles and get full grant funding to get Oregon\u2019s workers and their communities back on their feet [&hellip;]<\/p>\n","protected":false},"author":6,"featured_media":0,"comment_status":"closed","ping_status":"closed","sticky":false,"template":"","format":"standard","meta":{"_acf_changed":false,"inline_featured_image":false,"footnotes":""},"categories":[117],"tags":[],"class_list":["post-17285","post","type-post","status-publish","format-standard","hentry","category-oregon-stories"],"acf":[],"yoast_head":"<!-- This site is optimized with the Yoast SEO plugin v27.2 - https:\/\/yoast.com\/product\/yoast-seo-wordpress\/ -->\n<title>Emergency Fire Recovery Grant - Merkley<\/title>\n<meta name=\"robots\" content=\"index, follow, max-snippet:-1, max-image-preview:large, max-video-preview:-1\" \/>\n<link rel=\"canonical\" href=\"https:\/\/www.merkley.senate.gov\/es\/emergency-fire-recovery-grant\/\" \/>\n<meta property=\"og:locale\" content=\"es_MX\" \/>\n<meta property=\"og:type\" content=\"article\" \/>\n<meta property=\"og:title\" content=\"Emergency Fire Recovery Grant - Merkley\" \/>\n<meta property=\"og:description\" content=\"Jeff believes that good-paying, reliable jobs should be in reach for every Oregonian, and that our communities deserve to receive the resources they need to rebuild after a devastating wildfire. That is why Jeff\u2019s team pushed to overcome obstacles and get full grant funding to get Oregon\u2019s workers and their communities back on their feet [&hellip;]\" \/>\n<meta property=\"og:url\" content=\"https:\/\/www.merkley.senate.gov\/es\/emergency-fire-recovery-grant\/\" \/>\n<meta property=\"og:site_name\" content=\"Merkley\" \/>\n<meta property=\"article:published_time\" content=\"2023-08-01T20:08:51+00:00\" \/>\n<meta property=\"article:modified_time\" content=\"2023-08-01T20:08:52+00:00\" \/>\n<meta name=\"author\" content=\"45pressadmin\" \/>\n<meta name=\"twitter:card\" content=\"summary_large_image\" \/>\n<meta name=\"twitter:label1\" content=\"Written by\" \/>\n\t<meta name=\"twitter:data1\" content=\"45pressadmin\" \/>\n\t<meta name=\"twitter:label2\" content=\"Est. reading time\" \/>\n\t<meta name=\"twitter:data2\" content=\"2 minutes\" \/>\n<script type=\"application\/ld+json\" class=\"yoast-schema-graph\">{\"@context\":\"https:\/\/schema.org\",\"@graph\":[{\"@type\":\"Article\",\"@id\":\"https:\/\/www.merkley.senate.gov\/emergency-fire-recovery-grant\/#article\",\"isPartOf\":{\"@id\":\"https:\/\/www.merkley.senate.gov\/emergency-fire-recovery-grant\/\"},\"author\":{\"name\":\"45pressadmin\",\"@id\":\"https:\/\/www.merkley.senate.gov\/#\/schema\/person\/4544d117a7a2d155129cd629728ee6c7\"},\"headline\":\"Emergency Fire Recovery Grant\",\"datePublished\":\"2023-08-01T20:08:51+00:00\",\"dateModified\":\"2023-08-01T20:08:52+00:00\",\"mainEntityOfPage\":{\"@id\":\"https:\/\/www.merkley.senate.gov\/emergency-fire-recovery-grant\/\"},\"wordCount\":263,\"articleSection\":[\"Oregon Stories\"],\"inLanguage\":\"es-MX\"},{\"@type\":\"WebPage\",\"@id\":\"https:\/\/www.merkley.senate.gov\/emergency-fire-recovery-grant\/\",\"url\":\"https:\/\/www.merkley.senate.gov\/emergency-fire-recovery-grant\/\",\"name\":\"Emergency Fire Recovery Grant - Merkley\",\"isPartOf\":{\"@id\":\"https:\/\/www.merkley.senate.gov\/#website\"},\"datePublished\":\"2023-08-01T20:08:51+00:00\",\"dateModified\":\"2023-08-01T20:08:52+00:00\",\"author\":{\"@id\":\"https:\/\/www.merkley.senate.gov\/#\/schema\/person\/4544d117a7a2d155129cd629728ee6c7\"},\"breadcrumb\":{\"@id\":\"https:\/\/www.merkley.senate.gov\/emergency-fire-recovery-grant\/#breadcrumb\"},\"inLanguage\":\"es-MX\",\"potentialAction\":[{\"@type\":\"ReadAction\",\"target\":[\"https:\/\/www.merkley.senate.gov\/emergency-fire-recovery-grant\/\"]}]},{\"@type\":\"BreadcrumbList\",\"@id\":\"https:\/\/www.merkley.senate.gov\/emergency-fire-recovery-grant\/#breadcrumb\",\"itemListElement\":[{\"@type\":\"ListItem\",\"position\":1,\"name\":\"Home\",\"item\":\"https:\/\/www.merkley.senate.gov\/\"},{\"@type\":\"ListItem\",\"position\":2,\"name\":\"Emergency Fire Recovery Grant\"}]},{\"@type\":\"WebSite\",\"@id\":\"https:\/\/www.merkley.senate.gov\/#website\",\"url\":\"https:\/\/www.merkley.senate.gov\/\",\"name\":\"Merkley\",\"description\":\"Merkley\",\"potentialAction\":[{\"@type\":\"SearchAction\",\"target\":{\"@type\":\"EntryPoint\",\"urlTemplate\":\"https:\/\/www.merkley.senate.gov\/?s={search_term_string}\"},\"query-input\":{\"@type\":\"PropertyValueSpecification\",\"valueRequired\":true,\"valueName\":\"search_term_string\"}}],\"inLanguage\":\"es-MX\"},{\"@type\":\"Person\",\"@id\":\"https:\/\/www.merkley.senate.gov\/#\/schema\/person\/4544d117a7a2d155129cd629728ee6c7\",\"name\":\"45pressadmin\",\"image\":{\"@type\":\"ImageObject\",\"inLanguage\":\"es-MX\",\"@id\":\"https:\/\/secure.gravatar.com\/avatar\/cfd648db6615317e17ba5ef027361388db6de5fd7a5e579dad742a66e31c06f2?s=96&d=mm&r=g\",\"url\":\"https:\/\/secure.gravatar.com\/avatar\/cfd648db6615317e17ba5ef027361388db6de5fd7a5e579dad742a66e31c06f2?s=96&d=mm&r=g\",\"contentUrl\":\"https:\/\/secure.gravatar.com\/avatar\/cfd648db6615317e17ba5ef027361388db6de5fd7a5e579dad742a66e31c06f2?s=96&d=mm&r=g\",\"caption\":\"45pressadmin\"},\"url\":\"https:\/\/www.merkley.senate.gov\/es\/author\/45pressadmin\/\"}]}<\/script>\n<!-- \/ Yoast SEO plugin. -->","yoast_head_json":{"title":"Emergency Fire Recovery Grant - Merkley","robots":{"index":"index","follow":"follow","max-snippet":"max-snippet:-1","max-image-preview":"max-image-preview:large","max-video-preview":"max-video-preview:-1"},"canonical":"https:\/\/www.merkley.senate.gov\/es\/emergency-fire-recovery-grant\/","og_locale":"es_MX","og_type":"article","og_title":"Emergency Fire Recovery Grant - Merkley","og_description":"Jeff believes that good-paying, reliable jobs should be in reach for every Oregonian, and that our communities deserve to receive the resources they need to rebuild after a devastating wildfire. That is why Jeff\u2019s team pushed to overcome obstacles and get full grant funding to get Oregon\u2019s workers and their communities back on their feet [&hellip;]","og_url":"https:\/\/www.merkley.senate.gov\/es\/emergency-fire-recovery-grant\/","og_site_name":"Merkley","article_published_time":"2023-08-01T20:08:51+00:00","article_modified_time":"2023-08-01T20:08:52+00:00","author":"45pressadmin","twitter_card":"summary_large_image","twitter_misc":{"Written by":"45pressadmin","Est. reading time":"2 minutes"},"schema":{"@context":"https:\/\/schema.org","@graph":[{"@type":"Article","@id":"https:\/\/www.merkley.senate.gov\/emergency-fire-recovery-grant\/#article","isPartOf":{"@id":"https:\/\/www.merkley.senate.gov\/emergency-fire-recovery-grant\/"},"author":{"name":"45pressadmin","@id":"https:\/\/www.merkley.senate.gov\/#\/schema\/person\/4544d117a7a2d155129cd629728ee6c7"},"headline":"Emergency Fire Recovery Grant","datePublished":"2023-08-01T20:08:51+00:00","dateModified":"2023-08-01T20:08:52+00:00","mainEntityOfPage":{"@id":"https:\/\/www.merkley.senate.gov\/emergency-fire-recovery-grant\/"},"wordCount":263,"articleSection":["Oregon Stories"],"inLanguage":"es-MX"},{"@type":"WebPage","@id":"https:\/\/www.merkley.senate.gov\/emergency-fire-recovery-grant\/","url":"https:\/\/www.merkley.senate.gov\/emergency-fire-recovery-grant\/","name":"Emergency Fire Recovery Grant - Merkley","isPartOf":{"@id":"https:\/\/www.merkley.senate.gov\/#website"},"datePublished":"2023-08-01T20:08:51+00:00","dateModified":"2023-08-01T20:08:52+00:00","author":{"@id":"https:\/\/www.merkley.senate.gov\/#\/schema\/person\/4544d117a7a2d155129cd629728ee6c7"},"breadcrumb":{"@id":"https:\/\/www.merkley.senate.gov\/emergency-fire-recovery-grant\/#breadcrumb"},"inLanguage":"es-MX","potentialAction":[{"@type":"ReadAction","target":["https:\/\/www.merkley.senate.gov\/emergency-fire-recovery-grant\/"]}]},{"@type":"BreadcrumbList","@id":"https:\/\/www.merkley.senate.gov\/emergency-fire-recovery-grant\/#breadcrumb","itemListElement":[{"@type":"ListItem","position":1,"name":"Home","item":"https:\/\/www.merkley.senate.gov\/"},{"@type":"ListItem","position":2,"name":"Emergency Fire Recovery Grant"}]},{"@type":"WebSite","@id":"https:\/\/www.merkley.senate.gov\/#website","url":"https:\/\/www.merkley.senate.gov\/","name":"merkley","description":"merkley","potentialAction":[{"@type":"SearchAction","target":{"@type":"EntryPoint","urlTemplate":"https:\/\/www.merkley.senate.gov\/?s={search_term_string}"},"query-input":{"@type":"PropertyValueSpecification","valueRequired":true,"valueName":"search_term_string"}}],"inLanguage":"es-MX"},{"@type":"Person","@id":"https:\/\/www.merkley.senate.gov\/#\/schema\/person\/4544d117a7a2d155129cd629728ee6c7","name":"45pressadmin","image":{"@type":"ImageObject","inLanguage":"es-MX","@id":"https:\/\/secure.gravatar.com\/avatar\/cfd648db6615317e17ba5ef027361388db6de5fd7a5e579dad742a66e31c06f2?s=96&d=mm&r=g","url":"https:\/\/secure.gravatar.com\/avatar\/cfd648db6615317e17ba5ef027361388db6de5fd7a5e579dad742a66e31c06f2?s=96&d=mm&r=g","contentUrl":"https:\/\/secure.gravatar.com\/avatar\/cfd648db6615317e17ba5ef027361388db6de5fd7a5e579dad742a66e31c06f2?s=96&d=mm&r=g","caption":"45pressadmin"},"url":"https:\/\/www.merkley.senate.gov\/es\/author\/45pressadmin\/"}]}},"_links":{"self":[{"href":"https:\/\/www.merkley.senate.gov\/es\/wp-json\/wp\/v2\/posts\/17285","targetHints":{"allow":["GET"]}}],"collection":[{"href":"https:\/\/www.merkley.senate.gov\/es\/wp-json\/wp\/v2\/posts"}],"about":[{"href":"https:\/\/www.merkley.senate.gov\/es\/wp-json\/wp\/v2\/types\/post"}],"author":[{"embeddable":true,"href":"https:\/\/www.merkley.senate.gov\/es\/wp-json\/wp\/v2\/users\/6"}],"replies":[{"embeddable":true,"href":"https:\/\/www.merkley.senate.gov\/es\/wp-json\/wp\/v2\/comments?post=17285"}],"version-history":[{"count":1,"href":"https:\/\/www.merkley.senate.gov\/es\/wp-json\/wp\/v2\/posts\/17285\/revisions"}],"predecessor-version":[{"id":17286,"href":"https:\/\/www.merkley.senate.gov\/es\/wp-json\/wp\/v2\/posts\/17285\/revisions\/17286"}],"wp:attachment":[{"href":"https:\/\/www.merkley.senate.gov\/es\/wp-json\/wp\/v2\/media?parent=17285"}],"wp:term":[{"taxonomy":"category","embeddable":true,"href":"https:\/\/www.merkley.senate.gov\/es\/wp-json\/wp\/v2\/categories?post=17285"},{"taxonomy":"post_tag","embeddable":true,"href":"https:\/\/www.merkley.senate.gov\/es\/wp-json\/wp\/v2\/tags?post=17285"}],"curies":[{"name":"wp","href":"https:\/\/api.w.org\/{rel}","templated":true}]}}