{"id":1729,"date":"2023-02-07T10:15:00","date_gmt":"2023-02-07T15:15:00","guid":{"rendered":"https:\/\/www.merkley.senate.gov\/marion-county-residents-quiz-us-sen-jeff-merkley-during-town-hall\/"},"modified":"2023-07-24T11:04:30","modified_gmt":"2023-07-24T15:04:30","slug":"marion-county-residents-quiz-us-sen-jeff-merkley-during-town-hall","status":"publish","type":"post","link":"https:\/\/www.merkley.senate.gov\/es\/marion-county-residents-quiz-us-sen-jeff-merkley-during-town-hall\/","title":{"rendered":"Los residentes del condado de Marion interrogan al senador estadounidense Jeff Merkley durante el ayuntamiento"},"content":{"rendered":"<p>Los residentes del condado de Marion expresaron sus preocupaciones sobre problemas mentales<br \/>\nfinanciaci\u00f3n de la salud, la guerra en Ucrania y convertidores catal\u00edticos al senador estadounidense Jeff<br \/>\nAyuntamiento de Merkley en Salem el lunes 6 de febrero.<\/p>\n<p>Fue el 15.\u00ba ayuntamiento del senador este a\u00f1o, y su 519.\u00ba<br \/>\nayuntamiento desde que asumi\u00f3 el cargo en 2009. Merkley y el Senador de EE. UU.&nbsp;<a href=\"https:\/\/www.salemreporter.com\/2023\/01\/18\/wyden-faces-salem-citizens-questions-on-mental-health-corporate-accountability\/\">Ron<br \/>\nWyden<\/a>&nbsp;visitar los 36 condados de Oreg\u00f3n anualmente. Merkley tambi\u00e9n ten\u00eda una ciudad<br \/>\nhall en el condado de Polk el lunes por la tarde.<\/p>\n<p>Antes del evento, Merkley le dijo a Salem Reporter que aparte<br \/>\nde algunas personas con teor\u00edas de conspiraci\u00f3n, la mayor\u00eda de los ayuntamientos mencionaron<br \/>\npreguntas que hab\u00eda anticipado.<\/p>\n<p>\u201cEl problema principal para las personas es la vivienda, y simplemente sentir que mientras<br \/>\nlos salarios han subido, no han subido tan r\u00e1pido como la gasolina y la vivienda, y<br \/>\nsinti\u00e9ndome bastante estirado\u201d, dijo Merkley.<\/p>\n<p>Dijo que la vivienda ya era una de sus principales preocupaciones y que est\u00e1<br \/>\nplanificar una estrategia llamada&nbsp;<a href=\"https:\/\/www.merkley.senate.gov\/es\/imo\/media\/doc\/end_hedge_fund_control_of_american_homes_act_bill_summary.pdf\/\">Fin<br \/>\nLey de Control de Fondos de Cobertura de Hogares Estadounidenses<\/a>, lo que multar\u00eda a los fondos de cobertura<br \/>\nMulta fiscal de $20,000 por cada vivienda adicional que compraron m\u00e1s all\u00e1 de las 100 propiedades.<\/p>\n<p>\u201cPorque las casas deben ser hogares para familias, no esto<br \/>\ncentro de ganancias para Wall Street\u201d, dijo.<\/p>\n<p>Ante el ayuntamiento, Merkley mantuvo una reuni\u00f3n privada con<br \/>\nfuncionarios electos locales, incluido el alcalde de Salem, Chris Hoy.&nbsp;<\/p>\n<p>Hoy le dijo a Salem Reporter que sac\u00f3 el tema federal&nbsp;<a href=\"https:\/\/www.hudexchange.info\/programs\/cdbg\/\">Bloque de Desarrollo Comunitario<br \/>\nConceder<\/a>&nbsp;financiaci\u00f3n para la ciudad, que apoya la infraestructura y la econom\u00eda<br \/>\ndesarrollo, incluida la vivienda.<\/p>\n<p>\u201cLa flexibilidad que ten\u00edamos durante Covid se est\u00e1 yendo. y eso<br \/>\nrealmente nos ayuda a abordar la falta de vivienda\u201d, dijo Hoy. Sac\u00f3 el mismo tema<br \/>\na Marcia Fudge, secretaria de vivienda y desarrollo urbano durante&nbsp;<a href=\"https:\/\/www.salemreporter.com\/2022\/12\/21\/mayor-hopeful-about-tackling-salems-challenges-after-white-house-meetings\/\">su<br \/>\nviaje a Washington DC en diciembre<\/a>.<\/p>\n<p>El cabildo inici\u00f3 a las 10 am en la Comunidad Chemeketa<br \/>\nauditorio de la universidad, y dur\u00f3 una hora.&nbsp;<\/p>\n<p>Merkley se par\u00f3 frente al escenario, frente a alrededor de 100<br \/>\nasistentes<\/p>\n<p>Inaugur\u00f3 el encuentro entregando una bandera de EE.UU. a John Burt<br \/>\nde&nbsp;<a href=\"https:\/\/www.farmersendinghunger.com\/\">Agricultores acabando con el hambre<\/a>,<br \/>\nun grupo que distribuye donaciones de productores de Oreg\u00f3n. Burt le dio al senador<br \/>\nun pa\u00f1uelo de Pendleton Round-Up que dec\u00eda &quot;hambre de d\u00f3lar&quot;.<\/p>\n<p>Los asistentes tuvieron la oportunidad de preguntarle al senador<br \/>\npregunta a trav\u00e9s de un n\u00famero de sorteo, sorteado por Hoy. Sus preguntas abarcaron temas<br \/>\nincluyendo la salud mental, los convertidores catal\u00edticos y la guerra en Ucrania.<\/p>\n<p>Un residente de Salem pregunt\u00f3 sobre la financiaci\u00f3n de la salud mental<br \/>\ny dijo que hay escasez de camas de tratamiento psiqui\u00e1trico en la zona.<br \/>\nDijo que las personas con problemas de salud mental a menudo son encarceladas en lugar de<br \/>\ntratado<\/p>\n<p>Merkley dijo que estaba de acuerdo con ella. A\u00f1adi\u00f3 que<br \/>\nsu&nbsp;<a href=\"https:\/\/www.merkley.senate.gov\/es\/imo\/media\/doc\/Elementary%20and%20Secondary%20School%20Counseling%20Act%20FINAL.pdf\/\">Elemental<br \/>\ny Ley de Consejer\u00eda de la Escuela Secundaria<\/a>&nbsp;financiar\u00eda mental adicional<br \/>\nconsejeros de salud en las escuelas p\u00fablicas. Dijo que se necesitan m\u00e1s fondos federales y estatales<br \/>\nnecesarios para abordar el problema m\u00e1s amplio, especialmente en lo que respecta a las personas que son<br \/>\nsin hogar.<\/p>\n<p>Merkley sondeaba con frecuencia la sala a mano alzada. Mayor\u00eda<br \/>\nquer\u00eda que Estados Unidos siguiera apoyando a Ucrania en su guerra contra Rusia.&nbsp;<\/p>\n<p>\u201cCreo que tenemos que estar con las rep\u00fablicas en contra de eso.<br \/>\ntipo de autocracia, dictador, fuerza autoritaria\u201d, dijo Merkley.&nbsp;<\/p>\n<p>Dijo que apoya proporcionar armas a los ucranianos para<br \/>\ndefenderse, como tanques, pero no armas que cruzar\u00edan la frontera para<br \/>\nRusia, la misma l\u00ednea que ha trazado la Administraci\u00f3n Biden.<\/p>\n<p>Merkley tambi\u00e9n dijo que ha estado proponiendo a la<br \/>\nadministraci\u00f3n que Biden cree una pol\u00edtica de &#039;no usar primero&#039; con respecto a la energ\u00eda nuclear<br \/>\narmas, y pide a otras naciones que se unan.&nbsp;<\/p>\n<p>Otro residente le pregunt\u00f3 a Merkley sobre el control de armas. merkley<br \/>\ntrajo a colaci\u00f3n la legislaci\u00f3n \u201cmodesta\u201d que aprob\u00f3 el Congreso el a\u00f1o pasado, que<br \/>\ncerr\u00f3 la &quot;laguna legal del novio&quot;. Esa disposici\u00f3n impide que las personas condenadas por<br \/>\nabuso dom\u00e9stico por la compra de armas de fuego sin importar el estado civil, y agreg\u00f3<br \/>\nm\u00e1s informaci\u00f3n a las bases de datos federales para verificaciones de antecedentes.<\/p>\n<p>\u201cNo veo que el movimiento federal vaya m\u00e1s all\u00e1 sobre<br \/>\neso. Estamos muy divididos sobre lo que es factible en la seguridad de las armas\u201d, dijo.<\/p>\n<p>Merkley tambi\u00e9n dijo que ha estado &quot;perturbado&quot; por las acciones de<br \/>\nla Corte Suprema de los Estados Unidos y est\u00e1 apoyando una reforma para tener un cierto n\u00famero de<br \/>\nLos jueces principales de la Corte Suprema se rotan con nuevos presidentes<br \/>\nadministraciones Anteriormente ha emitido declaraciones condenando la decisi\u00f3n del tribunal.<br \/>\nacciones sobre&nbsp;<a href=\"https:\/\/www.merkley.senate.gov\/es\/news\/press-releases\/merkley-supreme-court-decision-guts-epas-authority-to-combat-climate-chaos\/\">clima<br \/>\ncambiar<\/a>&nbsp;y&nbsp;<a href=\"https:\/\/www.merkley.senate.gov\/es\/news\/press-releases\/merkley-decision-is-step-back-for-reproductive-care-health-care-and-americans-rights\/\">restringiendo<br \/>\nacceso al aborto<\/a>.<\/p>\n<p>Un residente de Aurora pregunt\u00f3 sobre el costo de vida de<br \/>\nadultos mayores que superan los pagos del Seguro Social. Merkley dijo que quiere prevenir<br \/>\nm\u00e1s recortes a Medicare y al Seguro Social, y que los fondos deber\u00edan provenir de<br \/>\nimpuestos sobre la renta de los ricos.<\/p>\n<p>Otro vecino le pregunt\u00f3 al senador sobre el convertidor catal\u00edtico<br \/>\nrobos, y dijo que &quot;no puede exagerar&quot; el n\u00famero de sus amigos que han<br \/>\nlos habia robado.<\/p>\n<p>Merkley record\u00f3 cuando le robaron su camioneta en el<br \/>\nprincipios de los 90, y c\u00f3mo tuvo que pagar $150 para recuperarlo de donde hab\u00eda estado<br \/>\nremolcado. Le pregunt\u00f3 a la audiencia si alguien sab\u00eda de alguna soluci\u00f3n.<\/p>\n<p>Hoy dijo que los comercios instalar\u00e1n un protector en la parte inferior del auto<br \/>\nque dificulta el robo, y que los legisladores pueden hacer el comercio de<br \/>\npiezas robadas un delito penal m\u00e1s grave.&nbsp;<\/p>\n<p>\u201cNo querr\u00e1n escuchar esto, pero consideren conducir un<br \/>\ncoche el\u00e9ctrico\u201d, dijo Merkley, y la sala estall\u00f3 en risas y v\u00edtores.<\/p>\n<\/p>\n<p>Un residente en la audiencia pregunt\u00f3 sobre una pol\u00edtica federal.<br \/>\nexigir a los fabricantes que instalen las protecciones en los veh\u00edculos nuevos. merkley dijo<br \/>\nese fue un buen punto, y agreg\u00f3 que esta era la primera vez que el tema hab\u00eda<br \/>\nsido criado en un ayuntamiento.&nbsp;<\/p>","protected":false},"excerpt":{"rendered":"<p>Marion County residents brought their concerns about mental health funding, the war in Ukraine and catalytic converters to U.S. Sen. Jeff Merkley\u2019s town hall in Salem on Monday, Feb. 6. It was the senator\u2019s 15th town hall this year, and his 519th town hall since taking office in 2009. Merkley and U.S. Sen.&nbsp;Ron Wyden&nbsp;visit Oregon\u2019s [&hellip;]<\/p>\n","protected":false},"author":2,"featured_media":0,"comment_status":"closed","ping_status":"closed","sticky":false,"template":"","format":"standard","meta":{"_acf_changed":false,"inline_featured_image":false,"footnotes":""},"categories":[26],"tags":[],"class_list":["post-1729","post","type-post","status-publish","format-standard","hentry","category-in-the-news"],"acf":[],"yoast_head":"<!-- This site is optimized with the Yoast SEO plugin v27.2 - https:\/\/yoast.com\/product\/yoast-seo-wordpress\/ -->\n<title>Marion County residents quiz U.S. Sen. Jeff Merkley during town hall - Merkley<\/title>\n<meta name=\"robots\" content=\"index, follow, max-snippet:-1, max-image-preview:large, max-video-preview:-1\" \/>\n<link rel=\"canonical\" href=\"https:\/\/www.merkley.senate.gov\/es\/marion-county-residents-quiz-us-sen-jeff-merkley-during-town-hall\/\" \/>\n<meta property=\"og:locale\" content=\"es_MX\" \/>\n<meta property=\"og:type\" content=\"article\" \/>\n<meta property=\"og:title\" content=\"Marion County residents quiz U.S. Sen. Jeff Merkley during town hall - Merkley\" \/>\n<meta property=\"og:description\" content=\"Marion County residents brought their concerns about mental health funding, the war in Ukraine and catalytic converters to U.S. Sen. Jeff Merkley\u2019s town hall in Salem on Monday, Feb. 6. It was the senator\u2019s 15th town hall this year, and his 519th town hall since taking office in 2009. Merkley and U.S. Sen.&nbsp;Ron Wyden&nbsp;visit Oregon\u2019s [&hellip;]\" \/>\n<meta property=\"og:url\" content=\"https:\/\/www.merkley.senate.gov\/es\/marion-county-residents-quiz-us-sen-jeff-merkley-during-town-hall\/\" \/>\n<meta property=\"og:site_name\" content=\"Merkley\" \/>\n<meta property=\"article:published_time\" content=\"2023-02-07T15:15:00+00:00\" \/>\n<meta property=\"article:modified_time\" content=\"2023-07-24T15:04:30+00:00\" \/>\n<meta name=\"twitter:card\" content=\"summary_large_image\" \/>\n<meta name=\"twitter:label1\" content=\"Written by\" \/>\n\t<meta name=\"twitter:data1\" content=\"\" \/>\n\t<meta name=\"twitter:label2\" content=\"Est. reading time\" \/>\n\t<meta name=\"twitter:data2\" content=\"5 minutes\" \/>\n<script type=\"application\/ld+json\" class=\"yoast-schema-graph\">{\"@context\":\"https:\/\/schema.org\",\"@graph\":[{\"@type\":\"Article\",\"@id\":\"https:\/\/www.merkley.senate.gov\/marion-county-residents-quiz-us-sen-jeff-merkley-during-town-hall\/#article\",\"isPartOf\":{\"@id\":\"https:\/\/www.merkley.senate.gov\/marion-county-residents-quiz-us-sen-jeff-merkley-during-town-hall\/\"},\"author\":{\"name\":\"\",\"@id\":\"\"},\"headline\":\"Marion County residents quiz U.S. Sen. Jeff Merkley during town hall\",\"datePublished\":\"2023-02-07T15:15:00+00:00\",\"dateModified\":\"2023-07-24T15:04:30+00:00\",\"mainEntityOfPage\":{\"@id\":\"https:\/\/www.merkley.senate.gov\/marion-county-residents-quiz-us-sen-jeff-merkley-during-town-hall\/\"},\"wordCount\":924,\"articleSection\":[\"In the News\"],\"inLanguage\":\"es-MX\"},{\"@type\":\"WebPage\",\"@id\":\"https:\/\/www.merkley.senate.gov\/marion-county-residents-quiz-us-sen-jeff-merkley-during-town-hall\/\",\"url\":\"https:\/\/www.merkley.senate.gov\/marion-county-residents-quiz-us-sen-jeff-merkley-during-town-hall\/\",\"name\":\"Marion County residents quiz U.S. Sen. Jeff Merkley during town hall - Merkley\",\"isPartOf\":{\"@id\":\"https:\/\/www.merkley.senate.gov\/#website\"},\"datePublished\":\"2023-02-07T15:15:00+00:00\",\"dateModified\":\"2023-07-24T15:04:30+00:00\",\"author\":{\"@id\":\"\"},\"breadcrumb\":{\"@id\":\"https:\/\/www.merkley.senate.gov\/marion-county-residents-quiz-us-sen-jeff-merkley-during-town-hall\/#breadcrumb\"},\"inLanguage\":\"es-MX\",\"potentialAction\":[{\"@type\":\"ReadAction\",\"target\":[\"https:\/\/www.merkley.senate.gov\/marion-county-residents-quiz-us-sen-jeff-merkley-during-town-hall\/\"]}]},{\"@type\":\"BreadcrumbList\",\"@id\":\"https:\/\/www.merkley.senate.gov\/marion-county-residents-quiz-us-sen-jeff-merkley-during-town-hall\/#breadcrumb\",\"itemListElement\":[{\"@type\":\"ListItem\",\"position\":1,\"name\":\"Home\",\"item\":\"https:\/\/www.merkley.senate.gov\/\"},{\"@type\":\"ListItem\",\"position\":2,\"name\":\"Marion County residents quiz U.S. Sen. Jeff Merkley during town hall\"}]},{\"@type\":\"WebSite\",\"@id\":\"https:\/\/www.merkley.senate.gov\/#website\",\"url\":\"https:\/\/www.merkley.senate.gov\/\",\"name\":\"Merkley\",\"description\":\"Merkley\",\"potentialAction\":[{\"@type\":\"SearchAction\",\"target\":{\"@type\":\"EntryPoint\",\"urlTemplate\":\"https:\/\/www.merkley.senate.gov\/?s={search_term_string}\"},\"query-input\":{\"@type\":\"PropertyValueSpecification\",\"valueRequired\":true,\"valueName\":\"search_term_string\"}}],\"inLanguage\":\"es-MX\"},{\"@type\":\"Person\",\"@id\":\"\",\"url\":\"https:\/\/www.merkley.senate.gov\/es\/author\/\"}]}<\/script>\n<!-- \/ Yoast SEO plugin. -->","yoast_head_json":{"title":"Marion County residents quiz U.S. Sen. Jeff Merkley during town hall - Merkley","robots":{"index":"index","follow":"follow","max-snippet":"max-snippet:-1","max-image-preview":"max-image-preview:large","max-video-preview":"max-video-preview:-1"},"canonical":"https:\/\/www.merkley.senate.gov\/es\/marion-county-residents-quiz-us-sen-jeff-merkley-during-town-hall\/","og_locale":"es_MX","og_type":"article","og_title":"Marion County residents quiz U.S. Sen. Jeff Merkley during town hall - Merkley","og_description":"Marion County residents brought their concerns about mental health funding, the war in Ukraine and catalytic converters to U.S. Sen. Jeff Merkley\u2019s town hall in Salem on Monday, Feb. 6. It was the senator\u2019s 15th town hall this year, and his 519th town hall since taking office in 2009. Merkley and U.S. Sen.&nbsp;Ron Wyden&nbsp;visit Oregon\u2019s [&hellip;]","og_url":"https:\/\/www.merkley.senate.gov\/es\/marion-county-residents-quiz-us-sen-jeff-merkley-during-town-hall\/","og_site_name":"Merkley","article_published_time":"2023-02-07T15:15:00+00:00","article_modified_time":"2023-07-24T15:04:30+00:00","twitter_card":"summary_large_image","twitter_misc":{"Written by":"","Est. reading time":"5 minutes"},"schema":{"@context":"https:\/\/schema.org","@graph":[{"@type":"Article","@id":"https:\/\/www.merkley.senate.gov\/marion-county-residents-quiz-us-sen-jeff-merkley-during-town-hall\/#article","isPartOf":{"@id":"https:\/\/www.merkley.senate.gov\/marion-county-residents-quiz-us-sen-jeff-merkley-during-town-hall\/"},"author":{"name":"","@id":""},"headline":"Marion County residents quiz U.S. Sen. Jeff Merkley during town hall","datePublished":"2023-02-07T15:15:00+00:00","dateModified":"2023-07-24T15:04:30+00:00","mainEntityOfPage":{"@id":"https:\/\/www.merkley.senate.gov\/marion-county-residents-quiz-us-sen-jeff-merkley-during-town-hall\/"},"wordCount":924,"articleSection":["In the News"],"inLanguage":"es-MX"},{"@type":"WebPage","@id":"https:\/\/www.merkley.senate.gov\/marion-county-residents-quiz-us-sen-jeff-merkley-during-town-hall\/","url":"https:\/\/www.merkley.senate.gov\/marion-county-residents-quiz-us-sen-jeff-merkley-during-town-hall\/","name":"Marion County residents quiz U.S. Sen. Jeff Merkley during town hall - Merkley","isPartOf":{"@id":"https:\/\/www.merkley.senate.gov\/#website"},"datePublished":"2023-02-07T15:15:00+00:00","dateModified":"2023-07-24T15:04:30+00:00","author":{"@id":""},"breadcrumb":{"@id":"https:\/\/www.merkley.senate.gov\/marion-county-residents-quiz-us-sen-jeff-merkley-during-town-hall\/#breadcrumb"},"inLanguage":"es-MX","potentialAction":[{"@type":"ReadAction","target":["https:\/\/www.merkley.senate.gov\/marion-county-residents-quiz-us-sen-jeff-merkley-during-town-hall\/"]}]},{"@type":"BreadcrumbList","@id":"https:\/\/www.merkley.senate.gov\/marion-county-residents-quiz-us-sen-jeff-merkley-during-town-hall\/#breadcrumb","itemListElement":[{"@type":"ListItem","position":1,"name":"Home","item":"https:\/\/www.merkley.senate.gov\/"},{"@type":"ListItem","position":2,"name":"Marion County residents quiz U.S. Sen. Jeff Merkley during town hall"}]},{"@type":"WebSite","@id":"https:\/\/www.merkley.senate.gov\/#website","url":"https:\/\/www.merkley.senate.gov\/","name":"merkley","description":"merkley","potentialAction":[{"@type":"SearchAction","target":{"@type":"EntryPoint","urlTemplate":"https:\/\/www.merkley.senate.gov\/?s={search_term_string}"},"query-input":{"@type":"PropertyValueSpecification","valueRequired":true,"valueName":"search_term_string"}}],"inLanguage":"es-MX"},{"@type":"Person","@id":"","url":"https:\/\/www.merkley.senate.gov\/es\/author\/"}]}},"_links":{"self":[{"href":"https:\/\/www.merkley.senate.gov\/es\/wp-json\/wp\/v2\/posts\/1729","targetHints":{"allow":["GET"]}}],"collection":[{"href":"https:\/\/www.merkley.senate.gov\/es\/wp-json\/wp\/v2\/posts"}],"about":[{"href":"https:\/\/www.merkley.senate.gov\/es\/wp-json\/wp\/v2\/types\/post"}],"author":[{"embeddable":true,"href":"https:\/\/www.merkley.senate.gov\/es\/wp-json\/wp\/v2\/users\/2"}],"replies":[{"embeddable":true,"href":"https:\/\/www.merkley.senate.gov\/es\/wp-json\/wp\/v2\/comments?post=1729"}],"version-history":[{"count":1,"href":"https:\/\/www.merkley.senate.gov\/es\/wp-json\/wp\/v2\/posts\/1729\/revisions"}],"predecessor-version":[{"id":11104,"href":"https:\/\/www.merkley.senate.gov\/es\/wp-json\/wp\/v2\/posts\/1729\/revisions\/11104"}],"wp:attachment":[{"href":"https:\/\/www.merkley.senate.gov\/es\/wp-json\/wp\/v2\/media?parent=1729"}],"wp:term":[{"taxonomy":"category","embeddable":true,"href":"https:\/\/www.merkley.senate.gov\/es\/wp-json\/wp\/v2\/categories?post=1729"},{"taxonomy":"post_tag","embeddable":true,"href":"https:\/\/www.merkley.senate.gov\/es\/wp-json\/wp\/v2\/tags?post=1729"}],"curies":[{"name":"wp","href":"https:\/\/api.w.org\/{rel}","templated":true}]}}