{"id":17495,"date":"2023-07-13T12:51:00","date_gmt":"2023-07-13T16:51:00","guid":{"rendered":"https:\/\/www.merkley.senate.gov\/?p=17495"},"modified":"2023-08-07T12:53:45","modified_gmt":"2023-08-07T16:53:45","slug":"oregon-secures-20-million-in-federal-funding-for-electrical-grid-updates-in-low-income-and-tribal-lands","status":"publish","type":"post","link":"https:\/\/www.merkley.senate.gov\/es\/oregon-secures-20-million-in-federal-funding-for-electrical-grid-updates-in-low-income-and-tribal-lands\/","title":{"rendered":"Oreg\u00f3n obtiene $20 millones en fondos federales para actualizaciones de la red el\u00e9ctrica en tierras tribales y de bajos ingresos"},"content":{"rendered":"<p>jueves, 13 de julio de 2023<\/p>\n\n\n\n<p><strong>Por: Personal de noticias<\/strong><\/p>\n\n\n\n<p><a href=\"https:\/\/kval.com\/news\/local\/oregon-secures-20-million-in-federal-funding-for-electrical-grid-updates-in-low-income-and-tribal-lands\"><strong>KVAL<\/strong><\/a><\/p>\n\n\n\n<p>Las comunidades de bajos ingresos y las tierras tribales recibir\u00e1n casi $20 millones para mejoras en la red el\u00e9ctrica, anunciaron el jueves los senadores Jeff Merkley y Ron Wyden.<\/p>\n\n\n\n<p>La financiaci\u00f3n garantizar\u00e1 que estas comunidades tengan acceso a energ\u00eda limpia asequible y fiable.<\/p>\n\n\n\n<p>\u201cLas familias sin recursos de Oreg\u00f3n y las familias tribales en Oreg\u00f3n han estado en la primera l\u00ednea de la emergencia clim\u00e1tica en sus comunidades: algunas perdieron energ\u00eda durante d\u00edas debido a las tormentas de invierno y otras perdieron acres de tierra debido a incendios forestales provocados por l\u00edneas el\u00e9ctricas envejecidas\u201d, dijo. Wyden, quien asegur\u00f3 $5 mil millones en la Ley de Infraestructura Bipartidista para Oreg\u00f3n y el pa\u00eds para proteger la red el\u00e9ctrica de condiciones clim\u00e1ticas extremas y desastres naturales para prevenir incendios forestales. \u201cLa lucha clim\u00e1tica debe incluir una inversi\u00f3n significativa para hacer que nuestra red el\u00e9ctrica sea m\u00e1s resistente a los eventos clim\u00e1ticos extremos, especialmente para las familias que intentan llegar a fin de mes y las tribus que han habitado esta tierra desde tiempos inmemoriales. No podemos esperar para actuar sobre este problema de seguridad p\u00fablica\u201d.<\/p>\n\n\n\n<p>Nueve estados y tres naciones tribales recibieron un total combinado de $207,6 millones en subvenciones federales del Departamento de Energ\u00eda de EE. UU. Las subvenciones fueron financiadas por la Ley de Infraestructura Bipartidista y se destinar\u00e1n a ayudar a modernizar las redes el\u00e9ctricas para reducir los impactos del clima extremo y los desastres naturales, al tiempo que garantizan la confiabilidad del sector el\u00e9ctrico.<\/p>\n\n\n\n<p>&nbsp;\u201cLos habitantes de Oregon no deber\u00edan tener que preocuparse de que su vida est\u00e9 en riesgo porque han estado varados durante d\u00edas o semanas sin electricidad, o porque una chispa perdida en un cable de alimentaci\u00f3n provoc\u00f3 un incendio forestal catastr\u00f3fico\u201d, dijo Merkley. \u201cEspecialmente durante las sequ\u00edas de verano y las tormentas invernales intensas se vuelven m\u00e1s comunes, ahora es el momento de invertir en nuestras redes el\u00e9ctricas y reducir la posibilidad de apagones o chispas\u201d.<\/p>","protected":false},"excerpt":{"rendered":"<p>Thursday, July 13, 2023 By: News Staff KVAL Low-income communities and tribal lands will receive nearly $20-million for electrical grid improvements, Senators Jeff Merkley and Ron Wyden announced Thursday. The funding will ensure that these communities will have access to affordable and reliable clean energy. &#8220;Oregon families without means and Tribal families in Oregon have [&hellip;]<\/p>\n","protected":false},"author":12,"featured_media":0,"comment_status":"closed","ping_status":"closed","sticky":false,"template":"","format":"standard","meta":{"_acf_changed":false,"inline_featured_image":false,"footnotes":""},"categories":[26],"tags":[],"class_list":["post-17495","post","type-post","status-publish","format-standard","hentry","category-in-the-news"],"acf":[],"yoast_head":"<!-- This site is optimized with the Yoast SEO plugin v27.2 - https:\/\/yoast.com\/product\/yoast-seo-wordpress\/ -->\n<title>Oregon secures $20 million in federal funding for electrical grid updates in low-income and tribal lands - Merkley<\/title>\n<meta name=\"robots\" content=\"index, follow, max-snippet:-1, max-image-preview:large, max-video-preview:-1\" \/>\n<link rel=\"canonical\" href=\"https:\/\/www.merkley.senate.gov\/es\/oregon-secures-20-million-in-federal-funding-for-electrical-grid-updates-in-low-income-and-tribal-lands\/\" \/>\n<meta property=\"og:locale\" content=\"es_MX\" \/>\n<meta property=\"og:type\" content=\"article\" \/>\n<meta property=\"og:title\" content=\"Oregon secures $20 million in federal funding for electrical grid updates in low-income and tribal lands - Merkley\" \/>\n<meta property=\"og:description\" content=\"Thursday, July 13, 2023 By: News Staff KVAL Low-income communities and tribal lands will receive nearly $20-million for electrical grid improvements, Senators Jeff Merkley and Ron Wyden announced Thursday. The funding will ensure that these communities will have access to affordable and reliable clean energy. &#8220;Oregon families without means and Tribal families in Oregon have [&hellip;]\" \/>\n<meta property=\"og:url\" content=\"https:\/\/www.merkley.senate.gov\/es\/oregon-secures-20-million-in-federal-funding-for-electrical-grid-updates-in-low-income-and-tribal-lands\/\" \/>\n<meta property=\"og:site_name\" content=\"Merkley\" \/>\n<meta property=\"article:published_time\" content=\"2023-07-13T16:51:00+00:00\" \/>\n<meta property=\"article:modified_time\" content=\"2023-08-07T16:53:45+00:00\" \/>\n<meta name=\"author\" content=\"Emily Baker\" \/>\n<meta name=\"twitter:card\" content=\"summary_large_image\" \/>\n<meta name=\"twitter:label1\" content=\"Written by\" \/>\n\t<meta name=\"twitter:data1\" content=\"Emily Baker\" \/>\n\t<meta name=\"twitter:label2\" content=\"Est. reading time\" \/>\n\t<meta name=\"twitter:data2\" content=\"2 minutes\" \/>\n<script type=\"application\/ld+json\" class=\"yoast-schema-graph\">{\"@context\":\"https:\/\/schema.org\",\"@graph\":[{\"@type\":\"Article\",\"@id\":\"https:\/\/www.merkley.senate.gov\/oregon-secures-20-million-in-federal-funding-for-electrical-grid-updates-in-low-income-and-tribal-lands\/#article\",\"isPartOf\":{\"@id\":\"https:\/\/www.merkley.senate.gov\/oregon-secures-20-million-in-federal-funding-for-electrical-grid-updates-in-low-income-and-tribal-lands\/\"},\"author\":{\"name\":\"Emily Baker\",\"@id\":\"https:\/\/www.merkley.senate.gov\/#\/schema\/person\/8e84a6cd0aee49b705d12293970d8c8a\"},\"headline\":\"Oregon secures $20 million in federal funding for electrical grid updates in low-income and tribal lands\",\"datePublished\":\"2023-07-13T16:51:00+00:00\",\"dateModified\":\"2023-08-07T16:53:45+00:00\",\"mainEntityOfPage\":{\"@id\":\"https:\/\/www.merkley.senate.gov\/oregon-secures-20-million-in-federal-funding-for-electrical-grid-updates-in-low-income-and-tribal-lands\/\"},\"wordCount\":302,\"articleSection\":[\"In the News\"],\"inLanguage\":\"es-MX\"},{\"@type\":\"WebPage\",\"@id\":\"https:\/\/www.merkley.senate.gov\/oregon-secures-20-million-in-federal-funding-for-electrical-grid-updates-in-low-income-and-tribal-lands\/\",\"url\":\"https:\/\/www.merkley.senate.gov\/oregon-secures-20-million-in-federal-funding-for-electrical-grid-updates-in-low-income-and-tribal-lands\/\",\"name\":\"Oregon secures $20 million in federal funding for electrical grid updates in low-income and tribal lands - Merkley\",\"isPartOf\":{\"@id\":\"https:\/\/www.merkley.senate.gov\/#website\"},\"datePublished\":\"2023-07-13T16:51:00+00:00\",\"dateModified\":\"2023-08-07T16:53:45+00:00\",\"author\":{\"@id\":\"https:\/\/www.merkley.senate.gov\/#\/schema\/person\/8e84a6cd0aee49b705d12293970d8c8a\"},\"breadcrumb\":{\"@id\":\"https:\/\/www.merkley.senate.gov\/oregon-secures-20-million-in-federal-funding-for-electrical-grid-updates-in-low-income-and-tribal-lands\/#breadcrumb\"},\"inLanguage\":\"es-MX\",\"potentialAction\":[{\"@type\":\"ReadAction\",\"target\":[\"https:\/\/www.merkley.senate.gov\/oregon-secures-20-million-in-federal-funding-for-electrical-grid-updates-in-low-income-and-tribal-lands\/\"]}]},{\"@type\":\"BreadcrumbList\",\"@id\":\"https:\/\/www.merkley.senate.gov\/oregon-secures-20-million-in-federal-funding-for-electrical-grid-updates-in-low-income-and-tribal-lands\/#breadcrumb\",\"itemListElement\":[{\"@type\":\"ListItem\",\"position\":1,\"name\":\"Home\",\"item\":\"https:\/\/www.merkley.senate.gov\/\"},{\"@type\":\"ListItem\",\"position\":2,\"name\":\"Oregon secures $20 million in federal funding for electrical grid updates in low-income and tribal lands\"}]},{\"@type\":\"WebSite\",\"@id\":\"https:\/\/www.merkley.senate.gov\/#website\",\"url\":\"https:\/\/www.merkley.senate.gov\/\",\"name\":\"Merkley\",\"description\":\"Merkley\",\"potentialAction\":[{\"@type\":\"SearchAction\",\"target\":{\"@type\":\"EntryPoint\",\"urlTemplate\":\"https:\/\/www.merkley.senate.gov\/?s={search_term_string}\"},\"query-input\":{\"@type\":\"PropertyValueSpecification\",\"valueRequired\":true,\"valueName\":\"search_term_string\"}}],\"inLanguage\":\"es-MX\"},{\"@type\":\"Person\",\"@id\":\"https:\/\/www.merkley.senate.gov\/#\/schema\/person\/8e84a6cd0aee49b705d12293970d8c8a\",\"name\":\"Emily Baker\",\"image\":{\"@type\":\"ImageObject\",\"inLanguage\":\"es-MX\",\"@id\":\"https:\/\/secure.gravatar.com\/avatar\/a9e6af93fd68c81439c278829af88746227deb30cd336f3f535484aa38351e6f?s=96&d=mm&r=g\",\"url\":\"https:\/\/secure.gravatar.com\/avatar\/a9e6af93fd68c81439c278829af88746227deb30cd336f3f535484aa38351e6f?s=96&d=mm&r=g\",\"contentUrl\":\"https:\/\/secure.gravatar.com\/avatar\/a9e6af93fd68c81439c278829af88746227deb30cd336f3f535484aa38351e6f?s=96&d=mm&r=g\",\"caption\":\"Emily Baker\"},\"url\":\"https:\/\/www.merkley.senate.gov\/es\/author\/emily-baker\/\"}]}<\/script>\n<!-- \/ Yoast SEO plugin. -->","yoast_head_json":{"title":"Oregon secures $20 million in federal funding for electrical grid updates in low-income and tribal lands - Merkley","robots":{"index":"index","follow":"follow","max-snippet":"max-snippet:-1","max-image-preview":"max-image-preview:large","max-video-preview":"max-video-preview:-1"},"canonical":"https:\/\/www.merkley.senate.gov\/es\/oregon-secures-20-million-in-federal-funding-for-electrical-grid-updates-in-low-income-and-tribal-lands\/","og_locale":"es_MX","og_type":"article","og_title":"Oregon secures $20 million in federal funding for electrical grid updates in low-income and tribal lands - Merkley","og_description":"Thursday, July 13, 2023 By: News Staff KVAL Low-income communities and tribal lands will receive nearly $20-million for electrical grid improvements, Senators Jeff Merkley and Ron Wyden announced Thursday. The funding will ensure that these communities will have access to affordable and reliable clean energy. &#8220;Oregon families without means and Tribal families in Oregon have [&hellip;]","og_url":"https:\/\/www.merkley.senate.gov\/es\/oregon-secures-20-million-in-federal-funding-for-electrical-grid-updates-in-low-income-and-tribal-lands\/","og_site_name":"Merkley","article_published_time":"2023-07-13T16:51:00+00:00","article_modified_time":"2023-08-07T16:53:45+00:00","author":"Emily Baker","twitter_card":"summary_large_image","twitter_misc":{"Written by":"Emily Baker","Est. reading time":"2 minutes"},"schema":{"@context":"https:\/\/schema.org","@graph":[{"@type":"Article","@id":"https:\/\/www.merkley.senate.gov\/oregon-secures-20-million-in-federal-funding-for-electrical-grid-updates-in-low-income-and-tribal-lands\/#article","isPartOf":{"@id":"https:\/\/www.merkley.senate.gov\/oregon-secures-20-million-in-federal-funding-for-electrical-grid-updates-in-low-income-and-tribal-lands\/"},"author":{"name":"Emily Baker","@id":"https:\/\/www.merkley.senate.gov\/#\/schema\/person\/8e84a6cd0aee49b705d12293970d8c8a"},"headline":"Oregon secures $20 million in federal funding for electrical grid updates in low-income and tribal lands","datePublished":"2023-07-13T16:51:00+00:00","dateModified":"2023-08-07T16:53:45+00:00","mainEntityOfPage":{"@id":"https:\/\/www.merkley.senate.gov\/oregon-secures-20-million-in-federal-funding-for-electrical-grid-updates-in-low-income-and-tribal-lands\/"},"wordCount":302,"articleSection":["In the News"],"inLanguage":"es-MX"},{"@type":"WebPage","@id":"https:\/\/www.merkley.senate.gov\/oregon-secures-20-million-in-federal-funding-for-electrical-grid-updates-in-low-income-and-tribal-lands\/","url":"https:\/\/www.merkley.senate.gov\/oregon-secures-20-million-in-federal-funding-for-electrical-grid-updates-in-low-income-and-tribal-lands\/","name":"Oregon secures $20 million in federal funding for electrical grid updates in low-income and tribal lands - Merkley","isPartOf":{"@id":"https:\/\/www.merkley.senate.gov\/#website"},"datePublished":"2023-07-13T16:51:00+00:00","dateModified":"2023-08-07T16:53:45+00:00","author":{"@id":"https:\/\/www.merkley.senate.gov\/#\/schema\/person\/8e84a6cd0aee49b705d12293970d8c8a"},"breadcrumb":{"@id":"https:\/\/www.merkley.senate.gov\/oregon-secures-20-million-in-federal-funding-for-electrical-grid-updates-in-low-income-and-tribal-lands\/#breadcrumb"},"inLanguage":"es-MX","potentialAction":[{"@type":"ReadAction","target":["https:\/\/www.merkley.senate.gov\/oregon-secures-20-million-in-federal-funding-for-electrical-grid-updates-in-low-income-and-tribal-lands\/"]}]},{"@type":"BreadcrumbList","@id":"https:\/\/www.merkley.senate.gov\/oregon-secures-20-million-in-federal-funding-for-electrical-grid-updates-in-low-income-and-tribal-lands\/#breadcrumb","itemListElement":[{"@type":"ListItem","position":1,"name":"Home","item":"https:\/\/www.merkley.senate.gov\/"},{"@type":"ListItem","position":2,"name":"Oregon secures $20 million in federal funding for electrical grid updates in low-income and tribal lands"}]},{"@type":"WebSite","@id":"https:\/\/www.merkley.senate.gov\/#website","url":"https:\/\/www.merkley.senate.gov\/","name":"merkley","description":"merkley","potentialAction":[{"@type":"SearchAction","target":{"@type":"EntryPoint","urlTemplate":"https:\/\/www.merkley.senate.gov\/?s={search_term_string}"},"query-input":{"@type":"PropertyValueSpecification","valueRequired":true,"valueName":"search_term_string"}}],"inLanguage":"es-MX"},{"@type":"Person","@id":"https:\/\/www.merkley.senate.gov\/#\/schema\/person\/8e84a6cd0aee49b705d12293970d8c8a","name":"Emily Baker","image":{"@type":"ImageObject","inLanguage":"es-MX","@id":"https:\/\/secure.gravatar.com\/avatar\/a9e6af93fd68c81439c278829af88746227deb30cd336f3f535484aa38351e6f?s=96&d=mm&r=g","url":"https:\/\/secure.gravatar.com\/avatar\/a9e6af93fd68c81439c278829af88746227deb30cd336f3f535484aa38351e6f?s=96&d=mm&r=g","contentUrl":"https:\/\/secure.gravatar.com\/avatar\/a9e6af93fd68c81439c278829af88746227deb30cd336f3f535484aa38351e6f?s=96&d=mm&r=g","caption":"Emily Baker"},"url":"https:\/\/www.merkley.senate.gov\/es\/author\/emily-baker\/"}]}},"_links":{"self":[{"href":"https:\/\/www.merkley.senate.gov\/es\/wp-json\/wp\/v2\/posts\/17495","targetHints":{"allow":["GET"]}}],"collection":[{"href":"https:\/\/www.merkley.senate.gov\/es\/wp-json\/wp\/v2\/posts"}],"about":[{"href":"https:\/\/www.merkley.senate.gov\/es\/wp-json\/wp\/v2\/types\/post"}],"author":[{"embeddable":true,"href":"https:\/\/www.merkley.senate.gov\/es\/wp-json\/wp\/v2\/users\/12"}],"replies":[{"embeddable":true,"href":"https:\/\/www.merkley.senate.gov\/es\/wp-json\/wp\/v2\/comments?post=17495"}],"version-history":[{"count":1,"href":"https:\/\/www.merkley.senate.gov\/es\/wp-json\/wp\/v2\/posts\/17495\/revisions"}],"predecessor-version":[{"id":17496,"href":"https:\/\/www.merkley.senate.gov\/es\/wp-json\/wp\/v2\/posts\/17495\/revisions\/17496"}],"wp:attachment":[{"href":"https:\/\/www.merkley.senate.gov\/es\/wp-json\/wp\/v2\/media?parent=17495"}],"wp:term":[{"taxonomy":"category","embeddable":true,"href":"https:\/\/www.merkley.senate.gov\/es\/wp-json\/wp\/v2\/categories?post=17495"},{"taxonomy":"post_tag","embeddable":true,"href":"https:\/\/www.merkley.senate.gov\/es\/wp-json\/wp\/v2\/tags?post=17495"}],"curies":[{"name":"wp","href":"https:\/\/api.w.org\/{rel}","templated":true}]}}