{"id":17665,"date":"2023-09-07T14:19:52","date_gmt":"2023-09-07T18:19:52","guid":{"rendered":"https:\/\/www.merkley.senate.gov\/?p=17665"},"modified":"2023-09-08T16:20:13","modified_gmt":"2023-09-08T20:20:13","slug":"merkley-leads-effort-to-reduce-wildfire-risk-boost-economic-opportunities-in-forest-dependent-communities","status":"publish","type":"post","link":"https:\/\/www.merkley.senate.gov\/es\/merkley-leads-effort-to-reduce-wildfire-risk-boost-economic-opportunities-in-forest-dependent-communities\/","title":{"rendered":"Merkley lidera el esfuerzo para reducir el riesgo de incendios forestales e impulsar las oportunidades econ\u00f3micas en las comunidades dependientes de los bosques"},"content":{"rendered":"<p>Washington, DC \u2013 Hoy, el senador estadounidense de Oreg\u00f3n, Jeff Merkley, encabez\u00f3 a sus colegas del Senado en la presentaci\u00f3n de la <em>Ley de comunidades resilientes a los incendios forestales. <\/em>En los \u00faltimos a\u00f1os, ciudades enteras han sido destruidas y miles de habitantes de Oreg\u00f3n se han visto obligados a evacuar debido a los incendios forestales. Estos incendios forestales est\u00e1n ocurriendo antes, con mayor frecuencia y con una intensidad cada vez m\u00e1s catastr\u00f3fica, produciendo peligrosas columnas de humo. Esta legislaci\u00f3n proporcionar\u00eda apoyo federal dedicado para reducir el riesgo de incendios forestales catastr\u00f3ficos, al mismo tiempo que empoderar\u00eda a las comunidades para prepararse para los incendios forestales.<\/p>\n\n\n\n<blockquote class=\"wp-block-quote is-layout-flow wp-block-quote-is-layout-flow\">\n<p>&quot;En todo el pa\u00eds, nuestras comunidades est\u00e1n amenazadas por incendios forestales cada vez m\u00e1s graves alimentados por el caos clim\u00e1tico&quot;.&nbsp;<strong>dijo el senador<\/strong> <strong>merkley<\/strong>. \u201cCasi todos los habitantes de Oreg\u00f3n han experimentado de alguna manera la creciente amenaza que los incendios forestales representan para nuestras vidas, negocios y salud. Las temporadas extremas de incendios forestales no se est\u00e1n calmando pronto y necesitamos un aumento considerable de recursos que hagan que nuestros bosques, econom\u00edas madereras y comunidades sean m\u00e1s saludables y resilientes\u201d.<\/p>\n<\/blockquote>\n\n\n\n<p>Este proyecto de ley tambi\u00e9n est\u00e1 copatrocinado por los senadores Ron Wyden (D-OR), Alex Padilla (D-CA) y Dianne Feinstein (D-CA).<\/p>\n\n\n\n<p>El <em>Ley de comunidades resilientes a los incendios forestales <\/em>crear\u00eda un fondo de $30 mil millones para permitir que el Servicio Forestal de EE. UU., la Oficina de Administraci\u00f3n de Tierras y otras agencias de administraci\u00f3n de tierras aumenten los proyectos catastr\u00f3ficos de reducci\u00f3n de incendios forestales; reautorizar y triplicar la financiaci\u00f3n hasta $3 mil millones para el <a href=\"https:\/\/www.fs.usda.gov\/managing-land\/fire\/grants\" target=\"_blank\" rel=\"noreferrer noopener\">Programa de subvenciones comunitarias para la defensa de incendios forestales<\/a>; reautorizar permanentemente el <a href=\"https:\/\/www.fs.usda.gov\/restoration\/CFLRP\/https:\/www.fs.usda.gov\/restoration\/CFLRP\/\" target=\"_blank\" rel=\"noreferrer noopener\">Programa Colaborativo de Restauraci\u00f3n del Paisaje Forestal (CFLR)<\/a>, que es fundamental para las cinco colaboraciones en Oreg\u00f3n; y crear un Fondo de Administraci\u00f3n del Condado que proporcionar\u00eda pagos equivalentes hasta el 25 por ciento de los contratos de administraci\u00f3n en terrenos federales.<\/p>\n\n\n\n<p>Merkley ha sido durante mucho tiempo un l\u00edder y defensor de la preparaci\u00f3n de las comunidades para responder y recuperarse de los incendios forestales y las condiciones peligrosas que estos crean. Este verano <a href=\"https:\/\/www.merkley.senate.gov\/es\/merkley-introduces-bills-to-protect-americans-from-hazardous-wildfire-smoke-and-extreme-heat\/#:~:text=Washington%2C%20D.C.%20%E2%80%93%20Oregon's%20U.S.%20Senator,due%20to%20climate%20chaos%E2%80%94the\" target=\"_blank\" rel=\"noreferrer noopener\">Merkley present\u00f3 dos proyectos de ley para proteger a los estadounidenses del peligroso humo de los incendios forestales y del calor extremo.<\/a>.<\/p>\n\n\n\n<p>El <em>Ley de comunidades resilientes a los incendios forestales <\/em>cuenta con el respaldo de Klamath-Siskiyou Wildlands Center, Sustainable Northwest, Blue Mountains Forest Partners, Silvix Resources y Lomakatsi.<\/p>\n\n\n\n<blockquote class=\"wp-block-quote is-layout-flow wp-block-quote-is-layout-flow\">\n<p>\u201cHemos trabajado mucho dentro de la ciudad de Ashland y con nuestros socios del Servicio Forestal para reducir el riesgo de incendios forestales en nuestra comunidad durante los \u00faltimos 20 a\u00f1os. Al mismo tiempo, los incendios forestales m\u00e1s grandes y extremos provocados por el cambio clim\u00e1tico est\u00e1n superando nuestros esfuerzos locales. Se necesita una inversi\u00f3n a mayor escala en todo Occidente para abordar esta creciente amenaza, y la Ley de Comunidades Resilientes a los Incendios Forestales es una parte fundamental de ese esfuerzo\u201d.<strong> dicho<\/strong> <strong>Tonya Graham, alcaldesa de Ashland.<\/strong><\/p>\n\n\n\n<p>&quot;El sur de Oreg\u00f3n se ha visto muy afectado por los impactos econ\u00f3micos y de salud del humo y los incendios&quot;. <strong>dijo Pam Marsh, Representante del Estado de Oregon, Distrito 5 de la C\u00e1mara de Representantes. <\/strong>\u201cLa legislaci\u00f3n del Senador Merkley nos ayudar\u00e1 a impulsar los proyectos forestales colaborativos que proteger\u00e1n a nuestras comunidades, al mismo tiempo que recompensar\u00e1 a los condados por su apoyo a los acuerdos de administraci\u00f3n. As\u00ed es como comenzaremos el trabajo que nos ayudar\u00e1 a responder a las condiciones cambiantes\u201d.<\/p>\n\n\n\n<p>&quot;La Ley de Comunidades Resilientes a los Incendios Forestales es una soluci\u00f3n muy necesaria para proporcionar recursos que aumentar\u00e1n la gesti\u00f3n forestal activa&quot;. <strong>dijo Mark Owens, Representante del Estado de Oregon, Distrito 60 de la C\u00e1mara de Representantes. <\/strong>\u201cEsta gesti\u00f3n es la gran clave para reducir los incendios forestales. Incluir disposiciones para colaboraciones forestales y financiaci\u00f3n del condado hace que esta ley sea un \u00e9xito para los condados occidentales\u201d.<\/p>\n\n\n\n<p><strong>\u201c<\/strong>La Ley de Comunidades Resilientes a los Incendios Forestales respalda el trabajo cr\u00edtico de reducci\u00f3n de combustibles que se est\u00e1 realizando en nuestras comunidades\u201d. <strong>dijo Paul Anderes, presidente de la Junta de Comisionados del Condado de Union. <\/strong>&quot;Este proyecto de ley ampliar\u00e1 el progreso que se ha logrado en tantos paisajes para hacer que nuestras comunidades propensas a los incendios sean m\u00e1s seguras&quot;.<\/p>\n\n\n\n<p>\u201cLa Ley de Comunidades Resilientes a los Incendios Forestales ser\u00e1 extremadamente positiva para los condados amenazados por incendios forestales\u201d <strong>dijo el comisionado del condado de Lake, Barry Shullanberger. <\/strong>\u201cEl senador Merkley ha demostrado lo incre\u00edblemente serio que es en cuanto a resolver el problema nacional de la necesaria salud y restauraci\u00f3n de los bosques. Esta Ley es una pieza legislativa positiva para millones de acres de tierras p\u00fablicas en riesgo cerca de comunidades que est\u00e1n constantemente amenazadas por incendios forestales. Nuestro m\u00e1s sincero agradecimiento al senador Merkley\u201d.<\/p>\n\n\n\n<p>\u201cA trav\u00e9s de inversiones enfocadas en la restauraci\u00f3n forestal y la protecci\u00f3n comunitaria, podemos preparar nuestras comunidades y paisajes para los incendios forestales.<strong>\u201d, dijo Michael Dotson, director ejecutivo del Klamath-Siskiyou Wildlands Center.<\/strong> \u201cNuestros bosques estaban mejor adaptados al fuego antes de que tal\u00e1ramos tantos \u00e1rboles grandes y resistentes al fuego. Reemplazamos demasiados de nuestros bosques antiguos con bosques inflamables de segundo crecimiento. Necesitamos financiar el tipo de trabajo que pueda restaurar nuestros bosques y ayudar a construir paisajes y comunidades m\u00e1s resilientes al fuego y al clima, y el proyecto de ley del senador Merkley nos ayudar\u00eda a lograrlo\u201d.<\/p>\n\n\n\n<p>&quot;La necesidad de una mayor inversi\u00f3n en nuestros bosques federales y comunidades rurales nunca ha sido m\u00e1s urgente&quot;, <strong>dijo Dylan Kruse, vicepresidente de Sustainable Northwest. <\/strong>\u201cNo podemos darnos el lujo de seguir tratando de ponernos al d\u00eda. Este proyecto de ley toma medidas inmediatas para abordar el enorme retraso en la gesti\u00f3n de nuestros bosques y ampl\u00eda los programas bipartidistas para prepararse para el futuro. Felicitamos al senador Merkley por superar la lucha partidista e introducir una legislaci\u00f3n que marcar\u00e1 una diferencia real con recursos que satisfacen la magnitud de las necesidades\u201d.<\/p>\n\n\n\n<p>\u201cEl Senador Merkley es digno de elogio por la reintroducci\u00f3n de la Ley de Comunidades Resilientes a los Incendios Forestales, que proporcionar\u00e1 fondos importantes para la preparaci\u00f3n comunitaria y la reducci\u00f3n del riesgo de incendios forestales en tierras federales, adem\u00e1s de reautorizar el Programa Colaborativo de Restauraci\u00f3n del Paisaje Forestal extraordinariamente exitoso y proporcionar los fondos necesarios para continuar con este importante trabajo de salud forestal\u201d, <strong>dijo Susan Jane Brown, directora de Silvix Resources.<\/strong><\/p>\n\n\n\n<p>\u201cBajo el liderazgo del Senador Merkley, esta Ley proporcionar\u00eda financiamiento a largo plazo muy necesario para estrategias colaborativas con base cient\u00edfica para reducir el riesgo de incendios forestales y al mismo tiempo aumentar la salud de los bosques y apoyar las econom\u00edas locales. Eleva la silvicultura basada en la administraci\u00f3n, un enfoque de restauraci\u00f3n centrado en la ecolog\u00eda que Lomakatsi ha defendido y utilizado durante dos d\u00e9cadas para desarrollar la resiliencia de los ecosistemas y las comunidades en todo el paisaje, con socios de agencias, tribales y sin fines de lucro, en estrecha coordinaci\u00f3n con las comunidades. servimos,&quot; <strong>dijo Marko Bey, Director Ejecutivo, Proyecto de Restauraci\u00f3n Lomakatsi.<\/strong><\/p>\n<\/blockquote>\n\n\n\n<p>El texto de la factura se puede encontrar <a href=\"https:\/\/www.merkley.senate.gov\/wp-content\/uploads\/2023\/09\/Wildfire-Resilient-Communities-Act-bill-text.pdf\" target=\"_blank\" rel=\"noreferrer noopener\">aqu\u00ed<\/a>.<\/p>\n\n\n\n<p>Se puede encontrar un resumen de la factura <a href=\"https:\/\/www.merkley.senate.gov\/wp-content\/uploads\/2023\/09\/23.08.29-Wildfire-Resilient-Communities-Act-One-page-Summary.pdf\" target=\"_blank\" rel=\"noreferrer noopener\">aqu\u00ed<\/a>.<\/p>\n\n\n\n<p class=\"has-text-align-center\">###<\/p>","protected":false},"excerpt":{"rendered":"<p>Washington, D.C. \u2013 Today, Oregon\u2019s U.S. Senator Jeff Merkley led Senate colleagues in the introduction of the Wildfire Resilient Communities Act. In recent years, entire towns have been destroyed and thousands of Oregonians have experienced being forced to evacuate due to wildfires. These wildfires are happening earlier, more frequently, and with increasingly catastrophic intensity, producing [&hellip;]<\/p>\n","protected":false},"author":11,"featured_media":17053,"comment_status":"closed","ping_status":"closed","sticky":false,"template":"","format":"standard","meta":{"_acf_changed":false,"inline_featured_image":false,"footnotes":""},"categories":[24],"tags":[118,119],"class_list":["post-17665","post","type-post","status-publish","format-standard","has-post-thumbnail","hentry","category-press-releases","tag-delivering-for-oregon","tag-responding-to-and-recovering-from-wildfire-and-drought"],"acf":[],"yoast_head":"<!-- This site is optimized with the Yoast SEO plugin v27.2 - https:\/\/yoast.com\/product\/yoast-seo-wordpress\/ -->\n<title>Merkley Leads Effort to Reduce Wildfire Risk, Boost Economic Opportunities in Forest-Dependent Communities - Merkley<\/title>\n<meta name=\"robots\" content=\"index, follow, max-snippet:-1, max-image-preview:large, max-video-preview:-1\" \/>\n<link rel=\"canonical\" href=\"https:\/\/www.merkley.senate.gov\/es\/merkley-leads-effort-to-reduce-wildfire-risk-boost-economic-opportunities-in-forest-dependent-communities\/\" \/>\n<meta property=\"og:locale\" content=\"es_MX\" \/>\n<meta property=\"og:type\" content=\"article\" \/>\n<meta property=\"og:title\" content=\"Merkley Leads Effort to Reduce Wildfire Risk, Boost Economic Opportunities in Forest-Dependent Communities - Merkley\" \/>\n<meta property=\"og:description\" content=\"Washington, D.C. \u2013 Today, Oregon\u2019s U.S. Senator Jeff Merkley led Senate colleagues in the introduction of the Wildfire Resilient Communities Act. In recent years, entire towns have been destroyed and thousands of Oregonians have experienced being forced to evacuate due to wildfires. These wildfires are happening earlier, more frequently, and with increasingly catastrophic intensity, producing [&hellip;]\" \/>\n<meta property=\"og:url\" content=\"https:\/\/www.merkley.senate.gov\/es\/merkley-leads-effort-to-reduce-wildfire-risk-boost-economic-opportunities-in-forest-dependent-communities\/\" \/>\n<meta property=\"og:site_name\" content=\"Merkley\" \/>\n<meta property=\"article:published_time\" content=\"2023-09-07T18:19:52+00:00\" \/>\n<meta property=\"article:modified_time\" content=\"2023-09-08T20:20:13+00:00\" \/>\n<meta property=\"og:image\" content=\"https:\/\/www.merkley.senate.gov\/wp-content\/uploads\/2023\/07\/Press-Release-Photo-2.jpeg\" \/>\n\t<meta property=\"og:image:width\" content=\"680\" \/>\n\t<meta property=\"og:image:height\" content=\"357\" \/>\n\t<meta property=\"og:image:type\" content=\"image\/jpeg\" \/>\n<meta name=\"author\" content=\"Kate Bellino\" \/>\n<meta name=\"twitter:card\" content=\"summary_large_image\" \/>\n<meta name=\"twitter:label1\" content=\"Written by\" \/>\n\t<meta name=\"twitter:data1\" content=\"Kate Bellino\" \/>\n\t<meta name=\"twitter:label2\" content=\"Est. reading time\" \/>\n\t<meta name=\"twitter:data2\" content=\"2 minutes\" \/>\n<script type=\"application\/ld+json\" class=\"yoast-schema-graph\">{\"@context\":\"https:\/\/schema.org\",\"@graph\":[{\"@type\":\"Article\",\"@id\":\"https:\/\/www.merkley.senate.gov\/merkley-leads-effort-to-reduce-wildfire-risk-boost-economic-opportunities-in-forest-dependent-communities\/#article\",\"isPartOf\":{\"@id\":\"https:\/\/www.merkley.senate.gov\/merkley-leads-effort-to-reduce-wildfire-risk-boost-economic-opportunities-in-forest-dependent-communities\/\"},\"author\":{\"name\":\"Kate Bellino\",\"@id\":\"https:\/\/www.merkley.senate.gov\/#\/schema\/person\/e15f2e8886c734af764cdab4595a7aaa\"},\"headline\":\"Merkley Leads Effort to Reduce Wildfire Risk, Boost Economic Opportunities in Forest-Dependent Communities\",\"datePublished\":\"2023-09-07T18:19:52+00:00\",\"dateModified\":\"2023-09-08T20:20:13+00:00\",\"mainEntityOfPage\":{\"@id\":\"https:\/\/www.merkley.senate.gov\/merkley-leads-effort-to-reduce-wildfire-risk-boost-economic-opportunities-in-forest-dependent-communities\/\"},\"wordCount\":975,\"image\":{\"@id\":\"https:\/\/www.merkley.senate.gov\/merkley-leads-effort-to-reduce-wildfire-risk-boost-economic-opportunities-in-forest-dependent-communities\/#primaryimage\"},\"thumbnailUrl\":\"https:\/\/www.merkley.senate.gov\/wp-content\/uploads\/2023\/07\/Press-Release-Photo-2.jpeg\",\"keywords\":[\"Delivering for Oregon\",\"Responding to and Recovering from Wildfire and Drought\"],\"articleSection\":[\"Press Releases\"],\"inLanguage\":\"es-MX\"},{\"@type\":\"WebPage\",\"@id\":\"https:\/\/www.merkley.senate.gov\/merkley-leads-effort-to-reduce-wildfire-risk-boost-economic-opportunities-in-forest-dependent-communities\/\",\"url\":\"https:\/\/www.merkley.senate.gov\/merkley-leads-effort-to-reduce-wildfire-risk-boost-economic-opportunities-in-forest-dependent-communities\/\",\"name\":\"Merkley Leads Effort to Reduce Wildfire Risk, Boost Economic Opportunities in Forest-Dependent Communities - Merkley\",\"isPartOf\":{\"@id\":\"https:\/\/www.merkley.senate.gov\/#website\"},\"primaryImageOfPage\":{\"@id\":\"https:\/\/www.merkley.senate.gov\/merkley-leads-effort-to-reduce-wildfire-risk-boost-economic-opportunities-in-forest-dependent-communities\/#primaryimage\"},\"image\":{\"@id\":\"https:\/\/www.merkley.senate.gov\/merkley-leads-effort-to-reduce-wildfire-risk-boost-economic-opportunities-in-forest-dependent-communities\/#primaryimage\"},\"thumbnailUrl\":\"https:\/\/www.merkley.senate.gov\/wp-content\/uploads\/2023\/07\/Press-Release-Photo-2.jpeg\",\"datePublished\":\"2023-09-07T18:19:52+00:00\",\"dateModified\":\"2023-09-08T20:20:13+00:00\",\"author\":{\"@id\":\"https:\/\/www.merkley.senate.gov\/#\/schema\/person\/e15f2e8886c734af764cdab4595a7aaa\"},\"breadcrumb\":{\"@id\":\"https:\/\/www.merkley.senate.gov\/merkley-leads-effort-to-reduce-wildfire-risk-boost-economic-opportunities-in-forest-dependent-communities\/#breadcrumb\"},\"inLanguage\":\"es-MX\",\"potentialAction\":[{\"@type\":\"ReadAction\",\"target\":[\"https:\/\/www.merkley.senate.gov\/merkley-leads-effort-to-reduce-wildfire-risk-boost-economic-opportunities-in-forest-dependent-communities\/\"]}]},{\"@type\":\"ImageObject\",\"inLanguage\":\"es-MX\",\"@id\":\"https:\/\/www.merkley.senate.gov\/merkley-leads-effort-to-reduce-wildfire-risk-boost-economic-opportunities-in-forest-dependent-communities\/#primaryimage\",\"url\":\"https:\/\/www.merkley.senate.gov\/wp-content\/uploads\/2023\/07\/Press-Release-Photo-2.jpeg\",\"contentUrl\":\"https:\/\/www.merkley.senate.gov\/wp-content\/uploads\/2023\/07\/Press-Release-Photo-2.jpeg\",\"width\":680,\"height\":357,\"caption\":\"Senator Jeff Merkley speaking at a hearing.\"},{\"@type\":\"BreadcrumbList\",\"@id\":\"https:\/\/www.merkley.senate.gov\/merkley-leads-effort-to-reduce-wildfire-risk-boost-economic-opportunities-in-forest-dependent-communities\/#breadcrumb\",\"itemListElement\":[{\"@type\":\"ListItem\",\"position\":1,\"name\":\"Home\",\"item\":\"https:\/\/www.merkley.senate.gov\/\"},{\"@type\":\"ListItem\",\"position\":2,\"name\":\"Merkley Leads Effort to Reduce Wildfire Risk, Boost Economic Opportunities in Forest-Dependent Communities\"}]},{\"@type\":\"WebSite\",\"@id\":\"https:\/\/www.merkley.senate.gov\/#website\",\"url\":\"https:\/\/www.merkley.senate.gov\/\",\"name\":\"Merkley\",\"description\":\"Merkley\",\"potentialAction\":[{\"@type\":\"SearchAction\",\"target\":{\"@type\":\"EntryPoint\",\"urlTemplate\":\"https:\/\/www.merkley.senate.gov\/?s={search_term_string}\"},\"query-input\":{\"@type\":\"PropertyValueSpecification\",\"valueRequired\":true,\"valueName\":\"search_term_string\"}}],\"inLanguage\":\"es-MX\"},{\"@type\":\"Person\",\"@id\":\"https:\/\/www.merkley.senate.gov\/#\/schema\/person\/e15f2e8886c734af764cdab4595a7aaa\",\"name\":\"Kate Bellino\",\"image\":{\"@type\":\"ImageObject\",\"inLanguage\":\"es-MX\",\"@id\":\"https:\/\/secure.gravatar.com\/avatar\/7f135e39b052d98587bc5ffd9395fb5180ce7ee493a57791dcbba2e26a3b44b4?s=96&d=mm&r=g\",\"url\":\"https:\/\/secure.gravatar.com\/avatar\/7f135e39b052d98587bc5ffd9395fb5180ce7ee493a57791dcbba2e26a3b44b4?s=96&d=mm&r=g\",\"contentUrl\":\"https:\/\/secure.gravatar.com\/avatar\/7f135e39b052d98587bc5ffd9395fb5180ce7ee493a57791dcbba2e26a3b44b4?s=96&d=mm&r=g\",\"caption\":\"Kate Bellino\"},\"url\":\"https:\/\/www.merkley.senate.gov\/es\/author\/kate-bellino\/\"}]}<\/script>\n<!-- \/ Yoast SEO plugin. -->","yoast_head_json":{"title":"Merkley Leads Effort to Reduce Wildfire Risk, Boost Economic Opportunities in Forest-Dependent Communities - Merkley","robots":{"index":"index","follow":"follow","max-snippet":"max-snippet:-1","max-image-preview":"max-image-preview:large","max-video-preview":"max-video-preview:-1"},"canonical":"https:\/\/www.merkley.senate.gov\/es\/merkley-leads-effort-to-reduce-wildfire-risk-boost-economic-opportunities-in-forest-dependent-communities\/","og_locale":"es_MX","og_type":"article","og_title":"Merkley Leads Effort to Reduce Wildfire Risk, Boost Economic Opportunities in Forest-Dependent Communities - Merkley","og_description":"Washington, D.C. \u2013 Today, Oregon\u2019s U.S. Senator Jeff Merkley led Senate colleagues in the introduction of the Wildfire Resilient Communities Act. In recent years, entire towns have been destroyed and thousands of Oregonians have experienced being forced to evacuate due to wildfires. These wildfires are happening earlier, more frequently, and with increasingly catastrophic intensity, producing [&hellip;]","og_url":"https:\/\/www.merkley.senate.gov\/es\/merkley-leads-effort-to-reduce-wildfire-risk-boost-economic-opportunities-in-forest-dependent-communities\/","og_site_name":"Merkley","article_published_time":"2023-09-07T18:19:52+00:00","article_modified_time":"2023-09-08T20:20:13+00:00","og_image":[{"width":680,"height":357,"url":"https:\/\/www.merkley.senate.gov\/wp-content\/uploads\/2023\/07\/Press-Release-Photo-2.jpeg","type":"image\/jpeg"}],"author":"Kate Bellino","twitter_card":"summary_large_image","twitter_misc":{"Written by":"Kate Bellino","Est. reading time":"2 minutes"},"schema":{"@context":"https:\/\/schema.org","@graph":[{"@type":"Article","@id":"https:\/\/www.merkley.senate.gov\/merkley-leads-effort-to-reduce-wildfire-risk-boost-economic-opportunities-in-forest-dependent-communities\/#article","isPartOf":{"@id":"https:\/\/www.merkley.senate.gov\/merkley-leads-effort-to-reduce-wildfire-risk-boost-economic-opportunities-in-forest-dependent-communities\/"},"author":{"name":"Kate Bellino","@id":"https:\/\/www.merkley.senate.gov\/#\/schema\/person\/e15f2e8886c734af764cdab4595a7aaa"},"headline":"Merkley Leads Effort to Reduce Wildfire Risk, Boost Economic Opportunities in Forest-Dependent Communities","datePublished":"2023-09-07T18:19:52+00:00","dateModified":"2023-09-08T20:20:13+00:00","mainEntityOfPage":{"@id":"https:\/\/www.merkley.senate.gov\/merkley-leads-effort-to-reduce-wildfire-risk-boost-economic-opportunities-in-forest-dependent-communities\/"},"wordCount":975,"image":{"@id":"https:\/\/www.merkley.senate.gov\/merkley-leads-effort-to-reduce-wildfire-risk-boost-economic-opportunities-in-forest-dependent-communities\/#primaryimage"},"thumbnailUrl":"https:\/\/www.merkley.senate.gov\/wp-content\/uploads\/2023\/07\/Press-Release-Photo-2.jpeg","keywords":["Delivering for Oregon","Responding to and Recovering from Wildfire and Drought"],"articleSection":["Press Releases"],"inLanguage":"es-MX"},{"@type":"WebPage","@id":"https:\/\/www.merkley.senate.gov\/merkley-leads-effort-to-reduce-wildfire-risk-boost-economic-opportunities-in-forest-dependent-communities\/","url":"https:\/\/www.merkley.senate.gov\/merkley-leads-effort-to-reduce-wildfire-risk-boost-economic-opportunities-in-forest-dependent-communities\/","name":"Merkley Leads Effort to Reduce Wildfire Risk, Boost Economic Opportunities in Forest-Dependent Communities - Merkley","isPartOf":{"@id":"https:\/\/www.merkley.senate.gov\/#website"},"primaryImageOfPage":{"@id":"https:\/\/www.merkley.senate.gov\/merkley-leads-effort-to-reduce-wildfire-risk-boost-economic-opportunities-in-forest-dependent-communities\/#primaryimage"},"image":{"@id":"https:\/\/www.merkley.senate.gov\/merkley-leads-effort-to-reduce-wildfire-risk-boost-economic-opportunities-in-forest-dependent-communities\/#primaryimage"},"thumbnailUrl":"https:\/\/www.merkley.senate.gov\/wp-content\/uploads\/2023\/07\/Press-Release-Photo-2.jpeg","datePublished":"2023-09-07T18:19:52+00:00","dateModified":"2023-09-08T20:20:13+00:00","author":{"@id":"https:\/\/www.merkley.senate.gov\/#\/schema\/person\/e15f2e8886c734af764cdab4595a7aaa"},"breadcrumb":{"@id":"https:\/\/www.merkley.senate.gov\/merkley-leads-effort-to-reduce-wildfire-risk-boost-economic-opportunities-in-forest-dependent-communities\/#breadcrumb"},"inLanguage":"es-MX","potentialAction":[{"@type":"ReadAction","target":["https:\/\/www.merkley.senate.gov\/merkley-leads-effort-to-reduce-wildfire-risk-boost-economic-opportunities-in-forest-dependent-communities\/"]}]},{"@type":"ImageObject","inLanguage":"es-MX","@id":"https:\/\/www.merkley.senate.gov\/merkley-leads-effort-to-reduce-wildfire-risk-boost-economic-opportunities-in-forest-dependent-communities\/#primaryimage","url":"https:\/\/www.merkley.senate.gov\/wp-content\/uploads\/2023\/07\/Press-Release-Photo-2.jpeg","contentUrl":"https:\/\/www.merkley.senate.gov\/wp-content\/uploads\/2023\/07\/Press-Release-Photo-2.jpeg","width":680,"height":357,"caption":"Senator Jeff Merkley speaking at a hearing."},{"@type":"BreadcrumbList","@id":"https:\/\/www.merkley.senate.gov\/merkley-leads-effort-to-reduce-wildfire-risk-boost-economic-opportunities-in-forest-dependent-communities\/#breadcrumb","itemListElement":[{"@type":"ListItem","position":1,"name":"Home","item":"https:\/\/www.merkley.senate.gov\/"},{"@type":"ListItem","position":2,"name":"Merkley Leads Effort to Reduce Wildfire Risk, Boost Economic Opportunities in Forest-Dependent Communities"}]},{"@type":"WebSite","@id":"https:\/\/www.merkley.senate.gov\/#website","url":"https:\/\/www.merkley.senate.gov\/","name":"merkley","description":"merkley","potentialAction":[{"@type":"SearchAction","target":{"@type":"EntryPoint","urlTemplate":"https:\/\/www.merkley.senate.gov\/?s={search_term_string}"},"query-input":{"@type":"PropertyValueSpecification","valueRequired":true,"valueName":"search_term_string"}}],"inLanguage":"es-MX"},{"@type":"Person","@id":"https:\/\/www.merkley.senate.gov\/#\/schema\/person\/e15f2e8886c734af764cdab4595a7aaa","name":"Kate Bellino","image":{"@type":"ImageObject","inLanguage":"es-MX","@id":"https:\/\/secure.gravatar.com\/avatar\/7f135e39b052d98587bc5ffd9395fb5180ce7ee493a57791dcbba2e26a3b44b4?s=96&d=mm&r=g","url":"https:\/\/secure.gravatar.com\/avatar\/7f135e39b052d98587bc5ffd9395fb5180ce7ee493a57791dcbba2e26a3b44b4?s=96&d=mm&r=g","contentUrl":"https:\/\/secure.gravatar.com\/avatar\/7f135e39b052d98587bc5ffd9395fb5180ce7ee493a57791dcbba2e26a3b44b4?s=96&d=mm&r=g","caption":"Kate Bellino"},"url":"https:\/\/www.merkley.senate.gov\/es\/author\/kate-bellino\/"}]}},"_links":{"self":[{"href":"https:\/\/www.merkley.senate.gov\/es\/wp-json\/wp\/v2\/posts\/17665","targetHints":{"allow":["GET"]}}],"collection":[{"href":"https:\/\/www.merkley.senate.gov\/es\/wp-json\/wp\/v2\/posts"}],"about":[{"href":"https:\/\/www.merkley.senate.gov\/es\/wp-json\/wp\/v2\/types\/post"}],"author":[{"embeddable":true,"href":"https:\/\/www.merkley.senate.gov\/es\/wp-json\/wp\/v2\/users\/11"}],"replies":[{"embeddable":true,"href":"https:\/\/www.merkley.senate.gov\/es\/wp-json\/wp\/v2\/comments?post=17665"}],"version-history":[{"count":2,"href":"https:\/\/www.merkley.senate.gov\/es\/wp-json\/wp\/v2\/posts\/17665\/revisions"}],"predecessor-version":[{"id":17707,"href":"https:\/\/www.merkley.senate.gov\/es\/wp-json\/wp\/v2\/posts\/17665\/revisions\/17707"}],"wp:featuredmedia":[{"embeddable":true,"href":"https:\/\/www.merkley.senate.gov\/es\/wp-json\/wp\/v2\/media\/17053"}],"wp:attachment":[{"href":"https:\/\/www.merkley.senate.gov\/es\/wp-json\/wp\/v2\/media?parent=17665"}],"wp:term":[{"taxonomy":"category","embeddable":true,"href":"https:\/\/www.merkley.senate.gov\/es\/wp-json\/wp\/v2\/categories?post=17665"},{"taxonomy":"post_tag","embeddable":true,"href":"https:\/\/www.merkley.senate.gov\/es\/wp-json\/wp\/v2\/tags?post=17665"}],"curies":[{"name":"wp","href":"https:\/\/api.w.org\/{rel}","templated":true}]}}