{"id":1775,"date":"2023-01-12T16:30:00","date_gmt":"2023-01-12T21:30:00","guid":{"rendered":"https:\/\/www.merkley.senate.gov\/wyden-merkley-push-to-include-12-weeks-of-national-paid-family-and-medical-leave-in-president-bidens-budget\/"},"modified":"2023-08-28T15:19:56","modified_gmt":"2023-08-28T19:19:56","slug":"wyden-merkley-push-to-include-12-weeks-of-national-paid-family-and-medical-leave-in-president-bidens-budget","status":"publish","type":"post","link":"https:\/\/www.merkley.senate.gov\/es\/wyden-merkley-push-to-include-12-weeks-of-national-paid-family-and-medical-leave-in-president-bidens-budget\/","title":{"rendered":"Wyden y Merkley presionan para incluir 12 semanas de licencia nacional familiar y m\u00e9dica pagada en el presupuesto del presidente Biden"},"content":{"rendered":"<p class=\"wordsection1\"><b><i><span>Washington DC<\/span><\/i><\/b><span>&nbsp;\u2013 Los senadores estadounidenses Ron Wyden y Jeff Merkley se unieron hoy a sus colegas para instar a la administraci\u00f3n Biden a impulsar un programa nacional de licencia familiar y m\u00e9dica remunerada en el presupuesto del a\u00f1o fiscal 2024.<\/span><\/p>\n<blockquote>\n<p class=\"wordsection1\"><b><span>\u201cAgradecemos al presidente Biden por su compromiso de ampliar las licencias remuneradas e instamos a que la solicitud de presupuesto de la administraci\u00f3n para el a\u00f1o fiscal 24 refleje significativamente ese compromiso. Estados Unidos es la \u00fanica naci\u00f3n industrializada del mundo que no garantiza a los trabajadores licencia remunerada, aunque casi todos los trabajadores necesitar\u00e1n ausentarse del trabajo en alg\u00fan momento para tratar una enfermedad grave o cuidar a un nuevo hijo\u201d.<\/span><\/b><span> Wyden, Merkley y los senadores escribieron a la directora de la Oficina de Gesti\u00f3n y Presupuesto, Shalanda Young. <b>\u201cEs de suma importancia que invirtamos en los trabajadores y las familias de nuestra naci\u00f3n a trav\u00e9s de programas de licencia familiar y m\u00e9dica remunerada para brindar la tan necesaria seguridad financiera, ahorros de costos para las empresas, reducciones en los gastos de asistencia p\u00fablica del gobierno y estimulaci\u00f3n de las econom\u00edas locales. Esperamos trabajar juntos en este importante tema para promover el bienestar financiero de las familias trabajadoras y la vitalidad de la econom\u00eda\u201d.<\/b><\/span><\/p>\n<\/blockquote>\n<p class=\"wordsection1\"><span>En la carta, los senadores piden la inclusi\u00f3n de gastos obligatorios durante 10 a\u00f1os para garantizar hasta 12 semanas de licencia parental remunerada, cuidado familiar y licencia m\u00e9dica personal a todos los trabajadores en Oreg\u00f3n y en todo el pa\u00eds.<\/span><\/p>\n<p class=\"wordsection1\"><span><\/span><\/p>\n<p class=\"wordsection1\"><span>La carta fue encabezada por la senadora estadounidense Kirsten Gillibrand, DN.Y. Adem\u00e1s de Wyden y Merkley, a la carta se unieron los senadores estadounidenses Tammy Baldwin, dem\u00f3crata por Wisconsin, Richard Blumenthal, dem\u00f3crata por Connecticut, Cory Booker, DN.J., Sherrod Brown, dem\u00f3crata por Ohio, Bob Casey, dem\u00f3crata por Pensilvania. , Tammy Duckworth, dem\u00f3crata por Illinois, Mazie Hirono, dem\u00f3crata por Hawaii, Ed Markey, dem\u00f3crata por Massachusetts, Alex Padilla, dem\u00f3crata por California, Bernie Sanders, I-Vt., Chris Van Hollen, dem\u00f3crata por Maryland, Elizabeth Warren, dem\u00f3crata de Massachusetts y Sheldon Whitehouse, DR.I.<\/span><\/p>\n<p class=\"wordsection1\"><span>La carta completa es <a href=\"https:\/\/www.gillibrand.senate.gov\/imo\/media\/doc\/FINAL%20Letter%20to%20OMB%20re%20FY24%20Paid%20Leave%20Request.pdf\">aqu\u00ed<\/a>.<\/span><\/p>\n<p class=\"wordsection1\"><span>Una versi\u00f3n web de este comunicado es <a href=\"https:\/\/www.wyden.senate.gov\/news\/press-releases\/wyden-merkley-push-to-include-12-weeks-of-national-paid-family-and-medical-leave-in-president-bidens-budget\">aqu\u00ed<\/a>.<\/span><\/p>\n<p class=\"wordsection1\"><span>&nbsp;<\/span><\/p>\n<p class=\"wordsection1\" align=\"center\"><span>###<\/span><\/p>","protected":false},"excerpt":{"rendered":"<p>Washington, D.C.&nbsp;&ndash; U.S. Senators Ron Wyden and Jeff Merkley today joined colleagues in urging the Biden administration to advance a national paid family and medical leave program in the FY2024 budget. &ldquo;We thank President Biden for his commitment to expanding paid leave and urge that the administration&rsquo;s FY24 budget request meaningfully reflect that commitment. The [&hellip;]<\/p>\n","protected":false},"author":2,"featured_media":0,"comment_status":"closed","ping_status":"closed","sticky":false,"template":"","format":"standard","meta":{"_acf_changed":false,"inline_featured_image":false,"footnotes":""},"categories":[24],"tags":[125,118,126],"class_list":["post-1775","post","type-post","status-publish","format-standard","hentry","category-press-releases","tag-accessible-health-care-for-all","tag-delivering-for-oregon","tag-support-for-living-wage-jobs"],"acf":[],"yoast_head":"<!-- This site is optimized with the Yoast SEO plugin v27.2 - https:\/\/yoast.com\/product\/yoast-seo-wordpress\/ -->\n<title>Wyden, Merkley Push to Include 12 Weeks of National Paid Family and Medical Leave in President Biden\u2019s Budget - Merkley<\/title>\n<meta name=\"robots\" content=\"index, follow, max-snippet:-1, max-image-preview:large, max-video-preview:-1\" \/>\n<link rel=\"canonical\" href=\"https:\/\/www.merkley.senate.gov\/es\/wyden-merkley-push-to-include-12-weeks-of-national-paid-family-and-medical-leave-in-president-bidens-budget\/\" \/>\n<meta property=\"og:locale\" content=\"es_MX\" \/>\n<meta property=\"og:type\" content=\"article\" \/>\n<meta property=\"og:title\" content=\"Wyden, Merkley Push to Include 12 Weeks of National Paid Family and Medical Leave in President Biden\u2019s Budget - Merkley\" \/>\n<meta property=\"og:description\" content=\"Washington, D.C.&nbsp;&ndash; U.S. Senators Ron Wyden and Jeff Merkley today joined colleagues in urging the Biden administration to advance a national paid family and medical leave program in the FY2024 budget. &ldquo;We thank President Biden for his commitment to expanding paid leave and urge that the administration&rsquo;s FY24 budget request meaningfully reflect that commitment. The [&hellip;]\" \/>\n<meta property=\"og:url\" content=\"https:\/\/www.merkley.senate.gov\/es\/wyden-merkley-push-to-include-12-weeks-of-national-paid-family-and-medical-leave-in-president-bidens-budget\/\" \/>\n<meta property=\"og:site_name\" content=\"Merkley\" \/>\n<meta property=\"article:published_time\" content=\"2023-01-12T21:30:00+00:00\" \/>\n<meta property=\"article:modified_time\" content=\"2023-08-28T19:19:56+00:00\" \/>\n<meta name=\"twitter:card\" content=\"summary_large_image\" \/>\n<meta name=\"twitter:label1\" content=\"Written by\" \/>\n\t<meta name=\"twitter:data1\" content=\"\" \/>\n\t<meta name=\"twitter:label2\" content=\"Est. reading time\" \/>\n\t<meta name=\"twitter:data2\" content=\"2 minutes\" \/>\n<script type=\"application\/ld+json\" class=\"yoast-schema-graph\">{\"@context\":\"https:\/\/schema.org\",\"@graph\":[{\"@type\":\"Article\",\"@id\":\"https:\/\/www.merkley.senate.gov\/wyden-merkley-push-to-include-12-weeks-of-national-paid-family-and-medical-leave-in-president-bidens-budget\/#article\",\"isPartOf\":{\"@id\":\"https:\/\/www.merkley.senate.gov\/wyden-merkley-push-to-include-12-weeks-of-national-paid-family-and-medical-leave-in-president-bidens-budget\/\"},\"author\":{\"name\":\"\",\"@id\":\"\"},\"headline\":\"Wyden, Merkley Push to Include 12 Weeks of National Paid Family and Medical Leave in President Biden\u2019s Budget\",\"datePublished\":\"2023-01-12T21:30:00+00:00\",\"dateModified\":\"2023-08-28T19:19:56+00:00\",\"mainEntityOfPage\":{\"@id\":\"https:\/\/www.merkley.senate.gov\/wyden-merkley-push-to-include-12-weeks-of-national-paid-family-and-medical-leave-in-president-bidens-budget\/\"},\"wordCount\":328,\"keywords\":[\"Accessible Health Care for All\",\"Delivering for Oregon\",\"Support for Living Wage Jobs\"],\"articleSection\":[\"Press Releases\"],\"inLanguage\":\"es-MX\"},{\"@type\":\"WebPage\",\"@id\":\"https:\/\/www.merkley.senate.gov\/wyden-merkley-push-to-include-12-weeks-of-national-paid-family-and-medical-leave-in-president-bidens-budget\/\",\"url\":\"https:\/\/www.merkley.senate.gov\/wyden-merkley-push-to-include-12-weeks-of-national-paid-family-and-medical-leave-in-president-bidens-budget\/\",\"name\":\"Wyden, Merkley Push to Include 12 Weeks of National Paid Family and Medical Leave in President Biden\u2019s Budget - Merkley\",\"isPartOf\":{\"@id\":\"https:\/\/www.merkley.senate.gov\/#website\"},\"datePublished\":\"2023-01-12T21:30:00+00:00\",\"dateModified\":\"2023-08-28T19:19:56+00:00\",\"author\":{\"@id\":\"\"},\"breadcrumb\":{\"@id\":\"https:\/\/www.merkley.senate.gov\/wyden-merkley-push-to-include-12-weeks-of-national-paid-family-and-medical-leave-in-president-bidens-budget\/#breadcrumb\"},\"inLanguage\":\"es-MX\",\"potentialAction\":[{\"@type\":\"ReadAction\",\"target\":[\"https:\/\/www.merkley.senate.gov\/wyden-merkley-push-to-include-12-weeks-of-national-paid-family-and-medical-leave-in-president-bidens-budget\/\"]}]},{\"@type\":\"BreadcrumbList\",\"@id\":\"https:\/\/www.merkley.senate.gov\/wyden-merkley-push-to-include-12-weeks-of-national-paid-family-and-medical-leave-in-president-bidens-budget\/#breadcrumb\",\"itemListElement\":[{\"@type\":\"ListItem\",\"position\":1,\"name\":\"Home\",\"item\":\"https:\/\/www.merkley.senate.gov\/\"},{\"@type\":\"ListItem\",\"position\":2,\"name\":\"Wyden, Merkley Push to Include 12 Weeks of National Paid Family and Medical Leave in President Biden\u2019s Budget\"}]},{\"@type\":\"WebSite\",\"@id\":\"https:\/\/www.merkley.senate.gov\/#website\",\"url\":\"https:\/\/www.merkley.senate.gov\/\",\"name\":\"Merkley\",\"description\":\"Merkley\",\"potentialAction\":[{\"@type\":\"SearchAction\",\"target\":{\"@type\":\"EntryPoint\",\"urlTemplate\":\"https:\/\/www.merkley.senate.gov\/?s={search_term_string}\"},\"query-input\":{\"@type\":\"PropertyValueSpecification\",\"valueRequired\":true,\"valueName\":\"search_term_string\"}}],\"inLanguage\":\"es-MX\"},{\"@type\":\"Person\",\"@id\":\"\",\"url\":\"https:\/\/www.merkley.senate.gov\/es\/author\/\"}]}<\/script>\n<!-- \/ Yoast SEO plugin. -->","yoast_head_json":{"title":"Wyden, Merkley Push to Include 12 Weeks of National Paid Family and Medical Leave in President Biden\u2019s Budget - Merkley","robots":{"index":"index","follow":"follow","max-snippet":"max-snippet:-1","max-image-preview":"max-image-preview:large","max-video-preview":"max-video-preview:-1"},"canonical":"https:\/\/www.merkley.senate.gov\/es\/wyden-merkley-push-to-include-12-weeks-of-national-paid-family-and-medical-leave-in-president-bidens-budget\/","og_locale":"es_MX","og_type":"article","og_title":"Wyden, Merkley Push to Include 12 Weeks of National Paid Family and Medical Leave in President Biden\u2019s Budget - Merkley","og_description":"Washington, D.C.&nbsp;&ndash; U.S. Senators Ron Wyden and Jeff Merkley today joined colleagues in urging the Biden administration to advance a national paid family and medical leave program in the FY2024 budget. &ldquo;We thank President Biden for his commitment to expanding paid leave and urge that the administration&rsquo;s FY24 budget request meaningfully reflect that commitment. The [&hellip;]","og_url":"https:\/\/www.merkley.senate.gov\/es\/wyden-merkley-push-to-include-12-weeks-of-national-paid-family-and-medical-leave-in-president-bidens-budget\/","og_site_name":"Merkley","article_published_time":"2023-01-12T21:30:00+00:00","article_modified_time":"2023-08-28T19:19:56+00:00","twitter_card":"summary_large_image","twitter_misc":{"Written by":"","Est. reading time":"2 minutes"},"schema":{"@context":"https:\/\/schema.org","@graph":[{"@type":"Article","@id":"https:\/\/www.merkley.senate.gov\/wyden-merkley-push-to-include-12-weeks-of-national-paid-family-and-medical-leave-in-president-bidens-budget\/#article","isPartOf":{"@id":"https:\/\/www.merkley.senate.gov\/wyden-merkley-push-to-include-12-weeks-of-national-paid-family-and-medical-leave-in-president-bidens-budget\/"},"author":{"name":"","@id":""},"headline":"Wyden, Merkley Push to Include 12 Weeks of National Paid Family and Medical Leave in President Biden\u2019s Budget","datePublished":"2023-01-12T21:30:00+00:00","dateModified":"2023-08-28T19:19:56+00:00","mainEntityOfPage":{"@id":"https:\/\/www.merkley.senate.gov\/wyden-merkley-push-to-include-12-weeks-of-national-paid-family-and-medical-leave-in-president-bidens-budget\/"},"wordCount":328,"keywords":["Accessible Health Care for All","Delivering for Oregon","Support for Living Wage Jobs"],"articleSection":["Press Releases"],"inLanguage":"es-MX"},{"@type":"WebPage","@id":"https:\/\/www.merkley.senate.gov\/wyden-merkley-push-to-include-12-weeks-of-national-paid-family-and-medical-leave-in-president-bidens-budget\/","url":"https:\/\/www.merkley.senate.gov\/wyden-merkley-push-to-include-12-weeks-of-national-paid-family-and-medical-leave-in-president-bidens-budget\/","name":"Wyden, Merkley Push to Include 12 Weeks of National Paid Family and Medical Leave in President Biden\u2019s Budget - Merkley","isPartOf":{"@id":"https:\/\/www.merkley.senate.gov\/#website"},"datePublished":"2023-01-12T21:30:00+00:00","dateModified":"2023-08-28T19:19:56+00:00","author":{"@id":""},"breadcrumb":{"@id":"https:\/\/www.merkley.senate.gov\/wyden-merkley-push-to-include-12-weeks-of-national-paid-family-and-medical-leave-in-president-bidens-budget\/#breadcrumb"},"inLanguage":"es-MX","potentialAction":[{"@type":"ReadAction","target":["https:\/\/www.merkley.senate.gov\/wyden-merkley-push-to-include-12-weeks-of-national-paid-family-and-medical-leave-in-president-bidens-budget\/"]}]},{"@type":"BreadcrumbList","@id":"https:\/\/www.merkley.senate.gov\/wyden-merkley-push-to-include-12-weeks-of-national-paid-family-and-medical-leave-in-president-bidens-budget\/#breadcrumb","itemListElement":[{"@type":"ListItem","position":1,"name":"Home","item":"https:\/\/www.merkley.senate.gov\/"},{"@type":"ListItem","position":2,"name":"Wyden, Merkley Push to Include 12 Weeks of National Paid Family and Medical Leave in President Biden\u2019s Budget"}]},{"@type":"WebSite","@id":"https:\/\/www.merkley.senate.gov\/#website","url":"https:\/\/www.merkley.senate.gov\/","name":"merkley","description":"merkley","potentialAction":[{"@type":"SearchAction","target":{"@type":"EntryPoint","urlTemplate":"https:\/\/www.merkley.senate.gov\/?s={search_term_string}"},"query-input":{"@type":"PropertyValueSpecification","valueRequired":true,"valueName":"search_term_string"}}],"inLanguage":"es-MX"},{"@type":"Person","@id":"","url":"https:\/\/www.merkley.senate.gov\/es\/author\/"}]}},"_links":{"self":[{"href":"https:\/\/www.merkley.senate.gov\/es\/wp-json\/wp\/v2\/posts\/1775","targetHints":{"allow":["GET"]}}],"collection":[{"href":"https:\/\/www.merkley.senate.gov\/es\/wp-json\/wp\/v2\/posts"}],"about":[{"href":"https:\/\/www.merkley.senate.gov\/es\/wp-json\/wp\/v2\/types\/post"}],"author":[{"embeddable":true,"href":"https:\/\/www.merkley.senate.gov\/es\/wp-json\/wp\/v2\/users\/2"}],"replies":[{"embeddable":true,"href":"https:\/\/www.merkley.senate.gov\/es\/wp-json\/wp\/v2\/comments?post=1775"}],"version-history":[{"count":1,"href":"https:\/\/www.merkley.senate.gov\/es\/wp-json\/wp\/v2\/posts\/1775\/revisions"}],"predecessor-version":[{"id":11150,"href":"https:\/\/www.merkley.senate.gov\/es\/wp-json\/wp\/v2\/posts\/1775\/revisions\/11150"}],"wp:attachment":[{"href":"https:\/\/www.merkley.senate.gov\/es\/wp-json\/wp\/v2\/media?parent=1775"}],"wp:term":[{"taxonomy":"category","embeddable":true,"href":"https:\/\/www.merkley.senate.gov\/es\/wp-json\/wp\/v2\/categories?post=1775"},{"taxonomy":"post_tag","embeddable":true,"href":"https:\/\/www.merkley.senate.gov\/es\/wp-json\/wp\/v2\/tags?post=1775"}],"curies":[{"name":"wp","href":"https:\/\/api.w.org\/{rel}","templated":true}]}}