{"id":17764,"date":"2023-09-19T14:04:17","date_gmt":"2023-09-19T18:04:17","guid":{"rendered":"https:\/\/www.merkley.senate.gov\/?p=17764"},"modified":"2023-09-25T15:40:25","modified_gmt":"2023-09-25T19:40:25","slug":"merkley-joins-colleagues-in-introducing-bill-to-create-african-diaspora-heritage-month","status":"publish","type":"post","link":"https:\/\/www.merkley.senate.gov\/es\/merkley-joins-colleagues-in-introducing-bill-to-create-african-diaspora-heritage-month\/","title":{"rendered":"Merkley se une a sus colegas para presentar un proyecto de ley para crear el Mes de la Herencia de la Di\u00e1spora Africana"},"content":{"rendered":"<p>Washington, DC \u2013 El senador estadounidense de Oreg\u00f3n, Jeff Merkley, miembro del Comit\u00e9 de Relaciones Exteriores del Senado, se uni\u00f3 a su colega miembro del comit\u00e9, el senador Tim Kaine (D-VA), en la presentaci\u00f3n de un proyecto de ley que autoriza la designaci\u00f3n formal de un Mes Nacional de la Herencia de la Di\u00e1spora Africana. La legislaci\u00f3n consolidar\u00eda esta celebraci\u00f3n al reconocer y reafirmar las importantes contribuciones de la di\u00e1spora africana a los Estados Unidos.<\/p>\n\n\n\n<blockquote class=\"wp-block-quote is-layout-flow wp-block-quote-is-layout-flow\">\n<p>&quot;Oreg\u00f3n, y nuestro pa\u00eds, es m\u00e1s fuerte debido a las diversas culturas, tradiciones y contribuciones econ\u00f3micas que benefician a nuestra sociedad desde nuestras numerosas comunidades de di\u00e1spora&quot;. <strong>dijo el senador Merkley.<\/strong>&nbsp;&quot;Ya es hora de que celebremos oficialmente la diversa di\u00e1spora africana y reconozcamos las abundantes contribuciones que estas comunidades comparten con todos nosotros aqu\u00ed en Oreg\u00f3n y en todo el pa\u00eds&quot;.<\/p>\n<\/blockquote>\n\n\n\n<p>La di\u00e1spora africana en Oreg\u00f3n es rica en diversidad, con m\u00e1s de 28 pa\u00edses africanos diferentes y m\u00faltiples grupos \u00e9tnicos representados en todo el estado.<\/p>\n\n\n\n<p>Adem\u00e1s de Merkley y Kaine, este proyecto de ley tambi\u00e9n est\u00e1 copatrocinado por los senadores Mark R. Warner (D-VA), Cory Booker (D-NJ), Chris Coons (D-DE), Alex Padilla (D-CA), Ben Cardin. (D-MD) y Chris Van Hollen (D-MD).<\/p>\n\n\n\n<p>El texto de la factura se puede encontrar <a href=\"https:\/\/www.merkley.senate.gov\/wp-content\/uploads\/2023\/09\/african_diaspora_heritage_month_bill_text.pdf\" target=\"_blank\" rel=\"noreferrer noopener\">aqu\u00ed<\/a>.<\/p>\n\n\n\n<p class=\"has-text-align-center\">###<\/p>","protected":false},"excerpt":{"rendered":"<p>Washington, D.C. \u2013 Oregon\u2019s U.S. Senator Jeff Merkley, a member of the Senate Foreign Relations Committee, joined fellow committee member, Senator Tim Kaine (D-VA) in the introduction of a bill authorizing the formal designation of a&nbsp;national&nbsp;African Diaspora Heritage Month. The&nbsp;legislation would cement this celebration by recognizing and reaffirming the significant contributions of the African diaspora [&hellip;]<\/p>\n","protected":false},"author":11,"featured_media":17051,"comment_status":"closed","ping_status":"closed","sticky":false,"template":"","format":"standard","meta":{"_acf_changed":false,"inline_featured_image":false,"footnotes":""},"categories":[24],"tags":[38],"class_list":["post-17764","post","type-post","status-publish","format-standard","has-post-thumbnail","hentry","category-press-releases","tag-foreign-policy-and-national-security"],"acf":[],"yoast_head":"<!-- This site is optimized with the Yoast SEO plugin v27.2 - https:\/\/yoast.com\/product\/yoast-seo-wordpress\/ -->\n<title>Merkley Joins Colleagues in Introducing Bill to Create African Diaspora Heritage Month - Merkley<\/title>\n<meta name=\"robots\" content=\"index, follow, max-snippet:-1, max-image-preview:large, max-video-preview:-1\" \/>\n<link rel=\"canonical\" href=\"https:\/\/www.merkley.senate.gov\/es\/merkley-joins-colleagues-in-introducing-bill-to-create-african-diaspora-heritage-month\/\" \/>\n<meta property=\"og:locale\" content=\"es_MX\" \/>\n<meta property=\"og:type\" content=\"article\" \/>\n<meta property=\"og:title\" content=\"Merkley Joins Colleagues in Introducing Bill to Create African Diaspora Heritage Month - Merkley\" \/>\n<meta property=\"og:description\" content=\"Washington, D.C. \u2013 Oregon\u2019s U.S. Senator Jeff Merkley, a member of the Senate Foreign Relations Committee, joined fellow committee member, Senator Tim Kaine (D-VA) in the introduction of a bill authorizing the formal designation of a&nbsp;national&nbsp;African Diaspora Heritage Month. The&nbsp;legislation would cement this celebration by recognizing and reaffirming the significant contributions of the African diaspora [&hellip;]\" \/>\n<meta property=\"og:url\" content=\"https:\/\/www.merkley.senate.gov\/es\/merkley-joins-colleagues-in-introducing-bill-to-create-african-diaspora-heritage-month\/\" \/>\n<meta property=\"og:site_name\" content=\"Merkley\" \/>\n<meta property=\"article:published_time\" content=\"2023-09-19T18:04:17+00:00\" \/>\n<meta property=\"article:modified_time\" content=\"2023-09-25T19:40:25+00:00\" \/>\n<meta property=\"og:image\" content=\"https:\/\/www.merkley.senate.gov\/wp-content\/uploads\/2023\/07\/Press-Release-Photo-1.jpeg\" \/>\n\t<meta property=\"og:image:width\" content=\"680\" \/>\n\t<meta property=\"og:image:height\" content=\"357\" \/>\n\t<meta property=\"og:image:type\" content=\"image\/jpeg\" \/>\n<meta name=\"author\" content=\"Kate Bellino\" \/>\n<meta name=\"twitter:card\" content=\"summary_large_image\" \/>\n<meta name=\"twitter:label1\" content=\"Written by\" \/>\n\t<meta name=\"twitter:data1\" content=\"Kate Bellino\" \/>\n\t<meta name=\"twitter:label2\" content=\"Est. reading time\" \/>\n\t<meta name=\"twitter:data2\" content=\"1 minute\" \/>\n<script type=\"application\/ld+json\" class=\"yoast-schema-graph\">{\"@context\":\"https:\/\/schema.org\",\"@graph\":[{\"@type\":\"Article\",\"@id\":\"https:\/\/www.merkley.senate.gov\/merkley-joins-colleagues-in-introducing-bill-to-create-african-diaspora-heritage-month\/#article\",\"isPartOf\":{\"@id\":\"https:\/\/www.merkley.senate.gov\/merkley-joins-colleagues-in-introducing-bill-to-create-african-diaspora-heritage-month\/\"},\"author\":{\"name\":\"Kate Bellino\",\"@id\":\"https:\/\/www.merkley.senate.gov\/#\/schema\/person\/e15f2e8886c734af764cdab4595a7aaa\"},\"headline\":\"Merkley Joins Colleagues in Introducing Bill to Create African Diaspora Heritage Month\",\"datePublished\":\"2023-09-19T18:04:17+00:00\",\"dateModified\":\"2023-09-25T19:40:25+00:00\",\"mainEntityOfPage\":{\"@id\":\"https:\/\/www.merkley.senate.gov\/merkley-joins-colleagues-in-introducing-bill-to-create-african-diaspora-heritage-month\/\"},\"wordCount\":199,\"image\":{\"@id\":\"https:\/\/www.merkley.senate.gov\/merkley-joins-colleagues-in-introducing-bill-to-create-african-diaspora-heritage-month\/#primaryimage\"},\"thumbnailUrl\":\"https:\/\/www.merkley.senate.gov\/wp-content\/uploads\/2023\/07\/Press-Release-Photo-1.jpeg\",\"keywords\":[\"Foreign Policy and National Security\"],\"articleSection\":[\"Press Releases\"],\"inLanguage\":\"es-MX\"},{\"@type\":\"WebPage\",\"@id\":\"https:\/\/www.merkley.senate.gov\/merkley-joins-colleagues-in-introducing-bill-to-create-african-diaspora-heritage-month\/\",\"url\":\"https:\/\/www.merkley.senate.gov\/merkley-joins-colleagues-in-introducing-bill-to-create-african-diaspora-heritage-month\/\",\"name\":\"Merkley Joins Colleagues in Introducing Bill to Create African Diaspora Heritage Month - Merkley\",\"isPartOf\":{\"@id\":\"https:\/\/www.merkley.senate.gov\/#website\"},\"primaryImageOfPage\":{\"@id\":\"https:\/\/www.merkley.senate.gov\/merkley-joins-colleagues-in-introducing-bill-to-create-african-diaspora-heritage-month\/#primaryimage\"},\"image\":{\"@id\":\"https:\/\/www.merkley.senate.gov\/merkley-joins-colleagues-in-introducing-bill-to-create-african-diaspora-heritage-month\/#primaryimage\"},\"thumbnailUrl\":\"https:\/\/www.merkley.senate.gov\/wp-content\/uploads\/2023\/07\/Press-Release-Photo-1.jpeg\",\"datePublished\":\"2023-09-19T18:04:17+00:00\",\"dateModified\":\"2023-09-25T19:40:25+00:00\",\"author\":{\"@id\":\"https:\/\/www.merkley.senate.gov\/#\/schema\/person\/e15f2e8886c734af764cdab4595a7aaa\"},\"breadcrumb\":{\"@id\":\"https:\/\/www.merkley.senate.gov\/merkley-joins-colleagues-in-introducing-bill-to-create-african-diaspora-heritage-month\/#breadcrumb\"},\"inLanguage\":\"es-MX\",\"potentialAction\":[{\"@type\":\"ReadAction\",\"target\":[\"https:\/\/www.merkley.senate.gov\/merkley-joins-colleagues-in-introducing-bill-to-create-african-diaspora-heritage-month\/\"]}]},{\"@type\":\"ImageObject\",\"inLanguage\":\"es-MX\",\"@id\":\"https:\/\/www.merkley.senate.gov\/merkley-joins-colleagues-in-introducing-bill-to-create-african-diaspora-heritage-month\/#primaryimage\",\"url\":\"https:\/\/www.merkley.senate.gov\/wp-content\/uploads\/2023\/07\/Press-Release-Photo-1.jpeg\",\"contentUrl\":\"https:\/\/www.merkley.senate.gov\/wp-content\/uploads\/2023\/07\/Press-Release-Photo-1.jpeg\",\"width\":680,\"height\":357,\"caption\":\"Senator Merkley stands in front of two American flags.\"},{\"@type\":\"BreadcrumbList\",\"@id\":\"https:\/\/www.merkley.senate.gov\/merkley-joins-colleagues-in-introducing-bill-to-create-african-diaspora-heritage-month\/#breadcrumb\",\"itemListElement\":[{\"@type\":\"ListItem\",\"position\":1,\"name\":\"Home\",\"item\":\"https:\/\/www.merkley.senate.gov\/\"},{\"@type\":\"ListItem\",\"position\":2,\"name\":\"Merkley Joins Colleagues in Introducing Bill to Create African Diaspora Heritage Month\"}]},{\"@type\":\"WebSite\",\"@id\":\"https:\/\/www.merkley.senate.gov\/#website\",\"url\":\"https:\/\/www.merkley.senate.gov\/\",\"name\":\"Merkley\",\"description\":\"Merkley\",\"potentialAction\":[{\"@type\":\"SearchAction\",\"target\":{\"@type\":\"EntryPoint\",\"urlTemplate\":\"https:\/\/www.merkley.senate.gov\/?s={search_term_string}\"},\"query-input\":{\"@type\":\"PropertyValueSpecification\",\"valueRequired\":true,\"valueName\":\"search_term_string\"}}],\"inLanguage\":\"es-MX\"},{\"@type\":\"Person\",\"@id\":\"https:\/\/www.merkley.senate.gov\/#\/schema\/person\/e15f2e8886c734af764cdab4595a7aaa\",\"name\":\"Kate Bellino\",\"image\":{\"@type\":\"ImageObject\",\"inLanguage\":\"es-MX\",\"@id\":\"https:\/\/secure.gravatar.com\/avatar\/7f135e39b052d98587bc5ffd9395fb5180ce7ee493a57791dcbba2e26a3b44b4?s=96&d=mm&r=g\",\"url\":\"https:\/\/secure.gravatar.com\/avatar\/7f135e39b052d98587bc5ffd9395fb5180ce7ee493a57791dcbba2e26a3b44b4?s=96&d=mm&r=g\",\"contentUrl\":\"https:\/\/secure.gravatar.com\/avatar\/7f135e39b052d98587bc5ffd9395fb5180ce7ee493a57791dcbba2e26a3b44b4?s=96&d=mm&r=g\",\"caption\":\"Kate Bellino\"},\"url\":\"https:\/\/www.merkley.senate.gov\/es\/author\/kate-bellino\/\"}]}<\/script>\n<!-- \/ Yoast SEO plugin. -->","yoast_head_json":{"title":"Merkley Joins Colleagues in Introducing Bill to Create African Diaspora Heritage Month - Merkley","robots":{"index":"index","follow":"follow","max-snippet":"max-snippet:-1","max-image-preview":"max-image-preview:large","max-video-preview":"max-video-preview:-1"},"canonical":"https:\/\/www.merkley.senate.gov\/es\/merkley-joins-colleagues-in-introducing-bill-to-create-african-diaspora-heritage-month\/","og_locale":"es_MX","og_type":"article","og_title":"Merkley Joins Colleagues in Introducing Bill to Create African Diaspora Heritage Month - Merkley","og_description":"Washington, D.C. \u2013 Oregon\u2019s U.S. Senator Jeff Merkley, a member of the Senate Foreign Relations Committee, joined fellow committee member, Senator Tim Kaine (D-VA) in the introduction of a bill authorizing the formal designation of a&nbsp;national&nbsp;African Diaspora Heritage Month. The&nbsp;legislation would cement this celebration by recognizing and reaffirming the significant contributions of the African diaspora [&hellip;]","og_url":"https:\/\/www.merkley.senate.gov\/es\/merkley-joins-colleagues-in-introducing-bill-to-create-african-diaspora-heritage-month\/","og_site_name":"Merkley","article_published_time":"2023-09-19T18:04:17+00:00","article_modified_time":"2023-09-25T19:40:25+00:00","og_image":[{"width":680,"height":357,"url":"https:\/\/www.merkley.senate.gov\/wp-content\/uploads\/2023\/07\/Press-Release-Photo-1.jpeg","type":"image\/jpeg"}],"author":"Kate Bellino","twitter_card":"summary_large_image","twitter_misc":{"Written by":"Kate Bellino","Est. reading time":"1 minute"},"schema":{"@context":"https:\/\/schema.org","@graph":[{"@type":"Article","@id":"https:\/\/www.merkley.senate.gov\/merkley-joins-colleagues-in-introducing-bill-to-create-african-diaspora-heritage-month\/#article","isPartOf":{"@id":"https:\/\/www.merkley.senate.gov\/merkley-joins-colleagues-in-introducing-bill-to-create-african-diaspora-heritage-month\/"},"author":{"name":"Kate Bellino","@id":"https:\/\/www.merkley.senate.gov\/#\/schema\/person\/e15f2e8886c734af764cdab4595a7aaa"},"headline":"Merkley Joins Colleagues in Introducing Bill to Create African Diaspora Heritage Month","datePublished":"2023-09-19T18:04:17+00:00","dateModified":"2023-09-25T19:40:25+00:00","mainEntityOfPage":{"@id":"https:\/\/www.merkley.senate.gov\/merkley-joins-colleagues-in-introducing-bill-to-create-african-diaspora-heritage-month\/"},"wordCount":199,"image":{"@id":"https:\/\/www.merkley.senate.gov\/merkley-joins-colleagues-in-introducing-bill-to-create-african-diaspora-heritage-month\/#primaryimage"},"thumbnailUrl":"https:\/\/www.merkley.senate.gov\/wp-content\/uploads\/2023\/07\/Press-Release-Photo-1.jpeg","keywords":["Foreign Policy and National Security"],"articleSection":["Press Releases"],"inLanguage":"es-MX"},{"@type":"WebPage","@id":"https:\/\/www.merkley.senate.gov\/merkley-joins-colleagues-in-introducing-bill-to-create-african-diaspora-heritage-month\/","url":"https:\/\/www.merkley.senate.gov\/merkley-joins-colleagues-in-introducing-bill-to-create-african-diaspora-heritage-month\/","name":"Merkley Joins Colleagues in Introducing Bill to Create African Diaspora Heritage Month - Merkley","isPartOf":{"@id":"https:\/\/www.merkley.senate.gov\/#website"},"primaryImageOfPage":{"@id":"https:\/\/www.merkley.senate.gov\/merkley-joins-colleagues-in-introducing-bill-to-create-african-diaspora-heritage-month\/#primaryimage"},"image":{"@id":"https:\/\/www.merkley.senate.gov\/merkley-joins-colleagues-in-introducing-bill-to-create-african-diaspora-heritage-month\/#primaryimage"},"thumbnailUrl":"https:\/\/www.merkley.senate.gov\/wp-content\/uploads\/2023\/07\/Press-Release-Photo-1.jpeg","datePublished":"2023-09-19T18:04:17+00:00","dateModified":"2023-09-25T19:40:25+00:00","author":{"@id":"https:\/\/www.merkley.senate.gov\/#\/schema\/person\/e15f2e8886c734af764cdab4595a7aaa"},"breadcrumb":{"@id":"https:\/\/www.merkley.senate.gov\/merkley-joins-colleagues-in-introducing-bill-to-create-african-diaspora-heritage-month\/#breadcrumb"},"inLanguage":"es-MX","potentialAction":[{"@type":"ReadAction","target":["https:\/\/www.merkley.senate.gov\/merkley-joins-colleagues-in-introducing-bill-to-create-african-diaspora-heritage-month\/"]}]},{"@type":"ImageObject","inLanguage":"es-MX","@id":"https:\/\/www.merkley.senate.gov\/merkley-joins-colleagues-in-introducing-bill-to-create-african-diaspora-heritage-month\/#primaryimage","url":"https:\/\/www.merkley.senate.gov\/wp-content\/uploads\/2023\/07\/Press-Release-Photo-1.jpeg","contentUrl":"https:\/\/www.merkley.senate.gov\/wp-content\/uploads\/2023\/07\/Press-Release-Photo-1.jpeg","width":680,"height":357,"caption":"Senator Merkley stands in front of two American flags."},{"@type":"BreadcrumbList","@id":"https:\/\/www.merkley.senate.gov\/merkley-joins-colleagues-in-introducing-bill-to-create-african-diaspora-heritage-month\/#breadcrumb","itemListElement":[{"@type":"ListItem","position":1,"name":"Home","item":"https:\/\/www.merkley.senate.gov\/"},{"@type":"ListItem","position":2,"name":"Merkley Joins Colleagues in Introducing Bill to Create African Diaspora Heritage Month"}]},{"@type":"WebSite","@id":"https:\/\/www.merkley.senate.gov\/#website","url":"https:\/\/www.merkley.senate.gov\/","name":"merkley","description":"merkley","potentialAction":[{"@type":"SearchAction","target":{"@type":"EntryPoint","urlTemplate":"https:\/\/www.merkley.senate.gov\/?s={search_term_string}"},"query-input":{"@type":"PropertyValueSpecification","valueRequired":true,"valueName":"search_term_string"}}],"inLanguage":"es-MX"},{"@type":"Person","@id":"https:\/\/www.merkley.senate.gov\/#\/schema\/person\/e15f2e8886c734af764cdab4595a7aaa","name":"Kate Bellino","image":{"@type":"ImageObject","inLanguage":"es-MX","@id":"https:\/\/secure.gravatar.com\/avatar\/7f135e39b052d98587bc5ffd9395fb5180ce7ee493a57791dcbba2e26a3b44b4?s=96&d=mm&r=g","url":"https:\/\/secure.gravatar.com\/avatar\/7f135e39b052d98587bc5ffd9395fb5180ce7ee493a57791dcbba2e26a3b44b4?s=96&d=mm&r=g","contentUrl":"https:\/\/secure.gravatar.com\/avatar\/7f135e39b052d98587bc5ffd9395fb5180ce7ee493a57791dcbba2e26a3b44b4?s=96&d=mm&r=g","caption":"Kate Bellino"},"url":"https:\/\/www.merkley.senate.gov\/es\/author\/kate-bellino\/"}]}},"_links":{"self":[{"href":"https:\/\/www.merkley.senate.gov\/es\/wp-json\/wp\/v2\/posts\/17764","targetHints":{"allow":["GET"]}}],"collection":[{"href":"https:\/\/www.merkley.senate.gov\/es\/wp-json\/wp\/v2\/posts"}],"about":[{"href":"https:\/\/www.merkley.senate.gov\/es\/wp-json\/wp\/v2\/types\/post"}],"author":[{"embeddable":true,"href":"https:\/\/www.merkley.senate.gov\/es\/wp-json\/wp\/v2\/users\/11"}],"replies":[{"embeddable":true,"href":"https:\/\/www.merkley.senate.gov\/es\/wp-json\/wp\/v2\/comments?post=17764"}],"version-history":[{"count":2,"href":"https:\/\/www.merkley.senate.gov\/es\/wp-json\/wp\/v2\/posts\/17764\/revisions"}],"predecessor-version":[{"id":17767,"href":"https:\/\/www.merkley.senate.gov\/es\/wp-json\/wp\/v2\/posts\/17764\/revisions\/17767"}],"wp:featuredmedia":[{"embeddable":true,"href":"https:\/\/www.merkley.senate.gov\/es\/wp-json\/wp\/v2\/media\/17051"}],"wp:attachment":[{"href":"https:\/\/www.merkley.senate.gov\/es\/wp-json\/wp\/v2\/media?parent=17764"}],"wp:term":[{"taxonomy":"category","embeddable":true,"href":"https:\/\/www.merkley.senate.gov\/es\/wp-json\/wp\/v2\/categories?post=17764"},{"taxonomy":"post_tag","embeddable":true,"href":"https:\/\/www.merkley.senate.gov\/es\/wp-json\/wp\/v2\/tags?post=17764"}],"curies":[{"name":"wp","href":"https:\/\/api.w.org\/{rel}","templated":true}]}}