{"id":17870,"date":"2023-10-19T17:03:37","date_gmt":"2023-10-19T21:03:37","guid":{"rendered":"https:\/\/www.merkley.senate.gov\/?p=17870"},"modified":"2023-10-24T13:46:15","modified_gmt":"2023-10-24T17:46:15","slug":"wyden-merkley-colleagues-introduce-senate-resolution-in-solidarity-with-uaw-workers-on-strike","status":"publish","type":"post","link":"https:\/\/www.merkley.senate.gov\/es\/wyden-merkley-colleagues-introduce-senate-resolution-in-solidarity-with-uaw-workers-on-strike\/","title":{"rendered":"Wyden, Merkley y sus colegas presentan una resoluci\u00f3n del Senado en solidaridad con los trabajadores del UAW en huelga"},"content":{"rendered":"<p><strong><em>Washington DC<\/em><\/strong> \u2013 Los senadores estadounidenses Ron Wyden y Jeff Merkley dijeron hoy que ellos y sus colegas del Senado han presentado una resoluci\u00f3n que apoya a los 150.000 miembros de United Auto Workers que negocian por un mejor contrato con los fabricantes de autom\u00f3viles. La resoluci\u00f3n pide a los &quot;Tres Grandes&quot; fabricantes de autom\u00f3viles que negocien de buena fe y ofrezcan a los trabajadores un contrato justo.<\/p>\n\n\n\n<p>La UAW tiene alrededor de 34.000 miembros en huelga en l\u00edneas de producci\u00f3n y f\u00e1bricas en Oreg\u00f3n y en todo el pa\u00eds. Esto marca uno de los ataques estadounidenses m\u00e1s grandes en la historia reciente y el ataque se encuentra ahora en su quinta semana.<s>.<\/s><\/p>\n\n\n\n<blockquote class=\"wp-block-quote is-layout-flow wp-block-quote-is-layout-flow\">\n<p>&quot;Estos trabajadores son la columna vertebral de la industria automotriz estadounidense, y la UAW est\u00e1 luchando por contratos que reconozcan el arduo trabajo de sus miembros d\u00eda tras d\u00eda&quot;, dijo Wyden. \u201cLas ganancias r\u00e9cord que los Tres Grandes fabricantes de autom\u00f3viles han obtenido en los \u00faltimos a\u00f1os no se han traducido en beneficio de sus empleados. Cada trabajador merece un trato justo, y eso es exactamente lo que los trabajadores en Oreg\u00f3n y en todo el pa\u00eds est\u00e1n tratando de lograr\u201d.<\/p>\n<\/blockquote>\n\n\n\n<blockquote class=\"wp-block-quote is-layout-flow wp-block-quote-is-layout-flow\">\n<p>\u201cEstoy firmemente junto a los miembros de la UAW en Oregon\u2014y en todo el pa\u00eds\u2014luchando contra la avaricia corporativa y abogando por contratos justos\u201d, dijo el Senador Merkley. \u201cComo hijo de un maquinista sindical y esposo de una enfermera sindical de cuidados paliativos, he tenido un asiento en primera fila para ver la importancia que tienen los sindicatos para los trabajadores. Me solidarizo y continuar\u00e9 abogando firmemente por leyes federales fortalecidas que protejan el derecho de todos los trabajadores a afiliarse a un sindicato y negociar condiciones de trabajo seguras y salarios y beneficios justos\u201d.<\/p>\n<\/blockquote>\n\n\n\n<p>La resoluci\u00f3n fue encabezada por los senadores estadounidenses Bernard Sanders (I-Vt.) y Sherrod Brown (D-Ohio). Junto a Wyden y Merkley, la resoluci\u00f3n fue presentada por los senadores Tammy Baldwin (D-Wis.), Elizabeth Warren (D-Mass.), John Fetterman (D-Pa.), Alex Padilla (D-Calif.), Brian Schatz. (D-Haw\u00e1i), Dick Durbin (D-Ill.), Ben Ray Luj\u00e1n (DN.M.), Jack Reed (DR.I.), Richard Blumenthal (D-Conn.), Tina Smith (D-Minn. ), Ed Markey (D-Mass.), Mazie Hirono (D-Haw\u00e1i), Sheldon Whitehouse (D-Ill.), Tammy Duckworth (D-Ill.), Gary Peters (D-Mich.), John Hickenlooper (D- -Colo.), Amy Klobuchar (D-Minn.), Peter Welch (D-Vt.), Chris Van Hollen (D-Md.), Chris Murphy (D-Conn.), Bob Men\u00e9ndez (DN.J.) , Bob Casey (dem\u00f3crata por Pensilvania), Cory Booker (dem\u00f3crata por Maryland), Martin Heinrich (dem\u00f3crata por Pensilvania), Laphonza Butler (dem\u00f3crata por California), Ben Cardin (dem\u00f3crata por Maryland), Kirsten Gillibrand (dem\u00f3crata por Pensilvania) .Y.), Josh Hawley (R-Mo.), Michael Bennet (D-Colo.) y Raphael Warnock (D-Ga.).<\/p>\n\n\n\n<p>El texto de la resoluci\u00f3n es <a href=\"https:\/\/www.wyden.senate.gov\/news\/press-releases\/wyden-merkley-colleagues-introduce-senate-resolution-in-solidarity-with-uaw-workers-on-strike\" target=\"_blank\" rel=\"noreferrer noopener\">aqu\u00ed.<\/a> <\/p>\n\n\n\n<p>Una versi\u00f3n web de este comunicado es <a href=\"https:\/\/www.wyden.senate.gov\/news\/press-releases\/wyden-merkley-colleagues-introduce-senate-resolution-in-solidarity-with-uaw-workers-on-strike\">aqu\u00ed<\/a>.<\/p>","protected":false},"excerpt":{"rendered":"<p>Washington, D.C. \u2013 U.S. Senators Ron Wyden and Jeff Merkley said today that they and Senate colleagues have introduced a resolution supporting the 150,000 members of United Auto Workers bargaining for a better contract with automakers. The resolution calls on the \u201cBig Three\u201d automakers to negotiate in good faith and offer workers a fair contract. [&hellip;]<\/p>\n","protected":false},"author":11,"featured_media":17051,"comment_status":"closed","ping_status":"closed","sticky":false,"template":"","format":"standard","meta":{"_acf_changed":false,"inline_featured_image":false,"footnotes":""},"categories":[24],"tags":[126],"class_list":["post-17870","post","type-post","status-publish","format-standard","has-post-thumbnail","hentry","category-press-releases","tag-support-for-living-wage-jobs"],"acf":[],"yoast_head":"<!-- This site is optimized with the Yoast SEO plugin v27.2 - https:\/\/yoast.com\/product\/yoast-seo-wordpress\/ -->\n<title>Wyden, Merkley, Colleagues Introduce Senate Resolution in Solidarity with UAW Workers on Strike - Merkley<\/title>\n<meta name=\"robots\" content=\"index, follow, max-snippet:-1, max-image-preview:large, max-video-preview:-1\" \/>\n<link rel=\"canonical\" href=\"https:\/\/www.merkley.senate.gov\/es\/wyden-merkley-colleagues-introduce-senate-resolution-in-solidarity-with-uaw-workers-on-strike\/\" \/>\n<meta property=\"og:locale\" content=\"es_MX\" \/>\n<meta property=\"og:type\" content=\"article\" \/>\n<meta property=\"og:title\" content=\"Wyden, Merkley, Colleagues Introduce Senate Resolution in Solidarity with UAW Workers on Strike - Merkley\" \/>\n<meta property=\"og:description\" content=\"Washington, D.C. \u2013 U.S. Senators Ron Wyden and Jeff Merkley said today that they and Senate colleagues have introduced a resolution supporting the 150,000 members of United Auto Workers bargaining for a better contract with automakers. The resolution calls on the \u201cBig Three\u201d automakers to negotiate in good faith and offer workers a fair contract. [&hellip;]\" \/>\n<meta property=\"og:url\" content=\"https:\/\/www.merkley.senate.gov\/es\/wyden-merkley-colleagues-introduce-senate-resolution-in-solidarity-with-uaw-workers-on-strike\/\" \/>\n<meta property=\"og:site_name\" content=\"Merkley\" \/>\n<meta property=\"article:published_time\" content=\"2023-10-19T21:03:37+00:00\" \/>\n<meta property=\"article:modified_time\" content=\"2023-10-24T17:46:15+00:00\" \/>\n<meta property=\"og:image\" content=\"https:\/\/www.merkley.senate.gov\/wp-content\/uploads\/2023\/07\/Press-Release-Photo-1.jpeg\" \/>\n\t<meta property=\"og:image:width\" content=\"680\" \/>\n\t<meta property=\"og:image:height\" content=\"357\" \/>\n\t<meta property=\"og:image:type\" content=\"image\/jpeg\" \/>\n<meta name=\"author\" content=\"Kate Bellino\" \/>\n<meta name=\"twitter:card\" content=\"summary_large_image\" \/>\n<meta name=\"twitter:label1\" content=\"Written by\" \/>\n\t<meta name=\"twitter:data1\" content=\"Kate Bellino\" \/>\n\t<meta name=\"twitter:label2\" content=\"Est. reading time\" \/>\n\t<meta name=\"twitter:data2\" content=\"1 minute\" \/>\n<script type=\"application\/ld+json\" class=\"yoast-schema-graph\">{\"@context\":\"https:\/\/schema.org\",\"@graph\":[{\"@type\":\"Article\",\"@id\":\"https:\/\/www.merkley.senate.gov\/wyden-merkley-colleagues-introduce-senate-resolution-in-solidarity-with-uaw-workers-on-strike\/#article\",\"isPartOf\":{\"@id\":\"https:\/\/www.merkley.senate.gov\/wyden-merkley-colleagues-introduce-senate-resolution-in-solidarity-with-uaw-workers-on-strike\/\"},\"author\":{\"name\":\"Kate Bellino\",\"@id\":\"https:\/\/www.merkley.senate.gov\/#\/schema\/person\/e15f2e8886c734af764cdab4595a7aaa\"},\"headline\":\"Wyden, Merkley, Colleagues Introduce Senate Resolution in Solidarity with UAW Workers on Strike\",\"datePublished\":\"2023-10-19T21:03:37+00:00\",\"dateModified\":\"2023-10-24T17:46:15+00:00\",\"mainEntityOfPage\":{\"@id\":\"https:\/\/www.merkley.senate.gov\/wyden-merkley-colleagues-introduce-senate-resolution-in-solidarity-with-uaw-workers-on-strike\/\"},\"wordCount\":411,\"image\":{\"@id\":\"https:\/\/www.merkley.senate.gov\/wyden-merkley-colleagues-introduce-senate-resolution-in-solidarity-with-uaw-workers-on-strike\/#primaryimage\"},\"thumbnailUrl\":\"https:\/\/www.merkley.senate.gov\/wp-content\/uploads\/2023\/07\/Press-Release-Photo-1.jpeg\",\"keywords\":[\"Support for Living Wage Jobs\"],\"articleSection\":[\"Press Releases\"],\"inLanguage\":\"es-MX\"},{\"@type\":\"WebPage\",\"@id\":\"https:\/\/www.merkley.senate.gov\/wyden-merkley-colleagues-introduce-senate-resolution-in-solidarity-with-uaw-workers-on-strike\/\",\"url\":\"https:\/\/www.merkley.senate.gov\/wyden-merkley-colleagues-introduce-senate-resolution-in-solidarity-with-uaw-workers-on-strike\/\",\"name\":\"Wyden, Merkley, Colleagues Introduce Senate Resolution in Solidarity with UAW Workers on Strike - Merkley\",\"isPartOf\":{\"@id\":\"https:\/\/www.merkley.senate.gov\/#website\"},\"primaryImageOfPage\":{\"@id\":\"https:\/\/www.merkley.senate.gov\/wyden-merkley-colleagues-introduce-senate-resolution-in-solidarity-with-uaw-workers-on-strike\/#primaryimage\"},\"image\":{\"@id\":\"https:\/\/www.merkley.senate.gov\/wyden-merkley-colleagues-introduce-senate-resolution-in-solidarity-with-uaw-workers-on-strike\/#primaryimage\"},\"thumbnailUrl\":\"https:\/\/www.merkley.senate.gov\/wp-content\/uploads\/2023\/07\/Press-Release-Photo-1.jpeg\",\"datePublished\":\"2023-10-19T21:03:37+00:00\",\"dateModified\":\"2023-10-24T17:46:15+00:00\",\"author\":{\"@id\":\"https:\/\/www.merkley.senate.gov\/#\/schema\/person\/e15f2e8886c734af764cdab4595a7aaa\"},\"breadcrumb\":{\"@id\":\"https:\/\/www.merkley.senate.gov\/wyden-merkley-colleagues-introduce-senate-resolution-in-solidarity-with-uaw-workers-on-strike\/#breadcrumb\"},\"inLanguage\":\"es-MX\",\"potentialAction\":[{\"@type\":\"ReadAction\",\"target\":[\"https:\/\/www.merkley.senate.gov\/wyden-merkley-colleagues-introduce-senate-resolution-in-solidarity-with-uaw-workers-on-strike\/\"]}]},{\"@type\":\"ImageObject\",\"inLanguage\":\"es-MX\",\"@id\":\"https:\/\/www.merkley.senate.gov\/wyden-merkley-colleagues-introduce-senate-resolution-in-solidarity-with-uaw-workers-on-strike\/#primaryimage\",\"url\":\"https:\/\/www.merkley.senate.gov\/wp-content\/uploads\/2023\/07\/Press-Release-Photo-1.jpeg\",\"contentUrl\":\"https:\/\/www.merkley.senate.gov\/wp-content\/uploads\/2023\/07\/Press-Release-Photo-1.jpeg\",\"width\":680,\"height\":357,\"caption\":\"Senator Merkley stands in front of two American flags.\"},{\"@type\":\"BreadcrumbList\",\"@id\":\"https:\/\/www.merkley.senate.gov\/wyden-merkley-colleagues-introduce-senate-resolution-in-solidarity-with-uaw-workers-on-strike\/#breadcrumb\",\"itemListElement\":[{\"@type\":\"ListItem\",\"position\":1,\"name\":\"Home\",\"item\":\"https:\/\/www.merkley.senate.gov\/\"},{\"@type\":\"ListItem\",\"position\":2,\"name\":\"Wyden, Merkley, Colleagues Introduce Senate Resolution in Solidarity with UAW Workers on Strike\"}]},{\"@type\":\"WebSite\",\"@id\":\"https:\/\/www.merkley.senate.gov\/#website\",\"url\":\"https:\/\/www.merkley.senate.gov\/\",\"name\":\"Merkley\",\"description\":\"Merkley\",\"potentialAction\":[{\"@type\":\"SearchAction\",\"target\":{\"@type\":\"EntryPoint\",\"urlTemplate\":\"https:\/\/www.merkley.senate.gov\/?s={search_term_string}\"},\"query-input\":{\"@type\":\"PropertyValueSpecification\",\"valueRequired\":true,\"valueName\":\"search_term_string\"}}],\"inLanguage\":\"es-MX\"},{\"@type\":\"Person\",\"@id\":\"https:\/\/www.merkley.senate.gov\/#\/schema\/person\/e15f2e8886c734af764cdab4595a7aaa\",\"name\":\"Kate Bellino\",\"image\":{\"@type\":\"ImageObject\",\"inLanguage\":\"es-MX\",\"@id\":\"https:\/\/secure.gravatar.com\/avatar\/7f135e39b052d98587bc5ffd9395fb5180ce7ee493a57791dcbba2e26a3b44b4?s=96&d=mm&r=g\",\"url\":\"https:\/\/secure.gravatar.com\/avatar\/7f135e39b052d98587bc5ffd9395fb5180ce7ee493a57791dcbba2e26a3b44b4?s=96&d=mm&r=g\",\"contentUrl\":\"https:\/\/secure.gravatar.com\/avatar\/7f135e39b052d98587bc5ffd9395fb5180ce7ee493a57791dcbba2e26a3b44b4?s=96&d=mm&r=g\",\"caption\":\"Kate Bellino\"},\"url\":\"https:\/\/www.merkley.senate.gov\/es\/author\/kate-bellino\/\"}]}<\/script>\n<!-- \/ Yoast SEO plugin. -->","yoast_head_json":{"title":"Wyden, Merkley, Colleagues Introduce Senate Resolution in Solidarity with UAW Workers on Strike - Merkley","robots":{"index":"index","follow":"follow","max-snippet":"max-snippet:-1","max-image-preview":"max-image-preview:large","max-video-preview":"max-video-preview:-1"},"canonical":"https:\/\/www.merkley.senate.gov\/es\/wyden-merkley-colleagues-introduce-senate-resolution-in-solidarity-with-uaw-workers-on-strike\/","og_locale":"es_MX","og_type":"article","og_title":"Wyden, Merkley, Colleagues Introduce Senate Resolution in Solidarity with UAW Workers on Strike - Merkley","og_description":"Washington, D.C. \u2013 U.S. Senators Ron Wyden and Jeff Merkley said today that they and Senate colleagues have introduced a resolution supporting the 150,000 members of United Auto Workers bargaining for a better contract with automakers. The resolution calls on the \u201cBig Three\u201d automakers to negotiate in good faith and offer workers a fair contract. [&hellip;]","og_url":"https:\/\/www.merkley.senate.gov\/es\/wyden-merkley-colleagues-introduce-senate-resolution-in-solidarity-with-uaw-workers-on-strike\/","og_site_name":"Merkley","article_published_time":"2023-10-19T21:03:37+00:00","article_modified_time":"2023-10-24T17:46:15+00:00","og_image":[{"width":680,"height":357,"url":"https:\/\/www.merkley.senate.gov\/wp-content\/uploads\/2023\/07\/Press-Release-Photo-1.jpeg","type":"image\/jpeg"}],"author":"Kate Bellino","twitter_card":"summary_large_image","twitter_misc":{"Written by":"Kate Bellino","Est. reading time":"1 minute"},"schema":{"@context":"https:\/\/schema.org","@graph":[{"@type":"Article","@id":"https:\/\/www.merkley.senate.gov\/wyden-merkley-colleagues-introduce-senate-resolution-in-solidarity-with-uaw-workers-on-strike\/#article","isPartOf":{"@id":"https:\/\/www.merkley.senate.gov\/wyden-merkley-colleagues-introduce-senate-resolution-in-solidarity-with-uaw-workers-on-strike\/"},"author":{"name":"Kate Bellino","@id":"https:\/\/www.merkley.senate.gov\/#\/schema\/person\/e15f2e8886c734af764cdab4595a7aaa"},"headline":"Wyden, Merkley, Colleagues Introduce Senate Resolution in Solidarity with UAW Workers on Strike","datePublished":"2023-10-19T21:03:37+00:00","dateModified":"2023-10-24T17:46:15+00:00","mainEntityOfPage":{"@id":"https:\/\/www.merkley.senate.gov\/wyden-merkley-colleagues-introduce-senate-resolution-in-solidarity-with-uaw-workers-on-strike\/"},"wordCount":411,"image":{"@id":"https:\/\/www.merkley.senate.gov\/wyden-merkley-colleagues-introduce-senate-resolution-in-solidarity-with-uaw-workers-on-strike\/#primaryimage"},"thumbnailUrl":"https:\/\/www.merkley.senate.gov\/wp-content\/uploads\/2023\/07\/Press-Release-Photo-1.jpeg","keywords":["Support for Living Wage Jobs"],"articleSection":["Press Releases"],"inLanguage":"es-MX"},{"@type":"WebPage","@id":"https:\/\/www.merkley.senate.gov\/wyden-merkley-colleagues-introduce-senate-resolution-in-solidarity-with-uaw-workers-on-strike\/","url":"https:\/\/www.merkley.senate.gov\/wyden-merkley-colleagues-introduce-senate-resolution-in-solidarity-with-uaw-workers-on-strike\/","name":"Wyden, Merkley, Colleagues Introduce Senate Resolution in Solidarity with UAW Workers on Strike - Merkley","isPartOf":{"@id":"https:\/\/www.merkley.senate.gov\/#website"},"primaryImageOfPage":{"@id":"https:\/\/www.merkley.senate.gov\/wyden-merkley-colleagues-introduce-senate-resolution-in-solidarity-with-uaw-workers-on-strike\/#primaryimage"},"image":{"@id":"https:\/\/www.merkley.senate.gov\/wyden-merkley-colleagues-introduce-senate-resolution-in-solidarity-with-uaw-workers-on-strike\/#primaryimage"},"thumbnailUrl":"https:\/\/www.merkley.senate.gov\/wp-content\/uploads\/2023\/07\/Press-Release-Photo-1.jpeg","datePublished":"2023-10-19T21:03:37+00:00","dateModified":"2023-10-24T17:46:15+00:00","author":{"@id":"https:\/\/www.merkley.senate.gov\/#\/schema\/person\/e15f2e8886c734af764cdab4595a7aaa"},"breadcrumb":{"@id":"https:\/\/www.merkley.senate.gov\/wyden-merkley-colleagues-introduce-senate-resolution-in-solidarity-with-uaw-workers-on-strike\/#breadcrumb"},"inLanguage":"es-MX","potentialAction":[{"@type":"ReadAction","target":["https:\/\/www.merkley.senate.gov\/wyden-merkley-colleagues-introduce-senate-resolution-in-solidarity-with-uaw-workers-on-strike\/"]}]},{"@type":"ImageObject","inLanguage":"es-MX","@id":"https:\/\/www.merkley.senate.gov\/wyden-merkley-colleagues-introduce-senate-resolution-in-solidarity-with-uaw-workers-on-strike\/#primaryimage","url":"https:\/\/www.merkley.senate.gov\/wp-content\/uploads\/2023\/07\/Press-Release-Photo-1.jpeg","contentUrl":"https:\/\/www.merkley.senate.gov\/wp-content\/uploads\/2023\/07\/Press-Release-Photo-1.jpeg","width":680,"height":357,"caption":"Senator Merkley stands in front of two American flags."},{"@type":"BreadcrumbList","@id":"https:\/\/www.merkley.senate.gov\/wyden-merkley-colleagues-introduce-senate-resolution-in-solidarity-with-uaw-workers-on-strike\/#breadcrumb","itemListElement":[{"@type":"ListItem","position":1,"name":"Home","item":"https:\/\/www.merkley.senate.gov\/"},{"@type":"ListItem","position":2,"name":"Wyden, Merkley, Colleagues Introduce Senate Resolution in Solidarity with UAW Workers on Strike"}]},{"@type":"WebSite","@id":"https:\/\/www.merkley.senate.gov\/#website","url":"https:\/\/www.merkley.senate.gov\/","name":"merkley","description":"merkley","potentialAction":[{"@type":"SearchAction","target":{"@type":"EntryPoint","urlTemplate":"https:\/\/www.merkley.senate.gov\/?s={search_term_string}"},"query-input":{"@type":"PropertyValueSpecification","valueRequired":true,"valueName":"search_term_string"}}],"inLanguage":"es-MX"},{"@type":"Person","@id":"https:\/\/www.merkley.senate.gov\/#\/schema\/person\/e15f2e8886c734af764cdab4595a7aaa","name":"Kate Bellino","image":{"@type":"ImageObject","inLanguage":"es-MX","@id":"https:\/\/secure.gravatar.com\/avatar\/7f135e39b052d98587bc5ffd9395fb5180ce7ee493a57791dcbba2e26a3b44b4?s=96&d=mm&r=g","url":"https:\/\/secure.gravatar.com\/avatar\/7f135e39b052d98587bc5ffd9395fb5180ce7ee493a57791dcbba2e26a3b44b4?s=96&d=mm&r=g","contentUrl":"https:\/\/secure.gravatar.com\/avatar\/7f135e39b052d98587bc5ffd9395fb5180ce7ee493a57791dcbba2e26a3b44b4?s=96&d=mm&r=g","caption":"Kate Bellino"},"url":"https:\/\/www.merkley.senate.gov\/es\/author\/kate-bellino\/"}]}},"_links":{"self":[{"href":"https:\/\/www.merkley.senate.gov\/es\/wp-json\/wp\/v2\/posts\/17870","targetHints":{"allow":["GET"]}}],"collection":[{"href":"https:\/\/www.merkley.senate.gov\/es\/wp-json\/wp\/v2\/posts"}],"about":[{"href":"https:\/\/www.merkley.senate.gov\/es\/wp-json\/wp\/v2\/types\/post"}],"author":[{"embeddable":true,"href":"https:\/\/www.merkley.senate.gov\/es\/wp-json\/wp\/v2\/users\/11"}],"replies":[{"embeddable":true,"href":"https:\/\/www.merkley.senate.gov\/es\/wp-json\/wp\/v2\/comments?post=17870"}],"version-history":[{"count":1,"href":"https:\/\/www.merkley.senate.gov\/es\/wp-json\/wp\/v2\/posts\/17870\/revisions"}],"predecessor-version":[{"id":17871,"href":"https:\/\/www.merkley.senate.gov\/es\/wp-json\/wp\/v2\/posts\/17870\/revisions\/17871"}],"wp:featuredmedia":[{"embeddable":true,"href":"https:\/\/www.merkley.senate.gov\/es\/wp-json\/wp\/v2\/media\/17051"}],"wp:attachment":[{"href":"https:\/\/www.merkley.senate.gov\/es\/wp-json\/wp\/v2\/media?parent=17870"}],"wp:term":[{"taxonomy":"category","embeddable":true,"href":"https:\/\/www.merkley.senate.gov\/es\/wp-json\/wp\/v2\/categories?post=17870"},{"taxonomy":"post_tag","embeddable":true,"href":"https:\/\/www.merkley.senate.gov\/es\/wp-json\/wp\/v2\/tags?post=17870"}],"curies":[{"name":"wp","href":"https:\/\/api.w.org\/{rel}","templated":true}]}}