{"id":17937,"date":"2023-11-01T12:01:02","date_gmt":"2023-11-01T16:01:02","guid":{"rendered":"https:\/\/www.merkley.senate.gov\/?p=17937"},"modified":"2023-11-02T10:30:36","modified_gmt":"2023-11-02T14:30:36","slug":"merkley-wyden-urge-good-faith-negotiations-between-the-portland-association-of-teachers-and-portland-public-schools","status":"publish","type":"post","link":"https:\/\/www.merkley.senate.gov\/es\/merkley-wyden-urge-good-faith-negotiations-between-the-portland-association-of-teachers-and-portland-public-schools\/","title":{"rendered":"Merkley y Wyden instan a negociaciones de buena fe entre la Asociaci\u00f3n de Maestros de Portland y las Escuelas P\u00fablicas de Portland"},"content":{"rendered":"<p>Washington, DC \u2013 Los senadores estadounidenses de Oreg\u00f3n, Jeff Merkley y Ron Wyden, emitieron la siguiente declaraci\u00f3n, instando a la Asociaci\u00f3n de Maestros de Portland y a la Junta de Educaci\u00f3n de las Escuelas P\u00fablicas de Portland a continuar negociando de buena fe en medio de la primera huelga de maestros en el distrito:\u00a0<\/p>\n\n\n\n<blockquote class=\"wp-block-quote is-layout-flow wp-block-quote-is-layout-flow\">\n<p>\u201cDurante los \u00faltimos tres a\u00f1os, nuestros educadores se han esforzado por mantener un programa educativo equitativo y de calidad para nuestros ni\u00f1os a trav\u00e9s de las enormes dificultades de la pandemia de COVID-19. Se les ha pagado mal y se les ha estresado demasiado, y afirmamos firmemente nuestro apoyo a los educadores de Portland que ejercen su derecho a la huelga para lograr un acuerdo de negociaci\u00f3n colectiva equitativo.<\/p>\n\n\n\n<p>\u201cAl mismo tiempo, instamos a los l\u00edderes tanto de la Asociaci\u00f3n de Maestros de Portland como de las Escuelas P\u00fablicas de Portland a continuar trabajando de buena fe hacia un acuerdo que aborde una serie de cuestiones clave, incluido el tama\u00f1o de las clases, los salarios y beneficios, la seguridad en el aula, programas de equidad m\u00e1s s\u00f3lidos y servicios ampliados para el aprendizaje temprano y la educaci\u00f3n especial.\u00a0<\/p>\n\n\n\n<p>&quot;Con educadores capacitados y profundamente comprometidos y una Junta de Educaci\u00f3n y una administraci\u00f3n dedicadas, estamos seguros de que ambas partes pueden llegar a un contrato que garantice que los estudiantes reciban un servicio adecuado, que los educadores reciban una compensaci\u00f3n justa y que se respeten las prioridades de la comunidad en los a\u00f1os venideros&quot;.\u00a0<\/p>\n<\/blockquote>\n\n\n\n<p class=\"has-text-align-center\">###<\/p>","protected":false},"excerpt":{"rendered":"<p>Washington, D.C. \u2013 Oregon\u2019s U.S. Senators Jeff Merkley and Ron Wyden issued the following statement, urging the Portland Association of Teachers and the Portland Public Schools Board of Education to continue bargaining in good faith amid the first-ever teachers\u2019 strike in the district:\u00a0 \u201cOver the last three years, our educators have strived to maintain a [&hellip;]<\/p>\n","protected":false},"author":11,"featured_media":17054,"comment_status":"closed","ping_status":"closed","sticky":false,"template":"","format":"standard","meta":{"_acf_changed":false,"inline_featured_image":false,"footnotes":""},"categories":[24],"tags":[122,126],"class_list":["post-17937","post","type-post","status-publish","format-standard","has-post-thumbnail","hentry","category-press-releases","tag-opening-the-doors-of-opportunity-through-education","tag-support-for-living-wage-jobs"],"acf":[],"yoast_head":"<!-- This site is optimized with the Yoast SEO plugin v27.2 - https:\/\/yoast.com\/product\/yoast-seo-wordpress\/ -->\n<title>Merkley, Wyden Urge Good Faith Negotiations Between the Portland Association of Teachers and Portland Public Schools - Merkley<\/title>\n<meta name=\"robots\" content=\"index, follow, max-snippet:-1, max-image-preview:large, max-video-preview:-1\" \/>\n<link rel=\"canonical\" href=\"https:\/\/www.merkley.senate.gov\/es\/merkley-wyden-urge-good-faith-negotiations-between-the-portland-association-of-teachers-and-portland-public-schools\/\" \/>\n<meta property=\"og:locale\" content=\"es_MX\" \/>\n<meta property=\"og:type\" content=\"article\" \/>\n<meta property=\"og:title\" content=\"Merkley, Wyden Urge Good Faith Negotiations Between the Portland Association of Teachers and Portland Public Schools - Merkley\" \/>\n<meta property=\"og:description\" content=\"Washington, D.C. \u2013 Oregon\u2019s U.S. Senators Jeff Merkley and Ron Wyden issued the following statement, urging the Portland Association of Teachers and the Portland Public Schools Board of Education to continue bargaining in good faith amid the first-ever teachers\u2019 strike in the district:\u00a0 \u201cOver the last three years, our educators have strived to maintain a [&hellip;]\" \/>\n<meta property=\"og:url\" content=\"https:\/\/www.merkley.senate.gov\/es\/merkley-wyden-urge-good-faith-negotiations-between-the-portland-association-of-teachers-and-portland-public-schools\/\" \/>\n<meta property=\"og:site_name\" content=\"Merkley\" \/>\n<meta property=\"article:published_time\" content=\"2023-11-01T16:01:02+00:00\" \/>\n<meta property=\"article:modified_time\" content=\"2023-11-02T14:30:36+00:00\" \/>\n<meta property=\"og:image\" content=\"https:\/\/www.merkley.senate.gov\/wp-content\/uploads\/2023\/07\/Press-Release-Photo-4.jpeg\" \/>\n\t<meta property=\"og:image:width\" content=\"680\" \/>\n\t<meta property=\"og:image:height\" content=\"357\" \/>\n\t<meta property=\"og:image:type\" content=\"image\/jpeg\" \/>\n<meta name=\"author\" content=\"Kate Bellino\" \/>\n<meta name=\"twitter:card\" content=\"summary_large_image\" \/>\n<meta name=\"twitter:label1\" content=\"Written by\" \/>\n\t<meta name=\"twitter:data1\" content=\"Kate Bellino\" \/>\n\t<meta name=\"twitter:label2\" content=\"Est. reading time\" \/>\n\t<meta name=\"twitter:data2\" content=\"1 minute\" \/>\n<script type=\"application\/ld+json\" class=\"yoast-schema-graph\">{\"@context\":\"https:\/\/schema.org\",\"@graph\":[{\"@type\":\"Article\",\"@id\":\"https:\/\/www.merkley.senate.gov\/merkley-wyden-urge-good-faith-negotiations-between-the-portland-association-of-teachers-and-portland-public-schools\/#article\",\"isPartOf\":{\"@id\":\"https:\/\/www.merkley.senate.gov\/merkley-wyden-urge-good-faith-negotiations-between-the-portland-association-of-teachers-and-portland-public-schools\/\"},\"author\":{\"name\":\"Kate Bellino\",\"@id\":\"https:\/\/www.merkley.senate.gov\/#\/schema\/person\/e15f2e8886c734af764cdab4595a7aaa\"},\"headline\":\"Merkley, Wyden Urge Good Faith Negotiations Between the Portland Association of Teachers and Portland Public Schools\",\"datePublished\":\"2023-11-01T16:01:02+00:00\",\"dateModified\":\"2023-11-02T14:30:36+00:00\",\"mainEntityOfPage\":{\"@id\":\"https:\/\/www.merkley.senate.gov\/merkley-wyden-urge-good-faith-negotiations-between-the-portland-association-of-teachers-and-portland-public-schools\/\"},\"wordCount\":212,\"image\":{\"@id\":\"https:\/\/www.merkley.senate.gov\/merkley-wyden-urge-good-faith-negotiations-between-the-portland-association-of-teachers-and-portland-public-schools\/#primaryimage\"},\"thumbnailUrl\":\"https:\/\/www.merkley.senate.gov\/wp-content\/uploads\/2023\/07\/Press-Release-Photo-4.jpeg\",\"keywords\":[\"Opening the Doors of Opportunity Through Education\",\"Support for Living Wage Jobs\"],\"articleSection\":[\"Press Releases\"],\"inLanguage\":\"es-MX\"},{\"@type\":\"WebPage\",\"@id\":\"https:\/\/www.merkley.senate.gov\/merkley-wyden-urge-good-faith-negotiations-between-the-portland-association-of-teachers-and-portland-public-schools\/\",\"url\":\"https:\/\/www.merkley.senate.gov\/merkley-wyden-urge-good-faith-negotiations-between-the-portland-association-of-teachers-and-portland-public-schools\/\",\"name\":\"Merkley, Wyden Urge Good Faith Negotiations Between the Portland Association of Teachers and Portland Public Schools - Merkley\",\"isPartOf\":{\"@id\":\"https:\/\/www.merkley.senate.gov\/#website\"},\"primaryImageOfPage\":{\"@id\":\"https:\/\/www.merkley.senate.gov\/merkley-wyden-urge-good-faith-negotiations-between-the-portland-association-of-teachers-and-portland-public-schools\/#primaryimage\"},\"image\":{\"@id\":\"https:\/\/www.merkley.senate.gov\/merkley-wyden-urge-good-faith-negotiations-between-the-portland-association-of-teachers-and-portland-public-schools\/#primaryimage\"},\"thumbnailUrl\":\"https:\/\/www.merkley.senate.gov\/wp-content\/uploads\/2023\/07\/Press-Release-Photo-4.jpeg\",\"datePublished\":\"2023-11-01T16:01:02+00:00\",\"dateModified\":\"2023-11-02T14:30:36+00:00\",\"author\":{\"@id\":\"https:\/\/www.merkley.senate.gov\/#\/schema\/person\/e15f2e8886c734af764cdab4595a7aaa\"},\"breadcrumb\":{\"@id\":\"https:\/\/www.merkley.senate.gov\/merkley-wyden-urge-good-faith-negotiations-between-the-portland-association-of-teachers-and-portland-public-schools\/#breadcrumb\"},\"inLanguage\":\"es-MX\",\"potentialAction\":[{\"@type\":\"ReadAction\",\"target\":[\"https:\/\/www.merkley.senate.gov\/merkley-wyden-urge-good-faith-negotiations-between-the-portland-association-of-teachers-and-portland-public-schools\/\"]}]},{\"@type\":\"ImageObject\",\"inLanguage\":\"es-MX\",\"@id\":\"https:\/\/www.merkley.senate.gov\/merkley-wyden-urge-good-faith-negotiations-between-the-portland-association-of-teachers-and-portland-public-schools\/#primaryimage\",\"url\":\"https:\/\/www.merkley.senate.gov\/wp-content\/uploads\/2023\/07\/Press-Release-Photo-4.jpeg\",\"contentUrl\":\"https:\/\/www.merkley.senate.gov\/wp-content\/uploads\/2023\/07\/Press-Release-Photo-4.jpeg\",\"width\":680,\"height\":357,\"caption\":\"Senator Jeff Merkley\"},{\"@type\":\"BreadcrumbList\",\"@id\":\"https:\/\/www.merkley.senate.gov\/merkley-wyden-urge-good-faith-negotiations-between-the-portland-association-of-teachers-and-portland-public-schools\/#breadcrumb\",\"itemListElement\":[{\"@type\":\"ListItem\",\"position\":1,\"name\":\"Home\",\"item\":\"https:\/\/www.merkley.senate.gov\/\"},{\"@type\":\"ListItem\",\"position\":2,\"name\":\"Merkley, Wyden Urge Good Faith Negotiations Between the Portland Association of Teachers and Portland Public Schools\"}]},{\"@type\":\"WebSite\",\"@id\":\"https:\/\/www.merkley.senate.gov\/#website\",\"url\":\"https:\/\/www.merkley.senate.gov\/\",\"name\":\"Merkley\",\"description\":\"Merkley\",\"potentialAction\":[{\"@type\":\"SearchAction\",\"target\":{\"@type\":\"EntryPoint\",\"urlTemplate\":\"https:\/\/www.merkley.senate.gov\/?s={search_term_string}\"},\"query-input\":{\"@type\":\"PropertyValueSpecification\",\"valueRequired\":true,\"valueName\":\"search_term_string\"}}],\"inLanguage\":\"es-MX\"},{\"@type\":\"Person\",\"@id\":\"https:\/\/www.merkley.senate.gov\/#\/schema\/person\/e15f2e8886c734af764cdab4595a7aaa\",\"name\":\"Kate Bellino\",\"image\":{\"@type\":\"ImageObject\",\"inLanguage\":\"es-MX\",\"@id\":\"https:\/\/secure.gravatar.com\/avatar\/7f135e39b052d98587bc5ffd9395fb5180ce7ee493a57791dcbba2e26a3b44b4?s=96&d=mm&r=g\",\"url\":\"https:\/\/secure.gravatar.com\/avatar\/7f135e39b052d98587bc5ffd9395fb5180ce7ee493a57791dcbba2e26a3b44b4?s=96&d=mm&r=g\",\"contentUrl\":\"https:\/\/secure.gravatar.com\/avatar\/7f135e39b052d98587bc5ffd9395fb5180ce7ee493a57791dcbba2e26a3b44b4?s=96&d=mm&r=g\",\"caption\":\"Kate Bellino\"},\"url\":\"https:\/\/www.merkley.senate.gov\/es\/author\/kate-bellino\/\"}]}<\/script>\n<!-- \/ Yoast SEO plugin. -->","yoast_head_json":{"title":"Merkley, Wyden Urge Good Faith Negotiations Between the Portland Association of Teachers and Portland Public Schools - Merkley","robots":{"index":"index","follow":"follow","max-snippet":"max-snippet:-1","max-image-preview":"max-image-preview:large","max-video-preview":"max-video-preview:-1"},"canonical":"https:\/\/www.merkley.senate.gov\/es\/merkley-wyden-urge-good-faith-negotiations-between-the-portland-association-of-teachers-and-portland-public-schools\/","og_locale":"es_MX","og_type":"article","og_title":"Merkley, Wyden Urge Good Faith Negotiations Between the Portland Association of Teachers and Portland Public Schools - Merkley","og_description":"Washington, D.C. \u2013 Oregon\u2019s U.S. Senators Jeff Merkley and Ron Wyden issued the following statement, urging the Portland Association of Teachers and the Portland Public Schools Board of Education to continue bargaining in good faith amid the first-ever teachers\u2019 strike in the district:\u00a0 \u201cOver the last three years, our educators have strived to maintain a [&hellip;]","og_url":"https:\/\/www.merkley.senate.gov\/es\/merkley-wyden-urge-good-faith-negotiations-between-the-portland-association-of-teachers-and-portland-public-schools\/","og_site_name":"Merkley","article_published_time":"2023-11-01T16:01:02+00:00","article_modified_time":"2023-11-02T14:30:36+00:00","og_image":[{"width":680,"height":357,"url":"https:\/\/www.merkley.senate.gov\/wp-content\/uploads\/2023\/07\/Press-Release-Photo-4.jpeg","type":"image\/jpeg"}],"author":"Kate Bellino","twitter_card":"summary_large_image","twitter_misc":{"Written by":"Kate Bellino","Est. reading time":"1 minute"},"schema":{"@context":"https:\/\/schema.org","@graph":[{"@type":"Article","@id":"https:\/\/www.merkley.senate.gov\/merkley-wyden-urge-good-faith-negotiations-between-the-portland-association-of-teachers-and-portland-public-schools\/#article","isPartOf":{"@id":"https:\/\/www.merkley.senate.gov\/merkley-wyden-urge-good-faith-negotiations-between-the-portland-association-of-teachers-and-portland-public-schools\/"},"author":{"name":"Kate Bellino","@id":"https:\/\/www.merkley.senate.gov\/#\/schema\/person\/e15f2e8886c734af764cdab4595a7aaa"},"headline":"Merkley, Wyden Urge Good Faith Negotiations Between the Portland Association of Teachers and Portland Public Schools","datePublished":"2023-11-01T16:01:02+00:00","dateModified":"2023-11-02T14:30:36+00:00","mainEntityOfPage":{"@id":"https:\/\/www.merkley.senate.gov\/merkley-wyden-urge-good-faith-negotiations-between-the-portland-association-of-teachers-and-portland-public-schools\/"},"wordCount":212,"image":{"@id":"https:\/\/www.merkley.senate.gov\/merkley-wyden-urge-good-faith-negotiations-between-the-portland-association-of-teachers-and-portland-public-schools\/#primaryimage"},"thumbnailUrl":"https:\/\/www.merkley.senate.gov\/wp-content\/uploads\/2023\/07\/Press-Release-Photo-4.jpeg","keywords":["Opening the Doors of Opportunity Through Education","Support for Living Wage Jobs"],"articleSection":["Press Releases"],"inLanguage":"es-MX"},{"@type":"WebPage","@id":"https:\/\/www.merkley.senate.gov\/merkley-wyden-urge-good-faith-negotiations-between-the-portland-association-of-teachers-and-portland-public-schools\/","url":"https:\/\/www.merkley.senate.gov\/merkley-wyden-urge-good-faith-negotiations-between-the-portland-association-of-teachers-and-portland-public-schools\/","name":"Merkley, Wyden Urge Good Faith Negotiations Between the Portland Association of Teachers and Portland Public Schools - Merkley","isPartOf":{"@id":"https:\/\/www.merkley.senate.gov\/#website"},"primaryImageOfPage":{"@id":"https:\/\/www.merkley.senate.gov\/merkley-wyden-urge-good-faith-negotiations-between-the-portland-association-of-teachers-and-portland-public-schools\/#primaryimage"},"image":{"@id":"https:\/\/www.merkley.senate.gov\/merkley-wyden-urge-good-faith-negotiations-between-the-portland-association-of-teachers-and-portland-public-schools\/#primaryimage"},"thumbnailUrl":"https:\/\/www.merkley.senate.gov\/wp-content\/uploads\/2023\/07\/Press-Release-Photo-4.jpeg","datePublished":"2023-11-01T16:01:02+00:00","dateModified":"2023-11-02T14:30:36+00:00","author":{"@id":"https:\/\/www.merkley.senate.gov\/#\/schema\/person\/e15f2e8886c734af764cdab4595a7aaa"},"breadcrumb":{"@id":"https:\/\/www.merkley.senate.gov\/merkley-wyden-urge-good-faith-negotiations-between-the-portland-association-of-teachers-and-portland-public-schools\/#breadcrumb"},"inLanguage":"es-MX","potentialAction":[{"@type":"ReadAction","target":["https:\/\/www.merkley.senate.gov\/merkley-wyden-urge-good-faith-negotiations-between-the-portland-association-of-teachers-and-portland-public-schools\/"]}]},{"@type":"ImageObject","inLanguage":"es-MX","@id":"https:\/\/www.merkley.senate.gov\/merkley-wyden-urge-good-faith-negotiations-between-the-portland-association-of-teachers-and-portland-public-schools\/#primaryimage","url":"https:\/\/www.merkley.senate.gov\/wp-content\/uploads\/2023\/07\/Press-Release-Photo-4.jpeg","contentUrl":"https:\/\/www.merkley.senate.gov\/wp-content\/uploads\/2023\/07\/Press-Release-Photo-4.jpeg","width":680,"height":357,"caption":"Senator Jeff Merkley"},{"@type":"BreadcrumbList","@id":"https:\/\/www.merkley.senate.gov\/merkley-wyden-urge-good-faith-negotiations-between-the-portland-association-of-teachers-and-portland-public-schools\/#breadcrumb","itemListElement":[{"@type":"ListItem","position":1,"name":"Home","item":"https:\/\/www.merkley.senate.gov\/"},{"@type":"ListItem","position":2,"name":"Merkley, Wyden Urge Good Faith Negotiations Between the Portland Association of Teachers and Portland Public Schools"}]},{"@type":"WebSite","@id":"https:\/\/www.merkley.senate.gov\/#website","url":"https:\/\/www.merkley.senate.gov\/","name":"merkley","description":"merkley","potentialAction":[{"@type":"SearchAction","target":{"@type":"EntryPoint","urlTemplate":"https:\/\/www.merkley.senate.gov\/?s={search_term_string}"},"query-input":{"@type":"PropertyValueSpecification","valueRequired":true,"valueName":"search_term_string"}}],"inLanguage":"es-MX"},{"@type":"Person","@id":"https:\/\/www.merkley.senate.gov\/#\/schema\/person\/e15f2e8886c734af764cdab4595a7aaa","name":"Kate Bellino","image":{"@type":"ImageObject","inLanguage":"es-MX","@id":"https:\/\/secure.gravatar.com\/avatar\/7f135e39b052d98587bc5ffd9395fb5180ce7ee493a57791dcbba2e26a3b44b4?s=96&d=mm&r=g","url":"https:\/\/secure.gravatar.com\/avatar\/7f135e39b052d98587bc5ffd9395fb5180ce7ee493a57791dcbba2e26a3b44b4?s=96&d=mm&r=g","contentUrl":"https:\/\/secure.gravatar.com\/avatar\/7f135e39b052d98587bc5ffd9395fb5180ce7ee493a57791dcbba2e26a3b44b4?s=96&d=mm&r=g","caption":"Kate Bellino"},"url":"https:\/\/www.merkley.senate.gov\/es\/author\/kate-bellino\/"}]}},"_links":{"self":[{"href":"https:\/\/www.merkley.senate.gov\/es\/wp-json\/wp\/v2\/posts\/17937","targetHints":{"allow":["GET"]}}],"collection":[{"href":"https:\/\/www.merkley.senate.gov\/es\/wp-json\/wp\/v2\/posts"}],"about":[{"href":"https:\/\/www.merkley.senate.gov\/es\/wp-json\/wp\/v2\/types\/post"}],"author":[{"embeddable":true,"href":"https:\/\/www.merkley.senate.gov\/es\/wp-json\/wp\/v2\/users\/11"}],"replies":[{"embeddable":true,"href":"https:\/\/www.merkley.senate.gov\/es\/wp-json\/wp\/v2\/comments?post=17937"}],"version-history":[{"count":1,"href":"https:\/\/www.merkley.senate.gov\/es\/wp-json\/wp\/v2\/posts\/17937\/revisions"}],"predecessor-version":[{"id":17942,"href":"https:\/\/www.merkley.senate.gov\/es\/wp-json\/wp\/v2\/posts\/17937\/revisions\/17942"}],"wp:featuredmedia":[{"embeddable":true,"href":"https:\/\/www.merkley.senate.gov\/es\/wp-json\/wp\/v2\/media\/17054"}],"wp:attachment":[{"href":"https:\/\/www.merkley.senate.gov\/es\/wp-json\/wp\/v2\/media?parent=17937"}],"wp:term":[{"taxonomy":"category","embeddable":true,"href":"https:\/\/www.merkley.senate.gov\/es\/wp-json\/wp\/v2\/categories?post=17937"},{"taxonomy":"post_tag","embeddable":true,"href":"https:\/\/www.merkley.senate.gov\/es\/wp-json\/wp\/v2\/tags?post=17937"}],"curies":[{"name":"wp","href":"https:\/\/api.w.org\/{rel}","templated":true}]}}