{"id":18025,"date":"2023-11-15T11:28:47","date_gmt":"2023-11-15T16:28:47","guid":{"rendered":"https:\/\/www.merkley.senate.gov\/?p=18025"},"modified":"2023-11-15T16:23:00","modified_gmt":"2023-11-15T21:23:00","slug":"wyden-merkley-statement-on-white-house-nomination-of-amy-m-baggio-for-u-s-district-court-in-oregon","status":"publish","type":"post","link":"https:\/\/www.merkley.senate.gov\/es\/wyden-merkley-statement-on-white-house-nomination-of-amy-m-baggio-for-u-s-district-court-in-oregon\/","title":{"rendered":"Declaraci\u00f3n de Wyden y Merkley sobre la nominaci\u00f3n de Amy M. Baggio a la Casa Blanca para el Tribunal de Distrito de los Estados Unidos en Oreg\u00f3n"},"content":{"rendered":"<p>Washington, DC \u2013 Los senadores estadounidenses Ron Wyden y Jeff Merkley emitieron hoy la siguiente declaraci\u00f3n sobre la <a href=\"https:\/\/www.whitehouse.gov\/briefing-room\/presidential-actions\/2023\/11\/15\/president-biden-names-forty-second-round-of-judicial-nominees\/\">Nominaci\u00f3n a la Casa Blanca de la jueza del Tribunal de Circuito del Condado de Multnomah, Amy M. Baggio<\/a> para un puesto en el Tribunal de Distrito de Estados Unidos en Oreg\u00f3n.<\/p>\n\n\n\n<blockquote class=\"wp-block-quote is-layout-flow wp-block-quote-is-layout-flow\">\n<p><strong>\u201cLa experiencia del juez Baggio en nuestro estado, tanto en el Tribunal de Circuito del Condado de Multnomah como como defensor p\u00fablico a nivel federal y local, lo convierten en un candidato extremadamente calificado para el Tribunal de Distrito de los Estados Unidos para Oreg\u00f3n. Esperamos avanzar su nominaci\u00f3n a trav\u00e9s del proceso de confirmaci\u00f3n del Senado para que pueda unirse al tribunal federal lo antes posible\u201d.<\/strong><\/p>\n\n\n\n<p class=\"has-text-align-center\">###<\/p>\n<\/blockquote>","protected":false},"excerpt":{"rendered":"<p>Washington, D.C.\u00a0\u2013U.S. Senators Ron Wyden and Jeff Merkley today issued the following statement on the White House nomination of Multnomah County Circuit Court Judge Amy M. Baggio for a seat on the U.S. District Court in Oregon. \u201cJudge Baggio\u2019s experience in our state both on the Multnomah County Circuit Court and as a public defender [&hellip;]<\/p>\n","protected":false},"author":10,"featured_media":17051,"comment_status":"closed","ping_status":"closed","sticky":false,"template":"","format":"standard","meta":{"_acf_changed":false,"inline_featured_image":false,"footnotes":""},"categories":[24],"tags":[118],"class_list":["post-18025","post","type-post","status-publish","format-standard","has-post-thumbnail","hentry","category-press-releases","tag-delivering-for-oregon"],"acf":[],"yoast_head":"<!-- This site is optimized with the Yoast SEO plugin v27.2 - https:\/\/yoast.com\/product\/yoast-seo-wordpress\/ -->\n<title>Wyden, Merkley Statement on White House Nomination of Amy M. Baggio for U.S. District Court in Oregon - Merkley<\/title>\n<meta name=\"robots\" content=\"index, follow, max-snippet:-1, max-image-preview:large, max-video-preview:-1\" \/>\n<link rel=\"canonical\" href=\"https:\/\/www.merkley.senate.gov\/es\/wyden-merkley-statement-on-white-house-nomination-of-amy-m-baggio-for-u-s-district-court-in-oregon\/\" \/>\n<meta property=\"og:locale\" content=\"es_MX\" \/>\n<meta property=\"og:type\" content=\"article\" \/>\n<meta property=\"og:title\" content=\"Wyden, Merkley Statement on White House Nomination of Amy M. Baggio for U.S. District Court in Oregon - Merkley\" \/>\n<meta property=\"og:description\" content=\"Washington, D.C.\u00a0\u2013U.S. Senators Ron Wyden and Jeff Merkley today issued the following statement on the White House nomination of Multnomah County Circuit Court Judge Amy M. Baggio for a seat on the U.S. District Court in Oregon. \u201cJudge Baggio\u2019s experience in our state both on the Multnomah County Circuit Court and as a public defender [&hellip;]\" \/>\n<meta property=\"og:url\" content=\"https:\/\/www.merkley.senate.gov\/es\/wyden-merkley-statement-on-white-house-nomination-of-amy-m-baggio-for-u-s-district-court-in-oregon\/\" \/>\n<meta property=\"og:site_name\" content=\"Merkley\" \/>\n<meta property=\"article:published_time\" content=\"2023-11-15T16:28:47+00:00\" \/>\n<meta property=\"article:modified_time\" content=\"2023-11-15T21:23:00+00:00\" \/>\n<meta property=\"og:image\" content=\"https:\/\/www.merkley.senate.gov\/wp-content\/uploads\/2023\/07\/Press-Release-Photo-1.jpeg\" \/>\n\t<meta property=\"og:image:width\" content=\"680\" \/>\n\t<meta property=\"og:image:height\" content=\"357\" \/>\n\t<meta property=\"og:image:type\" content=\"image\/jpeg\" \/>\n<meta name=\"author\" content=\"Maggie Sunstrum\" \/>\n<meta name=\"twitter:card\" content=\"summary_large_image\" \/>\n<meta name=\"twitter:label1\" content=\"Written by\" \/>\n\t<meta name=\"twitter:data1\" content=\"Maggie Sunstrum\" \/>\n\t<meta name=\"twitter:label2\" content=\"Est. reading time\" \/>\n\t<meta name=\"twitter:data2\" content=\"1 minute\" \/>\n<script type=\"application\/ld+json\" class=\"yoast-schema-graph\">{\"@context\":\"https:\/\/schema.org\",\"@graph\":[{\"@type\":\"Article\",\"@id\":\"https:\/\/www.merkley.senate.gov\/wyden-merkley-statement-on-white-house-nomination-of-amy-m-baggio-for-u-s-district-court-in-oregon\/#article\",\"isPartOf\":{\"@id\":\"https:\/\/www.merkley.senate.gov\/wyden-merkley-statement-on-white-house-nomination-of-amy-m-baggio-for-u-s-district-court-in-oregon\/\"},\"author\":{\"name\":\"Maggie Sunstrum\",\"@id\":\"https:\/\/www.merkley.senate.gov\/#\/schema\/person\/647211487d014f9586207adaa244b273\"},\"headline\":\"Wyden, Merkley Statement on White House Nomination of Amy M. Baggio for U.S. District Court in Oregon\",\"datePublished\":\"2023-11-15T16:28:47+00:00\",\"dateModified\":\"2023-11-15T21:23:00+00:00\",\"mainEntityOfPage\":{\"@id\":\"https:\/\/www.merkley.senate.gov\/wyden-merkley-statement-on-white-house-nomination-of-amy-m-baggio-for-u-s-district-court-in-oregon\/\"},\"wordCount\":122,\"image\":{\"@id\":\"https:\/\/www.merkley.senate.gov\/wyden-merkley-statement-on-white-house-nomination-of-amy-m-baggio-for-u-s-district-court-in-oregon\/#primaryimage\"},\"thumbnailUrl\":\"https:\/\/www.merkley.senate.gov\/wp-content\/uploads\/2023\/07\/Press-Release-Photo-1.jpeg\",\"keywords\":[\"Delivering for Oregon\"],\"articleSection\":[\"Press Releases\"],\"inLanguage\":\"es-MX\"},{\"@type\":\"WebPage\",\"@id\":\"https:\/\/www.merkley.senate.gov\/wyden-merkley-statement-on-white-house-nomination-of-amy-m-baggio-for-u-s-district-court-in-oregon\/\",\"url\":\"https:\/\/www.merkley.senate.gov\/wyden-merkley-statement-on-white-house-nomination-of-amy-m-baggio-for-u-s-district-court-in-oregon\/\",\"name\":\"Wyden, Merkley Statement on White House Nomination of Amy M. Baggio for U.S. District Court in Oregon - Merkley\",\"isPartOf\":{\"@id\":\"https:\/\/www.merkley.senate.gov\/#website\"},\"primaryImageOfPage\":{\"@id\":\"https:\/\/www.merkley.senate.gov\/wyden-merkley-statement-on-white-house-nomination-of-amy-m-baggio-for-u-s-district-court-in-oregon\/#primaryimage\"},\"image\":{\"@id\":\"https:\/\/www.merkley.senate.gov\/wyden-merkley-statement-on-white-house-nomination-of-amy-m-baggio-for-u-s-district-court-in-oregon\/#primaryimage\"},\"thumbnailUrl\":\"https:\/\/www.merkley.senate.gov\/wp-content\/uploads\/2023\/07\/Press-Release-Photo-1.jpeg\",\"datePublished\":\"2023-11-15T16:28:47+00:00\",\"dateModified\":\"2023-11-15T21:23:00+00:00\",\"author\":{\"@id\":\"https:\/\/www.merkley.senate.gov\/#\/schema\/person\/647211487d014f9586207adaa244b273\"},\"breadcrumb\":{\"@id\":\"https:\/\/www.merkley.senate.gov\/wyden-merkley-statement-on-white-house-nomination-of-amy-m-baggio-for-u-s-district-court-in-oregon\/#breadcrumb\"},\"inLanguage\":\"es-MX\",\"potentialAction\":[{\"@type\":\"ReadAction\",\"target\":[\"https:\/\/www.merkley.senate.gov\/wyden-merkley-statement-on-white-house-nomination-of-amy-m-baggio-for-u-s-district-court-in-oregon\/\"]}]},{\"@type\":\"ImageObject\",\"inLanguage\":\"es-MX\",\"@id\":\"https:\/\/www.merkley.senate.gov\/wyden-merkley-statement-on-white-house-nomination-of-amy-m-baggio-for-u-s-district-court-in-oregon\/#primaryimage\",\"url\":\"https:\/\/www.merkley.senate.gov\/wp-content\/uploads\/2023\/07\/Press-Release-Photo-1.jpeg\",\"contentUrl\":\"https:\/\/www.merkley.senate.gov\/wp-content\/uploads\/2023\/07\/Press-Release-Photo-1.jpeg\",\"width\":680,\"height\":357,\"caption\":\"Senator Merkley stands in front of two American flags.\"},{\"@type\":\"BreadcrumbList\",\"@id\":\"https:\/\/www.merkley.senate.gov\/wyden-merkley-statement-on-white-house-nomination-of-amy-m-baggio-for-u-s-district-court-in-oregon\/#breadcrumb\",\"itemListElement\":[{\"@type\":\"ListItem\",\"position\":1,\"name\":\"Home\",\"item\":\"https:\/\/www.merkley.senate.gov\/\"},{\"@type\":\"ListItem\",\"position\":2,\"name\":\"Wyden, Merkley Statement on White House Nomination of Amy M. Baggio for U.S. District Court in Oregon\"}]},{\"@type\":\"WebSite\",\"@id\":\"https:\/\/www.merkley.senate.gov\/#website\",\"url\":\"https:\/\/www.merkley.senate.gov\/\",\"name\":\"Merkley\",\"description\":\"Merkley\",\"potentialAction\":[{\"@type\":\"SearchAction\",\"target\":{\"@type\":\"EntryPoint\",\"urlTemplate\":\"https:\/\/www.merkley.senate.gov\/?s={search_term_string}\"},\"query-input\":{\"@type\":\"PropertyValueSpecification\",\"valueRequired\":true,\"valueName\":\"search_term_string\"}}],\"inLanguage\":\"es-MX\"},{\"@type\":\"Person\",\"@id\":\"https:\/\/www.merkley.senate.gov\/#\/schema\/person\/647211487d014f9586207adaa244b273\",\"name\":\"Maggie Sunstrum\",\"image\":{\"@type\":\"ImageObject\",\"inLanguage\":\"es-MX\",\"@id\":\"https:\/\/secure.gravatar.com\/avatar\/c54144cd1727f285f80decde1044cf3086811b341bb0b3d8e3ff8be1013ec366?s=96&d=mm&r=g\",\"url\":\"https:\/\/secure.gravatar.com\/avatar\/c54144cd1727f285f80decde1044cf3086811b341bb0b3d8e3ff8be1013ec366?s=96&d=mm&r=g\",\"contentUrl\":\"https:\/\/secure.gravatar.com\/avatar\/c54144cd1727f285f80decde1044cf3086811b341bb0b3d8e3ff8be1013ec366?s=96&d=mm&r=g\",\"caption\":\"Maggie Sunstrum\"},\"url\":\"https:\/\/www.merkley.senate.gov\/es\/author\/maggie-sunstrum\/\"}]}<\/script>\n<!-- \/ Yoast SEO plugin. -->","yoast_head_json":{"title":"Wyden, Merkley Statement on White House Nomination of Amy M. Baggio for U.S. District Court in Oregon - Merkley","robots":{"index":"index","follow":"follow","max-snippet":"max-snippet:-1","max-image-preview":"max-image-preview:large","max-video-preview":"max-video-preview:-1"},"canonical":"https:\/\/www.merkley.senate.gov\/es\/wyden-merkley-statement-on-white-house-nomination-of-amy-m-baggio-for-u-s-district-court-in-oregon\/","og_locale":"es_MX","og_type":"article","og_title":"Wyden, Merkley Statement on White House Nomination of Amy M. Baggio for U.S. District Court in Oregon - Merkley","og_description":"Washington, D.C.\u00a0\u2013U.S. Senators Ron Wyden and Jeff Merkley today issued the following statement on the White House nomination of Multnomah County Circuit Court Judge Amy M. Baggio for a seat on the U.S. District Court in Oregon. \u201cJudge Baggio\u2019s experience in our state both on the Multnomah County Circuit Court and as a public defender [&hellip;]","og_url":"https:\/\/www.merkley.senate.gov\/es\/wyden-merkley-statement-on-white-house-nomination-of-amy-m-baggio-for-u-s-district-court-in-oregon\/","og_site_name":"Merkley","article_published_time":"2023-11-15T16:28:47+00:00","article_modified_time":"2023-11-15T21:23:00+00:00","og_image":[{"width":680,"height":357,"url":"https:\/\/www.merkley.senate.gov\/wp-content\/uploads\/2023\/07\/Press-Release-Photo-1.jpeg","type":"image\/jpeg"}],"author":"Maggie Sunstrum","twitter_card":"summary_large_image","twitter_misc":{"Written by":"Maggie Sunstrum","Est. reading time":"1 minute"},"schema":{"@context":"https:\/\/schema.org","@graph":[{"@type":"Article","@id":"https:\/\/www.merkley.senate.gov\/wyden-merkley-statement-on-white-house-nomination-of-amy-m-baggio-for-u-s-district-court-in-oregon\/#article","isPartOf":{"@id":"https:\/\/www.merkley.senate.gov\/wyden-merkley-statement-on-white-house-nomination-of-amy-m-baggio-for-u-s-district-court-in-oregon\/"},"author":{"name":"Maggie Sunstrum","@id":"https:\/\/www.merkley.senate.gov\/#\/schema\/person\/647211487d014f9586207adaa244b273"},"headline":"Wyden, Merkley Statement on White House Nomination of Amy M. Baggio for U.S. District Court in Oregon","datePublished":"2023-11-15T16:28:47+00:00","dateModified":"2023-11-15T21:23:00+00:00","mainEntityOfPage":{"@id":"https:\/\/www.merkley.senate.gov\/wyden-merkley-statement-on-white-house-nomination-of-amy-m-baggio-for-u-s-district-court-in-oregon\/"},"wordCount":122,"image":{"@id":"https:\/\/www.merkley.senate.gov\/wyden-merkley-statement-on-white-house-nomination-of-amy-m-baggio-for-u-s-district-court-in-oregon\/#primaryimage"},"thumbnailUrl":"https:\/\/www.merkley.senate.gov\/wp-content\/uploads\/2023\/07\/Press-Release-Photo-1.jpeg","keywords":["Delivering for Oregon"],"articleSection":["Press Releases"],"inLanguage":"es-MX"},{"@type":"WebPage","@id":"https:\/\/www.merkley.senate.gov\/wyden-merkley-statement-on-white-house-nomination-of-amy-m-baggio-for-u-s-district-court-in-oregon\/","url":"https:\/\/www.merkley.senate.gov\/wyden-merkley-statement-on-white-house-nomination-of-amy-m-baggio-for-u-s-district-court-in-oregon\/","name":"Wyden, Merkley Statement on White House Nomination of Amy M. Baggio for U.S. District Court in Oregon - Merkley","isPartOf":{"@id":"https:\/\/www.merkley.senate.gov\/#website"},"primaryImageOfPage":{"@id":"https:\/\/www.merkley.senate.gov\/wyden-merkley-statement-on-white-house-nomination-of-amy-m-baggio-for-u-s-district-court-in-oregon\/#primaryimage"},"image":{"@id":"https:\/\/www.merkley.senate.gov\/wyden-merkley-statement-on-white-house-nomination-of-amy-m-baggio-for-u-s-district-court-in-oregon\/#primaryimage"},"thumbnailUrl":"https:\/\/www.merkley.senate.gov\/wp-content\/uploads\/2023\/07\/Press-Release-Photo-1.jpeg","datePublished":"2023-11-15T16:28:47+00:00","dateModified":"2023-11-15T21:23:00+00:00","author":{"@id":"https:\/\/www.merkley.senate.gov\/#\/schema\/person\/647211487d014f9586207adaa244b273"},"breadcrumb":{"@id":"https:\/\/www.merkley.senate.gov\/wyden-merkley-statement-on-white-house-nomination-of-amy-m-baggio-for-u-s-district-court-in-oregon\/#breadcrumb"},"inLanguage":"es-MX","potentialAction":[{"@type":"ReadAction","target":["https:\/\/www.merkley.senate.gov\/wyden-merkley-statement-on-white-house-nomination-of-amy-m-baggio-for-u-s-district-court-in-oregon\/"]}]},{"@type":"ImageObject","inLanguage":"es-MX","@id":"https:\/\/www.merkley.senate.gov\/wyden-merkley-statement-on-white-house-nomination-of-amy-m-baggio-for-u-s-district-court-in-oregon\/#primaryimage","url":"https:\/\/www.merkley.senate.gov\/wp-content\/uploads\/2023\/07\/Press-Release-Photo-1.jpeg","contentUrl":"https:\/\/www.merkley.senate.gov\/wp-content\/uploads\/2023\/07\/Press-Release-Photo-1.jpeg","width":680,"height":357,"caption":"Senator Merkley stands in front of two American flags."},{"@type":"BreadcrumbList","@id":"https:\/\/www.merkley.senate.gov\/wyden-merkley-statement-on-white-house-nomination-of-amy-m-baggio-for-u-s-district-court-in-oregon\/#breadcrumb","itemListElement":[{"@type":"ListItem","position":1,"name":"Home","item":"https:\/\/www.merkley.senate.gov\/"},{"@type":"ListItem","position":2,"name":"Wyden, Merkley Statement on White House Nomination of Amy M. Baggio for U.S. District Court in Oregon"}]},{"@type":"WebSite","@id":"https:\/\/www.merkley.senate.gov\/#website","url":"https:\/\/www.merkley.senate.gov\/","name":"merkley","description":"merkley","potentialAction":[{"@type":"SearchAction","target":{"@type":"EntryPoint","urlTemplate":"https:\/\/www.merkley.senate.gov\/?s={search_term_string}"},"query-input":{"@type":"PropertyValueSpecification","valueRequired":true,"valueName":"search_term_string"}}],"inLanguage":"es-MX"},{"@type":"Person","@id":"https:\/\/www.merkley.senate.gov\/#\/schema\/person\/647211487d014f9586207adaa244b273","name":"Maggie Sunstrum","image":{"@type":"ImageObject","inLanguage":"es-MX","@id":"https:\/\/secure.gravatar.com\/avatar\/c54144cd1727f285f80decde1044cf3086811b341bb0b3d8e3ff8be1013ec366?s=96&d=mm&r=g","url":"https:\/\/secure.gravatar.com\/avatar\/c54144cd1727f285f80decde1044cf3086811b341bb0b3d8e3ff8be1013ec366?s=96&d=mm&r=g","contentUrl":"https:\/\/secure.gravatar.com\/avatar\/c54144cd1727f285f80decde1044cf3086811b341bb0b3d8e3ff8be1013ec366?s=96&d=mm&r=g","caption":"Maggie Sunstrum"},"url":"https:\/\/www.merkley.senate.gov\/es\/author\/maggie-sunstrum\/"}]}},"_links":{"self":[{"href":"https:\/\/www.merkley.senate.gov\/es\/wp-json\/wp\/v2\/posts\/18025","targetHints":{"allow":["GET"]}}],"collection":[{"href":"https:\/\/www.merkley.senate.gov\/es\/wp-json\/wp\/v2\/posts"}],"about":[{"href":"https:\/\/www.merkley.senate.gov\/es\/wp-json\/wp\/v2\/types\/post"}],"author":[{"embeddable":true,"href":"https:\/\/www.merkley.senate.gov\/es\/wp-json\/wp\/v2\/users\/10"}],"replies":[{"embeddable":true,"href":"https:\/\/www.merkley.senate.gov\/es\/wp-json\/wp\/v2\/comments?post=18025"}],"version-history":[{"count":1,"href":"https:\/\/www.merkley.senate.gov\/es\/wp-json\/wp\/v2\/posts\/18025\/revisions"}],"predecessor-version":[{"id":18026,"href":"https:\/\/www.merkley.senate.gov\/es\/wp-json\/wp\/v2\/posts\/18025\/revisions\/18026"}],"wp:featuredmedia":[{"embeddable":true,"href":"https:\/\/www.merkley.senate.gov\/es\/wp-json\/wp\/v2\/media\/17051"}],"wp:attachment":[{"href":"https:\/\/www.merkley.senate.gov\/es\/wp-json\/wp\/v2\/media?parent=18025"}],"wp:term":[{"taxonomy":"category","embeddable":true,"href":"https:\/\/www.merkley.senate.gov\/es\/wp-json\/wp\/v2\/categories?post=18025"},{"taxonomy":"post_tag","embeddable":true,"href":"https:\/\/www.merkley.senate.gov\/es\/wp-json\/wp\/v2\/tags?post=18025"}],"curies":[{"name":"wp","href":"https:\/\/api.w.org\/{rel}","templated":true}]}}