{"id":18114,"date":"2023-10-12T14:47:00","date_gmt":"2023-10-12T18:47:00","guid":{"rendered":"https:\/\/www.merkley.senate.gov\/?p=18114"},"modified":"2023-12-01T15:09:00","modified_gmt":"2023-12-01T20:09:00","slug":"wyden-merkley-colleagues-urge-immediate-action-on-wildland-firefighter-pay-reform-2","status":"publish","type":"post","link":"https:\/\/www.merkley.senate.gov\/es\/wyden-merkley-colleagues-urge-immediate-action-on-wildland-firefighter-pay-reform-2\/","title":{"rendered":"Wyden, Merkley y sus colegas instan a tomar medidas inmediatas sobre la reforma salarial de los bomberos forestales"},"content":{"rendered":"<p><a href=\"https:\/\/theworldlink.com\/news\/local\/wyden-merkley-colleagues-urge-immediate-action-on-wildland-firefighter-pay-reform\/article_df4f49f6-6928-11ee-bee9-cfe659142964.html\" target=\"_blank\" rel=\"noreferrer noopener\">El mundo<\/a><\/p>\n\n\n\n<p>Los senadores estadounidenses Ron Wyden, Jeff Merkley y sus colegas del Senado pidieron esta semana al l\u00edder de la mayor\u00eda del Senado, Chuck Schumer, DN.Y., que avance en una reforma salarial integral y permanente para los bomberos forestales en Oregon y en todo el pa\u00eds, ya que los aumentos salariales temporales est\u00e1n a punto de terminar.<\/p>\n\n\n\n<p>\u201cLos bomberos merecen un salario justo, apoyo para su salud f\u00edsica y mental y tiempo para recuperarse de su peligroso trabajo. En un futuro con incendios forestales cada vez m\u00e1s catastr\u00f3ficos, el Congreso no puede retrasar y negar las necesidades cr\u00edticas de esta fuerza laboral\u201d, escribieron los senadores. &nbsp;<\/p>\n\n\n\n<p>Se autoriz\u00f3 un aumento salarial temporal en la Ley de Empleo e Inversi\u00f3n en Infraestructura (IIJA), pero se requiere nueva legislaci\u00f3n para proporcionar un aumento permanente al salario de los bomberos. El Senador Merkley, en su calidad de presidente del Subcomit\u00e9 de Asignaciones Interiores, asegur\u00f3 que se incluyera una disposici\u00f3n que mantuviera el programa IIJA para m\u00e1s de 20,000 bomberos federales en la Resoluci\u00f3n Continua bipartidista propuesta por el Senado para extender la financiaci\u00f3n gubernamental hasta el 17 de noviembre, y los Senadores Merkley y Wyden contin\u00faan presionando para lograr una soluci\u00f3n permanente.<\/p>\n\n\n\n<p>En su carta, Wyden y Merkley se\u00f1alaron que la creciente amenaza que representan los incendios forestales ha contribuido a los desaf\u00edos de reclutamiento y retenci\u00f3n de bomberos, incluidos bajos salarios, viviendas inasequibles y tensiones en la salud mental.<\/p>\n\n\n\n<p>\u201cEstamos agradecidos por la valent\u00eda de nuestros bomberos forestales. Seguimos comprometidos a lograr una reforma salarial integral y permanente para nuestros bomberos forestales para fines de este a\u00f1o fiscal\u201d, concluyeron los senadores.<\/p>\n\n\n\n<p>La carta fue encabezada por el senador estadounidense Michael Bennet, dem\u00f3crata por Colo. Adem\u00e1s de Wyden y Merkley, la carta fue firmada por los senadores estadounidenses Ben Ray Luj\u00e1n, DN.M., Mark Kelly, dem\u00f3crata por Arizona, Angus King, I-Maine, John Hickenlooper, dem\u00f3crata por Colorado, Jacky Rosen, dem\u00f3crata por Nevada, Catherine Cortez Masto, dem\u00f3crata por Nevada, Jeanne Shaheen, DN.H., Martin Heinrich, DN.M. y Amy Klobuchar, dem\u00f3crata por Minnesota.<\/p>","protected":false},"excerpt":{"rendered":"<p>The World U.S. Senators Ron Wyden, Jeff Merkley and Senate colleagues this week called on Senate Majority Leader Chuck Schumer, D-N.Y., to advance permanent, comprehensive pay reform for wildland firefighters in Oregon and nationwide as temporary pay increases are set to end. &#8220;Firefighters deserve fair pay, support for their mental and physical health, and time [&hellip;]<\/p>\n","protected":false},"author":15,"featured_media":0,"comment_status":"closed","ping_status":"closed","sticky":false,"template":"","format":"standard","meta":{"_acf_changed":false,"inline_featured_image":false,"footnotes":""},"categories":[26],"tags":[],"class_list":["post-18114","post","type-post","status-publish","format-standard","hentry","category-in-the-news"],"acf":[],"yoast_head":"<!-- This site is optimized with the Yoast SEO plugin v27.2 - https:\/\/yoast.com\/product\/yoast-seo-wordpress\/ -->\n<title>Wyden, Merkley, colleagues urge immediate action on wildland firefighter pay reform - Merkley<\/title>\n<meta name=\"robots\" content=\"index, follow, max-snippet:-1, max-image-preview:large, max-video-preview:-1\" \/>\n<link rel=\"canonical\" href=\"https:\/\/www.merkley.senate.gov\/es\/wyden-merkley-colleagues-urge-immediate-action-on-wildland-firefighter-pay-reform-2\/\" \/>\n<meta property=\"og:locale\" content=\"es_MX\" \/>\n<meta property=\"og:type\" content=\"article\" \/>\n<meta property=\"og:title\" content=\"Wyden, Merkley, colleagues urge immediate action on wildland firefighter pay reform - Merkley\" \/>\n<meta property=\"og:description\" content=\"The World U.S. Senators Ron Wyden, Jeff Merkley and Senate colleagues this week called on Senate Majority Leader Chuck Schumer, D-N.Y., to advance permanent, comprehensive pay reform for wildland firefighters in Oregon and nationwide as temporary pay increases are set to end. &#8220;Firefighters deserve fair pay, support for their mental and physical health, and time [&hellip;]\" \/>\n<meta property=\"og:url\" content=\"https:\/\/www.merkley.senate.gov\/es\/wyden-merkley-colleagues-urge-immediate-action-on-wildland-firefighter-pay-reform-2\/\" \/>\n<meta property=\"og:site_name\" content=\"Merkley\" \/>\n<meta property=\"article:published_time\" content=\"2023-10-12T18:47:00+00:00\" \/>\n<meta property=\"article:modified_time\" content=\"2023-12-01T20:09:00+00:00\" \/>\n<meta name=\"author\" content=\"Lauren Denham\" \/>\n<meta name=\"twitter:card\" content=\"summary_large_image\" \/>\n<meta name=\"twitter:label1\" content=\"Written by\" \/>\n\t<meta name=\"twitter:data1\" content=\"Lauren Denham\" \/>\n\t<meta name=\"twitter:label2\" content=\"Est. reading time\" \/>\n\t<meta name=\"twitter:data2\" content=\"2 minutes\" \/>\n<script type=\"application\/ld+json\" class=\"yoast-schema-graph\">{\"@context\":\"https:\/\/schema.org\",\"@graph\":[{\"@type\":\"Article\",\"@id\":\"https:\/\/www.merkley.senate.gov\/wyden-merkley-colleagues-urge-immediate-action-on-wildland-firefighter-pay-reform-2\/#article\",\"isPartOf\":{\"@id\":\"https:\/\/www.merkley.senate.gov\/wyden-merkley-colleagues-urge-immediate-action-on-wildland-firefighter-pay-reform-2\/\"},\"author\":{\"name\":\"Lauren Denham\",\"@id\":\"https:\/\/www.merkley.senate.gov\/#\/schema\/person\/de92de2a17fa790d379e7caad8e6ae01\"},\"headline\":\"Wyden, Merkley, colleagues urge immediate action on wildland firefighter pay reform\",\"datePublished\":\"2023-10-12T18:47:00+00:00\",\"dateModified\":\"2023-12-01T20:09:00+00:00\",\"mainEntityOfPage\":{\"@id\":\"https:\/\/www.merkley.senate.gov\/wyden-merkley-colleagues-urge-immediate-action-on-wildland-firefighter-pay-reform-2\/\"},\"wordCount\":298,\"articleSection\":[\"In the News\"],\"inLanguage\":\"es-MX\"},{\"@type\":\"WebPage\",\"@id\":\"https:\/\/www.merkley.senate.gov\/wyden-merkley-colleagues-urge-immediate-action-on-wildland-firefighter-pay-reform-2\/\",\"url\":\"https:\/\/www.merkley.senate.gov\/wyden-merkley-colleagues-urge-immediate-action-on-wildland-firefighter-pay-reform-2\/\",\"name\":\"Wyden, Merkley, colleagues urge immediate action on wildland firefighter pay reform - Merkley\",\"isPartOf\":{\"@id\":\"https:\/\/www.merkley.senate.gov\/#website\"},\"datePublished\":\"2023-10-12T18:47:00+00:00\",\"dateModified\":\"2023-12-01T20:09:00+00:00\",\"author\":{\"@id\":\"https:\/\/www.merkley.senate.gov\/#\/schema\/person\/de92de2a17fa790d379e7caad8e6ae01\"},\"breadcrumb\":{\"@id\":\"https:\/\/www.merkley.senate.gov\/wyden-merkley-colleagues-urge-immediate-action-on-wildland-firefighter-pay-reform-2\/#breadcrumb\"},\"inLanguage\":\"es-MX\",\"potentialAction\":[{\"@type\":\"ReadAction\",\"target\":[\"https:\/\/www.merkley.senate.gov\/wyden-merkley-colleagues-urge-immediate-action-on-wildland-firefighter-pay-reform-2\/\"]}]},{\"@type\":\"BreadcrumbList\",\"@id\":\"https:\/\/www.merkley.senate.gov\/wyden-merkley-colleagues-urge-immediate-action-on-wildland-firefighter-pay-reform-2\/#breadcrumb\",\"itemListElement\":[{\"@type\":\"ListItem\",\"position\":1,\"name\":\"Home\",\"item\":\"https:\/\/www.merkley.senate.gov\/\"},{\"@type\":\"ListItem\",\"position\":2,\"name\":\"Wyden, Merkley, colleagues urge immediate action on wildland firefighter pay reform\"}]},{\"@type\":\"WebSite\",\"@id\":\"https:\/\/www.merkley.senate.gov\/#website\",\"url\":\"https:\/\/www.merkley.senate.gov\/\",\"name\":\"Merkley\",\"description\":\"Merkley\",\"potentialAction\":[{\"@type\":\"SearchAction\",\"target\":{\"@type\":\"EntryPoint\",\"urlTemplate\":\"https:\/\/www.merkley.senate.gov\/?s={search_term_string}\"},\"query-input\":{\"@type\":\"PropertyValueSpecification\",\"valueRequired\":true,\"valueName\":\"search_term_string\"}}],\"inLanguage\":\"es-MX\"},{\"@type\":\"Person\",\"@id\":\"https:\/\/www.merkley.senate.gov\/#\/schema\/person\/de92de2a17fa790d379e7caad8e6ae01\",\"name\":\"Lauren Denham\",\"image\":{\"@type\":\"ImageObject\",\"inLanguage\":\"es-MX\",\"@id\":\"https:\/\/secure.gravatar.com\/avatar\/25a4ee8e86f2359e4cde5aff12e7978900940e3e153b479f354e5fb6cb5c8013?s=96&d=mm&r=g\",\"url\":\"https:\/\/secure.gravatar.com\/avatar\/25a4ee8e86f2359e4cde5aff12e7978900940e3e153b479f354e5fb6cb5c8013?s=96&d=mm&r=g\",\"contentUrl\":\"https:\/\/secure.gravatar.com\/avatar\/25a4ee8e86f2359e4cde5aff12e7978900940e3e153b479f354e5fb6cb5c8013?s=96&d=mm&r=g\",\"caption\":\"Lauren Denham\"},\"url\":\"https:\/\/www.merkley.senate.gov\/es\/author\/lauren-denham\/\"}]}<\/script>\n<!-- \/ Yoast SEO plugin. -->","yoast_head_json":{"title":"Wyden, Merkley, colleagues urge immediate action on wildland firefighter pay reform - Merkley","robots":{"index":"index","follow":"follow","max-snippet":"max-snippet:-1","max-image-preview":"max-image-preview:large","max-video-preview":"max-video-preview:-1"},"canonical":"https:\/\/www.merkley.senate.gov\/es\/wyden-merkley-colleagues-urge-immediate-action-on-wildland-firefighter-pay-reform-2\/","og_locale":"es_MX","og_type":"article","og_title":"Wyden, Merkley, colleagues urge immediate action on wildland firefighter pay reform - Merkley","og_description":"The World U.S. Senators Ron Wyden, Jeff Merkley and Senate colleagues this week called on Senate Majority Leader Chuck Schumer, D-N.Y., to advance permanent, comprehensive pay reform for wildland firefighters in Oregon and nationwide as temporary pay increases are set to end. &#8220;Firefighters deserve fair pay, support for their mental and physical health, and time [&hellip;]","og_url":"https:\/\/www.merkley.senate.gov\/es\/wyden-merkley-colleagues-urge-immediate-action-on-wildland-firefighter-pay-reform-2\/","og_site_name":"Merkley","article_published_time":"2023-10-12T18:47:00+00:00","article_modified_time":"2023-12-01T20:09:00+00:00","author":"Lauren Denham","twitter_card":"summary_large_image","twitter_misc":{"Written by":"Lauren Denham","Est. reading time":"2 minutes"},"schema":{"@context":"https:\/\/schema.org","@graph":[{"@type":"Article","@id":"https:\/\/www.merkley.senate.gov\/wyden-merkley-colleagues-urge-immediate-action-on-wildland-firefighter-pay-reform-2\/#article","isPartOf":{"@id":"https:\/\/www.merkley.senate.gov\/wyden-merkley-colleagues-urge-immediate-action-on-wildland-firefighter-pay-reform-2\/"},"author":{"name":"Lauren Denham","@id":"https:\/\/www.merkley.senate.gov\/#\/schema\/person\/de92de2a17fa790d379e7caad8e6ae01"},"headline":"Wyden, Merkley, colleagues urge immediate action on wildland firefighter pay reform","datePublished":"2023-10-12T18:47:00+00:00","dateModified":"2023-12-01T20:09:00+00:00","mainEntityOfPage":{"@id":"https:\/\/www.merkley.senate.gov\/wyden-merkley-colleagues-urge-immediate-action-on-wildland-firefighter-pay-reform-2\/"},"wordCount":298,"articleSection":["In the News"],"inLanguage":"es-MX"},{"@type":"WebPage","@id":"https:\/\/www.merkley.senate.gov\/wyden-merkley-colleagues-urge-immediate-action-on-wildland-firefighter-pay-reform-2\/","url":"https:\/\/www.merkley.senate.gov\/wyden-merkley-colleagues-urge-immediate-action-on-wildland-firefighter-pay-reform-2\/","name":"Wyden, Merkley, colleagues urge immediate action on wildland firefighter pay reform - Merkley","isPartOf":{"@id":"https:\/\/www.merkley.senate.gov\/#website"},"datePublished":"2023-10-12T18:47:00+00:00","dateModified":"2023-12-01T20:09:00+00:00","author":{"@id":"https:\/\/www.merkley.senate.gov\/#\/schema\/person\/de92de2a17fa790d379e7caad8e6ae01"},"breadcrumb":{"@id":"https:\/\/www.merkley.senate.gov\/wyden-merkley-colleagues-urge-immediate-action-on-wildland-firefighter-pay-reform-2\/#breadcrumb"},"inLanguage":"es-MX","potentialAction":[{"@type":"ReadAction","target":["https:\/\/www.merkley.senate.gov\/wyden-merkley-colleagues-urge-immediate-action-on-wildland-firefighter-pay-reform-2\/"]}]},{"@type":"BreadcrumbList","@id":"https:\/\/www.merkley.senate.gov\/wyden-merkley-colleagues-urge-immediate-action-on-wildland-firefighter-pay-reform-2\/#breadcrumb","itemListElement":[{"@type":"ListItem","position":1,"name":"Home","item":"https:\/\/www.merkley.senate.gov\/"},{"@type":"ListItem","position":2,"name":"Wyden, Merkley, colleagues urge immediate action on wildland firefighter pay reform"}]},{"@type":"WebSite","@id":"https:\/\/www.merkley.senate.gov\/#website","url":"https:\/\/www.merkley.senate.gov\/","name":"merkley","description":"merkley","potentialAction":[{"@type":"SearchAction","target":{"@type":"EntryPoint","urlTemplate":"https:\/\/www.merkley.senate.gov\/?s={search_term_string}"},"query-input":{"@type":"PropertyValueSpecification","valueRequired":true,"valueName":"search_term_string"}}],"inLanguage":"es-MX"},{"@type":"Person","@id":"https:\/\/www.merkley.senate.gov\/#\/schema\/person\/de92de2a17fa790d379e7caad8e6ae01","name":"Lauren Denham","image":{"@type":"ImageObject","inLanguage":"es-MX","@id":"https:\/\/secure.gravatar.com\/avatar\/25a4ee8e86f2359e4cde5aff12e7978900940e3e153b479f354e5fb6cb5c8013?s=96&d=mm&r=g","url":"https:\/\/secure.gravatar.com\/avatar\/25a4ee8e86f2359e4cde5aff12e7978900940e3e153b479f354e5fb6cb5c8013?s=96&d=mm&r=g","contentUrl":"https:\/\/secure.gravatar.com\/avatar\/25a4ee8e86f2359e4cde5aff12e7978900940e3e153b479f354e5fb6cb5c8013?s=96&d=mm&r=g","caption":"Lauren Denham"},"url":"https:\/\/www.merkley.senate.gov\/es\/author\/lauren-denham\/"}]}},"_links":{"self":[{"href":"https:\/\/www.merkley.senate.gov\/es\/wp-json\/wp\/v2\/posts\/18114","targetHints":{"allow":["GET"]}}],"collection":[{"href":"https:\/\/www.merkley.senate.gov\/es\/wp-json\/wp\/v2\/posts"}],"about":[{"href":"https:\/\/www.merkley.senate.gov\/es\/wp-json\/wp\/v2\/types\/post"}],"author":[{"embeddable":true,"href":"https:\/\/www.merkley.senate.gov\/es\/wp-json\/wp\/v2\/users\/15"}],"replies":[{"embeddable":true,"href":"https:\/\/www.merkley.senate.gov\/es\/wp-json\/wp\/v2\/comments?post=18114"}],"version-history":[{"count":1,"href":"https:\/\/www.merkley.senate.gov\/es\/wp-json\/wp\/v2\/posts\/18114\/revisions"}],"predecessor-version":[{"id":18115,"href":"https:\/\/www.merkley.senate.gov\/es\/wp-json\/wp\/v2\/posts\/18114\/revisions\/18115"}],"wp:attachment":[{"href":"https:\/\/www.merkley.senate.gov\/es\/wp-json\/wp\/v2\/media?parent=18114"}],"wp:term":[{"taxonomy":"category","embeddable":true,"href":"https:\/\/www.merkley.senate.gov\/es\/wp-json\/wp\/v2\/categories?post=18114"},{"taxonomy":"post_tag","embeddable":true,"href":"https:\/\/www.merkley.senate.gov\/es\/wp-json\/wp\/v2\/tags?post=18114"}],"curies":[{"name":"wp","href":"https:\/\/api.w.org\/{rel}","templated":true}]}}