{"id":18219,"date":"2023-12-15T20:08:43","date_gmt":"2023-12-16T01:08:43","guid":{"rendered":"https:\/\/www.merkley.senate.gov\/?p=18219"},"modified":"2024-03-05T17:51:01","modified_gmt":"2024-03-05T22:51:01","slug":"oregon-officials-statements-on-600-million-federal-award-for-interstate-bridge-replacement-project","status":"publish","type":"post","link":"https:\/\/www.merkley.senate.gov\/es\/oregon-officials-statements-on-600-million-federal-award-for-interstate-bridge-replacement-project\/","title":{"rendered":"Declaraciones de funcionarios de Oreg\u00f3n sobre la adjudicaci\u00f3n federal de $600 millones para el proyecto de reemplazo del puente interestatal"},"content":{"rendered":"<h2 class=\"wp-block-heading\"><em>Wyden, Merkley, Kotek, Blumenauer, Bonamici y el director de ODOT eval\u00faan el impacto de la financiaci\u00f3n para el puente de reemplazo de la I-5<\/em><\/h2>\n\n\n\n<blockquote class=\"wp-block-quote is-layout-flow wp-block-quote-is-layout-flow\">\n<p><strong><em>Washington DC<\/em><\/strong>&nbsp;\u2013 Los senadores estadounidenses Ron Wyden y Jeff Merkley, la gobernadora Tina Kotek, los representantes estadounidenses Earl Blumenauer y Suzanne Bonamici, as\u00ed como el Departamento de Transporte de Oreg\u00f3n, emitieron las siguientes declaraciones sobre la adjudicaci\u00f3n de hoy de $600 millones del Departamento de Transporte de Estados Unidos a la Interestatal. Proyecto de sustituci\u00f3n de 5 puentes.<\/p>\n<\/blockquote>\n\n\n\n<blockquote class=\"wp-block-quote is-layout-flow wp-block-quote-is-layout-flow\">\n<p>&quot;El pago inicial de $600 millones de hoy para la inversi\u00f3n federal necesaria para el puente interestatal es una buena noticia para el tr\u00e1fico de mercanc\u00edas en Oreg\u00f3n y en todo el noroeste, adem\u00e1s de \u00fatil para los viajeros&quot;.\u00a0<strong>dijo Wyden.<\/strong>\u00a0\u201cLos empleos y la econom\u00eda de Oregon son grandes ganadores con un puente interestatal moderno. Estoy totalmente de acuerdo con ver este proyecto vital hasta su finalizaci\u00f3n con la ayuda continua de los d\u00f3lares de los impuestos federales y sin que ning\u00fan nuevo costo de peaje recaiga sobre los automovilistas de Oreg\u00f3n, muchos de los cuales ya est\u00e1n luchando para llegar a fin de mes. Tambi\u00e9n espero seguir adelante para buscar todas las opciones disponibles para asegurar la inversi\u00f3n federal necesaria para que el Puerto de Coos Bay logre su innovador proyecto de terminal de contenedores, que tiene el poder de cambiar el futuro econ\u00f3mico de la Costa Sur y de todo nuestro estado. &quot;<\/p>\n<\/blockquote>\n\n\n\n<blockquote class=\"wp-block-quote is-layout-flow wp-block-quote-is-layout-flow\">\n<p>\u201c\u00a1Qu\u00e9 d\u00eda tan hist\u00f3rico! El Proyecto de Reemplazo del Puente I-5 que recibe una mega subvenci\u00f3n de USDOT de $600 millones no solo es un punto de inflexi\u00f3n para los habitantes de Oreg\u00f3n, quienes pronto tendr\u00e1n opciones de transporte ampliadas para cruzar el r\u00edo Columbia, sino tambi\u00e9n una gran victoria para nuestra econom\u00eda, ya que el proyecto generar\u00e1 muchos beneficios. pagar empleos sindicales\u201d,\u00a0<strong>dijo Merkley.\u00a0<\/strong>\u201cEsta financiaci\u00f3n federal asegurada a trav\u00e9s del hist\u00f3rico\u00a0<em>Ley de Infraestructura Bipartidista<\/em>\u00a0es el resultado de un intenso trabajo en equipo bipartidista y un gran paso adelante para realizar un proyecto largamente buscado que aumentar\u00e1 la resiliencia s\u00edsmica en la regi\u00f3n y garantizar\u00e1 un transporte m\u00e1s seguro, r\u00e1pido y confiable para las generaciones venideras. Tambi\u00e9n seguir\u00e9 luchando por el transformador proyecto del puerto de contenedores de Coos Bay, que ser\u00eda una gran victoria para la regi\u00f3n y la naci\u00f3n\u201d.<\/p>\n<\/blockquote>\n\n\n\n<blockquote class=\"wp-block-quote is-layout-flow wp-block-quote-is-layout-flow\">\n<p>&quot;Este es un gran momento para el noroeste del Pac\u00edfico y demuestra la importancia nacional de este esfuerzo&quot;.\u00a0<strong>Dijo Kotek.<\/strong>\u00a0\u201cReemplazar el Puente Interestatal es una inversi\u00f3n en infraestructura cr\u00edtica para nuestras comunidades locales, dos estados y toda la Costa Oeste. Este proyecto ayudar\u00e1 a avanzar en nuestro objetivo de reducir las emisiones a trav\u00e9s de un puente multimodal moderno y proporcionar\u00e1 una inyecci\u00f3n de fondos federales a nuestra regi\u00f3n que respaldar\u00e1 empleos locales y oportunidades laborales m\u00e1s amplias\u201d.<\/p>\n<\/blockquote>\n\n\n\n<blockquote class=\"wp-block-quote is-layout-flow wp-block-quote-is-layout-flow\">\n<p>&quot;Esta inversi\u00f3n no se habr\u00eda realizado sin el fuerte compromiso del presidente Biden y de los dem\u00f3cratas del Congreso con la reconstrucci\u00f3n y renovaci\u00f3n de Estados Unidos&quot;.<strong>\u00a0dijo Blumenauer.\u00a0<\/strong>\u201cEl puente I-5 es un v\u00ednculo fundamental para las personas y el comercio y debe ser reemplazado para resistir un terremoto importante. Nos acerca un paso m\u00e1s a conectar Portland y Vancouver con un tren ligero y carriles seguros para peatones y ciclistas: inversiones que marcar\u00e1n una diferencia real para nuestro clima\u201d.<\/p>\n<\/blockquote>\n\n\n\n<blockquote class=\"wp-block-quote is-layout-flow wp-block-quote-is-layout-flow\">\n<p>&quot;El Puente Interestatal es una parte integral de nuestra econom\u00eda regional y conecta a las comunidades a lo largo del r\u00edo Columbia&quot;.\u00a0<strong>dijo Bonamici.\u00a0<\/strong>\u201cHe abogado durante mucho tiempo por recursos federales para actualizar este puente de modo que pueda proporcionar una conexi\u00f3n segura para los viajeros y el transporte p\u00fablico en el futuro. Esta financiaci\u00f3n es una gran noticia para la gente del noroeste de Oreg\u00f3n y para toda nuestra regi\u00f3n\u201d.<\/p>\n<\/blockquote>\n\n\n\n<p>Los $600 millones para el proyecto del Puente Interestatal se destinar\u00e1n a un reemplazo s\u00edsmico del puente I-5 sobre el r\u00edo Columbia, que conecta Vancouver, Washington con Portland, Oreg\u00f3n. El nuevo puente incluir\u00e1 mejoras en el tr\u00e1nsito, como un servicio adicional de tren ligero, un servicio mejorado de autobuses expresos de cero emisiones y la expansi\u00f3n de las redes de transporte activo.<\/p>\n\n\n\n<blockquote class=\"wp-block-quote is-layout-flow wp-block-quote-is-layout-flow\">\n<p>&quot;Estoy encantado de ver el fuerte apoyo federal que demuestra esta subvenci\u00f3n&quot;.\u00a0<strong>dijo el director de ODOT, Kris Strickler.\u00a0<\/strong>\u201cHabla de la asociaci\u00f3n actual y la naturaleza colaborativa en toda la regi\u00f3n y se basa en el impulso de los compromisos $1 mil millones de las Legislaturas de Oreg\u00f3n y Washington. Esto no habr\u00eda sido posible sin el apoyo tanto de nuestra delegaci\u00f3n federal como de nuestros socios locales, que garantizar\u00e1n que tengamos un corredor multimodal, seguro y resistente a los terremotos que beneficiar\u00e1 a nuestra regi\u00f3n durante d\u00e9cadas en el futuro\u201d.<\/p>\n<\/blockquote>\n\n\n\n<p>Una versi\u00f3n web de este comunicado es&nbsp;<a href=\"https:\/\/www.wyden.senate.gov\/news\/press-releases\/oregon-officials-statements-on-600-million-federal-award-for-interstate-bridge-replacement-project\">aqu\u00ed<\/a>.<\/p>\n\n\n\n<p class=\"has-text-align-center\">###<\/p>","protected":false},"excerpt":{"rendered":"<p>Wyden, Merkley, Kotek, Blumenauer, Bonamici and ODOT Director assess impact of funding for I-5 replacement bridge Washington, D.C.&nbsp;\u2013 U.S. Sens. Ron Wyden and Jeff Merkley, Gov. Tina Kotek, U.S. Reps. Earl Blumenauer and Suzanne Bonamici as well as the Oregon Department of Transportation issued the following statements about today\u2019s $600 million award from the U.S. [&hellip;]<\/p>\n","protected":false},"author":13,"featured_media":0,"comment_status":"closed","ping_status":"closed","sticky":false,"template":"","format":"standard","meta":{"_acf_changed":false,"inline_featured_image":false,"footnotes":""},"categories":[24],"tags":[118,44],"class_list":["post-18219","post","type-post","status-publish","format-standard","hentry","category-press-releases","tag-delivering-for-oregon","tag-jobs-and-the-economy"],"acf":[],"yoast_head":"<!-- This site is optimized with the Yoast SEO plugin v27.2 - https:\/\/yoast.com\/product\/yoast-seo-wordpress\/ -->\n<title>Oregon Officials\u2019 Statements on $600 Million Federal Award for Interstate Bridge Replacement Project - Merkley<\/title>\n<meta name=\"robots\" content=\"index, follow, max-snippet:-1, max-image-preview:large, max-video-preview:-1\" \/>\n<link rel=\"canonical\" href=\"https:\/\/www.merkley.senate.gov\/es\/oregon-officials-statements-on-600-million-federal-award-for-interstate-bridge-replacement-project\/\" \/>\n<meta property=\"og:locale\" content=\"es_MX\" \/>\n<meta property=\"og:type\" content=\"article\" \/>\n<meta property=\"og:title\" content=\"Oregon Officials\u2019 Statements on $600 Million Federal Award for Interstate Bridge Replacement Project - Merkley\" \/>\n<meta property=\"og:description\" content=\"Wyden, Merkley, Kotek, Blumenauer, Bonamici and ODOT Director assess impact of funding for I-5 replacement bridge Washington, D.C.&nbsp;\u2013 U.S. Sens. Ron Wyden and Jeff Merkley, Gov. Tina Kotek, U.S. Reps. Earl Blumenauer and Suzanne Bonamici as well as the Oregon Department of Transportation issued the following statements about today\u2019s $600 million award from the U.S. [&hellip;]\" \/>\n<meta property=\"og:url\" content=\"https:\/\/www.merkley.senate.gov\/es\/oregon-officials-statements-on-600-million-federal-award-for-interstate-bridge-replacement-project\/\" \/>\n<meta property=\"og:site_name\" content=\"Merkley\" \/>\n<meta property=\"article:published_time\" content=\"2023-12-16T01:08:43+00:00\" \/>\n<meta property=\"article:modified_time\" content=\"2024-03-05T22:51:01+00:00\" \/>\n<meta name=\"author\" content=\"Molly Prescott\" \/>\n<meta name=\"twitter:card\" content=\"summary_large_image\" \/>\n<meta name=\"twitter:label1\" content=\"Written by\" \/>\n\t<meta name=\"twitter:data1\" content=\"Molly Prescott\" \/>\n\t<meta name=\"twitter:label2\" content=\"Est. reading time\" \/>\n\t<meta name=\"twitter:data2\" content=\"1 minute\" \/>\n<script type=\"application\/ld+json\" class=\"yoast-schema-graph\">{\"@context\":\"https:\/\/schema.org\",\"@graph\":[{\"@type\":\"Article\",\"@id\":\"https:\/\/www.merkley.senate.gov\/oregon-officials-statements-on-600-million-federal-award-for-interstate-bridge-replacement-project\/#article\",\"isPartOf\":{\"@id\":\"https:\/\/www.merkley.senate.gov\/oregon-officials-statements-on-600-million-federal-award-for-interstate-bridge-replacement-project\/\"},\"author\":{\"name\":\"Molly Prescott\",\"@id\":\"https:\/\/www.merkley.senate.gov\/#\/schema\/person\/bee1b79a9f38fbf750302af2c9054fbb\"},\"headline\":\"Oregon Officials\u2019 Statements on $600 Million Federal Award for Interstate Bridge Replacement Project\",\"datePublished\":\"2023-12-16T01:08:43+00:00\",\"dateModified\":\"2024-03-05T22:51:01+00:00\",\"mainEntityOfPage\":{\"@id\":\"https:\/\/www.merkley.senate.gov\/oregon-officials-statements-on-600-million-federal-award-for-interstate-bridge-replacement-project\/\"},\"wordCount\":691,\"keywords\":[\"Delivering for Oregon\",\"Jobs and the Economy\"],\"articleSection\":[\"Press Releases\"],\"inLanguage\":\"es-MX\"},{\"@type\":\"WebPage\",\"@id\":\"https:\/\/www.merkley.senate.gov\/oregon-officials-statements-on-600-million-federal-award-for-interstate-bridge-replacement-project\/\",\"url\":\"https:\/\/www.merkley.senate.gov\/oregon-officials-statements-on-600-million-federal-award-for-interstate-bridge-replacement-project\/\",\"name\":\"Oregon Officials\u2019 Statements on $600 Million Federal Award for Interstate Bridge Replacement Project - Merkley\",\"isPartOf\":{\"@id\":\"https:\/\/www.merkley.senate.gov\/#website\"},\"datePublished\":\"2023-12-16T01:08:43+00:00\",\"dateModified\":\"2024-03-05T22:51:01+00:00\",\"author\":{\"@id\":\"https:\/\/www.merkley.senate.gov\/#\/schema\/person\/bee1b79a9f38fbf750302af2c9054fbb\"},\"breadcrumb\":{\"@id\":\"https:\/\/www.merkley.senate.gov\/oregon-officials-statements-on-600-million-federal-award-for-interstate-bridge-replacement-project\/#breadcrumb\"},\"inLanguage\":\"es-MX\",\"potentialAction\":[{\"@type\":\"ReadAction\",\"target\":[\"https:\/\/www.merkley.senate.gov\/oregon-officials-statements-on-600-million-federal-award-for-interstate-bridge-replacement-project\/\"]}]},{\"@type\":\"BreadcrumbList\",\"@id\":\"https:\/\/www.merkley.senate.gov\/oregon-officials-statements-on-600-million-federal-award-for-interstate-bridge-replacement-project\/#breadcrumb\",\"itemListElement\":[{\"@type\":\"ListItem\",\"position\":1,\"name\":\"Home\",\"item\":\"https:\/\/www.merkley.senate.gov\/\"},{\"@type\":\"ListItem\",\"position\":2,\"name\":\"Oregon Officials\u2019 Statements on $600 Million Federal Award for Interstate Bridge Replacement Project\"}]},{\"@type\":\"WebSite\",\"@id\":\"https:\/\/www.merkley.senate.gov\/#website\",\"url\":\"https:\/\/www.merkley.senate.gov\/\",\"name\":\"Merkley\",\"description\":\"Merkley\",\"potentialAction\":[{\"@type\":\"SearchAction\",\"target\":{\"@type\":\"EntryPoint\",\"urlTemplate\":\"https:\/\/www.merkley.senate.gov\/?s={search_term_string}\"},\"query-input\":{\"@type\":\"PropertyValueSpecification\",\"valueRequired\":true,\"valueName\":\"search_term_string\"}}],\"inLanguage\":\"es-MX\"},{\"@type\":\"Person\",\"@id\":\"https:\/\/www.merkley.senate.gov\/#\/schema\/person\/bee1b79a9f38fbf750302af2c9054fbb\",\"name\":\"Molly Prescott\",\"image\":{\"@type\":\"ImageObject\",\"inLanguage\":\"es-MX\",\"@id\":\"https:\/\/secure.gravatar.com\/avatar\/618e04b4312fa2a66964810fb706217e3dfd1845c521cecb909a2961ef46891f?s=96&d=mm&r=g\",\"url\":\"https:\/\/secure.gravatar.com\/avatar\/618e04b4312fa2a66964810fb706217e3dfd1845c521cecb909a2961ef46891f?s=96&d=mm&r=g\",\"contentUrl\":\"https:\/\/secure.gravatar.com\/avatar\/618e04b4312fa2a66964810fb706217e3dfd1845c521cecb909a2961ef46891f?s=96&d=mm&r=g\",\"caption\":\"Molly Prescott\"},\"url\":\"https:\/\/www.merkley.senate.gov\/es\/author\/molly-prescott\/\"}]}<\/script>\n<!-- \/ Yoast SEO plugin. -->","yoast_head_json":{"title":"Oregon Officials\u2019 Statements on $600 Million Federal Award for Interstate Bridge Replacement Project - Merkley","robots":{"index":"index","follow":"follow","max-snippet":"max-snippet:-1","max-image-preview":"max-image-preview:large","max-video-preview":"max-video-preview:-1"},"canonical":"https:\/\/www.merkley.senate.gov\/es\/oregon-officials-statements-on-600-million-federal-award-for-interstate-bridge-replacement-project\/","og_locale":"es_MX","og_type":"article","og_title":"Oregon Officials\u2019 Statements on $600 Million Federal Award for Interstate Bridge Replacement Project - Merkley","og_description":"Wyden, Merkley, Kotek, Blumenauer, Bonamici and ODOT Director assess impact of funding for I-5 replacement bridge Washington, D.C.&nbsp;\u2013 U.S. Sens. Ron Wyden and Jeff Merkley, Gov. Tina Kotek, U.S. Reps. Earl Blumenauer and Suzanne Bonamici as well as the Oregon Department of Transportation issued the following statements about today\u2019s $600 million award from the U.S. [&hellip;]","og_url":"https:\/\/www.merkley.senate.gov\/es\/oregon-officials-statements-on-600-million-federal-award-for-interstate-bridge-replacement-project\/","og_site_name":"Merkley","article_published_time":"2023-12-16T01:08:43+00:00","article_modified_time":"2024-03-05T22:51:01+00:00","author":"Molly Prescott","twitter_card":"summary_large_image","twitter_misc":{"Written by":"Molly Prescott","Est. reading time":"1 minute"},"schema":{"@context":"https:\/\/schema.org","@graph":[{"@type":"Article","@id":"https:\/\/www.merkley.senate.gov\/oregon-officials-statements-on-600-million-federal-award-for-interstate-bridge-replacement-project\/#article","isPartOf":{"@id":"https:\/\/www.merkley.senate.gov\/oregon-officials-statements-on-600-million-federal-award-for-interstate-bridge-replacement-project\/"},"author":{"name":"Molly Prescott","@id":"https:\/\/www.merkley.senate.gov\/#\/schema\/person\/bee1b79a9f38fbf750302af2c9054fbb"},"headline":"Oregon Officials\u2019 Statements on $600 Million Federal Award for Interstate Bridge Replacement Project","datePublished":"2023-12-16T01:08:43+00:00","dateModified":"2024-03-05T22:51:01+00:00","mainEntityOfPage":{"@id":"https:\/\/www.merkley.senate.gov\/oregon-officials-statements-on-600-million-federal-award-for-interstate-bridge-replacement-project\/"},"wordCount":691,"keywords":["Delivering for Oregon","Jobs and the Economy"],"articleSection":["Press Releases"],"inLanguage":"es-MX"},{"@type":"WebPage","@id":"https:\/\/www.merkley.senate.gov\/oregon-officials-statements-on-600-million-federal-award-for-interstate-bridge-replacement-project\/","url":"https:\/\/www.merkley.senate.gov\/oregon-officials-statements-on-600-million-federal-award-for-interstate-bridge-replacement-project\/","name":"Oregon Officials\u2019 Statements on $600 Million Federal Award for Interstate Bridge Replacement Project - Merkley","isPartOf":{"@id":"https:\/\/www.merkley.senate.gov\/#website"},"datePublished":"2023-12-16T01:08:43+00:00","dateModified":"2024-03-05T22:51:01+00:00","author":{"@id":"https:\/\/www.merkley.senate.gov\/#\/schema\/person\/bee1b79a9f38fbf750302af2c9054fbb"},"breadcrumb":{"@id":"https:\/\/www.merkley.senate.gov\/oregon-officials-statements-on-600-million-federal-award-for-interstate-bridge-replacement-project\/#breadcrumb"},"inLanguage":"es-MX","potentialAction":[{"@type":"ReadAction","target":["https:\/\/www.merkley.senate.gov\/oregon-officials-statements-on-600-million-federal-award-for-interstate-bridge-replacement-project\/"]}]},{"@type":"BreadcrumbList","@id":"https:\/\/www.merkley.senate.gov\/oregon-officials-statements-on-600-million-federal-award-for-interstate-bridge-replacement-project\/#breadcrumb","itemListElement":[{"@type":"ListItem","position":1,"name":"Home","item":"https:\/\/www.merkley.senate.gov\/"},{"@type":"ListItem","position":2,"name":"Oregon Officials\u2019 Statements on $600 Million Federal Award for Interstate Bridge Replacement Project"}]},{"@type":"WebSite","@id":"https:\/\/www.merkley.senate.gov\/#website","url":"https:\/\/www.merkley.senate.gov\/","name":"merkley","description":"merkley","potentialAction":[{"@type":"SearchAction","target":{"@type":"EntryPoint","urlTemplate":"https:\/\/www.merkley.senate.gov\/?s={search_term_string}"},"query-input":{"@type":"PropertyValueSpecification","valueRequired":true,"valueName":"search_term_string"}}],"inLanguage":"es-MX"},{"@type":"Person","@id":"https:\/\/www.merkley.senate.gov\/#\/schema\/person\/bee1b79a9f38fbf750302af2c9054fbb","name":"Molly Prescott","image":{"@type":"ImageObject","inLanguage":"es-MX","@id":"https:\/\/secure.gravatar.com\/avatar\/618e04b4312fa2a66964810fb706217e3dfd1845c521cecb909a2961ef46891f?s=96&d=mm&r=g","url":"https:\/\/secure.gravatar.com\/avatar\/618e04b4312fa2a66964810fb706217e3dfd1845c521cecb909a2961ef46891f?s=96&d=mm&r=g","contentUrl":"https:\/\/secure.gravatar.com\/avatar\/618e04b4312fa2a66964810fb706217e3dfd1845c521cecb909a2961ef46891f?s=96&d=mm&r=g","caption":"Molly Prescott"},"url":"https:\/\/www.merkley.senate.gov\/es\/author\/molly-prescott\/"}]}},"_links":{"self":[{"href":"https:\/\/www.merkley.senate.gov\/es\/wp-json\/wp\/v2\/posts\/18219","targetHints":{"allow":["GET"]}}],"collection":[{"href":"https:\/\/www.merkley.senate.gov\/es\/wp-json\/wp\/v2\/posts"}],"about":[{"href":"https:\/\/www.merkley.senate.gov\/es\/wp-json\/wp\/v2\/types\/post"}],"author":[{"embeddable":true,"href":"https:\/\/www.merkley.senate.gov\/es\/wp-json\/wp\/v2\/users\/13"}],"replies":[{"embeddable":true,"href":"https:\/\/www.merkley.senate.gov\/es\/wp-json\/wp\/v2\/comments?post=18219"}],"version-history":[{"count":3,"href":"https:\/\/www.merkley.senate.gov\/es\/wp-json\/wp\/v2\/posts\/18219\/revisions"}],"predecessor-version":[{"id":18222,"href":"https:\/\/www.merkley.senate.gov\/es\/wp-json\/wp\/v2\/posts\/18219\/revisions\/18222"}],"wp:attachment":[{"href":"https:\/\/www.merkley.senate.gov\/es\/wp-json\/wp\/v2\/media?parent=18219"}],"wp:term":[{"taxonomy":"category","embeddable":true,"href":"https:\/\/www.merkley.senate.gov\/es\/wp-json\/wp\/v2\/categories?post=18219"},{"taxonomy":"post_tag","embeddable":true,"href":"https:\/\/www.merkley.senate.gov\/es\/wp-json\/wp\/v2\/tags?post=18219"}],"curies":[{"name":"wp","href":"https:\/\/api.w.org\/{rel}","templated":true}]}}