{"id":18265,"date":"2023-11-29T11:51:48","date_gmt":"2023-11-29T16:51:48","guid":{"rendered":"https:\/\/www.merkley.senate.gov\/?p=18265"},"modified":"2023-12-22T11:54:49","modified_gmt":"2023-12-22T16:54:49","slug":"heres-why-senators-want-to-ban-the-tsas-facial-recognition-screening-at-airports","status":"publish","type":"post","link":"https:\/\/www.merkley.senate.gov\/es\/heres-why-senators-want-to-ban-the-tsas-facial-recognition-screening-at-airports\/","title":{"rendered":"He aqu\u00ed por qu\u00e9 los senadores quieren prohibir el control de reconocimiento facial de la TSA en los aeropuertos"},"content":{"rendered":"<p><a href=\"https:\/\/www.forbes.com\/sites\/britneynguyen\/2023\/11\/29\/heres-why-senators-want-to-ban-the-tsas-facial-recognition-screening-at-airports\/?sh=6b1bbaab6382\" target=\"_blank\" rel=\"noreferrer noopener\">Forbes<\/a><\/p>\n\n\n\n<p>Los senadores John Kennedy (R-La.) y Jeff Merkley (D-Ore.) presentaron\u00a0<a href=\"https:\/\/www.kennedy.senate.gov\/public\/_cache\/files\/e\/f\/efa63480-f3dc-4784-ba69-8eb939200840\/18EA84B59548F1A7D02E38AFD33271C4.bur23a41.pdf\" target=\"_blank\" rel=\"noreferrer noopener\">un proyecto de ley bipartidista<\/a>\u00a0mi\u00e9rcoles buscando prohibir el uso actual de la Administraci\u00f3n de Seguridad del Transporte de controles de reconocimiento facial en los aeropuertos,\u00a0<a href=\"https:\/\/www.kennedy.senate.gov\/public\/press-releases?ID=FA4A0A3C-3383-4FC4-BB05-D6905A75B45D\" target=\"_blank\" rel=\"noreferrer noopener\">argumentando la tecnolog\u00eda<\/a>\u00a0est\u00e1 siendo explotado y la mayor\u00eda de los viajeros no saben que pueden optar por no ser examinados.<\/p>\n\n\n\n<p>La TSA utiliza&nbsp;<a href=\"https:\/\/www.tsa.gov\/news\/press\/factsheets\/facial-recognition-technology#:~:text=TSA%20uses%20facial%20recognition%20CAT,access%20into%20physical%20security%20screening.\" target=\"_blank\" rel=\"noreferrer noopener\">Tecnolog\u00eda CAT-2<\/a>&nbsp;para verificar que un viajero coincida con su identificaci\u00f3n f\u00edsica antes de pasar por el control de seguridad f\u00edsica en algunos aeropuertos y, seg\u00fan la TSA, los datos biom\u00e9tricos son&nbsp;<a href=\"https:\/\/www.tsa.gov\/news\/press\/factsheets\/facial-recognition-technology#:~:text=TSA%20uses%20facial%20recognition%20CAT,access%20into%20physical%20security%20screening.\" target=\"_blank\" rel=\"noreferrer noopener\">no utilizado<\/a>&nbsp;con fines de vigilancia o aplicaci\u00f3n de la ley.<\/p>\n\n\n\n<p>Seg\u00fan el proyecto de ley propuesto, llamado Ley de Protecci\u00f3n de la Privacidad del Viajero de 2023, la TSA ser\u00eda\u00a0<a href=\"https:\/\/www.kennedy.senate.gov\/public\/_cache\/files\/e\/f\/efa63480-f3dc-4784-ba69-8eb939200840\/18EA84B59548F1A7D02E38AFD33271C4.bur23a41.pdf\" target=\"_blank\" rel=\"noreferrer noopener\">requerido para terminar<\/a>\u00a0su programa piloto de reconocimiento facial y necesitar\u00eda\u00a0<a href=\"https:\/\/www.kennedy.senate.gov\/public\/_cache\/files\/e\/f\/efa63480-f3dc-4784-ba69-8eb939200840\/18EA84B59548F1A7D02E38AFD33271C4.bur23a41.pdf\" target=\"_blank\" rel=\"noreferrer noopener\">autorizaci\u00f3n del congreso<\/a>\u00a0utilizar la tecnolog\u00eda, seg\u00fan un\u00a0<a href=\"https:\/\/www.kennedy.senate.gov\/public\/press-releases?ID=FA4A0A3C-3383-4FC4-BB05-D6905A75B45D\" target=\"_blank\" rel=\"noreferrer noopener\">presione soltar<\/a>\u00a0de la oficina de Kennedy.<\/p>\n\n\n\n<p>A la TSA tambi\u00e9n se le prohibir\u00eda inmediatamente expandir su programa de reconocimiento facial y se le exigir\u00eda que elimine la informaci\u00f3n biom\u00e9trica facial, incluidas im\u00e1genes y videos obtenidos a trav\u00e9s de esta tecnolog\u00eda.<\/p>\n\n\n\n<p>kennedy&nbsp;<a href=\"https:\/\/www.kennedy.senate.gov\/public\/press-releases?ID=FA4A0A3C-3383-4FC4-BB05-D6905A75B45D\" target=\"_blank\" rel=\"noreferrer noopener\">dijo el acto<\/a>&nbsp;&quot;proteger\u00eda a todos los estadounidenses de la intrusi\u00f3n del Gran Hermano poniendo fin al programa de reconocimiento facial&quot;, y Merkley&nbsp;<a href=\"https:\/\/www.kennedy.senate.gov\/public\/press-releases?ID=FA4A0A3C-3383-4FC4-BB05-D6905A75B45D\" target=\"_blank\" rel=\"noreferrer noopener\">llamado el programa<\/a>&nbsp;\u201cun precursor de un estado de vigilancia nacional en toda regla\u201d.<\/p>\n\n\n\n<p>Los senadores Roger Marshall (R-Kan.), Elizabeth Warren (D-Mass.), Edward Markey (D-Mass.) y Bernie Sanders (I-Vt.)&nbsp;<a href=\"https:\/\/www.kennedy.senate.gov\/public\/press-releases?ID=FA4A0A3C-3383-4FC4-BB05-D6905A75B45D\" target=\"_blank\" rel=\"noreferrer noopener\">copatrocinado<\/a>&nbsp;la factura.<\/p>\n\n\n\n<p>Forbes Daily: obtenga nuestras mejores historias, informes exclusivos y an\u00e1lisis esenciales de las noticias del d\u00eda en su bandeja de entrada todos los d\u00edas de la semana.Reg\u00edstrese<\/p>\n\n\n\n<p>Al registrarte, aceptas y est\u00e1s de acuerdo con nuestra&nbsp;<a href=\"https:\/\/www.forbes.com\/terms-and-conditions\" target=\"_blank\" rel=\"noreferrer noopener\">T\u00e9rminos de servicio<\/a>&nbsp;(incluidas las disposiciones de arbitraje y renuncia a demandas colectivas), y&nbsp;<a href=\"https:\/\/www.forbes.com\/privacy\" target=\"_blank\" rel=\"noreferrer noopener\">Declaracion de privacidad<\/a>.<\/p>\n\n\n\n<p>La TSA rechaz\u00f3 una solicitud de comentarios.<\/p>\n\n\n\n<p>En junio, un portavoz de la TSA\u00a0<a href=\"https:\/\/www.fastcompany.com\/90918235\/tsa-facial-recognition-program-privacy?partner=rss\" target=\"_blank\" rel=\"noreferrer noopener\">le dijo a Fast Company<\/a>\u00a0la agencia planeaba\u00a0<a href=\"https:\/\/www.tsa.gov\/news\/press\/factsheets\/facial-recognition-technology\" target=\"_blank\" rel=\"noreferrer noopener\">ampliar su programa de reconocimiento facial<\/a>\u00a0a unos 430 aeropuertos en el futuro. Se determin\u00f3 que el programa de comparaci\u00f3n facial de la TSA, que se estaba poniendo a prueba en 25 aeropuertos en ese momento, era efectivo &quot;en todos los grupos demogr\u00e1ficos, incluidos los tonos de piel oscuros&quot;, dijo el secretario de prensa de la TSA, Robert Langston.\u00a0<a href=\"https:\/\/www.fastcompany.com\/90918235\/tsa-facial-recognition-program-privacy?partner=rss\" target=\"_blank\" rel=\"noreferrer noopener\">dicho<\/a>. La tecnolog\u00eda de reconocimiento facial de la TSA se utiliza desde 2020,\u00a0<a href=\"https:\/\/www.cbsnews.com\/news\/tsa-facial-recognition-program-airports-expands\/\" target=\"_blank\" rel=\"noreferrer noopener\">de acuerdo a<\/a>\u00a0Noticias CBS. Las fotos de los viajeros no se almacenan ni guardan despu\u00e9s de obtener una coincidencia de identificaci\u00f3n positiva.\u00a0<a href=\"https:\/\/www.tsa.gov\/news\/press\/factsheets\/facial-recognition-technology\" target=\"_blank\" rel=\"noreferrer noopener\">de acuerdo a<\/a>\u00a0la TSA. Sin embargo, la TSA dijo que algunas fotos\u00a0<a href=\"https:\/\/www.tsa.gov\/news\/press\/factsheets\/facial-recognition-technology\" target=\"_blank\" rel=\"noreferrer noopener\">son salvos<\/a>\u00a0&quot;en un entorno de prueba limitado para evaluar la eficacia de la tecnolog\u00eda&quot;.<\/p>\n\n\n\n<p>En febrero, Markey, Warren, Sanders y Cory Booker (DN.J.) se unieron a Merkley en una carta al administrador de la TSA, David Pekoske, pidiendo\u00a0<a href=\"https:\/\/www.merkley.senate.gov\/es\/merkley-markey-booker-warren-sanders-call-for-immediate-halt-of-tsas-facial-recognition-technology-and-practices-at-us-airports\/#:~:text=Markey%20(D%2DMA)%2C,deployment%20of%20facial%20recognition%20technology.\" target=\"_blank\" rel=\"noreferrer noopener\">una parada inmediata<\/a>\u00a0al uso de la tecnolog\u00eda de reconocimiento facial. Los senadores se\u00f1alaron \u201cla discriminaci\u00f3n racial que esta tecnolog\u00eda puede exacerbar\u201d e incluyeron\u00a0<a href=\"https:\/\/www.nist.gov\/news-events\/news\/2019\/12\/nist-study-evaluates-effects-race-age-sex-face-recognition-software\" target=\"_blank\" rel=\"noreferrer noopener\">un estudio<\/a>\u00a0por el Instituto Nacional de Est\u00e1ndares y Tecnolog\u00eda que encontr\u00f3 que los asi\u00e1ticos y afroamericanos ten\u00edan alrededor de 100 veces m\u00e1s probabilidades de ser identificados err\u00f3neamente por la tecnolog\u00eda de reconocimiento facial que los hombres blancos. los senadores\u00a0<a href=\"https:\/\/www.merkley.senate.gov\/es\/merkley-markey-booker-warren-sanders-call-for-immediate-halt-of-tsas-facial-recognition-technology-and-practices-at-us-airports\/#_ftnref2\" target=\"_blank\" rel=\"noreferrer noopener\">Tambi\u00e9n dijo<\/a>\u00a0estaban \u201cpreocupados por la seguridad de los datos biom\u00e9tricos de los estadounidenses\u201d que ca\u00edan en manos de empresas privadas autorizadas o \u201cmalos actores no autorizados\u201d, como sucedi\u00f3 en 2019 cuando se publicaron fotograf\u00edas de viajeros almacenadas por el Departamento de Seguridad Nacional.\u00a0<a href=\"https:\/\/www.washingtonpost.com\/technology\/2019\/06\/10\/us-customs-border-protection-says-photos-travelers-into-out-country-were-recently-taken-data-breach\/\" target=\"_blank\" rel=\"noreferrer noopener\">robado en una violaci\u00f3n de datos<\/a>. los senadores\u00a0<a href=\"https:\/\/www.merkley.senate.gov\/es\/merkley-markey-booker-warren-sanders-call-for-immediate-halt-of-tsas-facial-recognition-technology-and-practices-at-us-airports\/#_ftnref2\" target=\"_blank\" rel=\"noreferrer noopener\">dijo el despliegue de la TSA<\/a>\u00a0La utilizaci\u00f3n de la tecnolog\u00eda de reconocimiento facial \u201ca escala masiva\u201d fue una amenaza a los derechos civiles \u201csin evidencia suficiente de que la tecnolog\u00eda sea efectiva en personas de color y no viole el derecho de los estadounidenses a la privacidad\u201d. En respuesta a\u00a0<a href=\"https:\/\/report.ajl.org\/tsa-scorecard\" target=\"_blank\" rel=\"noreferrer noopener\">una encuesta en l\u00ednea<\/a>\u00a0de Algorithmic Justice League sobre la experiencia de los viajeros al utilizar la tecnolog\u00eda de reconocimiento facial que se comparti\u00f3 exclusivamente con Fast Company,\u00a0<a href=\"https:\/\/www.fastcompany.com\/90918235\/tsa-facial-recognition-program-privacy?partner=rss\" target=\"_blank\" rel=\"noreferrer noopener\">un encuestado dijo<\/a>\u00a0no sab\u00edan que hab\u00eda una opci\u00f3n para optar por no participar en la evaluaci\u00f3n y que \u201cno parec\u00eda que hubiera otra opci\u00f3n\u201d.<\/p>\n\n\n\n<p>En enero, la TSA inici\u00f3 una investigaci\u00f3n sobre un \u201cposible incidente de ciberseguridad\u201d despu\u00e9s de que un pirata inform\u00e1tico afirmara tener acceso a una versi\u00f3n desactualizada de la lista de exclusi\u00f3n a\u00e9rea de la agencia de 2019, CNN&nbsp;<a href=\"https:\/\/www.cnn.com\/2023\/01\/20\/politics\/tsa-no-fly-list-data-cybersecurity\/index.html\" target=\"_blank\" rel=\"noreferrer noopener\">reportado<\/a>. La hacker, que se identific\u00f3 como una investigadora de ciberseguridad radicada en Suiza,&nbsp;<a href=\"https:\/\/www.cnn.com\/2023\/01\/20\/politics\/tsa-no-fly-list-data-cybersecurity\/index.html\" target=\"_blank\" rel=\"noreferrer noopener\">le dijo a CNN<\/a>&nbsp;la lista de exclusi\u00f3n a\u00e9rea de terroristas conocidos o sospechosos estaba en la Internet p\u00fablica en un servidor inform\u00e1tico no seguro alojado en una aerol\u00ednea regional en Ohio.<\/p>","protected":false},"excerpt":{"rendered":"<p>Forbes Sens. John Kennedy (R-La.) and Jeff Merkley (D-Ore.) introduced\u00a0a bipartisan bill\u00a0Wednesday seeking to prohibit the Transportation Security Administration\u2019s current use of facial recognition screening at airports,\u00a0arguing the technology\u00a0is being exploited and most travelers don\u2019t know they can opt out of being screened. The TSA uses&nbsp;CAT-2 technology&nbsp;to verify a traveler matches their physical ID before [&hellip;]<\/p>\n","protected":false},"author":15,"featured_media":0,"comment_status":"closed","ping_status":"closed","sticky":false,"template":"","format":"standard","meta":{"_acf_changed":false,"inline_featured_image":false,"footnotes":""},"categories":[26],"tags":[],"class_list":["post-18265","post","type-post","status-publish","format-standard","hentry","category-in-the-news"],"acf":[],"yoast_head":"<!-- This site is optimized with the Yoast SEO plugin v27.2 - https:\/\/yoast.com\/product\/yoast-seo-wordpress\/ -->\n<title>Here\u2019s Why Senators Want To Ban The TSA\u2019s Facial Recognition Screening At Airports - Merkley<\/title>\n<meta name=\"robots\" content=\"index, follow, max-snippet:-1, max-image-preview:large, max-video-preview:-1\" \/>\n<link rel=\"canonical\" href=\"https:\/\/www.merkley.senate.gov\/es\/heres-why-senators-want-to-ban-the-tsas-facial-recognition-screening-at-airports\/\" \/>\n<meta property=\"og:locale\" content=\"es_MX\" \/>\n<meta property=\"og:type\" content=\"article\" \/>\n<meta property=\"og:title\" content=\"Here\u2019s Why Senators Want To Ban The TSA\u2019s Facial Recognition Screening At Airports - Merkley\" \/>\n<meta property=\"og:description\" content=\"Forbes Sens. John Kennedy (R-La.) and Jeff Merkley (D-Ore.) introduced\u00a0a bipartisan bill\u00a0Wednesday seeking to prohibit the Transportation Security Administration\u2019s current use of facial recognition screening at airports,\u00a0arguing the technology\u00a0is being exploited and most travelers don\u2019t know they can opt out of being screened. The TSA uses&nbsp;CAT-2 technology&nbsp;to verify a traveler matches their physical ID before [&hellip;]\" \/>\n<meta property=\"og:url\" content=\"https:\/\/www.merkley.senate.gov\/es\/heres-why-senators-want-to-ban-the-tsas-facial-recognition-screening-at-airports\/\" \/>\n<meta property=\"og:site_name\" content=\"Merkley\" \/>\n<meta property=\"article:published_time\" content=\"2023-11-29T16:51:48+00:00\" \/>\n<meta property=\"article:modified_time\" content=\"2023-12-22T16:54:49+00:00\" \/>\n<meta name=\"author\" content=\"Lauren Denham\" \/>\n<meta name=\"twitter:card\" content=\"summary_large_image\" \/>\n<meta name=\"twitter:label1\" content=\"Written by\" \/>\n\t<meta name=\"twitter:data1\" content=\"Lauren Denham\" \/>\n\t<meta name=\"twitter:label2\" content=\"Est. reading time\" \/>\n\t<meta name=\"twitter:data2\" content=\"3 minutes\" \/>\n<script type=\"application\/ld+json\" class=\"yoast-schema-graph\">{\"@context\":\"https:\/\/schema.org\",\"@graph\":[{\"@type\":\"Article\",\"@id\":\"https:\/\/www.merkley.senate.gov\/heres-why-senators-want-to-ban-the-tsas-facial-recognition-screening-at-airports\/#article\",\"isPartOf\":{\"@id\":\"https:\/\/www.merkley.senate.gov\/heres-why-senators-want-to-ban-the-tsas-facial-recognition-screening-at-airports\/\"},\"author\":{\"name\":\"Lauren Denham\",\"@id\":\"https:\/\/www.merkley.senate.gov\/#\/schema\/person\/de92de2a17fa790d379e7caad8e6ae01\"},\"headline\":\"Here\u2019s Why Senators Want To Ban The TSA\u2019s Facial Recognition Screening At Airports\",\"datePublished\":\"2023-11-29T16:51:48+00:00\",\"dateModified\":\"2023-12-22T16:54:49+00:00\",\"mainEntityOfPage\":{\"@id\":\"https:\/\/www.merkley.senate.gov\/heres-why-senators-want-to-ban-the-tsas-facial-recognition-screening-at-airports\/\"},\"wordCount\":692,\"articleSection\":[\"In the News\"],\"inLanguage\":\"es-MX\"},{\"@type\":\"WebPage\",\"@id\":\"https:\/\/www.merkley.senate.gov\/heres-why-senators-want-to-ban-the-tsas-facial-recognition-screening-at-airports\/\",\"url\":\"https:\/\/www.merkley.senate.gov\/heres-why-senators-want-to-ban-the-tsas-facial-recognition-screening-at-airports\/\",\"name\":\"Here\u2019s Why Senators Want To Ban The TSA\u2019s Facial Recognition Screening At Airports - Merkley\",\"isPartOf\":{\"@id\":\"https:\/\/www.merkley.senate.gov\/#website\"},\"datePublished\":\"2023-11-29T16:51:48+00:00\",\"dateModified\":\"2023-12-22T16:54:49+00:00\",\"author\":{\"@id\":\"https:\/\/www.merkley.senate.gov\/#\/schema\/person\/de92de2a17fa790d379e7caad8e6ae01\"},\"breadcrumb\":{\"@id\":\"https:\/\/www.merkley.senate.gov\/heres-why-senators-want-to-ban-the-tsas-facial-recognition-screening-at-airports\/#breadcrumb\"},\"inLanguage\":\"es-MX\",\"potentialAction\":[{\"@type\":\"ReadAction\",\"target\":[\"https:\/\/www.merkley.senate.gov\/heres-why-senators-want-to-ban-the-tsas-facial-recognition-screening-at-airports\/\"]}]},{\"@type\":\"BreadcrumbList\",\"@id\":\"https:\/\/www.merkley.senate.gov\/heres-why-senators-want-to-ban-the-tsas-facial-recognition-screening-at-airports\/#breadcrumb\",\"itemListElement\":[{\"@type\":\"ListItem\",\"position\":1,\"name\":\"Home\",\"item\":\"https:\/\/www.merkley.senate.gov\/\"},{\"@type\":\"ListItem\",\"position\":2,\"name\":\"Here\u2019s Why Senators Want To Ban The TSA\u2019s Facial Recognition Screening At Airports\"}]},{\"@type\":\"WebSite\",\"@id\":\"https:\/\/www.merkley.senate.gov\/#website\",\"url\":\"https:\/\/www.merkley.senate.gov\/\",\"name\":\"Merkley\",\"description\":\"Merkley\",\"potentialAction\":[{\"@type\":\"SearchAction\",\"target\":{\"@type\":\"EntryPoint\",\"urlTemplate\":\"https:\/\/www.merkley.senate.gov\/?s={search_term_string}\"},\"query-input\":{\"@type\":\"PropertyValueSpecification\",\"valueRequired\":true,\"valueName\":\"search_term_string\"}}],\"inLanguage\":\"es-MX\"},{\"@type\":\"Person\",\"@id\":\"https:\/\/www.merkley.senate.gov\/#\/schema\/person\/de92de2a17fa790d379e7caad8e6ae01\",\"name\":\"Lauren Denham\",\"image\":{\"@type\":\"ImageObject\",\"inLanguage\":\"es-MX\",\"@id\":\"https:\/\/secure.gravatar.com\/avatar\/25a4ee8e86f2359e4cde5aff12e7978900940e3e153b479f354e5fb6cb5c8013?s=96&d=mm&r=g\",\"url\":\"https:\/\/secure.gravatar.com\/avatar\/25a4ee8e86f2359e4cde5aff12e7978900940e3e153b479f354e5fb6cb5c8013?s=96&d=mm&r=g\",\"contentUrl\":\"https:\/\/secure.gravatar.com\/avatar\/25a4ee8e86f2359e4cde5aff12e7978900940e3e153b479f354e5fb6cb5c8013?s=96&d=mm&r=g\",\"caption\":\"Lauren Denham\"},\"url\":\"https:\/\/www.merkley.senate.gov\/es\/author\/lauren-denham\/\"}]}<\/script>\n<!-- \/ Yoast SEO plugin. -->","yoast_head_json":{"title":"Here\u2019s Why Senators Want To Ban The TSA\u2019s Facial Recognition Screening At Airports - Merkley","robots":{"index":"index","follow":"follow","max-snippet":"max-snippet:-1","max-image-preview":"max-image-preview:large","max-video-preview":"max-video-preview:-1"},"canonical":"https:\/\/www.merkley.senate.gov\/es\/heres-why-senators-want-to-ban-the-tsas-facial-recognition-screening-at-airports\/","og_locale":"es_MX","og_type":"article","og_title":"Here\u2019s Why Senators Want To Ban The TSA\u2019s Facial Recognition Screening At Airports - Merkley","og_description":"Forbes Sens. John Kennedy (R-La.) and Jeff Merkley (D-Ore.) introduced\u00a0a bipartisan bill\u00a0Wednesday seeking to prohibit the Transportation Security Administration\u2019s current use of facial recognition screening at airports,\u00a0arguing the technology\u00a0is being exploited and most travelers don\u2019t know they can opt out of being screened. The TSA uses&nbsp;CAT-2 technology&nbsp;to verify a traveler matches their physical ID before [&hellip;]","og_url":"https:\/\/www.merkley.senate.gov\/es\/heres-why-senators-want-to-ban-the-tsas-facial-recognition-screening-at-airports\/","og_site_name":"Merkley","article_published_time":"2023-11-29T16:51:48+00:00","article_modified_time":"2023-12-22T16:54:49+00:00","author":"Lauren Denham","twitter_card":"summary_large_image","twitter_misc":{"Written by":"Lauren Denham","Est. reading time":"3 minutes"},"schema":{"@context":"https:\/\/schema.org","@graph":[{"@type":"Article","@id":"https:\/\/www.merkley.senate.gov\/heres-why-senators-want-to-ban-the-tsas-facial-recognition-screening-at-airports\/#article","isPartOf":{"@id":"https:\/\/www.merkley.senate.gov\/heres-why-senators-want-to-ban-the-tsas-facial-recognition-screening-at-airports\/"},"author":{"name":"Lauren Denham","@id":"https:\/\/www.merkley.senate.gov\/#\/schema\/person\/de92de2a17fa790d379e7caad8e6ae01"},"headline":"Here\u2019s Why Senators Want To Ban The TSA\u2019s Facial Recognition Screening At Airports","datePublished":"2023-11-29T16:51:48+00:00","dateModified":"2023-12-22T16:54:49+00:00","mainEntityOfPage":{"@id":"https:\/\/www.merkley.senate.gov\/heres-why-senators-want-to-ban-the-tsas-facial-recognition-screening-at-airports\/"},"wordCount":692,"articleSection":["In the News"],"inLanguage":"es-MX"},{"@type":"WebPage","@id":"https:\/\/www.merkley.senate.gov\/heres-why-senators-want-to-ban-the-tsas-facial-recognition-screening-at-airports\/","url":"https:\/\/www.merkley.senate.gov\/heres-why-senators-want-to-ban-the-tsas-facial-recognition-screening-at-airports\/","name":"Here\u2019s Why Senators Want To Ban The TSA\u2019s Facial Recognition Screening At Airports - Merkley","isPartOf":{"@id":"https:\/\/www.merkley.senate.gov\/#website"},"datePublished":"2023-11-29T16:51:48+00:00","dateModified":"2023-12-22T16:54:49+00:00","author":{"@id":"https:\/\/www.merkley.senate.gov\/#\/schema\/person\/de92de2a17fa790d379e7caad8e6ae01"},"breadcrumb":{"@id":"https:\/\/www.merkley.senate.gov\/heres-why-senators-want-to-ban-the-tsas-facial-recognition-screening-at-airports\/#breadcrumb"},"inLanguage":"es-MX","potentialAction":[{"@type":"ReadAction","target":["https:\/\/www.merkley.senate.gov\/heres-why-senators-want-to-ban-the-tsas-facial-recognition-screening-at-airports\/"]}]},{"@type":"BreadcrumbList","@id":"https:\/\/www.merkley.senate.gov\/heres-why-senators-want-to-ban-the-tsas-facial-recognition-screening-at-airports\/#breadcrumb","itemListElement":[{"@type":"ListItem","position":1,"name":"Home","item":"https:\/\/www.merkley.senate.gov\/"},{"@type":"ListItem","position":2,"name":"Here\u2019s Why Senators Want To Ban The TSA\u2019s Facial Recognition Screening At Airports"}]},{"@type":"WebSite","@id":"https:\/\/www.merkley.senate.gov\/#website","url":"https:\/\/www.merkley.senate.gov\/","name":"merkley","description":"merkley","potentialAction":[{"@type":"SearchAction","target":{"@type":"EntryPoint","urlTemplate":"https:\/\/www.merkley.senate.gov\/?s={search_term_string}"},"query-input":{"@type":"PropertyValueSpecification","valueRequired":true,"valueName":"search_term_string"}}],"inLanguage":"es-MX"},{"@type":"Person","@id":"https:\/\/www.merkley.senate.gov\/#\/schema\/person\/de92de2a17fa790d379e7caad8e6ae01","name":"Lauren Denham","image":{"@type":"ImageObject","inLanguage":"es-MX","@id":"https:\/\/secure.gravatar.com\/avatar\/25a4ee8e86f2359e4cde5aff12e7978900940e3e153b479f354e5fb6cb5c8013?s=96&d=mm&r=g","url":"https:\/\/secure.gravatar.com\/avatar\/25a4ee8e86f2359e4cde5aff12e7978900940e3e153b479f354e5fb6cb5c8013?s=96&d=mm&r=g","contentUrl":"https:\/\/secure.gravatar.com\/avatar\/25a4ee8e86f2359e4cde5aff12e7978900940e3e153b479f354e5fb6cb5c8013?s=96&d=mm&r=g","caption":"Lauren Denham"},"url":"https:\/\/www.merkley.senate.gov\/es\/author\/lauren-denham\/"}]}},"_links":{"self":[{"href":"https:\/\/www.merkley.senate.gov\/es\/wp-json\/wp\/v2\/posts\/18265","targetHints":{"allow":["GET"]}}],"collection":[{"href":"https:\/\/www.merkley.senate.gov\/es\/wp-json\/wp\/v2\/posts"}],"about":[{"href":"https:\/\/www.merkley.senate.gov\/es\/wp-json\/wp\/v2\/types\/post"}],"author":[{"embeddable":true,"href":"https:\/\/www.merkley.senate.gov\/es\/wp-json\/wp\/v2\/users\/15"}],"replies":[{"embeddable":true,"href":"https:\/\/www.merkley.senate.gov\/es\/wp-json\/wp\/v2\/comments?post=18265"}],"version-history":[{"count":1,"href":"https:\/\/www.merkley.senate.gov\/es\/wp-json\/wp\/v2\/posts\/18265\/revisions"}],"predecessor-version":[{"id":18266,"href":"https:\/\/www.merkley.senate.gov\/es\/wp-json\/wp\/v2\/posts\/18265\/revisions\/18266"}],"wp:attachment":[{"href":"https:\/\/www.merkley.senate.gov\/es\/wp-json\/wp\/v2\/media?parent=18265"}],"wp:term":[{"taxonomy":"category","embeddable":true,"href":"https:\/\/www.merkley.senate.gov\/es\/wp-json\/wp\/v2\/categories?post=18265"},{"taxonomy":"post_tag","embeddable":true,"href":"https:\/\/www.merkley.senate.gov\/es\/wp-json\/wp\/v2\/tags?post=18265"}],"curies":[{"name":"wp","href":"https:\/\/api.w.org\/{rel}","templated":true}]}}