{"id":18713,"date":"2023-08-08T11:26:53","date_gmt":"2023-08-08T15:26:53","guid":{"rendered":"https:\/\/www.merkley.senate.gov\/?p=18713"},"modified":"2024-03-06T11:28:15","modified_gmt":"2024-03-06T16:28:15","slug":"merkley-chairs-subcommittee-hearing-on-reducing-single-use-waste-opening-statement","status":"publish","type":"post","link":"https:\/\/www.merkley.senate.gov\/es\/merkley-chairs-subcommittee-hearing-on-reducing-single-use-waste-opening-statement\/","title":{"rendered":"Merkley preside la audiencia del subcomit\u00e9 sobre la reducci\u00f3n de los desechos de un solo uso: declaraci\u00f3n de apertura"},"content":{"rendered":"<figure class=\"wp-block-embed is-type-video is-provider-youtube wp-block-embed-youtube wp-embed-aspect-16-9 wp-has-aspect-ratio\"><div class=\"wp-block-embed__wrapper\">\n<iframe title=\"Merkley preside la audiencia del subcomit\u00e9 sobre la reducci\u00f3n de los desechos de un solo uso: declaraci\u00f3n de apertura\" width=\"800\" height=\"450\" src=\"https:\/\/www.youtube.com\/embed\/xAMSqWs8wyg?feature=oembed\" frameborder=\"0\" allow=\"accelerometer; autoplay; clipboard-write; encrypted-media; gyroscope; picture-in-picture; web-share\" allowfullscreen><\/iframe>\n<\/div><\/figure>\n\n\n\n<p>El 27 de julio de 2023, el Senador Merkley presidi\u00f3 una audiencia del Subcomit\u00e9 Senatorial de Medio Ambiente y Obras P\u00fablicas sobre Seguridad Qu\u00edmica, Justicia Ambiental y Supervisi\u00f3n Regulatoria que examin\u00f3 soluciones para reducir los desechos de un solo uso y expandir la infraestructura de recarga y reutilizaci\u00f3n. <\/p>\n\n\n\n<p>Link to Full Hearing: <a href=\"https:\/\/www.youtube.com\/watch?v=mg67n76sNsg&amp;t=11s\" target=\"_blank\" rel=\"noreferrer noopener\">https:\/\/www.youtube.com\/watch?v=mg67n76sNsg&amp;t=11s <\/a><\/p>\n\n\n\n<p>Witnesses Include: Dacie Meng, Policy and Institutions Senior Manager (North America), Ellen MacArthur Foundation Clemence Schmid, General Manager, Loop Global Tim Debus, President and CEO, Reusable Packaging Association<\/p>","protected":false},"excerpt":{"rendered":"<p>On July, 27, 2023, Senator Merkley chaired a Senate Environment and Public Works Subcommittee on Chemical Safety, Environmental Justice, and Regulatory Oversight Subcommittee hearing examining solutions for reducing single-use waste and expanding refill and reuse infrastructure. Link to Full Hearing: https:\/\/www.youtube.com\/watch?v=mg67n76sNsg&amp;t=11s Witnesses Include: Dacie Meng, Policy and Institutions Senior Manager (North America), Ellen MacArthur Foundation [&hellip;]<\/p>\n","protected":false},"author":9,"featured_media":0,"comment_status":"closed","ping_status":"closed","sticky":false,"template":"","format":"standard","meta":{"_acf_changed":false,"inline_featured_image":false,"footnotes":""},"categories":[25],"tags":[133,45],"class_list":["post-18713","post","type-post","status-publish","format-standard","hentry","category-videos","tag-plastic","tag-tackling-climate-change"],"acf":[],"yoast_head":"<!-- This site is optimized with the Yoast SEO plugin v27.2 - https:\/\/yoast.com\/product\/yoast-seo-wordpress\/ -->\n<title>Merkley Chairs Subcommittee Hearing on Reducing Single-Use Waste \u2013 Opening Statement - Merkley<\/title>\n<meta name=\"robots\" content=\"index, follow, max-snippet:-1, max-image-preview:large, max-video-preview:-1\" \/>\n<link rel=\"canonical\" href=\"https:\/\/www.merkley.senate.gov\/es\/merkley-chairs-subcommittee-hearing-on-reducing-single-use-waste-opening-statement\/\" \/>\n<meta property=\"og:locale\" content=\"es_MX\" \/>\n<meta property=\"og:type\" content=\"article\" \/>\n<meta property=\"og:title\" content=\"Merkley Chairs Subcommittee Hearing on Reducing Single-Use Waste \u2013 Opening Statement - Merkley\" \/>\n<meta property=\"og:description\" content=\"On July, 27, 2023, Senator Merkley chaired a Senate Environment and Public Works Subcommittee on Chemical Safety, Environmental Justice, and Regulatory Oversight Subcommittee hearing examining solutions for reducing single-use waste and expanding refill and reuse infrastructure. Link to Full Hearing: https:\/\/www.youtube.com\/watch?v=mg67n76sNsg&amp;t=11s Witnesses Include: Dacie Meng, Policy and Institutions Senior Manager (North America), Ellen MacArthur Foundation [&hellip;]\" \/>\n<meta property=\"og:url\" content=\"https:\/\/www.merkley.senate.gov\/es\/merkley-chairs-subcommittee-hearing-on-reducing-single-use-waste-opening-statement\/\" \/>\n<meta property=\"og:site_name\" content=\"Merkley\" \/>\n<meta property=\"article:published_time\" content=\"2023-08-08T15:26:53+00:00\" \/>\n<meta property=\"article:modified_time\" content=\"2024-03-06T16:28:15+00:00\" \/>\n<meta name=\"author\" content=\"Marcy Sutter\" \/>\n<meta name=\"twitter:card\" content=\"summary_large_image\" \/>\n<meta name=\"twitter:label1\" content=\"Written by\" \/>\n\t<meta name=\"twitter:data1\" content=\"Marcy Sutter\" \/>\n\t<meta name=\"twitter:label2\" content=\"Est. reading time\" \/>\n\t<meta name=\"twitter:data2\" content=\"1 minute\" \/>\n<script type=\"application\/ld+json\" class=\"yoast-schema-graph\">{\"@context\":\"https:\/\/schema.org\",\"@graph\":[{\"@type\":\"Article\",\"@id\":\"https:\/\/www.merkley.senate.gov\/merkley-chairs-subcommittee-hearing-on-reducing-single-use-waste-opening-statement\/#article\",\"isPartOf\":{\"@id\":\"https:\/\/www.merkley.senate.gov\/merkley-chairs-subcommittee-hearing-on-reducing-single-use-waste-opening-statement\/\"},\"author\":{\"name\":\"Marcy Sutter\",\"@id\":\"https:\/\/www.merkley.senate.gov\/#\/schema\/person\/f39b199d713984ff6439740fdfd1a377\"},\"headline\":\"Merkley Chairs Subcommittee Hearing on Reducing Single-Use Waste \u2013 Opening Statement\",\"datePublished\":\"2023-08-08T15:26:53+00:00\",\"dateModified\":\"2024-03-06T16:28:15+00:00\",\"mainEntityOfPage\":{\"@id\":\"https:\/\/www.merkley.senate.gov\/merkley-chairs-subcommittee-hearing-on-reducing-single-use-waste-opening-statement\/\"},\"wordCount\":93,\"keywords\":[\"Plastic\",\"Tackling Climate Change\"],\"articleSection\":[\"Videos\"],\"inLanguage\":\"es-MX\"},{\"@type\":\"WebPage\",\"@id\":\"https:\/\/www.merkley.senate.gov\/merkley-chairs-subcommittee-hearing-on-reducing-single-use-waste-opening-statement\/\",\"url\":\"https:\/\/www.merkley.senate.gov\/merkley-chairs-subcommittee-hearing-on-reducing-single-use-waste-opening-statement\/\",\"name\":\"Merkley Chairs Subcommittee Hearing on Reducing Single-Use Waste \u2013 Opening Statement - Merkley\",\"isPartOf\":{\"@id\":\"https:\/\/www.merkley.senate.gov\/#website\"},\"datePublished\":\"2023-08-08T15:26:53+00:00\",\"dateModified\":\"2024-03-06T16:28:15+00:00\",\"author\":{\"@id\":\"https:\/\/www.merkley.senate.gov\/#\/schema\/person\/f39b199d713984ff6439740fdfd1a377\"},\"breadcrumb\":{\"@id\":\"https:\/\/www.merkley.senate.gov\/merkley-chairs-subcommittee-hearing-on-reducing-single-use-waste-opening-statement\/#breadcrumb\"},\"inLanguage\":\"es-MX\",\"potentialAction\":[{\"@type\":\"ReadAction\",\"target\":[\"https:\/\/www.merkley.senate.gov\/merkley-chairs-subcommittee-hearing-on-reducing-single-use-waste-opening-statement\/\"]}]},{\"@type\":\"BreadcrumbList\",\"@id\":\"https:\/\/www.merkley.senate.gov\/merkley-chairs-subcommittee-hearing-on-reducing-single-use-waste-opening-statement\/#breadcrumb\",\"itemListElement\":[{\"@type\":\"ListItem\",\"position\":1,\"name\":\"Home\",\"item\":\"https:\/\/www.merkley.senate.gov\/\"},{\"@type\":\"ListItem\",\"position\":2,\"name\":\"Merkley Chairs Subcommittee Hearing on Reducing Single-Use Waste \u2013 Opening Statement\"}]},{\"@type\":\"WebSite\",\"@id\":\"https:\/\/www.merkley.senate.gov\/#website\",\"url\":\"https:\/\/www.merkley.senate.gov\/\",\"name\":\"Merkley\",\"description\":\"Merkley\",\"potentialAction\":[{\"@type\":\"SearchAction\",\"target\":{\"@type\":\"EntryPoint\",\"urlTemplate\":\"https:\/\/www.merkley.senate.gov\/?s={search_term_string}\"},\"query-input\":{\"@type\":\"PropertyValueSpecification\",\"valueRequired\":true,\"valueName\":\"search_term_string\"}}],\"inLanguage\":\"es-MX\"},{\"@type\":\"Person\",\"@id\":\"https:\/\/www.merkley.senate.gov\/#\/schema\/person\/f39b199d713984ff6439740fdfd1a377\",\"name\":\"Marcy Sutter\",\"image\":{\"@type\":\"ImageObject\",\"inLanguage\":\"es-MX\",\"@id\":\"https:\/\/secure.gravatar.com\/avatar\/511bce9670d8e1edb7290c4aed2dbfe8258c67694b491797b8a38fa052d636ad?s=96&d=mm&r=g\",\"url\":\"https:\/\/secure.gravatar.com\/avatar\/511bce9670d8e1edb7290c4aed2dbfe8258c67694b491797b8a38fa052d636ad?s=96&d=mm&r=g\",\"contentUrl\":\"https:\/\/secure.gravatar.com\/avatar\/511bce9670d8e1edb7290c4aed2dbfe8258c67694b491797b8a38fa052d636ad?s=96&d=mm&r=g\",\"caption\":\"Marcy Sutter\"},\"url\":\"https:\/\/www.merkley.senate.gov\/es\/author\/marcy-sutter\/\"}]}<\/script>\n<!-- \/ Yoast SEO plugin. -->","yoast_head_json":{"title":"Merkley Chairs Subcommittee Hearing on Reducing Single-Use Waste \u2013 Opening Statement - Merkley","robots":{"index":"index","follow":"follow","max-snippet":"max-snippet:-1","max-image-preview":"max-image-preview:large","max-video-preview":"max-video-preview:-1"},"canonical":"https:\/\/www.merkley.senate.gov\/es\/merkley-chairs-subcommittee-hearing-on-reducing-single-use-waste-opening-statement\/","og_locale":"es_MX","og_type":"article","og_title":"Merkley Chairs Subcommittee Hearing on Reducing Single-Use Waste \u2013 Opening Statement - Merkley","og_description":"On July, 27, 2023, Senator Merkley chaired a Senate Environment and Public Works Subcommittee on Chemical Safety, Environmental Justice, and Regulatory Oversight Subcommittee hearing examining solutions for reducing single-use waste and expanding refill and reuse infrastructure. Link to Full Hearing: https:\/\/www.youtube.com\/watch?v=mg67n76sNsg&amp;t=11s Witnesses Include: Dacie Meng, Policy and Institutions Senior Manager (North America), Ellen MacArthur Foundation [&hellip;]","og_url":"https:\/\/www.merkley.senate.gov\/es\/merkley-chairs-subcommittee-hearing-on-reducing-single-use-waste-opening-statement\/","og_site_name":"Merkley","article_published_time":"2023-08-08T15:26:53+00:00","article_modified_time":"2024-03-06T16:28:15+00:00","author":"Marcy Sutter","twitter_card":"summary_large_image","twitter_misc":{"Written by":"Marcy Sutter","Est. reading time":"1 minute"},"schema":{"@context":"https:\/\/schema.org","@graph":[{"@type":"Article","@id":"https:\/\/www.merkley.senate.gov\/merkley-chairs-subcommittee-hearing-on-reducing-single-use-waste-opening-statement\/#article","isPartOf":{"@id":"https:\/\/www.merkley.senate.gov\/merkley-chairs-subcommittee-hearing-on-reducing-single-use-waste-opening-statement\/"},"author":{"name":"Marcy Sutter","@id":"https:\/\/www.merkley.senate.gov\/#\/schema\/person\/f39b199d713984ff6439740fdfd1a377"},"headline":"Merkley Chairs Subcommittee Hearing on Reducing Single-Use Waste \u2013 Opening Statement","datePublished":"2023-08-08T15:26:53+00:00","dateModified":"2024-03-06T16:28:15+00:00","mainEntityOfPage":{"@id":"https:\/\/www.merkley.senate.gov\/merkley-chairs-subcommittee-hearing-on-reducing-single-use-waste-opening-statement\/"},"wordCount":93,"keywords":["Plastic","Tackling Climate Change"],"articleSection":["Videos"],"inLanguage":"es-MX"},{"@type":"WebPage","@id":"https:\/\/www.merkley.senate.gov\/merkley-chairs-subcommittee-hearing-on-reducing-single-use-waste-opening-statement\/","url":"https:\/\/www.merkley.senate.gov\/merkley-chairs-subcommittee-hearing-on-reducing-single-use-waste-opening-statement\/","name":"Merkley Chairs Subcommittee Hearing on Reducing Single-Use Waste \u2013 Opening Statement - Merkley","isPartOf":{"@id":"https:\/\/www.merkley.senate.gov\/#website"},"datePublished":"2023-08-08T15:26:53+00:00","dateModified":"2024-03-06T16:28:15+00:00","author":{"@id":"https:\/\/www.merkley.senate.gov\/#\/schema\/person\/f39b199d713984ff6439740fdfd1a377"},"breadcrumb":{"@id":"https:\/\/www.merkley.senate.gov\/merkley-chairs-subcommittee-hearing-on-reducing-single-use-waste-opening-statement\/#breadcrumb"},"inLanguage":"es-MX","potentialAction":[{"@type":"ReadAction","target":["https:\/\/www.merkley.senate.gov\/merkley-chairs-subcommittee-hearing-on-reducing-single-use-waste-opening-statement\/"]}]},{"@type":"BreadcrumbList","@id":"https:\/\/www.merkley.senate.gov\/merkley-chairs-subcommittee-hearing-on-reducing-single-use-waste-opening-statement\/#breadcrumb","itemListElement":[{"@type":"ListItem","position":1,"name":"Home","item":"https:\/\/www.merkley.senate.gov\/"},{"@type":"ListItem","position":2,"name":"Merkley Chairs Subcommittee Hearing on Reducing Single-Use Waste \u2013 Opening Statement"}]},{"@type":"WebSite","@id":"https:\/\/www.merkley.senate.gov\/#website","url":"https:\/\/www.merkley.senate.gov\/","name":"merkley","description":"merkley","potentialAction":[{"@type":"SearchAction","target":{"@type":"EntryPoint","urlTemplate":"https:\/\/www.merkley.senate.gov\/?s={search_term_string}"},"query-input":{"@type":"PropertyValueSpecification","valueRequired":true,"valueName":"search_term_string"}}],"inLanguage":"es-MX"},{"@type":"Person","@id":"https:\/\/www.merkley.senate.gov\/#\/schema\/person\/f39b199d713984ff6439740fdfd1a377","name":"Marcy Sutter","image":{"@type":"ImageObject","inLanguage":"es-MX","@id":"https:\/\/secure.gravatar.com\/avatar\/511bce9670d8e1edb7290c4aed2dbfe8258c67694b491797b8a38fa052d636ad?s=96&d=mm&r=g","url":"https:\/\/secure.gravatar.com\/avatar\/511bce9670d8e1edb7290c4aed2dbfe8258c67694b491797b8a38fa052d636ad?s=96&d=mm&r=g","contentUrl":"https:\/\/secure.gravatar.com\/avatar\/511bce9670d8e1edb7290c4aed2dbfe8258c67694b491797b8a38fa052d636ad?s=96&d=mm&r=g","caption":"Marcy Sutter"},"url":"https:\/\/www.merkley.senate.gov\/es\/author\/marcy-sutter\/"}]}},"_links":{"self":[{"href":"https:\/\/www.merkley.senate.gov\/es\/wp-json\/wp\/v2\/posts\/18713","targetHints":{"allow":["GET"]}}],"collection":[{"href":"https:\/\/www.merkley.senate.gov\/es\/wp-json\/wp\/v2\/posts"}],"about":[{"href":"https:\/\/www.merkley.senate.gov\/es\/wp-json\/wp\/v2\/types\/post"}],"author":[{"embeddable":true,"href":"https:\/\/www.merkley.senate.gov\/es\/wp-json\/wp\/v2\/users\/9"}],"replies":[{"embeddable":true,"href":"https:\/\/www.merkley.senate.gov\/es\/wp-json\/wp\/v2\/comments?post=18713"}],"version-history":[{"count":1,"href":"https:\/\/www.merkley.senate.gov\/es\/wp-json\/wp\/v2\/posts\/18713\/revisions"}],"predecessor-version":[{"id":18714,"href":"https:\/\/www.merkley.senate.gov\/es\/wp-json\/wp\/v2\/posts\/18713\/revisions\/18714"}],"wp:attachment":[{"href":"https:\/\/www.merkley.senate.gov\/es\/wp-json\/wp\/v2\/media?parent=18713"}],"wp:term":[{"taxonomy":"category","embeddable":true,"href":"https:\/\/www.merkley.senate.gov\/es\/wp-json\/wp\/v2\/categories?post=18713"},{"taxonomy":"post_tag","embeddable":true,"href":"https:\/\/www.merkley.senate.gov\/es\/wp-json\/wp\/v2\/tags?post=18713"}],"curies":[{"name":"wp","href":"https:\/\/api.w.org\/{rel}","templated":true}]}}