{"id":19154,"date":"2024-04-19T14:44:38","date_gmt":"2024-04-19T18:44:38","guid":{"rendered":"https:\/\/www.merkley.senate.gov\/?p=19154"},"modified":"2024-04-19T14:44:38","modified_gmt":"2024-04-19T18:44:38","slug":"deschutes-county-town-hall-16","status":"publish","type":"post","link":"https:\/\/www.merkley.senate.gov\/es\/deschutes-county-town-hall-16\/","title":{"rendered":"Ayuntamiento del condado de Deschutes"},"content":{"rendered":"<p>El Senador Merkley actualizar\u00e1 a los electores sobre su trabajo en Washington, DC, responder\u00e1 sus preguntas e invitar\u00e1 sus sugerencias sobre c\u00f3mo abordar los desaf\u00edos que enfrentan Oreg\u00f3n y Estados Unidos.<\/p>\n\n\n\n<p>My office is committed to diversity, inclusion, and fostering full participation for all. While there is no need to RSVP for the town hall, my team is ready to help should you need disability-related accommodations or have other access requirements to participate in the town hall.&nbsp; Please reach out to my State\u202fOperations Manager Allison Burke at <a href=\"mailto:Allison_Burke@merkley.senate.gov\" target=\"_blank\" rel=\"noreferrer noopener\">Allison_Burke@merkley.senate.gov<\/a>\u202for\u202f(503) 326-3386 to make your accommodations request\u202fby 12:00 pm PT on\u202fWednesday, April 24\u202ffor my team to best support your participation.&nbsp;<\/p>\n\n\n\n<p><\/p>\n\n\n\n<p><strong>Deschutes County\u202fTown\u202fHall\u202f\u202f<\/strong>&nbsp;<\/p>\n\n\n\n<p><strong>Tiempo:<\/strong>\u202f12:30 p.m. PT\u202f\u202f&nbsp;<\/p>\n\n\n\n<p><strong>Ubicaci\u00f3n:<\/strong>\u202fCentral Oregon Community College \u2013 Coats Campus Center,\u202fWille\u202fHall\u00a0<\/p>\n\n\n\n<p>2600 NW College Way, Bend, OR 97703&nbsp;<\/p>","protected":false},"excerpt":{"rendered":"<p>Senator Merkley will update constituents on his work in Washington, D.C., answer their questions and invite their suggestions about how to tackle the challenges facing Oregon and America. My office is committed to diversity, inclusion, and fostering full participation for all. While there is no need to RSVP for the town hall, my team is [&hellip;]<\/p>\n","protected":false},"author":9,"featured_media":0,"comment_status":"closed","ping_status":"closed","sticky":false,"template":"","format":"standard","meta":{"_acf_changed":false,"inline_featured_image":false,"footnotes":""},"categories":[23],"tags":[],"class_list":["post-19154","post","type-post","status-publish","format-standard","hentry","category-town-halls"],"acf":[],"yoast_head":"<!-- This site is optimized with the Yoast SEO plugin v27.2 - https:\/\/yoast.com\/product\/yoast-seo-wordpress\/ -->\n<title>Deschutes County Town Hall - Merkley<\/title>\n<meta name=\"robots\" content=\"index, follow, max-snippet:-1, max-image-preview:large, max-video-preview:-1\" \/>\n<link rel=\"canonical\" href=\"https:\/\/www.merkley.senate.gov\/es\/deschutes-county-town-hall-16\/\" \/>\n<meta property=\"og:locale\" content=\"es_MX\" \/>\n<meta property=\"og:type\" content=\"article\" \/>\n<meta property=\"og:title\" content=\"Deschutes County Town Hall - Merkley\" \/>\n<meta property=\"og:description\" content=\"Senator Merkley will update constituents on his work in Washington, D.C., answer their questions and invite their suggestions about how to tackle the challenges facing Oregon and America. My office is committed to diversity, inclusion, and fostering full participation for all. While there is no need to RSVP for the town hall, my team is [&hellip;]\" \/>\n<meta property=\"og:url\" content=\"https:\/\/www.merkley.senate.gov\/es\/deschutes-county-town-hall-16\/\" \/>\n<meta property=\"og:site_name\" content=\"Merkley\" \/>\n<meta property=\"article:published_time\" content=\"2024-04-19T18:44:38+00:00\" \/>\n<meta name=\"author\" content=\"Marcy Sutter\" \/>\n<meta name=\"twitter:card\" content=\"summary_large_image\" \/>\n<meta name=\"twitter:label1\" content=\"Written by\" \/>\n\t<meta name=\"twitter:data1\" content=\"Marcy Sutter\" \/>\n\t<meta name=\"twitter:label2\" content=\"Est. reading time\" \/>\n\t<meta name=\"twitter:data2\" content=\"1 minute\" \/>\n<script type=\"application\/ld+json\" class=\"yoast-schema-graph\">{\"@context\":\"https:\/\/schema.org\",\"@graph\":[{\"@type\":\"Article\",\"@id\":\"https:\/\/www.merkley.senate.gov\/deschutes-county-town-hall-16\/#article\",\"isPartOf\":{\"@id\":\"https:\/\/www.merkley.senate.gov\/deschutes-county-town-hall-16\/\"},\"author\":{\"name\":\"Marcy Sutter\",\"@id\":\"https:\/\/www.merkley.senate.gov\/#\/schema\/person\/f39b199d713984ff6439740fdfd1a377\"},\"headline\":\"Deschutes County Town Hall\",\"datePublished\":\"2024-04-19T18:44:38+00:00\",\"mainEntityOfPage\":{\"@id\":\"https:\/\/www.merkley.senate.gov\/deschutes-county-town-hall-16\/\"},\"wordCount\":144,\"articleSection\":[\"Town Halls\"],\"inLanguage\":\"es-MX\"},{\"@type\":\"WebPage\",\"@id\":\"https:\/\/www.merkley.senate.gov\/deschutes-county-town-hall-16\/\",\"url\":\"https:\/\/www.merkley.senate.gov\/deschutes-county-town-hall-16\/\",\"name\":\"Deschutes County Town Hall - Merkley\",\"isPartOf\":{\"@id\":\"https:\/\/www.merkley.senate.gov\/#website\"},\"datePublished\":\"2024-04-19T18:44:38+00:00\",\"author\":{\"@id\":\"https:\/\/www.merkley.senate.gov\/#\/schema\/person\/f39b199d713984ff6439740fdfd1a377\"},\"breadcrumb\":{\"@id\":\"https:\/\/www.merkley.senate.gov\/deschutes-county-town-hall-16\/#breadcrumb\"},\"inLanguage\":\"es-MX\",\"potentialAction\":[{\"@type\":\"ReadAction\",\"target\":[\"https:\/\/www.merkley.senate.gov\/deschutes-county-town-hall-16\/\"]}]},{\"@type\":\"BreadcrumbList\",\"@id\":\"https:\/\/www.merkley.senate.gov\/deschutes-county-town-hall-16\/#breadcrumb\",\"itemListElement\":[{\"@type\":\"ListItem\",\"position\":1,\"name\":\"Home\",\"item\":\"https:\/\/www.merkley.senate.gov\/\"},{\"@type\":\"ListItem\",\"position\":2,\"name\":\"Deschutes County Town Hall\"}]},{\"@type\":\"WebSite\",\"@id\":\"https:\/\/www.merkley.senate.gov\/#website\",\"url\":\"https:\/\/www.merkley.senate.gov\/\",\"name\":\"Merkley\",\"description\":\"Merkley\",\"potentialAction\":[{\"@type\":\"SearchAction\",\"target\":{\"@type\":\"EntryPoint\",\"urlTemplate\":\"https:\/\/www.merkley.senate.gov\/?s={search_term_string}\"},\"query-input\":{\"@type\":\"PropertyValueSpecification\",\"valueRequired\":true,\"valueName\":\"search_term_string\"}}],\"inLanguage\":\"es-MX\"},{\"@type\":\"Person\",\"@id\":\"https:\/\/www.merkley.senate.gov\/#\/schema\/person\/f39b199d713984ff6439740fdfd1a377\",\"name\":\"Marcy Sutter\",\"image\":{\"@type\":\"ImageObject\",\"inLanguage\":\"es-MX\",\"@id\":\"https:\/\/secure.gravatar.com\/avatar\/511bce9670d8e1edb7290c4aed2dbfe8258c67694b491797b8a38fa052d636ad?s=96&d=mm&r=g\",\"url\":\"https:\/\/secure.gravatar.com\/avatar\/511bce9670d8e1edb7290c4aed2dbfe8258c67694b491797b8a38fa052d636ad?s=96&d=mm&r=g\",\"contentUrl\":\"https:\/\/secure.gravatar.com\/avatar\/511bce9670d8e1edb7290c4aed2dbfe8258c67694b491797b8a38fa052d636ad?s=96&d=mm&r=g\",\"caption\":\"Marcy Sutter\"},\"url\":\"https:\/\/www.merkley.senate.gov\/es\/author\/marcy-sutter\/\"}]}<\/script>\n<!-- \/ Yoast SEO plugin. -->","yoast_head_json":{"title":"Deschutes County Town Hall - Merkley","robots":{"index":"index","follow":"follow","max-snippet":"max-snippet:-1","max-image-preview":"max-image-preview:large","max-video-preview":"max-video-preview:-1"},"canonical":"https:\/\/www.merkley.senate.gov\/es\/deschutes-county-town-hall-16\/","og_locale":"es_MX","og_type":"article","og_title":"Deschutes County Town Hall - Merkley","og_description":"Senator Merkley will update constituents on his work in Washington, D.C., answer their questions and invite their suggestions about how to tackle the challenges facing Oregon and America. My office is committed to diversity, inclusion, and fostering full participation for all. While there is no need to RSVP for the town hall, my team is [&hellip;]","og_url":"https:\/\/www.merkley.senate.gov\/es\/deschutes-county-town-hall-16\/","og_site_name":"Merkley","article_published_time":"2024-04-19T18:44:38+00:00","author":"Marcy Sutter","twitter_card":"summary_large_image","twitter_misc":{"Written by":"Marcy Sutter","Est. reading time":"1 minute"},"schema":{"@context":"https:\/\/schema.org","@graph":[{"@type":"Article","@id":"https:\/\/www.merkley.senate.gov\/deschutes-county-town-hall-16\/#article","isPartOf":{"@id":"https:\/\/www.merkley.senate.gov\/deschutes-county-town-hall-16\/"},"author":{"name":"Marcy Sutter","@id":"https:\/\/www.merkley.senate.gov\/#\/schema\/person\/f39b199d713984ff6439740fdfd1a377"},"headline":"Deschutes County Town Hall","datePublished":"2024-04-19T18:44:38+00:00","mainEntityOfPage":{"@id":"https:\/\/www.merkley.senate.gov\/deschutes-county-town-hall-16\/"},"wordCount":144,"articleSection":["Town Halls"],"inLanguage":"es-MX"},{"@type":"WebPage","@id":"https:\/\/www.merkley.senate.gov\/deschutes-county-town-hall-16\/","url":"https:\/\/www.merkley.senate.gov\/deschutes-county-town-hall-16\/","name":"Deschutes County Town Hall - Merkley","isPartOf":{"@id":"https:\/\/www.merkley.senate.gov\/#website"},"datePublished":"2024-04-19T18:44:38+00:00","author":{"@id":"https:\/\/www.merkley.senate.gov\/#\/schema\/person\/f39b199d713984ff6439740fdfd1a377"},"breadcrumb":{"@id":"https:\/\/www.merkley.senate.gov\/deschutes-county-town-hall-16\/#breadcrumb"},"inLanguage":"es-MX","potentialAction":[{"@type":"ReadAction","target":["https:\/\/www.merkley.senate.gov\/deschutes-county-town-hall-16\/"]}]},{"@type":"BreadcrumbList","@id":"https:\/\/www.merkley.senate.gov\/deschutes-county-town-hall-16\/#breadcrumb","itemListElement":[{"@type":"ListItem","position":1,"name":"Home","item":"https:\/\/www.merkley.senate.gov\/"},{"@type":"ListItem","position":2,"name":"Deschutes County Town Hall"}]},{"@type":"WebSite","@id":"https:\/\/www.merkley.senate.gov\/#website","url":"https:\/\/www.merkley.senate.gov\/","name":"merkley","description":"merkley","potentialAction":[{"@type":"SearchAction","target":{"@type":"EntryPoint","urlTemplate":"https:\/\/www.merkley.senate.gov\/?s={search_term_string}"},"query-input":{"@type":"PropertyValueSpecification","valueRequired":true,"valueName":"search_term_string"}}],"inLanguage":"es-MX"},{"@type":"Person","@id":"https:\/\/www.merkley.senate.gov\/#\/schema\/person\/f39b199d713984ff6439740fdfd1a377","name":"Marcy Sutter","image":{"@type":"ImageObject","inLanguage":"es-MX","@id":"https:\/\/secure.gravatar.com\/avatar\/511bce9670d8e1edb7290c4aed2dbfe8258c67694b491797b8a38fa052d636ad?s=96&d=mm&r=g","url":"https:\/\/secure.gravatar.com\/avatar\/511bce9670d8e1edb7290c4aed2dbfe8258c67694b491797b8a38fa052d636ad?s=96&d=mm&r=g","contentUrl":"https:\/\/secure.gravatar.com\/avatar\/511bce9670d8e1edb7290c4aed2dbfe8258c67694b491797b8a38fa052d636ad?s=96&d=mm&r=g","caption":"Marcy Sutter"},"url":"https:\/\/www.merkley.senate.gov\/es\/author\/marcy-sutter\/"}]}},"_links":{"self":[{"href":"https:\/\/www.merkley.senate.gov\/es\/wp-json\/wp\/v2\/posts\/19154","targetHints":{"allow":["GET"]}}],"collection":[{"href":"https:\/\/www.merkley.senate.gov\/es\/wp-json\/wp\/v2\/posts"}],"about":[{"href":"https:\/\/www.merkley.senate.gov\/es\/wp-json\/wp\/v2\/types\/post"}],"author":[{"embeddable":true,"href":"https:\/\/www.merkley.senate.gov\/es\/wp-json\/wp\/v2\/users\/9"}],"replies":[{"embeddable":true,"href":"https:\/\/www.merkley.senate.gov\/es\/wp-json\/wp\/v2\/comments?post=19154"}],"version-history":[{"count":3,"href":"https:\/\/www.merkley.senate.gov\/es\/wp-json\/wp\/v2\/posts\/19154\/revisions"}],"predecessor-version":[{"id":19173,"href":"https:\/\/www.merkley.senate.gov\/es\/wp-json\/wp\/v2\/posts\/19154\/revisions\/19173"}],"wp:attachment":[{"href":"https:\/\/www.merkley.senate.gov\/es\/wp-json\/wp\/v2\/media?parent=19154"}],"wp:term":[{"taxonomy":"category","embeddable":true,"href":"https:\/\/www.merkley.senate.gov\/es\/wp-json\/wp\/v2\/categories?post=19154"},{"taxonomy":"post_tag","embeddable":true,"href":"https:\/\/www.merkley.senate.gov\/es\/wp-json\/wp\/v2\/tags?post=19154"}],"curies":[{"name":"wp","href":"https:\/\/api.w.org\/{rel}","templated":true}]}}