{"id":21305,"date":"2025-01-24T18:02:03","date_gmt":"2025-01-24T23:02:03","guid":{"rendered":"https:\/\/www.merkley.senate.gov\/?p=21305"},"modified":"2025-01-24T18:02:06","modified_gmt":"2025-01-24T23:02:06","slug":"lincoln-county-town-hall-with-u-s-representative-val-hoyle","status":"publish","type":"post","link":"https:\/\/www.merkley.senate.gov\/es\/lincoln-county-town-hall-with-u-s-representative-val-hoyle\/","title":{"rendered":"Ayuntamiento del condado de Lincoln, con la representante estadounidense Val Hoyle"},"content":{"rendered":"<p>El Senador Merkley actualizar\u00e1 a los electores sobre su trabajo en Washington, DC, responder\u00e1 sus preguntas e invitar\u00e1 sus sugerencias sobre c\u00f3mo abordar los desaf\u00edos que enfrentan Oreg\u00f3n y Estados Unidos.<\/p>\n\n\n\n<p>Mi oficina est\u00e1 comprometida con la diversidad, la inclusi\u00f3n y el fomento de la plena participaci\u00f3n de todos. Si bien no es necesario confirmar asistencia para la asamblea, mi equipo est\u00e1 listo para ayudarle si necesita adaptaciones relacionadas con la discapacidad o tiene otros requisitos de acceso para participar. Comun\u00edquese con mi Gerente de Operaciones Estatales, Allison Burke, al <a href=\"mailto:Allison_Burke@merkley.senate.gov\" target=\"_blank\" rel=\"noreferrer noopener\">Allison_Burke@merkley.senate.gov<\/a>o (503) 326-3386 para realizar su solicitud de adaptaciones antes de las 12:00 p. m. (hora del Pac\u00edfico) del mi\u00e9rcoles 29 de enero para que mi equipo pueda brindar el mejor apoyo para su participaci\u00f3n.<\/p>\n\n\n\n<p><strong>Ayuntamiento del condado de Lincoln<\/strong>&nbsp;\u2013&nbsp;<em>con el representante estadounidense Val Hoyle<\/em><\/p>\n\n\n\n<p>Fecha: s\u00e1bado 1 de febrero de 2025<\/p>\n\n\n\n<p>Hora: 12 p. m. PT<\/p>\n\n\n\n<p>Ubicaci\u00f3n:<em>\u00a0<\/em>Colegio Comunitario de la Costa de Oreg\u00f3n \u2013 Los Comunes<\/p>\n\n\n\n<p>400 SE College Way, Newport, OR 97366<\/p>","protected":false},"excerpt":{"rendered":"<p>Senator Merkley will update constituents on his work in Washington, D.C., answer their questions and invite their suggestions about how to tackle the challenges facing Oregon and America. My office is committed to diversity, inclusion, and fostering full participation for all. While there is no need to RSVP for the town hall, my team is [&hellip;]<\/p>\n","protected":false},"author":9,"featured_media":18844,"comment_status":"closed","ping_status":"closed","sticky":false,"template":"","format":"standard","meta":{"_acf_changed":false,"inline_featured_image":false,"footnotes":""},"categories":[23],"tags":[],"class_list":["post-21305","post","type-post","status-publish","format-standard","has-post-thumbnail","hentry","category-town-halls"],"acf":[],"yoast_head":"<!-- This site is optimized with the Yoast SEO plugin v27.2 - https:\/\/yoast.com\/product\/yoast-seo-wordpress\/ -->\n<title>Lincoln County Town Hall - with U.S. Representative Val Hoyle - Merkley<\/title>\n<meta name=\"robots\" content=\"index, follow, max-snippet:-1, max-image-preview:large, max-video-preview:-1\" \/>\n<link rel=\"canonical\" href=\"https:\/\/www.merkley.senate.gov\/es\/lincoln-county-town-hall-with-u-s-representative-val-hoyle\/\" \/>\n<meta property=\"og:locale\" content=\"es_MX\" \/>\n<meta property=\"og:type\" content=\"article\" \/>\n<meta property=\"og:title\" content=\"Lincoln County Town Hall - with U.S. Representative Val Hoyle - Merkley\" \/>\n<meta property=\"og:description\" content=\"Senator Merkley will update constituents on his work in Washington, D.C., answer their questions and invite their suggestions about how to tackle the challenges facing Oregon and America. My office is committed to diversity, inclusion, and fostering full participation for all. While there is no need to RSVP for the town hall, my team is [&hellip;]\" \/>\n<meta property=\"og:url\" content=\"https:\/\/www.merkley.senate.gov\/es\/lincoln-county-town-hall-with-u-s-representative-val-hoyle\/\" \/>\n<meta property=\"og:site_name\" content=\"Merkley\" \/>\n<meta property=\"article:published_time\" content=\"2025-01-24T23:02:03+00:00\" \/>\n<meta property=\"article:modified_time\" content=\"2025-01-24T23:02:06+00:00\" \/>\n<meta property=\"og:image\" content=\"https:\/\/www.merkley.senate.gov\/wp-content\/uploads\/GENERIC-release_updated-copy.png\" \/>\n\t<meta property=\"og:image:width\" content=\"1200\" \/>\n\t<meta property=\"og:image:height\" content=\"630\" \/>\n\t<meta property=\"og:image:type\" content=\"image\/png\" \/>\n<meta name=\"author\" content=\"Marcy Sutter\" \/>\n<meta name=\"twitter:card\" content=\"summary_large_image\" \/>\n<meta name=\"twitter:label1\" content=\"Written by\" \/>\n\t<meta name=\"twitter:data1\" content=\"Marcy Sutter\" \/>\n\t<meta name=\"twitter:label2\" content=\"Est. reading time\" \/>\n\t<meta name=\"twitter:data2\" content=\"1 minute\" \/>\n<script type=\"application\/ld+json\" class=\"yoast-schema-graph\">{\"@context\":\"https:\/\/schema.org\",\"@graph\":[{\"@type\":\"Article\",\"@id\":\"https:\/\/www.merkley.senate.gov\/lincoln-county-town-hall-with-u-s-representative-val-hoyle\/#article\",\"isPartOf\":{\"@id\":\"https:\/\/www.merkley.senate.gov\/lincoln-county-town-hall-with-u-s-representative-val-hoyle\/\"},\"author\":{\"name\":\"Marcy Sutter\",\"@id\":\"https:\/\/www.merkley.senate.gov\/#\/schema\/person\/f39b199d713984ff6439740fdfd1a377\"},\"headline\":\"Lincoln County Town Hall &#8211; with U.S. Representative Val Hoyle\",\"datePublished\":\"2025-01-24T23:02:03+00:00\",\"dateModified\":\"2025-01-24T23:02:06+00:00\",\"mainEntityOfPage\":{\"@id\":\"https:\/\/www.merkley.senate.gov\/lincoln-county-town-hall-with-u-s-representative-val-hoyle\/\"},\"wordCount\":154,\"image\":{\"@id\":\"https:\/\/www.merkley.senate.gov\/lincoln-county-town-hall-with-u-s-representative-val-hoyle\/#primaryimage\"},\"thumbnailUrl\":\"https:\/\/www.merkley.senate.gov\/wp-content\/uploads\/GENERIC-release_updated-copy.png\",\"articleSection\":[\"Town Halls\"],\"inLanguage\":\"es-MX\"},{\"@type\":\"WebPage\",\"@id\":\"https:\/\/www.merkley.senate.gov\/lincoln-county-town-hall-with-u-s-representative-val-hoyle\/\",\"url\":\"https:\/\/www.merkley.senate.gov\/lincoln-county-town-hall-with-u-s-representative-val-hoyle\/\",\"name\":\"Lincoln County Town Hall - with U.S. Representative Val Hoyle - Merkley\",\"isPartOf\":{\"@id\":\"https:\/\/www.merkley.senate.gov\/#website\"},\"primaryImageOfPage\":{\"@id\":\"https:\/\/www.merkley.senate.gov\/lincoln-county-town-hall-with-u-s-representative-val-hoyle\/#primaryimage\"},\"image\":{\"@id\":\"https:\/\/www.merkley.senate.gov\/lincoln-county-town-hall-with-u-s-representative-val-hoyle\/#primaryimage\"},\"thumbnailUrl\":\"https:\/\/www.merkley.senate.gov\/wp-content\/uploads\/GENERIC-release_updated-copy.png\",\"datePublished\":\"2025-01-24T23:02:03+00:00\",\"dateModified\":\"2025-01-24T23:02:06+00:00\",\"author\":{\"@id\":\"https:\/\/www.merkley.senate.gov\/#\/schema\/person\/f39b199d713984ff6439740fdfd1a377\"},\"breadcrumb\":{\"@id\":\"https:\/\/www.merkley.senate.gov\/lincoln-county-town-hall-with-u-s-representative-val-hoyle\/#breadcrumb\"},\"inLanguage\":\"es-MX\",\"potentialAction\":[{\"@type\":\"ReadAction\",\"target\":[\"https:\/\/www.merkley.senate.gov\/lincoln-county-town-hall-with-u-s-representative-val-hoyle\/\"]}]},{\"@type\":\"ImageObject\",\"inLanguage\":\"es-MX\",\"@id\":\"https:\/\/www.merkley.senate.gov\/lincoln-county-town-hall-with-u-s-representative-val-hoyle\/#primaryimage\",\"url\":\"https:\/\/www.merkley.senate.gov\/wp-content\/uploads\/GENERIC-release_updated-copy.png\",\"contentUrl\":\"https:\/\/www.merkley.senate.gov\/wp-content\/uploads\/GENERIC-release_updated-copy.png\",\"width\":1200,\"height\":630,\"caption\":\"Jeff Merkley Senator for Oregon www.merkley.senate.gov\"},{\"@type\":\"BreadcrumbList\",\"@id\":\"https:\/\/www.merkley.senate.gov\/lincoln-county-town-hall-with-u-s-representative-val-hoyle\/#breadcrumb\",\"itemListElement\":[{\"@type\":\"ListItem\",\"position\":1,\"name\":\"Home\",\"item\":\"https:\/\/www.merkley.senate.gov\/\"},{\"@type\":\"ListItem\",\"position\":2,\"name\":\"Lincoln County Town Hall &#8211; with U.S. Representative Val Hoyle\"}]},{\"@type\":\"WebSite\",\"@id\":\"https:\/\/www.merkley.senate.gov\/#website\",\"url\":\"https:\/\/www.merkley.senate.gov\/\",\"name\":\"Merkley\",\"description\":\"Merkley\",\"potentialAction\":[{\"@type\":\"SearchAction\",\"target\":{\"@type\":\"EntryPoint\",\"urlTemplate\":\"https:\/\/www.merkley.senate.gov\/?s={search_term_string}\"},\"query-input\":{\"@type\":\"PropertyValueSpecification\",\"valueRequired\":true,\"valueName\":\"search_term_string\"}}],\"inLanguage\":\"es-MX\"},{\"@type\":\"Person\",\"@id\":\"https:\/\/www.merkley.senate.gov\/#\/schema\/person\/f39b199d713984ff6439740fdfd1a377\",\"name\":\"Marcy Sutter\",\"image\":{\"@type\":\"ImageObject\",\"inLanguage\":\"es-MX\",\"@id\":\"https:\/\/secure.gravatar.com\/avatar\/511bce9670d8e1edb7290c4aed2dbfe8258c67694b491797b8a38fa052d636ad?s=96&d=mm&r=g\",\"url\":\"https:\/\/secure.gravatar.com\/avatar\/511bce9670d8e1edb7290c4aed2dbfe8258c67694b491797b8a38fa052d636ad?s=96&d=mm&r=g\",\"contentUrl\":\"https:\/\/secure.gravatar.com\/avatar\/511bce9670d8e1edb7290c4aed2dbfe8258c67694b491797b8a38fa052d636ad?s=96&d=mm&r=g\",\"caption\":\"Marcy Sutter\"},\"url\":\"https:\/\/www.merkley.senate.gov\/es\/author\/marcy-sutter\/\"}]}<\/script>\n<!-- \/ Yoast SEO plugin. -->","yoast_head_json":{"title":"Lincoln County Town Hall - with U.S. Representative Val Hoyle - Merkley","robots":{"index":"index","follow":"follow","max-snippet":"max-snippet:-1","max-image-preview":"max-image-preview:large","max-video-preview":"max-video-preview:-1"},"canonical":"https:\/\/www.merkley.senate.gov\/es\/lincoln-county-town-hall-with-u-s-representative-val-hoyle\/","og_locale":"es_MX","og_type":"article","og_title":"Lincoln County Town Hall - with U.S. Representative Val Hoyle - Merkley","og_description":"Senator Merkley will update constituents on his work in Washington, D.C., answer their questions and invite their suggestions about how to tackle the challenges facing Oregon and America. My office is committed to diversity, inclusion, and fostering full participation for all. While there is no need to RSVP for the town hall, my team is [&hellip;]","og_url":"https:\/\/www.merkley.senate.gov\/es\/lincoln-county-town-hall-with-u-s-representative-val-hoyle\/","og_site_name":"Merkley","article_published_time":"2025-01-24T23:02:03+00:00","article_modified_time":"2025-01-24T23:02:06+00:00","og_image":[{"width":1200,"height":630,"url":"https:\/\/www.merkley.senate.gov\/wp-content\/uploads\/GENERIC-release_updated-copy.png","type":"image\/png"}],"author":"Marcy Sutter","twitter_card":"summary_large_image","twitter_misc":{"Written by":"Marcy Sutter","Est. reading time":"1 minute"},"schema":{"@context":"https:\/\/schema.org","@graph":[{"@type":"Article","@id":"https:\/\/www.merkley.senate.gov\/lincoln-county-town-hall-with-u-s-representative-val-hoyle\/#article","isPartOf":{"@id":"https:\/\/www.merkley.senate.gov\/lincoln-county-town-hall-with-u-s-representative-val-hoyle\/"},"author":{"name":"Marcy Sutter","@id":"https:\/\/www.merkley.senate.gov\/#\/schema\/person\/f39b199d713984ff6439740fdfd1a377"},"headline":"Lincoln County Town Hall &#8211; with U.S. Representative Val Hoyle","datePublished":"2025-01-24T23:02:03+00:00","dateModified":"2025-01-24T23:02:06+00:00","mainEntityOfPage":{"@id":"https:\/\/www.merkley.senate.gov\/lincoln-county-town-hall-with-u-s-representative-val-hoyle\/"},"wordCount":154,"image":{"@id":"https:\/\/www.merkley.senate.gov\/lincoln-county-town-hall-with-u-s-representative-val-hoyle\/#primaryimage"},"thumbnailUrl":"https:\/\/www.merkley.senate.gov\/wp-content\/uploads\/GENERIC-release_updated-copy.png","articleSection":["Town Halls"],"inLanguage":"es-MX"},{"@type":"WebPage","@id":"https:\/\/www.merkley.senate.gov\/lincoln-county-town-hall-with-u-s-representative-val-hoyle\/","url":"https:\/\/www.merkley.senate.gov\/lincoln-county-town-hall-with-u-s-representative-val-hoyle\/","name":"Lincoln County Town Hall - with U.S. Representative Val Hoyle - Merkley","isPartOf":{"@id":"https:\/\/www.merkley.senate.gov\/#website"},"primaryImageOfPage":{"@id":"https:\/\/www.merkley.senate.gov\/lincoln-county-town-hall-with-u-s-representative-val-hoyle\/#primaryimage"},"image":{"@id":"https:\/\/www.merkley.senate.gov\/lincoln-county-town-hall-with-u-s-representative-val-hoyle\/#primaryimage"},"thumbnailUrl":"https:\/\/www.merkley.senate.gov\/wp-content\/uploads\/GENERIC-release_updated-copy.png","datePublished":"2025-01-24T23:02:03+00:00","dateModified":"2025-01-24T23:02:06+00:00","author":{"@id":"https:\/\/www.merkley.senate.gov\/#\/schema\/person\/f39b199d713984ff6439740fdfd1a377"},"breadcrumb":{"@id":"https:\/\/www.merkley.senate.gov\/lincoln-county-town-hall-with-u-s-representative-val-hoyle\/#breadcrumb"},"inLanguage":"es-MX","potentialAction":[{"@type":"ReadAction","target":["https:\/\/www.merkley.senate.gov\/lincoln-county-town-hall-with-u-s-representative-val-hoyle\/"]}]},{"@type":"ImageObject","inLanguage":"es-MX","@id":"https:\/\/www.merkley.senate.gov\/lincoln-county-town-hall-with-u-s-representative-val-hoyle\/#primaryimage","url":"https:\/\/www.merkley.senate.gov\/wp-content\/uploads\/GENERIC-release_updated-copy.png","contentUrl":"https:\/\/www.merkley.senate.gov\/wp-content\/uploads\/GENERIC-release_updated-copy.png","width":1200,"height":630,"caption":"Jeff Merkley Senator for Oregon www.merkley.senate.gov"},{"@type":"BreadcrumbList","@id":"https:\/\/www.merkley.senate.gov\/lincoln-county-town-hall-with-u-s-representative-val-hoyle\/#breadcrumb","itemListElement":[{"@type":"ListItem","position":1,"name":"Home","item":"https:\/\/www.merkley.senate.gov\/"},{"@type":"ListItem","position":2,"name":"Lincoln County Town Hall &#8211; with U.S. Representative Val Hoyle"}]},{"@type":"WebSite","@id":"https:\/\/www.merkley.senate.gov\/#website","url":"https:\/\/www.merkley.senate.gov\/","name":"merkley","description":"merkley","potentialAction":[{"@type":"SearchAction","target":{"@type":"EntryPoint","urlTemplate":"https:\/\/www.merkley.senate.gov\/?s={search_term_string}"},"query-input":{"@type":"PropertyValueSpecification","valueRequired":true,"valueName":"search_term_string"}}],"inLanguage":"es-MX"},{"@type":"Person","@id":"https:\/\/www.merkley.senate.gov\/#\/schema\/person\/f39b199d713984ff6439740fdfd1a377","name":"Marcy Sutter","image":{"@type":"ImageObject","inLanguage":"es-MX","@id":"https:\/\/secure.gravatar.com\/avatar\/511bce9670d8e1edb7290c4aed2dbfe8258c67694b491797b8a38fa052d636ad?s=96&d=mm&r=g","url":"https:\/\/secure.gravatar.com\/avatar\/511bce9670d8e1edb7290c4aed2dbfe8258c67694b491797b8a38fa052d636ad?s=96&d=mm&r=g","contentUrl":"https:\/\/secure.gravatar.com\/avatar\/511bce9670d8e1edb7290c4aed2dbfe8258c67694b491797b8a38fa052d636ad?s=96&d=mm&r=g","caption":"Marcy Sutter"},"url":"https:\/\/www.merkley.senate.gov\/es\/author\/marcy-sutter\/"}]}},"_links":{"self":[{"href":"https:\/\/www.merkley.senate.gov\/es\/wp-json\/wp\/v2\/posts\/21305","targetHints":{"allow":["GET"]}}],"collection":[{"href":"https:\/\/www.merkley.senate.gov\/es\/wp-json\/wp\/v2\/posts"}],"about":[{"href":"https:\/\/www.merkley.senate.gov\/es\/wp-json\/wp\/v2\/types\/post"}],"author":[{"embeddable":true,"href":"https:\/\/www.merkley.senate.gov\/es\/wp-json\/wp\/v2\/users\/9"}],"replies":[{"embeddable":true,"href":"https:\/\/www.merkley.senate.gov\/es\/wp-json\/wp\/v2\/comments?post=21305"}],"version-history":[{"count":1,"href":"https:\/\/www.merkley.senate.gov\/es\/wp-json\/wp\/v2\/posts\/21305\/revisions"}],"predecessor-version":[{"id":21306,"href":"https:\/\/www.merkley.senate.gov\/es\/wp-json\/wp\/v2\/posts\/21305\/revisions\/21306"}],"wp:featuredmedia":[{"embeddable":true,"href":"https:\/\/www.merkley.senate.gov\/es\/wp-json\/wp\/v2\/media\/18844"}],"wp:attachment":[{"href":"https:\/\/www.merkley.senate.gov\/es\/wp-json\/wp\/v2\/media?parent=21305"}],"wp:term":[{"taxonomy":"category","embeddable":true,"href":"https:\/\/www.merkley.senate.gov\/es\/wp-json\/wp\/v2\/categories?post=21305"},{"taxonomy":"post_tag","embeddable":true,"href":"https:\/\/www.merkley.senate.gov\/es\/wp-json\/wp\/v2\/tags?post=21305"}],"curies":[{"name":"wp","href":"https:\/\/api.w.org\/{rel}","templated":true}]}}