{"id":2190,"date":"2022-05-11T00:00:00","date_gmt":"2022-05-11T04:00:00","guid":{"rendered":"https:\/\/www.merkley.senate.gov\/oregon-senators-vote-in-favor-of-abortion-rights-22\/"},"modified":"2023-07-24T11:05:07","modified_gmt":"2023-07-24T15:05:07","slug":"oregon-senators-vote-in-favor-of-abortion-rights-22","status":"publish","type":"post","link":"https:\/\/www.merkley.senate.gov\/es\/oregon-senators-vote-in-favor-of-abortion-rights-22\/","title":{"rendered":"Los senadores de Oreg\u00f3n votan a favor del derecho al aborto"},"content":{"rendered":"<p>Los dos senadores de Oreg\u00f3n, ambos dem\u00f3cratas, votaron del lado perdedor ya que el Senado no logr\u00f3 avanzar una legislaci\u00f3n federal para prohibir las restricciones al aborto esta semana.<\/p>\n<p>La votaci\u00f3n sobre la S 4132 del mi\u00e9rcoles 11 de mayo fue de 51 en contra (los 50 republicanos m\u00e1s el dem\u00f3crata Joe Manchin de Virginia Occidental, que se opone al derecho al aborto) y 49 a favor. Dos independientes que normalmente est\u00e1n del lado de los dem\u00f3cratas se unieron a 47 dem\u00f3cratas.<\/p>\n<p>La moci\u00f3n para poner fin al debate habr\u00eda requerido 60 votos.<\/p>\n<p>Aunque se esperaba que la moci\u00f3n fracasara, el l\u00edder de la mayor\u00eda del Senado, Chuck Schumer, un dem\u00f3crata de Nueva York, dijo que buscaba dejar constancia de todos los senadores antes de las elecciones generales del 8 de noviembre.<\/p>\n<p>La C\u00e1mara aprob\u00f3 una legislaci\u00f3n similar (HR 3755) por votaci\u00f3n de 218 a 211 el 24 de septiembre. Ning\u00fan republicano vot\u00f3 a favor; s\u00f3lo un dem\u00f3crata vot\u00f3 en contra. La delegaci\u00f3n de Oreg\u00f3n se dividi\u00f3 4-1 seg\u00fan las l\u00edneas partidistas.<\/p>\n<p>Los senadores Ron Wyden y Jeff Merkley hicieron estos comentarios despu\u00e9s.<\/p>\n<p>&quot;Se\u00f1or. Presidente, hoy el Senado realiz\u00f3 una de las votaciones m\u00e1s importantes en las que he participado en todo mi tiempo en el servicio p\u00fablico.<\/p>\n<p>\u201cAunque la Ley de Protecci\u00f3n de la Salud de la Mujer no fue aprobada hoy, esta votaci\u00f3n dej\u00f3 muy claro de qu\u00e9 lado est\u00e1 cada senador. Los republicanos votaron un\u00e1nimemente a favor de penalizar el aborto en m\u00e1s de la mitad de los estados en tan s\u00f3lo unas pocas semanas.<\/p>\n<p>\u201cLos dem\u00f3cratas votaron para impedir que la Corte de Alito retrocediera un siglo en la salud de las mujeres.<\/p>\n<p>\u201cSeamos 100% muy claros sobre las consecuencias de esta sentencia cuando sea definitiva.<\/p>\n<p>\u201cSe penalizar\u00e1 inmediatamente el aborto en muchos estados.<\/p>\n<p>\u201cPermitir\u00e1 a los republicanos aprobar una ley que penalice el aborto en los 50 estados.<\/p>\n<p>\u201cAcabar\u00e1 con el derecho constitucional a la privacidad, un derecho del que dependen el matrimonio, la elecci\u00f3n y muchos otros derechos civiles.<\/p>\n<p>\u201cY pondr\u00e1 a los gobiernos en control de los cuerpos de las mujeres.<\/p>\n<p>\u201cEste es realmente un resultado aterrador para millones y millones de personas en todo el pa\u00eds.<\/p>\n<p>\u201cNo es ning\u00fan secreto que la gente ha estado considerando qu\u00e9 pasar\u00eda si y cuando esta Corte Suprema de extrema derecha desestimara a Roe. Hace menos de un mes, estuve en este piso hablando sobre el fin de Roe y el peligro para Griswold v. Connecticut, el caso que afirm\u00f3 el derecho de las personas casadas a utilizar anticonceptivos.<\/p>\n<p>\u201cSin embargo, sigue siendo un shock \u2013un pu\u00f1etazo en el est\u00f3mago\u2013 ver cu\u00e1n ansiosos est\u00e1n los legisladores republicanos por despojar a las mujeres de sus libertades constitucionales y poner en peligro sus vidas. Van mucho m\u00e1s all\u00e1 de simplemente derrocar a Roe.<\/p>\n<p>\u201cTodo lo que se hablaba sobre los derechos de los estados se ha ido por la ventana: el objetivo es una prohibici\u00f3n federal del aborto, una criminalizaci\u00f3n federal.<\/p>\n<p>\u201cLos republicanos, incluidos gobernadores y l\u00edderes de las c\u00e1maras estatales, ya est\u00e1n hablando de prohibir el control de la natalidad. Lo dir\u00e9 de nuevo: \u00a1est\u00e1n hablando de prohibir el control de la natalidad!<\/p>\n<p>\u201cYa hay planes para restringir la libertad de movimiento de las personas, criminalizando a las mujeres que viajan a otros estados para abortar, e incluso a la persona que las lleva.<\/p>\n<p>\u201cNo endulcemos lo que eso significa. Est\u00e1n hablando de promulgar leyes que van m\u00e1s all\u00e1 de las fronteras estatales y se remontan a las partes m\u00e1s oscuras de nuestra historia.<\/p>\n<p>\u201cEste tribunal de extrema derecha de Alito ya ha dado luz verde a los legisladores de extrema derecha para que hagan lo que quieran en lo que respecta al aborto. No hay raz\u00f3n para confiar en que este tribunal trazar\u00e1 un l\u00edmite a la hora de restringir la libertad de movimiento de las mujeres.<\/p>\n<p>\u201cOtro tema estrechamente relacionado que me asusta tiene que ver con los datos. Con el aborto penalizado, los cazarrecompensas y el gobierno utilizar\u00e1n los datos personales de las mujeres como arma contra ellas.<\/p>\n<p>\u201cLlevo a\u00f1os dando la alarma sobre el abuso de los datos de ubicaci\u00f3n tomados de los tel\u00e9fonos m\u00f3viles de las personas. En un mundo donde Sam Alito est\u00e1 a cargo de las leyes sobre el aborto, eso se convierte en una crisis enorme, enorme.<\/p>\n<p>\u201cLos turbios intermediarios de datos ya est\u00e1n rastreando a las mujeres que van a las cl\u00ednicas de Planned Parenthood, y vender\u00e1n esos datos a cualquiera que tenga una tarjeta de cr\u00e9dito. Imag\u00ednese por un momento lo que har\u00e1n con estos datos no s\u00f3lo los fiscales, sino tambi\u00e9n estos trastornados vigilantes de derecha.<\/p>\n<p>\u201cLas aplicaciones que usan las mujeres, los sitios web que visitan, los lugares a los que van. Todo eso puede ser y ser\u00e1 usado en su contra por los fiscales.<\/p>\n<p>\u201cEn resumen, esto es &#039;vigilancia del \u00fatero&#039;. Eso es lo que se avecina a menos que el Congreso act\u00fae y se tome en serio la privacidad del consumidor y proh\u00edba al gobierno eludir la Cuarta Enmienda.<\/p>\n<p>\u201cMe sorprende la poca preocupaci\u00f3n que parece haber por estas cuestiones importantes. Es una carrera a toda velocidad hacia una extralimitaci\u00f3n masiva del gobierno y severas restricciones a la libertad y privacidad de las mujeres.<\/p>\n<p>\u201cNo se piensa en las v\u00edctimas de violaci\u00f3n.<\/p>\n<p>\u201cNo se piensa en las v\u00edctimas del incesto.<\/p>\n<p>\u201cNo se piensa en la explotaci\u00f3n de las mujeres despu\u00e9s de haberlas obligado a someterse a abortos clandestinos.<\/p>\n<p>\u201cNo se piensa en cu\u00e1ntas mujeres m\u00e1s morir\u00e1n como resultado de este fallo...<\/p>\n<p>\u201cLas complicaciones durante el embarazo podr\u00edan convertirse en una sentencia de muerte. En estados como Texas, donde las fuerzas del orden ya han mostrado su voluntad de arrestar a una mujer por haber sufrido un aborto espont\u00e1neo, la tragedia de una mujer por perder un beb\u00e9 se ver\u00e1 agravada por la amenaza muy real de un proceso penal.<\/p>\n<p>\u201cA pesar de todo esto, los abortos seguir\u00e1n ocurriendo, simplemente ocurrir\u00e1n en condiciones que son menos seguras que las actuales.<\/p>\n<p>\u201cS\u00e9 que hay miembros del otro lado que dicen que les importan estos temas. Lo vienen diciendo desde hace a\u00f1os y, sin embargo, hemos llegado a este momento.<\/p>\n<p>\u201cNi un solo senador republicano vot\u00f3 a favor de proteger la ley tal como est\u00e1 hoy.<\/p>\n<p>\u201cLa gran, gran mayor\u00eda de la gente en Oreg\u00f3n y en todo el pa\u00eds se opone a lo que el tribunal de Alito les est\u00e1 infligiendo al desestimar a Roe.<\/p>\n<p>\u201cEsto es radicalismo judicial extremo: prueba de que estos jueces estaban tirando humo cuando dijeron a los senadores que respetar\u00edan el precedente si eran confirmados.<\/p>\n<p>\u201cLa conclusi\u00f3n es la siguiente: si no tienes control sobre tu propio cuerpo, no eres libre. El tribunal de Alito niega a las mujeres el control sobre sus propios cuerpos. Esto es un ataque a su libertad y una negaci\u00f3n del derecho de los estadounidenses a la privacidad.<\/p>\n<p>\u201cPenalizar el aborto es malo, simple y llanamente. \u00bfC\u00f3mo podemos dejar que esto siga as\u00ed?<\/p>\n<p>\u201cHoy no es el final de esta lucha. El Senado ha votado. Ahora cada estadounidense debe emitir su voto y dejar claro si quiere ser parte de esta nueva realidad republicana\u201d.<\/p>\n<p>El senador Merkley, en una declaraci\u00f3n despu\u00e9s de la votaci\u00f3n:h3&gt;<\/p>\n<p>\u201cHoy, a cada senador se le present\u00f3 una opci\u00f3n: defender el derecho de los estadounidenses a la privacidad y el derecho al aborto, o poner a los pol\u00edticos en la sala de examen para dictar las decisiones reproductivas de las mujeres estadounidenses. La elecci\u00f3n fue f\u00e1cil. Al emitir mi voto a favor de la Ley de Protecci\u00f3n de la Salud de la Mujer, pens\u00e9 en pacientes y proveedores inquietos por un futuro cercano en el que podr\u00edamos perder la capacidad de tomar nuestras decisiones m\u00e1s \u00edntimas por nosotros mismos.<\/p>\n<p>\u201cEn tan s\u00f3lo unas semanas, se espera que cinco jueces de la Corte Suprema no electos y que no rinden cuentas act\u00faen como una s\u00faper legislatura para robar a los estadounidenses nuestro derecho al aborto legal y al control sobre nuestros propios cuerpos. Es horroroso e indignante para todos los que creen en una sociedad libre y que rechazan la invasi\u00f3n del gobierno en nuestras vidas personales.<\/p>\n<p>\u201cLa votaci\u00f3n de hoy es importante porque en nuestra democracia los ciudadanos necesitan saber cu\u00e1l es nuestra posici\u00f3n respecto de cuestiones importantes. Creo que los habitantes de Oreg\u00f3n y el pueblo estadounidense no quieren que los pol\u00edticos del MAGA les digan a las sobrevivientes de violaci\u00f3n e incesto que deben seguir embarazadas. No queremos que los m\u00e9dicos teman ser procesados penalmente por brindar atenci\u00f3n que protege la salud y la vida de sus pacientes. Los estadounidenses no queremos pol\u00edticos ni jueces en nuestras salas de examen y dormitorios.<\/p>\n<p>\u201cDepende de todos los que creemos en la libertad y la liberaci\u00f3n de un gobierno excesivo crear el cambio pol\u00edtico que impida que esta visi\u00f3n de pesadilla se convierta en nuestra realidad. Este fin de semana, los estadounidenses se reunir\u00e1n para hablar. Estamos en una lucha con una minor\u00eda extremista que quiere controlarte a ti y a tu vida. Nunca abandonar\u00e9 la lucha por proteger y promover el acceso a la atenci\u00f3n m\u00e9dica, incluida la atenci\u00f3n del aborto legal y seguro\u201d.<\/p>","protected":false},"excerpt":{"rendered":"<p>Oregon&#8217;s two senators, both Democrats, voted on the losing side as the Senate failed to advance federal legislation to bar restrictions on abortion this week. The vote on S 4132 on Wednesday, May 11, was 51 against &mdash; all 50 Republicans plus Democrat Joe Manchin of West Virginia, who opposes abortion rights &mdash; and 49 [&hellip;]<\/p>\n","protected":false},"author":2,"featured_media":0,"comment_status":"closed","ping_status":"closed","sticky":false,"template":"","format":"standard","meta":{"_acf_changed":false,"inline_featured_image":false,"footnotes":""},"categories":[26],"tags":[],"class_list":["post-2190","post","type-post","status-publish","format-standard","hentry","category-in-the-news"],"acf":[],"yoast_head":"<!-- This site is optimized with the Yoast SEO plugin v27.2 - https:\/\/yoast.com\/product\/yoast-seo-wordpress\/ -->\n<title>Oregon senators vote in favor of abortion rights - Merkley<\/title>\n<meta name=\"robots\" content=\"index, follow, max-snippet:-1, max-image-preview:large, max-video-preview:-1\" \/>\n<link rel=\"canonical\" href=\"https:\/\/www.merkley.senate.gov\/es\/oregon-senators-vote-in-favor-of-abortion-rights-22\/\" \/>\n<meta property=\"og:locale\" content=\"es_MX\" \/>\n<meta property=\"og:type\" content=\"article\" \/>\n<meta property=\"og:title\" content=\"Oregon senators vote in favor of abortion rights - Merkley\" \/>\n<meta property=\"og:description\" content=\"Oregon&#8217;s two senators, both Democrats, voted on the losing side as the Senate failed to advance federal legislation to bar restrictions on abortion this week. The vote on S 4132 on Wednesday, May 11, was 51 against &mdash; all 50 Republicans plus Democrat Joe Manchin of West Virginia, who opposes abortion rights &mdash; and 49 [&hellip;]\" \/>\n<meta property=\"og:url\" content=\"https:\/\/www.merkley.senate.gov\/es\/oregon-senators-vote-in-favor-of-abortion-rights-22\/\" \/>\n<meta property=\"og:site_name\" content=\"Merkley\" \/>\n<meta property=\"article:published_time\" content=\"2022-05-11T04:00:00+00:00\" \/>\n<meta property=\"article:modified_time\" content=\"2023-07-24T15:05:07+00:00\" \/>\n<meta name=\"twitter:card\" content=\"summary_large_image\" \/>\n<meta name=\"twitter:label1\" content=\"Written by\" \/>\n\t<meta name=\"twitter:data1\" content=\"\" \/>\n\t<meta name=\"twitter:label2\" content=\"Est. reading time\" \/>\n\t<meta name=\"twitter:data2\" content=\"7 minutes\" \/>\n<script type=\"application\/ld+json\" class=\"yoast-schema-graph\">{\"@context\":\"https:\/\/schema.org\",\"@graph\":[{\"@type\":\"Article\",\"@id\":\"https:\/\/www.merkley.senate.gov\/oregon-senators-vote-in-favor-of-abortion-rights-22\/#article\",\"isPartOf\":{\"@id\":\"https:\/\/www.merkley.senate.gov\/oregon-senators-vote-in-favor-of-abortion-rights-22\/\"},\"author\":{\"name\":\"\",\"@id\":\"\"},\"headline\":\"Oregon senators vote in favor of abortion rights\",\"datePublished\":\"2022-05-11T04:00:00+00:00\",\"dateModified\":\"2023-07-24T15:05:07+00:00\",\"mainEntityOfPage\":{\"@id\":\"https:\/\/www.merkley.senate.gov\/oregon-senators-vote-in-favor-of-abortion-rights-22\/\"},\"wordCount\":1381,\"articleSection\":[\"In the News\"],\"inLanguage\":\"es-MX\"},{\"@type\":\"WebPage\",\"@id\":\"https:\/\/www.merkley.senate.gov\/oregon-senators-vote-in-favor-of-abortion-rights-22\/\",\"url\":\"https:\/\/www.merkley.senate.gov\/oregon-senators-vote-in-favor-of-abortion-rights-22\/\",\"name\":\"Oregon senators vote in favor of abortion rights - Merkley\",\"isPartOf\":{\"@id\":\"https:\/\/www.merkley.senate.gov\/#website\"},\"datePublished\":\"2022-05-11T04:00:00+00:00\",\"dateModified\":\"2023-07-24T15:05:07+00:00\",\"author\":{\"@id\":\"\"},\"breadcrumb\":{\"@id\":\"https:\/\/www.merkley.senate.gov\/oregon-senators-vote-in-favor-of-abortion-rights-22\/#breadcrumb\"},\"inLanguage\":\"es-MX\",\"potentialAction\":[{\"@type\":\"ReadAction\",\"target\":[\"https:\/\/www.merkley.senate.gov\/oregon-senators-vote-in-favor-of-abortion-rights-22\/\"]}]},{\"@type\":\"BreadcrumbList\",\"@id\":\"https:\/\/www.merkley.senate.gov\/oregon-senators-vote-in-favor-of-abortion-rights-22\/#breadcrumb\",\"itemListElement\":[{\"@type\":\"ListItem\",\"position\":1,\"name\":\"Home\",\"item\":\"https:\/\/www.merkley.senate.gov\/\"},{\"@type\":\"ListItem\",\"position\":2,\"name\":\"Oregon senators vote in favor of abortion rights\"}]},{\"@type\":\"WebSite\",\"@id\":\"https:\/\/www.merkley.senate.gov\/#website\",\"url\":\"https:\/\/www.merkley.senate.gov\/\",\"name\":\"Merkley\",\"description\":\"Merkley\",\"potentialAction\":[{\"@type\":\"SearchAction\",\"target\":{\"@type\":\"EntryPoint\",\"urlTemplate\":\"https:\/\/www.merkley.senate.gov\/?s={search_term_string}\"},\"query-input\":{\"@type\":\"PropertyValueSpecification\",\"valueRequired\":true,\"valueName\":\"search_term_string\"}}],\"inLanguage\":\"es-MX\"},{\"@type\":\"Person\",\"@id\":\"\",\"url\":\"https:\/\/www.merkley.senate.gov\/es\/author\/\"}]}<\/script>\n<!-- \/ Yoast SEO plugin. -->","yoast_head_json":{"title":"Oregon senators vote in favor of abortion rights - Merkley","robots":{"index":"index","follow":"follow","max-snippet":"max-snippet:-1","max-image-preview":"max-image-preview:large","max-video-preview":"max-video-preview:-1"},"canonical":"https:\/\/www.merkley.senate.gov\/es\/oregon-senators-vote-in-favor-of-abortion-rights-22\/","og_locale":"es_MX","og_type":"article","og_title":"Oregon senators vote in favor of abortion rights - Merkley","og_description":"Oregon&#8217;s two senators, both Democrats, voted on the losing side as the Senate failed to advance federal legislation to bar restrictions on abortion this week. The vote on S 4132 on Wednesday, May 11, was 51 against &mdash; all 50 Republicans plus Democrat Joe Manchin of West Virginia, who opposes abortion rights &mdash; and 49 [&hellip;]","og_url":"https:\/\/www.merkley.senate.gov\/es\/oregon-senators-vote-in-favor-of-abortion-rights-22\/","og_site_name":"Merkley","article_published_time":"2022-05-11T04:00:00+00:00","article_modified_time":"2023-07-24T15:05:07+00:00","twitter_card":"summary_large_image","twitter_misc":{"Written by":"","Est. reading time":"7 minutes"},"schema":{"@context":"https:\/\/schema.org","@graph":[{"@type":"Article","@id":"https:\/\/www.merkley.senate.gov\/oregon-senators-vote-in-favor-of-abortion-rights-22\/#article","isPartOf":{"@id":"https:\/\/www.merkley.senate.gov\/oregon-senators-vote-in-favor-of-abortion-rights-22\/"},"author":{"name":"","@id":""},"headline":"Oregon senators vote in favor of abortion rights","datePublished":"2022-05-11T04:00:00+00:00","dateModified":"2023-07-24T15:05:07+00:00","mainEntityOfPage":{"@id":"https:\/\/www.merkley.senate.gov\/oregon-senators-vote-in-favor-of-abortion-rights-22\/"},"wordCount":1381,"articleSection":["In the News"],"inLanguage":"es-MX"},{"@type":"WebPage","@id":"https:\/\/www.merkley.senate.gov\/oregon-senators-vote-in-favor-of-abortion-rights-22\/","url":"https:\/\/www.merkley.senate.gov\/oregon-senators-vote-in-favor-of-abortion-rights-22\/","name":"Oregon senators vote in favor of abortion rights - Merkley","isPartOf":{"@id":"https:\/\/www.merkley.senate.gov\/#website"},"datePublished":"2022-05-11T04:00:00+00:00","dateModified":"2023-07-24T15:05:07+00:00","author":{"@id":""},"breadcrumb":{"@id":"https:\/\/www.merkley.senate.gov\/oregon-senators-vote-in-favor-of-abortion-rights-22\/#breadcrumb"},"inLanguage":"es-MX","potentialAction":[{"@type":"ReadAction","target":["https:\/\/www.merkley.senate.gov\/oregon-senators-vote-in-favor-of-abortion-rights-22\/"]}]},{"@type":"BreadcrumbList","@id":"https:\/\/www.merkley.senate.gov\/oregon-senators-vote-in-favor-of-abortion-rights-22\/#breadcrumb","itemListElement":[{"@type":"ListItem","position":1,"name":"Home","item":"https:\/\/www.merkley.senate.gov\/"},{"@type":"ListItem","position":2,"name":"Oregon senators vote in favor of abortion rights"}]},{"@type":"WebSite","@id":"https:\/\/www.merkley.senate.gov\/#website","url":"https:\/\/www.merkley.senate.gov\/","name":"merkley","description":"merkley","potentialAction":[{"@type":"SearchAction","target":{"@type":"EntryPoint","urlTemplate":"https:\/\/www.merkley.senate.gov\/?s={search_term_string}"},"query-input":{"@type":"PropertyValueSpecification","valueRequired":true,"valueName":"search_term_string"}}],"inLanguage":"es-MX"},{"@type":"Person","@id":"","url":"https:\/\/www.merkley.senate.gov\/es\/author\/"}]}},"_links":{"self":[{"href":"https:\/\/www.merkley.senate.gov\/es\/wp-json\/wp\/v2\/posts\/2190","targetHints":{"allow":["GET"]}}],"collection":[{"href":"https:\/\/www.merkley.senate.gov\/es\/wp-json\/wp\/v2\/posts"}],"about":[{"href":"https:\/\/www.merkley.senate.gov\/es\/wp-json\/wp\/v2\/types\/post"}],"author":[{"embeddable":true,"href":"https:\/\/www.merkley.senate.gov\/es\/wp-json\/wp\/v2\/users\/2"}],"replies":[{"embeddable":true,"href":"https:\/\/www.merkley.senate.gov\/es\/wp-json\/wp\/v2\/comments?post=2190"}],"version-history":[{"count":1,"href":"https:\/\/www.merkley.senate.gov\/es\/wp-json\/wp\/v2\/posts\/2190\/revisions"}],"predecessor-version":[{"id":11565,"href":"https:\/\/www.merkley.senate.gov\/es\/wp-json\/wp\/v2\/posts\/2190\/revisions\/11565"}],"wp:attachment":[{"href":"https:\/\/www.merkley.senate.gov\/es\/wp-json\/wp\/v2\/media?parent=2190"}],"wp:term":[{"taxonomy":"category","embeddable":true,"href":"https:\/\/www.merkley.senate.gov\/es\/wp-json\/wp\/v2\/categories?post=2190"},{"taxonomy":"post_tag","embeddable":true,"href":"https:\/\/www.merkley.senate.gov\/es\/wp-json\/wp\/v2\/tags?post=2190"}],"curies":[{"name":"wp","href":"https:\/\/api.w.org\/{rel}","templated":true}]}}