{"id":2194,"date":"2022-05-05T15:01:00","date_gmt":"2022-05-05T19:01:00","guid":{"rendered":"https:\/\/www.merkley.senate.gov\/merkley-announces-start-of-service-academy-nomination-process-for-class-of-2027\/"},"modified":"2023-07-24T11:05:08","modified_gmt":"2023-07-24T15:05:08","slug":"merkley-announces-start-of-service-academy-nomination-process-for-class-of-2027","status":"publish","type":"post","link":"https:\/\/www.merkley.senate.gov\/es\/merkley-announces-start-of-service-academy-nomination-process-for-class-of-2027\/","title":{"rendered":"Merkley anuncia el proceso de nominaci\u00f3n de Start of Service Academy para la clase de 2027"},"content":{"rendered":"<p class=\"paragraph\"><span class=\"normaltextrun\"><span>WASHINGTON, DC\u2014El Senador de los EE. UU. de Oreg\u00f3n, Jeff Merkley, inici\u00f3 el proceso para nominar a los j\u00f3venes de Oreg\u00f3n a la Academia de la Fuerza A\u00e9rea de los Estados Unidos, la Academia de la Marina Mercante de los Estados Unidos, la Academia Militar de los Estados Unidos en West Point y la Academia Naval de los Estados Unidos para un nombramiento para la Clase de 2027.<\/span><\/span><span class=\"eop\"><span>&nbsp;<\/span><\/span><\/p>\n<blockquote>\n<p class=\"paragraph\"><span class=\"normaltextrun\"><span>\u201cHay j\u00f3venes oregonianos en todos los rincones del estado que est\u00e1n comprometidos a servir a nuestro pa\u00eds y proteger nuestra democracia, y es un honor ser parte de un proceso cada a\u00f1o que apoya a estos futuros l\u00edderes\u201d.&nbsp;<b>dijo Merkley. <\/b>\u201cEspero nominar a algunos de nuestros mejores j\u00f3venes de las comunidades de Oreg\u00f3n para una posible admisi\u00f3n en una de las academias de servicio de los Estados Unidos\u201d.<\/span><\/span><span class=\"eop\"><span>&nbsp;<\/span><\/span><\/p>\n<\/blockquote>\n<p class=\"paragraph\"><span class=\"normaltextrun\"><span>Los candidatos para una nominaci\u00f3n al Congreso deben ser residentes de Oreg\u00f3n y ciudadanos estadounidenses; tener al menos 17 a\u00f1os y no m\u00e1s de 23 a\u00f1os antes del 1 de julio del a\u00f1o de admisi\u00f3n; soltero sin hijos ni dependientes; y capaz de cumplir con altos est\u00e1ndares de liderazgo, acad\u00e9micos, f\u00edsicos y m\u00e9dicos. Para la Academia de la Marina Mercante, el l\u00edmite m\u00e1ximo de edad es de 25 a\u00f1os. La Academia de la Guardia Costera no requiere una nominaci\u00f3n del Congreso. Las personas que est\u00e9n interesadas en postularse para la Academia de la Guardia Costera deben usar su proceso en l\u00ednea en&nbsp;<\/span><\/span><span><a href=\"https:\/\/www.uscga.edu\/admissions\/\" target=\"_blank\" rel=\"noopener\"><span class=\"normaltextrun\"><span>https:\/\/www.uscga.edu\/admissions\/<\/span><\/span><\/a><span class=\"normaltextrun\"><span>.<\/span><\/span><span class=\"eop\"><span>&nbsp;<\/span><\/span><\/span><\/p>\n<p class=\"paragraph\"><span class=\"normaltextrun\"><span>El a\u00f1o pasado, Merkley tuvo el honor de nominar a 40 habitantes de Oreg\u00f3n de todo el estado a una de las cuatro academias para la Clase de 2026.<\/span><\/span><span class=\"eop\"><span>&nbsp;<\/span><\/span><\/p>\n<p class=\"paragraph\"><span class=\"normaltextrun\"><span>Para garantizar que las nominaciones a las academias de servicio se basen en el m\u00e9rito y que todos los solicitantes tengan una oportunidad justa de competir por las vacantes disponibles, Merkley utiliza un Comit\u00e9 de recomendaci\u00f3n de academias de servicio compuesto por ex alumnos de academias de servicio de comunidades de Oreg\u00f3n. <\/span><\/span><span class=\"eop\"><span>&nbsp;<\/span><\/span><\/p>\n<p class=\"paragraph\"><span class=\"normaltextrun\"><span>Las personas que deseen competir por la nominaci\u00f3n y admisi\u00f3n a una de las academias de servicio de los Estados Unidos primero deben presentar su solicitud directamente en las academias de servicio a las que les interesa asistir. Luego, deben solicitar la nominaci\u00f3n de Merkley configurando una cuenta en l\u00ednea en el enlace a continuaci\u00f3n. Todos los elementos de solicitud requeridos deben enviarse en l\u00ednea antes de las 8:59 p. m. (hora del Pac\u00edfico) del 1 de noviembre de 2022.<\/span><\/span><span class=\"eop\"><span>&nbsp;<\/span><\/span><\/p>\n<p class=\"paragraph\"><span class=\"normaltextrun\"><span>Para obtener m\u00e1s informaci\u00f3n y acceder a la solicitud en l\u00ednea, los habitantes de Oreg\u00f3n pueden visitar el sitio web de Merkley en:<\/span><\/span><span><a href=\"https:\/\/www.merkley.senate.gov\/es\/services\/students\/academy\/\" target=\"_blank\" rel=\"noopener\"><span class=\"normaltextrun\"><span>https:\/\/www.merkley.senate.gov\/services\/students\/academy<\/span><\/span><\/a><span class=\"normaltextrun\"><span>.<\/span><\/span><span class=\"eop\"><span>&nbsp;<\/span><\/span><\/span><\/p>\n<p class=\"paragraph\" align=\"center\"><span class=\"normaltextrun\"><span>###<\/span><\/span><span class=\"eop\"><span>&nbsp;<\/span><\/span><span><\/span><\/p>","protected":false},"excerpt":{"rendered":"<p>WASHINGTON, D.C.&mdash;Oregon&rsquo;s U.S. Senator Jeff Merkley launched the process for nominating young Oregonians to the United States Air Force Academy, the United States Merchant Marine Academy, the United States Military Academy at West Point, and the United States Naval Academy for an appointment to the Class of 2027.&nbsp; &ldquo;There are young Oregonians in every corner [&hellip;]<\/p>\n","protected":false},"author":2,"featured_media":0,"comment_status":"closed","ping_status":"closed","sticky":false,"template":"","format":"standard","meta":{"_acf_changed":false,"inline_featured_image":false,"footnotes":""},"categories":[24],"tags":[],"class_list":["post-2194","post","type-post","status-publish","format-standard","hentry","category-press-releases"],"acf":[],"yoast_head":"<!-- This site is optimized with the Yoast SEO plugin v27.2 - https:\/\/yoast.com\/product\/yoast-seo-wordpress\/ -->\n<title>Merkley Announces Start of Service Academy Nomination Process for Class of 2027 - Merkley<\/title>\n<meta name=\"robots\" content=\"index, follow, max-snippet:-1, max-image-preview:large, max-video-preview:-1\" \/>\n<link rel=\"canonical\" href=\"https:\/\/www.merkley.senate.gov\/es\/merkley-announces-start-of-service-academy-nomination-process-for-class-of-2027\/\" \/>\n<meta property=\"og:locale\" content=\"es_MX\" \/>\n<meta property=\"og:type\" content=\"article\" \/>\n<meta property=\"og:title\" content=\"Merkley Announces Start of Service Academy Nomination Process for Class of 2027 - Merkley\" \/>\n<meta property=\"og:description\" content=\"WASHINGTON, D.C.&mdash;Oregon&rsquo;s U.S. Senator Jeff Merkley launched the process for nominating young Oregonians to the United States Air Force Academy, the United States Merchant Marine Academy, the United States Military Academy at West Point, and the United States Naval Academy for an appointment to the Class of 2027.&nbsp; &ldquo;There are young Oregonians in every corner [&hellip;]\" \/>\n<meta property=\"og:url\" content=\"https:\/\/www.merkley.senate.gov\/es\/merkley-announces-start-of-service-academy-nomination-process-for-class-of-2027\/\" \/>\n<meta property=\"og:site_name\" content=\"Merkley\" \/>\n<meta property=\"article:published_time\" content=\"2022-05-05T19:01:00+00:00\" \/>\n<meta property=\"article:modified_time\" content=\"2023-07-24T15:05:08+00:00\" \/>\n<meta name=\"twitter:card\" content=\"summary_large_image\" \/>\n<meta name=\"twitter:label1\" content=\"Written by\" \/>\n\t<meta name=\"twitter:data1\" content=\"\" \/>\n\t<meta name=\"twitter:label2\" content=\"Est. reading time\" \/>\n\t<meta name=\"twitter:data2\" content=\"2 minutes\" \/>\n<script type=\"application\/ld+json\" class=\"yoast-schema-graph\">{\"@context\":\"https:\/\/schema.org\",\"@graph\":[{\"@type\":\"Article\",\"@id\":\"https:\/\/www.merkley.senate.gov\/merkley-announces-start-of-service-academy-nomination-process-for-class-of-2027\/#article\",\"isPartOf\":{\"@id\":\"https:\/\/www.merkley.senate.gov\/merkley-announces-start-of-service-academy-nomination-process-for-class-of-2027\/\"},\"author\":{\"name\":\"\",\"@id\":\"\"},\"headline\":\"Merkley Announces Start of Service Academy Nomination Process for Class of 2027\",\"datePublished\":\"2022-05-05T19:01:00+00:00\",\"dateModified\":\"2023-07-24T15:05:08+00:00\",\"mainEntityOfPage\":{\"@id\":\"https:\/\/www.merkley.senate.gov\/merkley-announces-start-of-service-academy-nomination-process-for-class-of-2027\/\"},\"wordCount\":389,\"articleSection\":[\"Press Releases\"],\"inLanguage\":\"es-MX\"},{\"@type\":\"WebPage\",\"@id\":\"https:\/\/www.merkley.senate.gov\/merkley-announces-start-of-service-academy-nomination-process-for-class-of-2027\/\",\"url\":\"https:\/\/www.merkley.senate.gov\/merkley-announces-start-of-service-academy-nomination-process-for-class-of-2027\/\",\"name\":\"Merkley Announces Start of Service Academy Nomination Process for Class of 2027 - Merkley\",\"isPartOf\":{\"@id\":\"https:\/\/www.merkley.senate.gov\/#website\"},\"datePublished\":\"2022-05-05T19:01:00+00:00\",\"dateModified\":\"2023-07-24T15:05:08+00:00\",\"author\":{\"@id\":\"\"},\"breadcrumb\":{\"@id\":\"https:\/\/www.merkley.senate.gov\/merkley-announces-start-of-service-academy-nomination-process-for-class-of-2027\/#breadcrumb\"},\"inLanguage\":\"es-MX\",\"potentialAction\":[{\"@type\":\"ReadAction\",\"target\":[\"https:\/\/www.merkley.senate.gov\/merkley-announces-start-of-service-academy-nomination-process-for-class-of-2027\/\"]}]},{\"@type\":\"BreadcrumbList\",\"@id\":\"https:\/\/www.merkley.senate.gov\/merkley-announces-start-of-service-academy-nomination-process-for-class-of-2027\/#breadcrumb\",\"itemListElement\":[{\"@type\":\"ListItem\",\"position\":1,\"name\":\"Home\",\"item\":\"https:\/\/www.merkley.senate.gov\/\"},{\"@type\":\"ListItem\",\"position\":2,\"name\":\"Merkley Announces Start of Service Academy Nomination Process for Class of 2027\"}]},{\"@type\":\"WebSite\",\"@id\":\"https:\/\/www.merkley.senate.gov\/#website\",\"url\":\"https:\/\/www.merkley.senate.gov\/\",\"name\":\"Merkley\",\"description\":\"Merkley\",\"potentialAction\":[{\"@type\":\"SearchAction\",\"target\":{\"@type\":\"EntryPoint\",\"urlTemplate\":\"https:\/\/www.merkley.senate.gov\/?s={search_term_string}\"},\"query-input\":{\"@type\":\"PropertyValueSpecification\",\"valueRequired\":true,\"valueName\":\"search_term_string\"}}],\"inLanguage\":\"es-MX\"},{\"@type\":\"Person\",\"@id\":\"\",\"url\":\"https:\/\/www.merkley.senate.gov\/es\/author\/\"}]}<\/script>\n<!-- \/ Yoast SEO plugin. -->","yoast_head_json":{"title":"Merkley Announces Start of Service Academy Nomination Process for Class of 2027 - Merkley","robots":{"index":"index","follow":"follow","max-snippet":"max-snippet:-1","max-image-preview":"max-image-preview:large","max-video-preview":"max-video-preview:-1"},"canonical":"https:\/\/www.merkley.senate.gov\/es\/merkley-announces-start-of-service-academy-nomination-process-for-class-of-2027\/","og_locale":"es_MX","og_type":"article","og_title":"Merkley Announces Start of Service Academy Nomination Process for Class of 2027 - Merkley","og_description":"WASHINGTON, D.C.&mdash;Oregon&rsquo;s U.S. Senator Jeff Merkley launched the process for nominating young Oregonians to the United States Air Force Academy, the United States Merchant Marine Academy, the United States Military Academy at West Point, and the United States Naval Academy for an appointment to the Class of 2027.&nbsp; &ldquo;There are young Oregonians in every corner [&hellip;]","og_url":"https:\/\/www.merkley.senate.gov\/es\/merkley-announces-start-of-service-academy-nomination-process-for-class-of-2027\/","og_site_name":"Merkley","article_published_time":"2022-05-05T19:01:00+00:00","article_modified_time":"2023-07-24T15:05:08+00:00","twitter_card":"summary_large_image","twitter_misc":{"Written by":"","Est. reading time":"2 minutes"},"schema":{"@context":"https:\/\/schema.org","@graph":[{"@type":"Article","@id":"https:\/\/www.merkley.senate.gov\/merkley-announces-start-of-service-academy-nomination-process-for-class-of-2027\/#article","isPartOf":{"@id":"https:\/\/www.merkley.senate.gov\/merkley-announces-start-of-service-academy-nomination-process-for-class-of-2027\/"},"author":{"name":"","@id":""},"headline":"Merkley Announces Start of Service Academy Nomination Process for Class of 2027","datePublished":"2022-05-05T19:01:00+00:00","dateModified":"2023-07-24T15:05:08+00:00","mainEntityOfPage":{"@id":"https:\/\/www.merkley.senate.gov\/merkley-announces-start-of-service-academy-nomination-process-for-class-of-2027\/"},"wordCount":389,"articleSection":["Press Releases"],"inLanguage":"es-MX"},{"@type":"WebPage","@id":"https:\/\/www.merkley.senate.gov\/merkley-announces-start-of-service-academy-nomination-process-for-class-of-2027\/","url":"https:\/\/www.merkley.senate.gov\/merkley-announces-start-of-service-academy-nomination-process-for-class-of-2027\/","name":"Merkley Announces Start of Service Academy Nomination Process for Class of 2027 - Merkley","isPartOf":{"@id":"https:\/\/www.merkley.senate.gov\/#website"},"datePublished":"2022-05-05T19:01:00+00:00","dateModified":"2023-07-24T15:05:08+00:00","author":{"@id":""},"breadcrumb":{"@id":"https:\/\/www.merkley.senate.gov\/merkley-announces-start-of-service-academy-nomination-process-for-class-of-2027\/#breadcrumb"},"inLanguage":"es-MX","potentialAction":[{"@type":"ReadAction","target":["https:\/\/www.merkley.senate.gov\/merkley-announces-start-of-service-academy-nomination-process-for-class-of-2027\/"]}]},{"@type":"BreadcrumbList","@id":"https:\/\/www.merkley.senate.gov\/merkley-announces-start-of-service-academy-nomination-process-for-class-of-2027\/#breadcrumb","itemListElement":[{"@type":"ListItem","position":1,"name":"Home","item":"https:\/\/www.merkley.senate.gov\/"},{"@type":"ListItem","position":2,"name":"Merkley Announces Start of Service Academy Nomination Process for Class of 2027"}]},{"@type":"WebSite","@id":"https:\/\/www.merkley.senate.gov\/#website","url":"https:\/\/www.merkley.senate.gov\/","name":"merkley","description":"merkley","potentialAction":[{"@type":"SearchAction","target":{"@type":"EntryPoint","urlTemplate":"https:\/\/www.merkley.senate.gov\/?s={search_term_string}"},"query-input":{"@type":"PropertyValueSpecification","valueRequired":true,"valueName":"search_term_string"}}],"inLanguage":"es-MX"},{"@type":"Person","@id":"","url":"https:\/\/www.merkley.senate.gov\/es\/author\/"}]}},"_links":{"self":[{"href":"https:\/\/www.merkley.senate.gov\/es\/wp-json\/wp\/v2\/posts\/2194","targetHints":{"allow":["GET"]}}],"collection":[{"href":"https:\/\/www.merkley.senate.gov\/es\/wp-json\/wp\/v2\/posts"}],"about":[{"href":"https:\/\/www.merkley.senate.gov\/es\/wp-json\/wp\/v2\/types\/post"}],"author":[{"embeddable":true,"href":"https:\/\/www.merkley.senate.gov\/es\/wp-json\/wp\/v2\/users\/2"}],"replies":[{"embeddable":true,"href":"https:\/\/www.merkley.senate.gov\/es\/wp-json\/wp\/v2\/comments?post=2194"}],"version-history":[{"count":1,"href":"https:\/\/www.merkley.senate.gov\/es\/wp-json\/wp\/v2\/posts\/2194\/revisions"}],"predecessor-version":[{"id":11569,"href":"https:\/\/www.merkley.senate.gov\/es\/wp-json\/wp\/v2\/posts\/2194\/revisions\/11569"}],"wp:attachment":[{"href":"https:\/\/www.merkley.senate.gov\/es\/wp-json\/wp\/v2\/media?parent=2194"}],"wp:term":[{"taxonomy":"category","embeddable":true,"href":"https:\/\/www.merkley.senate.gov\/es\/wp-json\/wp\/v2\/categories?post=2194"},{"taxonomy":"post_tag","embeddable":true,"href":"https:\/\/www.merkley.senate.gov\/es\/wp-json\/wp\/v2\/tags?post=2194"}],"curies":[{"name":"wp","href":"https:\/\/api.w.org\/{rel}","templated":true}]}}