{"id":2265,"date":"2022-03-16T00:00:00","date_gmt":"2022-03-16T04:00:00","guid":{"rendered":"https:\/\/www.merkley.senate.gov\/delegation-requesting-federal-help-for-the-port-of-coos-bay-22\/"},"modified":"2023-07-24T11:05:13","modified_gmt":"2023-07-24T15:05:13","slug":"delegation-requesting-federal-help-for-the-port-of-coos-bay-22","status":"publish","type":"post","link":"https:\/\/www.merkley.senate.gov\/es\/delegation-requesting-federal-help-for-the-port-of-coos-bay-22\/","title":{"rendered":"DELEGACI\u00d3N SOLICITA AYUDA FEDERAL PARA EL PUERTO DE COOS BAY"},"content":{"rendered":"<p>El congresista Peter DeFazio, junto con los senadores Ron Wyden y Jeff Merkley, se unieron al resto de los miembros de la Delegaci\u00f3n del Congreso de Oreg\u00f3n en una carta al presidente Biden solicitando fondos federales de la Ley de Inversiones en Infraestructura y Empleos para una propuesta para crear un importante nuevo puerto de contenedores de la costa oeste en Coos Bay.<\/p>\n<p>Un comunicado dijo en su carta que los legisladores destacaron lo que dijeron fue &quot;la importancia de invertir en los puertos rurales de nuestro pa\u00eds para abordar los problemas de la cadena de suministro, crear empleos y aumentar la productividad econ\u00f3mica&quot; y c\u00f3mo este proyecto espec\u00edficamente producir\u00e1 beneficios ambientales significativos.<\/p>\n<p>La delegaci\u00f3n dijo que incluso mientras la administraci\u00f3n trabaja para identificar inversiones que puedan tener un impacto inmediato, &quot;... debemos acomodarnos al hecho de que se prev\u00e9 que los flujos de contenedores en la costa oeste crezcan a un ritmo r\u00e1pido en el futuro&quot;. La delegaci\u00f3n dijo que si bien la infraestructura portuaria actual es incapaz de manejar este crecimiento futuro en el comercio, hay un lugar donde se puede agregar una capacidad portuaria significativa: en el Puerto Internacional de Oreg\u00f3n de Coos Bay. El grupo dijo que establecer un puerto de contenedores all\u00ed aumentar\u00eda inmediatamente la capacidad del puerto de la costa oeste hasta en un 10 por ciento.<\/p>\n<p>El comunicado dice que el hecho de que el puerto de Coos Bay est\u00e9 ubicado en un \u00e1rea rural hace que el proyecto sea a\u00fan m\u00e1s importante. Establecer un puerto de clase mundial en Coos Bay crear\u00e1 empleos y generar\u00e1 ingresos fiscales en una parte del estado que ha sufrido durante mucho tiempo una fuerte ca\u00edda en los ingresos por extracci\u00f3n de madera, seg\u00fan la carta.<\/p>\n<p>El texto completo de la carta est\u00e1 vinculado:&nbsp;<a href=\"https:\/\/www.merkley.senate.gov\/es\/imo\/media\/doc\/2022-03-16%20OR%20Delegation%20Letter%20to%20President%20Biden%20re%20Port%20of%20Coos%20Bay%20Container%20Port%20FINAL.pdf\/\">https:\/\/www.merkley.senate.gov\/imo\/media\/doc\/2022-03-16%20OR%20Delegation%20Letter%20to%20President%20Biden%20re%20Port%20of%20Coos%20Bay%20Container%20Port%20FINAL.pdf<\/a><\/p>","protected":false},"excerpt":{"rendered":"<p>Congressman Peter DeFazio, along with Senators Ron Wyden and Jeff Merkley, have been joined by the rest of the members of the Oregon Congressional Delegation in a letter to President Biden requesting federal funds from the Infrastructure Investments and Jobs Act be allocated towards a proposal to create a major new west coast container port [&hellip;]<\/p>\n","protected":false},"author":2,"featured_media":0,"comment_status":"closed","ping_status":"closed","sticky":false,"template":"","format":"standard","meta":{"_acf_changed":false,"inline_featured_image":false,"footnotes":""},"categories":[26],"tags":[],"class_list":["post-2265","post","type-post","status-publish","format-standard","hentry","category-in-the-news"],"acf":[],"yoast_head":"<!-- This site is optimized with the Yoast SEO plugin v27.2 - https:\/\/yoast.com\/product\/yoast-seo-wordpress\/ -->\n<title>DELEGATION REQUESTING FEDERAL HELP FOR THE PORT OF COOS BAY - Merkley<\/title>\n<meta name=\"robots\" content=\"index, follow, max-snippet:-1, max-image-preview:large, max-video-preview:-1\" \/>\n<link rel=\"canonical\" href=\"https:\/\/www.merkley.senate.gov\/es\/delegation-requesting-federal-help-for-the-port-of-coos-bay-22\/\" \/>\n<meta property=\"og:locale\" content=\"es_MX\" \/>\n<meta property=\"og:type\" content=\"article\" \/>\n<meta property=\"og:title\" content=\"DELEGATION REQUESTING FEDERAL HELP FOR THE PORT OF COOS BAY - Merkley\" \/>\n<meta property=\"og:description\" content=\"Congressman Peter DeFazio, along with Senators Ron Wyden and Jeff Merkley, have been joined by the rest of the members of the Oregon Congressional Delegation in a letter to President Biden requesting federal funds from the Infrastructure Investments and Jobs Act be allocated towards a proposal to create a major new west coast container port [&hellip;]\" \/>\n<meta property=\"og:url\" content=\"https:\/\/www.merkley.senate.gov\/es\/delegation-requesting-federal-help-for-the-port-of-coos-bay-22\/\" \/>\n<meta property=\"og:site_name\" content=\"Merkley\" \/>\n<meta property=\"article:published_time\" content=\"2022-03-16T04:00:00+00:00\" \/>\n<meta property=\"article:modified_time\" content=\"2023-07-24T15:05:13+00:00\" \/>\n<meta name=\"twitter:card\" content=\"summary_large_image\" \/>\n<meta name=\"twitter:label1\" content=\"Written by\" \/>\n\t<meta name=\"twitter:data1\" content=\"\" \/>\n\t<meta name=\"twitter:label2\" content=\"Est. reading time\" \/>\n\t<meta name=\"twitter:data2\" content=\"1 minute\" \/>\n<script type=\"application\/ld+json\" class=\"yoast-schema-graph\">{\"@context\":\"https:\/\/schema.org\",\"@graph\":[{\"@type\":\"Article\",\"@id\":\"https:\/\/www.merkley.senate.gov\/es\/delegation-requesting-federal-help-for-the-port-of-coos-bay-22\/#article\",\"isPartOf\":{\"@id\":\"https:\/\/www.merkley.senate.gov\/es\/delegation-requesting-federal-help-for-the-port-of-coos-bay-22\/\"},\"author\":{\"name\":\"\",\"@id\":\"\"},\"headline\":\"DELEGATION REQUESTING FEDERAL HELP FOR THE PORT OF COOS BAY\",\"datePublished\":\"2022-03-16T04:00:00+00:00\",\"dateModified\":\"2023-07-24T15:05:13+00:00\",\"mainEntityOfPage\":{\"@id\":\"https:\/\/www.merkley.senate.gov\/es\/delegation-requesting-federal-help-for-the-port-of-coos-bay-22\/\"},\"wordCount\":306,\"articleSection\":[\"In the News\"],\"inLanguage\":\"es-MX\"},{\"@type\":\"WebPage\",\"@id\":\"https:\/\/www.merkley.senate.gov\/es\/delegation-requesting-federal-help-for-the-port-of-coos-bay-22\/\",\"url\":\"https:\/\/www.merkley.senate.gov\/es\/delegation-requesting-federal-help-for-the-port-of-coos-bay-22\/\",\"name\":\"DELEGATION REQUESTING FEDERAL HELP FOR THE PORT OF COOS BAY - Merkley\",\"isPartOf\":{\"@id\":\"https:\/\/www.merkley.senate.gov\/#website\"},\"datePublished\":\"2022-03-16T04:00:00+00:00\",\"dateModified\":\"2023-07-24T15:05:13+00:00\",\"author\":{\"@id\":\"\"},\"breadcrumb\":{\"@id\":\"https:\/\/www.merkley.senate.gov\/es\/delegation-requesting-federal-help-for-the-port-of-coos-bay-22\/#breadcrumb\"},\"inLanguage\":\"es-MX\",\"potentialAction\":[{\"@type\":\"ReadAction\",\"target\":[\"https:\/\/www.merkley.senate.gov\/es\/delegation-requesting-federal-help-for-the-port-of-coos-bay-22\/\"]}]},{\"@type\":\"BreadcrumbList\",\"@id\":\"https:\/\/www.merkley.senate.gov\/es\/delegation-requesting-federal-help-for-the-port-of-coos-bay-22\/#breadcrumb\",\"itemListElement\":[{\"@type\":\"ListItem\",\"position\":1,\"name\":\"Home\",\"item\":\"https:\/\/www.merkley.senate.gov\/\"},{\"@type\":\"ListItem\",\"position\":2,\"name\":\"DELEGATION REQUESTING FEDERAL HELP FOR THE PORT OF COOS BAY\"}]},{\"@type\":\"WebSite\",\"@id\":\"https:\/\/www.merkley.senate.gov\/#website\",\"url\":\"https:\/\/www.merkley.senate.gov\/\",\"name\":\"Merkley\",\"description\":\"Merkley\",\"potentialAction\":[{\"@type\":\"SearchAction\",\"target\":{\"@type\":\"EntryPoint\",\"urlTemplate\":\"https:\/\/www.merkley.senate.gov\/?s={search_term_string}\"},\"query-input\":{\"@type\":\"PropertyValueSpecification\",\"valueRequired\":true,\"valueName\":\"search_term_string\"}}],\"inLanguage\":\"es-MX\"},{\"@type\":\"Person\",\"@id\":\"\",\"url\":\"https:\/\/www.merkley.senate.gov\/es\/author\/\"}]}<\/script>\n<!-- \/ Yoast SEO plugin. -->","yoast_head_json":{"title":"DELEGATION REQUESTING FEDERAL HELP FOR THE PORT OF COOS BAY - Merkley","robots":{"index":"index","follow":"follow","max-snippet":"max-snippet:-1","max-image-preview":"max-image-preview:large","max-video-preview":"max-video-preview:-1"},"canonical":"https:\/\/www.merkley.senate.gov\/es\/delegation-requesting-federal-help-for-the-port-of-coos-bay-22\/","og_locale":"es_MX","og_type":"article","og_title":"DELEGATION REQUESTING FEDERAL HELP FOR THE PORT OF COOS BAY - Merkley","og_description":"Congressman Peter DeFazio, along with Senators Ron Wyden and Jeff Merkley, have been joined by the rest of the members of the Oregon Congressional Delegation in a letter to President Biden requesting federal funds from the Infrastructure Investments and Jobs Act be allocated towards a proposal to create a major new west coast container port [&hellip;]","og_url":"https:\/\/www.merkley.senate.gov\/es\/delegation-requesting-federal-help-for-the-port-of-coos-bay-22\/","og_site_name":"Merkley","article_published_time":"2022-03-16T04:00:00+00:00","article_modified_time":"2023-07-24T15:05:13+00:00","twitter_card":"summary_large_image","twitter_misc":{"Written by":"","Est. reading time":"1 minute"},"schema":{"@context":"https:\/\/schema.org","@graph":[{"@type":"Article","@id":"https:\/\/www.merkley.senate.gov\/es\/delegation-requesting-federal-help-for-the-port-of-coos-bay-22\/#article","isPartOf":{"@id":"https:\/\/www.merkley.senate.gov\/es\/delegation-requesting-federal-help-for-the-port-of-coos-bay-22\/"},"author":{"name":"","@id":""},"headline":"DELEGATION REQUESTING FEDERAL HELP FOR THE PORT OF COOS BAY","datePublished":"2022-03-16T04:00:00+00:00","dateModified":"2023-07-24T15:05:13+00:00","mainEntityOfPage":{"@id":"https:\/\/www.merkley.senate.gov\/es\/delegation-requesting-federal-help-for-the-port-of-coos-bay-22\/"},"wordCount":306,"articleSection":["In the News"],"inLanguage":"es-MX"},{"@type":"WebPage","@id":"https:\/\/www.merkley.senate.gov\/es\/delegation-requesting-federal-help-for-the-port-of-coos-bay-22\/","url":"https:\/\/www.merkley.senate.gov\/es\/delegation-requesting-federal-help-for-the-port-of-coos-bay-22\/","name":"DELEGATION REQUESTING FEDERAL HELP FOR THE PORT OF COOS BAY - Merkley","isPartOf":{"@id":"https:\/\/www.merkley.senate.gov\/#website"},"datePublished":"2022-03-16T04:00:00+00:00","dateModified":"2023-07-24T15:05:13+00:00","author":{"@id":""},"breadcrumb":{"@id":"https:\/\/www.merkley.senate.gov\/es\/delegation-requesting-federal-help-for-the-port-of-coos-bay-22\/#breadcrumb"},"inLanguage":"es-MX","potentialAction":[{"@type":"ReadAction","target":["https:\/\/www.merkley.senate.gov\/es\/delegation-requesting-federal-help-for-the-port-of-coos-bay-22\/"]}]},{"@type":"BreadcrumbList","@id":"https:\/\/www.merkley.senate.gov\/es\/delegation-requesting-federal-help-for-the-port-of-coos-bay-22\/#breadcrumb","itemListElement":[{"@type":"ListItem","position":1,"name":"Home","item":"https:\/\/www.merkley.senate.gov\/"},{"@type":"ListItem","position":2,"name":"DELEGATION REQUESTING FEDERAL HELP FOR THE PORT OF COOS BAY"}]},{"@type":"WebSite","@id":"https:\/\/www.merkley.senate.gov\/#website","url":"https:\/\/www.merkley.senate.gov\/","name":"merkley","description":"merkley","potentialAction":[{"@type":"SearchAction","target":{"@type":"EntryPoint","urlTemplate":"https:\/\/www.merkley.senate.gov\/?s={search_term_string}"},"query-input":{"@type":"PropertyValueSpecification","valueRequired":true,"valueName":"search_term_string"}}],"inLanguage":"es-MX"},{"@type":"Person","@id":"","url":"https:\/\/www.merkley.senate.gov\/es\/author\/"}]}},"_links":{"self":[{"href":"https:\/\/www.merkley.senate.gov\/es\/wp-json\/wp\/v2\/posts\/2265","targetHints":{"allow":["GET"]}}],"collection":[{"href":"https:\/\/www.merkley.senate.gov\/es\/wp-json\/wp\/v2\/posts"}],"about":[{"href":"https:\/\/www.merkley.senate.gov\/es\/wp-json\/wp\/v2\/types\/post"}],"author":[{"embeddable":true,"href":"https:\/\/www.merkley.senate.gov\/es\/wp-json\/wp\/v2\/users\/2"}],"replies":[{"embeddable":true,"href":"https:\/\/www.merkley.senate.gov\/es\/wp-json\/wp\/v2\/comments?post=2265"}],"version-history":[{"count":1,"href":"https:\/\/www.merkley.senate.gov\/es\/wp-json\/wp\/v2\/posts\/2265\/revisions"}],"predecessor-version":[{"id":11640,"href":"https:\/\/www.merkley.senate.gov\/es\/wp-json\/wp\/v2\/posts\/2265\/revisions\/11640"}],"wp:attachment":[{"href":"https:\/\/www.merkley.senate.gov\/es\/wp-json\/wp\/v2\/media?parent=2265"}],"wp:term":[{"taxonomy":"category","embeddable":true,"href":"https:\/\/www.merkley.senate.gov\/es\/wp-json\/wp\/v2\/categories?post=2265"},{"taxonomy":"post_tag","embeddable":true,"href":"https:\/\/www.merkley.senate.gov\/es\/wp-json\/wp\/v2\/tags?post=2265"}],"curies":[{"name":"wp","href":"https:\/\/api.w.org\/{rel}","templated":true}]}}