{"id":24269,"date":"2026-03-26T18:34:08","date_gmt":"2026-03-26T22:34:08","guid":{"rendered":"https:\/\/www.merkley.senate.gov\/?p=24269"},"modified":"2026-03-26T18:34:09","modified_gmt":"2026-03-26T22:34:09","slug":"gilliam-county-town-hall-4-2-26","status":"publish","type":"post","link":"https:\/\/www.merkley.senate.gov\/es\/gilliam-county-town-hall-4-2-26\/","title":{"rendered":"Gilliam County Town Hall &#8211; 4\/2\/26"},"content":{"rendered":"<p id=\"block-86f3be78-adda-4ba6-897b-06838892d88a\">El Senador Merkley actualizar\u00e1 a los electores sobre su trabajo en Washington, DC, responder\u00e1 sus preguntas e invitar\u00e1 sus sugerencias sobre c\u00f3mo abordar los desaf\u00edos que enfrentan Oreg\u00f3n y Estados Unidos.<\/p>\n\n\n\n<p><strong>Ayuntamiento del condado de Gilliam<\/strong><\/p>\n\n\n\n<p><em>Fecha:<\/em> Thursday, April 2, 2026<\/p>\n\n\n\n<p><em>Tiempo:<\/em>&nbsp;2:45 pm PT<\/p>\n\n\n\n<p><em>Ubicaci\u00f3n:&nbsp;<\/em>Edificio gronquista&nbsp;<\/p>\n\n\n\n<p>1650 Railroad Ave. Arlington, OR 97812&nbsp;&nbsp;<\/p>\n\n\n\n<p id=\"block-3d35a055-9464-487e-91b7-39b7d413f4fb\">My office is committed to diversity, inclusion, and fostering full participation for all. While there is no need to RSVP for the town hall, my team is ready to help should you need disability-related accommodations or have other access requirements to participate in the town hall.\u00a0 Please reach out to my team at <a href=\"mailto:accommodations@merkley.senate.gov\" target=\"_blank\" rel=\"noreferrer noopener\">accommodations@merkley.senate.gov<\/a>\u202for\u202f(503) 326-3386 to make your accommodations request\u202fby 12:00 pm PST on Monday, March 30 for my team to best support your participation.<\/p>\n\n\n\n<p id=\"block-080a54d0-0fc2-43e8-99a5-526d1153be3b\"><strong>NOTA:<\/strong>&nbsp;Oregonians have been turning out in record-breaking numbers to Senator Merkley\u2019s recent town halls. His office works to find the best venues available, but please be prepared that venues may reach capacity.<\/p>","protected":false},"excerpt":{"rendered":"<p>Senator Merkley will update constituents on his work in Washington, D.C., answer their questions and invite their suggestions about how to tackle the challenges facing Oregon and America. Gilliam County Town Hall Date: Thursday, April 2, 2026 Time:&nbsp;2:45 pm PT Location:&nbsp;Gronquist Building&nbsp; 1650 Railroad Ave. Arlington, OR 97812&nbsp;&nbsp; My office is committed to diversity, inclusion, [&hellip;]<\/p>\n","protected":false},"author":9,"featured_media":18844,"comment_status":"closed","ping_status":"closed","sticky":false,"template":"","format":"standard","meta":{"_acf_changed":false,"inline_featured_image":false,"footnotes":""},"categories":[23],"tags":[],"class_list":["post-24269","post","type-post","status-publish","format-standard","has-post-thumbnail","hentry","category-town-halls"],"acf":[],"yoast_head":"<!-- This site is optimized with the Yoast SEO plugin v27.2 - https:\/\/yoast.com\/product\/yoast-seo-wordpress\/ -->\n<title>Gilliam County Town Hall - 4\/2\/26 - Merkley<\/title>\n<meta name=\"robots\" content=\"index, follow, max-snippet:-1, max-image-preview:large, max-video-preview:-1\" \/>\n<link rel=\"canonical\" href=\"https:\/\/www.merkley.senate.gov\/es\/gilliam-county-town-hall-4-2-26\/\" \/>\n<meta property=\"og:locale\" content=\"es_MX\" \/>\n<meta property=\"og:type\" content=\"article\" \/>\n<meta property=\"og:title\" content=\"Gilliam County Town Hall - 4\/2\/26 - Merkley\" \/>\n<meta property=\"og:description\" content=\"Senator Merkley will update constituents on his work in Washington, D.C., answer their questions and invite their suggestions about how to tackle the challenges facing Oregon and America. Gilliam County Town Hall Date: Thursday, April 2, 2026 Time:&nbsp;2:45 pm PT Location:&nbsp;Gronquist Building&nbsp; 1650 Railroad Ave. Arlington, OR 97812&nbsp;&nbsp; My office is committed to diversity, inclusion, [&hellip;]\" \/>\n<meta property=\"og:url\" content=\"https:\/\/www.merkley.senate.gov\/es\/gilliam-county-town-hall-4-2-26\/\" \/>\n<meta property=\"og:site_name\" content=\"Merkley\" \/>\n<meta property=\"article:published_time\" content=\"2026-03-26T22:34:08+00:00\" \/>\n<meta property=\"article:modified_time\" content=\"2026-03-26T22:34:09+00:00\" \/>\n<meta property=\"og:image\" content=\"https:\/\/www.merkley.senate.gov\/wp-content\/uploads\/GENERIC-release_updated-copy.png\" \/>\n\t<meta property=\"og:image:width\" content=\"1200\" \/>\n\t<meta property=\"og:image:height\" content=\"630\" \/>\n\t<meta property=\"og:image:type\" content=\"image\/png\" \/>\n<meta name=\"author\" content=\"Marcy Sutter\" \/>\n<meta name=\"twitter:card\" content=\"summary_large_image\" \/>\n<meta name=\"twitter:label1\" content=\"Written by\" \/>\n\t<meta name=\"twitter:data1\" content=\"Marcy Sutter\" \/>\n\t<meta name=\"twitter:label2\" content=\"Est. reading time\" \/>\n\t<meta name=\"twitter:data2\" content=\"1 minute\" \/>\n<script type=\"application\/ld+json\" class=\"yoast-schema-graph\">{\"@context\":\"https:\/\/schema.org\",\"@graph\":[{\"@type\":\"Article\",\"@id\":\"https:\/\/www.merkley.senate.gov\/gilliam-county-town-hall-4-2-26\/#article\",\"isPartOf\":{\"@id\":\"https:\/\/www.merkley.senate.gov\/gilliam-county-town-hall-4-2-26\/\"},\"author\":{\"name\":\"Marcy Sutter\",\"@id\":\"https:\/\/www.merkley.senate.gov\/#\/schema\/person\/f39b199d713984ff6439740fdfd1a377\"},\"headline\":\"Gilliam County Town Hall &#8211; 4\/2\/26\",\"datePublished\":\"2026-03-26T22:34:08+00:00\",\"dateModified\":\"2026-03-26T22:34:09+00:00\",\"mainEntityOfPage\":{\"@id\":\"https:\/\/www.merkley.senate.gov\/gilliam-county-town-hall-4-2-26\/\"},\"wordCount\":169,\"image\":{\"@id\":\"https:\/\/www.merkley.senate.gov\/gilliam-county-town-hall-4-2-26\/#primaryimage\"},\"thumbnailUrl\":\"https:\/\/www.merkley.senate.gov\/wp-content\/uploads\/GENERIC-release_updated-copy.png\",\"articleSection\":[\"Town Halls\"],\"inLanguage\":\"es-MX\"},{\"@type\":\"WebPage\",\"@id\":\"https:\/\/www.merkley.senate.gov\/gilliam-county-town-hall-4-2-26\/\",\"url\":\"https:\/\/www.merkley.senate.gov\/gilliam-county-town-hall-4-2-26\/\",\"name\":\"Gilliam County Town Hall - 4\/2\/26 - Merkley\",\"isPartOf\":{\"@id\":\"https:\/\/www.merkley.senate.gov\/#website\"},\"primaryImageOfPage\":{\"@id\":\"https:\/\/www.merkley.senate.gov\/gilliam-county-town-hall-4-2-26\/#primaryimage\"},\"image\":{\"@id\":\"https:\/\/www.merkley.senate.gov\/gilliam-county-town-hall-4-2-26\/#primaryimage\"},\"thumbnailUrl\":\"https:\/\/www.merkley.senate.gov\/wp-content\/uploads\/GENERIC-release_updated-copy.png\",\"datePublished\":\"2026-03-26T22:34:08+00:00\",\"dateModified\":\"2026-03-26T22:34:09+00:00\",\"author\":{\"@id\":\"https:\/\/www.merkley.senate.gov\/#\/schema\/person\/f39b199d713984ff6439740fdfd1a377\"},\"breadcrumb\":{\"@id\":\"https:\/\/www.merkley.senate.gov\/gilliam-county-town-hall-4-2-26\/#breadcrumb\"},\"inLanguage\":\"es-MX\",\"potentialAction\":[{\"@type\":\"ReadAction\",\"target\":[\"https:\/\/www.merkley.senate.gov\/gilliam-county-town-hall-4-2-26\/\"]}]},{\"@type\":\"ImageObject\",\"inLanguage\":\"es-MX\",\"@id\":\"https:\/\/www.merkley.senate.gov\/gilliam-county-town-hall-4-2-26\/#primaryimage\",\"url\":\"https:\/\/www.merkley.senate.gov\/wp-content\/uploads\/GENERIC-release_updated-copy.png\",\"contentUrl\":\"https:\/\/www.merkley.senate.gov\/wp-content\/uploads\/GENERIC-release_updated-copy.png\",\"width\":1200,\"height\":630,\"caption\":\"Jeff Merkley Senator for Oregon www.merkley.senate.gov\"},{\"@type\":\"BreadcrumbList\",\"@id\":\"https:\/\/www.merkley.senate.gov\/gilliam-county-town-hall-4-2-26\/#breadcrumb\",\"itemListElement\":[{\"@type\":\"ListItem\",\"position\":1,\"name\":\"Home\",\"item\":\"https:\/\/www.merkley.senate.gov\/\"},{\"@type\":\"ListItem\",\"position\":2,\"name\":\"Gilliam County Town Hall &#8211; 4\/2\/26\"}]},{\"@type\":\"WebSite\",\"@id\":\"https:\/\/www.merkley.senate.gov\/#website\",\"url\":\"https:\/\/www.merkley.senate.gov\/\",\"name\":\"Merkley\",\"description\":\"Merkley\",\"potentialAction\":[{\"@type\":\"SearchAction\",\"target\":{\"@type\":\"EntryPoint\",\"urlTemplate\":\"https:\/\/www.merkley.senate.gov\/?s={search_term_string}\"},\"query-input\":{\"@type\":\"PropertyValueSpecification\",\"valueRequired\":true,\"valueName\":\"search_term_string\"}}],\"inLanguage\":\"es-MX\"},{\"@type\":\"Person\",\"@id\":\"https:\/\/www.merkley.senate.gov\/#\/schema\/person\/f39b199d713984ff6439740fdfd1a377\",\"name\":\"Marcy Sutter\",\"image\":{\"@type\":\"ImageObject\",\"inLanguage\":\"es-MX\",\"@id\":\"https:\/\/secure.gravatar.com\/avatar\/511bce9670d8e1edb7290c4aed2dbfe8258c67694b491797b8a38fa052d636ad?s=96&d=mm&r=g\",\"url\":\"https:\/\/secure.gravatar.com\/avatar\/511bce9670d8e1edb7290c4aed2dbfe8258c67694b491797b8a38fa052d636ad?s=96&d=mm&r=g\",\"contentUrl\":\"https:\/\/secure.gravatar.com\/avatar\/511bce9670d8e1edb7290c4aed2dbfe8258c67694b491797b8a38fa052d636ad?s=96&d=mm&r=g\",\"caption\":\"Marcy Sutter\"},\"url\":\"https:\/\/www.merkley.senate.gov\/es\/author\/marcy-sutter\/\"}]}<\/script>\n<!-- \/ Yoast SEO plugin. -->","yoast_head_json":{"title":"Gilliam County Town Hall - 4\/2\/26 - Merkley","robots":{"index":"index","follow":"follow","max-snippet":"max-snippet:-1","max-image-preview":"max-image-preview:large","max-video-preview":"max-video-preview:-1"},"canonical":"https:\/\/www.merkley.senate.gov\/es\/gilliam-county-town-hall-4-2-26\/","og_locale":"es_MX","og_type":"article","og_title":"Gilliam County Town Hall - 4\/2\/26 - Merkley","og_description":"Senator Merkley will update constituents on his work in Washington, D.C., answer their questions and invite their suggestions about how to tackle the challenges facing Oregon and America. Gilliam County Town Hall Date: Thursday, April 2, 2026 Time:&nbsp;2:45 pm PT Location:&nbsp;Gronquist Building&nbsp; 1650 Railroad Ave. Arlington, OR 97812&nbsp;&nbsp; My office is committed to diversity, inclusion, [&hellip;]","og_url":"https:\/\/www.merkley.senate.gov\/es\/gilliam-county-town-hall-4-2-26\/","og_site_name":"Merkley","article_published_time":"2026-03-26T22:34:08+00:00","article_modified_time":"2026-03-26T22:34:09+00:00","og_image":[{"width":1200,"height":630,"url":"https:\/\/www.merkley.senate.gov\/wp-content\/uploads\/GENERIC-release_updated-copy.png","type":"image\/png"}],"author":"Marcy Sutter","twitter_card":"summary_large_image","twitter_misc":{"Written by":"Marcy Sutter","Est. reading time":"1 minute"},"schema":{"@context":"https:\/\/schema.org","@graph":[{"@type":"Article","@id":"https:\/\/www.merkley.senate.gov\/gilliam-county-town-hall-4-2-26\/#article","isPartOf":{"@id":"https:\/\/www.merkley.senate.gov\/gilliam-county-town-hall-4-2-26\/"},"author":{"name":"Marcy Sutter","@id":"https:\/\/www.merkley.senate.gov\/#\/schema\/person\/f39b199d713984ff6439740fdfd1a377"},"headline":"Gilliam County Town Hall &#8211; 4\/2\/26","datePublished":"2026-03-26T22:34:08+00:00","dateModified":"2026-03-26T22:34:09+00:00","mainEntityOfPage":{"@id":"https:\/\/www.merkley.senate.gov\/gilliam-county-town-hall-4-2-26\/"},"wordCount":169,"image":{"@id":"https:\/\/www.merkley.senate.gov\/gilliam-county-town-hall-4-2-26\/#primaryimage"},"thumbnailUrl":"https:\/\/www.merkley.senate.gov\/wp-content\/uploads\/GENERIC-release_updated-copy.png","articleSection":["Town Halls"],"inLanguage":"es-MX"},{"@type":"WebPage","@id":"https:\/\/www.merkley.senate.gov\/gilliam-county-town-hall-4-2-26\/","url":"https:\/\/www.merkley.senate.gov\/gilliam-county-town-hall-4-2-26\/","name":"Gilliam County Town Hall - 4\/2\/26 - Merkley","isPartOf":{"@id":"https:\/\/www.merkley.senate.gov\/#website"},"primaryImageOfPage":{"@id":"https:\/\/www.merkley.senate.gov\/gilliam-county-town-hall-4-2-26\/#primaryimage"},"image":{"@id":"https:\/\/www.merkley.senate.gov\/gilliam-county-town-hall-4-2-26\/#primaryimage"},"thumbnailUrl":"https:\/\/www.merkley.senate.gov\/wp-content\/uploads\/GENERIC-release_updated-copy.png","datePublished":"2026-03-26T22:34:08+00:00","dateModified":"2026-03-26T22:34:09+00:00","author":{"@id":"https:\/\/www.merkley.senate.gov\/#\/schema\/person\/f39b199d713984ff6439740fdfd1a377"},"breadcrumb":{"@id":"https:\/\/www.merkley.senate.gov\/gilliam-county-town-hall-4-2-26\/#breadcrumb"},"inLanguage":"es-MX","potentialAction":[{"@type":"ReadAction","target":["https:\/\/www.merkley.senate.gov\/gilliam-county-town-hall-4-2-26\/"]}]},{"@type":"ImageObject","inLanguage":"es-MX","@id":"https:\/\/www.merkley.senate.gov\/gilliam-county-town-hall-4-2-26\/#primaryimage","url":"https:\/\/www.merkley.senate.gov\/wp-content\/uploads\/GENERIC-release_updated-copy.png","contentUrl":"https:\/\/www.merkley.senate.gov\/wp-content\/uploads\/GENERIC-release_updated-copy.png","width":1200,"height":630,"caption":"Jeff Merkley Senator for Oregon www.merkley.senate.gov"},{"@type":"BreadcrumbList","@id":"https:\/\/www.merkley.senate.gov\/gilliam-county-town-hall-4-2-26\/#breadcrumb","itemListElement":[{"@type":"ListItem","position":1,"name":"Home","item":"https:\/\/www.merkley.senate.gov\/"},{"@type":"ListItem","position":2,"name":"Gilliam County Town Hall &#8211; 4\/2\/26"}]},{"@type":"WebSite","@id":"https:\/\/www.merkley.senate.gov\/#website","url":"https:\/\/www.merkley.senate.gov\/","name":"merkley","description":"merkley","potentialAction":[{"@type":"SearchAction","target":{"@type":"EntryPoint","urlTemplate":"https:\/\/www.merkley.senate.gov\/?s={search_term_string}"},"query-input":{"@type":"PropertyValueSpecification","valueRequired":true,"valueName":"search_term_string"}}],"inLanguage":"es-MX"},{"@type":"Person","@id":"https:\/\/www.merkley.senate.gov\/#\/schema\/person\/f39b199d713984ff6439740fdfd1a377","name":"Marcy Sutter","image":{"@type":"ImageObject","inLanguage":"es-MX","@id":"https:\/\/secure.gravatar.com\/avatar\/511bce9670d8e1edb7290c4aed2dbfe8258c67694b491797b8a38fa052d636ad?s=96&d=mm&r=g","url":"https:\/\/secure.gravatar.com\/avatar\/511bce9670d8e1edb7290c4aed2dbfe8258c67694b491797b8a38fa052d636ad?s=96&d=mm&r=g","contentUrl":"https:\/\/secure.gravatar.com\/avatar\/511bce9670d8e1edb7290c4aed2dbfe8258c67694b491797b8a38fa052d636ad?s=96&d=mm&r=g","caption":"Marcy Sutter"},"url":"https:\/\/www.merkley.senate.gov\/es\/author\/marcy-sutter\/"}]}},"_links":{"self":[{"href":"https:\/\/www.merkley.senate.gov\/es\/wp-json\/wp\/v2\/posts\/24269","targetHints":{"allow":["GET"]}}],"collection":[{"href":"https:\/\/www.merkley.senate.gov\/es\/wp-json\/wp\/v2\/posts"}],"about":[{"href":"https:\/\/www.merkley.senate.gov\/es\/wp-json\/wp\/v2\/types\/post"}],"author":[{"embeddable":true,"href":"https:\/\/www.merkley.senate.gov\/es\/wp-json\/wp\/v2\/users\/9"}],"replies":[{"embeddable":true,"href":"https:\/\/www.merkley.senate.gov\/es\/wp-json\/wp\/v2\/comments?post=24269"}],"version-history":[{"count":1,"href":"https:\/\/www.merkley.senate.gov\/es\/wp-json\/wp\/v2\/posts\/24269\/revisions"}],"predecessor-version":[{"id":24270,"href":"https:\/\/www.merkley.senate.gov\/es\/wp-json\/wp\/v2\/posts\/24269\/revisions\/24270"}],"wp:featuredmedia":[{"embeddable":true,"href":"https:\/\/www.merkley.senate.gov\/es\/wp-json\/wp\/v2\/media\/18844"}],"wp:attachment":[{"href":"https:\/\/www.merkley.senate.gov\/es\/wp-json\/wp\/v2\/media?parent=24269"}],"wp:term":[{"taxonomy":"category","embeddable":true,"href":"https:\/\/www.merkley.senate.gov\/es\/wp-json\/wp\/v2\/categories?post=24269"},{"taxonomy":"post_tag","embeddable":true,"href":"https:\/\/www.merkley.senate.gov\/es\/wp-json\/wp\/v2\/tags?post=24269"}],"curies":[{"name":"wp","href":"https:\/\/api.w.org\/{rel}","templated":true}]}}