{"id":2599,"date":"2021-07-15T14:24:00","date_gmt":"2021-07-15T18:24:00","guid":{"rendered":"https:\/\/www.merkley.senate.gov\/merkley-whitehouse-introduce-resolution-designating-july-as-plastic-pollution-action-month-2021\/"},"modified":"2023-07-24T11:05:40","modified_gmt":"2023-07-24T15:05:40","slug":"merkley-whitehouse-introduce-resolution-designating-july-as-plastic-pollution-action-month-2021","status":"publish","type":"post","link":"https:\/\/www.merkley.senate.gov\/es\/merkley-whitehouse-introduce-resolution-designating-july-as-plastic-pollution-action-month-2021\/","title":{"rendered":"Merkley y la Casa Blanca presentan una resoluci\u00f3n que designa julio como Mes de Acci\u00f3n contra la Contaminaci\u00f3n por Pl\u00e1sticos"},"content":{"rendered":"<p>Washington, DC \u2013 El Senador de EE. UU. de Oreg\u00f3n, Jeff Merkley, se asoci\u00f3 hoy con el Senador de EE. UU. Sheldon Whitehouse (D-RI) para presentar una resoluci\u00f3n que designa este mes como el Mes de Acci\u00f3n contra la Contaminaci\u00f3n Pl\u00e1stica, citando una preocupaci\u00f3n extrema por la crisis de contaminaci\u00f3n pl\u00e1stica que amenaza la salud humana, el vertido de decenas de millones de piezas de pl\u00e1stico en el oc\u00e9ano y matando a cientos de miles de animales cada a\u00f1o.<\/p>\n<p>La resoluci\u00f3n detalla los peligros para la salud humana y el medio ambiente que plantea la contaminaci\u00f3n pl\u00e1stica, y alienta a todas las personas en los Estados Unidos a proteger, conservar y mantener el medio ambiente tomando medidas para reducir su contaminaci\u00f3n pl\u00e1stica, este mes y m\u00e1s all\u00e1.<\/p>\n<blockquote>\n<p>\u201cDurante a\u00f1os, a los estadounidenses se les ha ense\u00f1ado las tres R: reducir, reutilizar y reciclar, y que siempre que coloquemos nuestros art\u00edculos de pl\u00e1stico en contenedores azules, podemos proteger nuestro medio ambiente\u201d. <b>dijo Merkley, quien se desempe\u00f1a como presidente del subcomit\u00e9 de Medio Ambiente y Obras P\u00fablicas que supervisa la justicia ambiental y la seguridad qu\u00edmica.<\/b>. \u201cLa verdad es que es m\u00e1s como las tres B: el pl\u00e1stico se entierra, se quema o se lleva al mar, lo que significa que los qu\u00edmicos peligrosos se filtran en nuestro aire, agua y suelo y amenazan la salud de los estadounidenses, especialmente en las comunidades de color y comunidades de bajos ingresos. No podemos quedarnos de brazos cruzados ante esta crisis. El Congreso debe aprobar esta resoluci\u00f3n para enfatizar la urgencia del problema y luego unirse para brindar las soluciones a esta crisis que merecen nuestras familias y nuestro planeta\u201d.<\/p>\n<p>\u201cLos pl\u00e1sticos de un solo uso est\u00e1n llenando los oc\u00e9anos a un ritmo alarmante, poniendo en peligro la vida marina y terminando en el suministro de alimentos humanos\u201d, <b>dijo Whitehouse, quien cofund\u00f3 el Caucus de Oc\u00e9anos del Senado bipartidista para encontrar puntos en com\u00fan para responder a los problemas que enfrentan los oc\u00e9anos y las costas.<\/b> &nbsp;\u201cLas leyes Save Our Seas que escrib\u00ed con los senadores Sullivan y Menendez contribuyen en gran medida a abordar la crisis mundial de desechos marinos y contaminaci\u00f3n pl\u00e1stica. Este mes, volvemos a comprometernos a construir sobre ese progreso y abordar el flagelo global de los desechos pl\u00e1sticos\u201d.<\/p>\n<\/blockquote>\n<p>La resoluci\u00f3n de los senadores sigue a la introducci\u00f3n de la bicameral <i>Ley para liberarse de la contaminaci\u00f3n pl\u00e1stica<\/i>\u2014legislaci\u00f3n liderada en el Senado por Merkley que ofrece el plan m\u00e1s completo jam\u00e1s presentado en el Congreso para abordar la crisis de contaminaci\u00f3n pl\u00e1stica que est\u00e1 envenenando nuestro aire, agua y tierra.<\/p>\n<p>El texto completo de la resoluci\u00f3n est\u00e1 disponible. <a href=\"https:\/\/www.merkley.senate.gov\/es\/download\/210715-plastics-resolution-2021\/\">aqu\u00ed<\/a>.<\/p>","protected":false},"excerpt":{"rendered":"<p>Washington, D.C. &ndash; Oregon&rsquo;s U.S. Senator Jeff Merkley teamed up with U.S. Senator Sheldon Whitehouse (D-RI) today to introduce a resolution designating this month as Plastic Pollution Action Month, citing extreme concern over the plastic pollution crisis that is threatening human health, dumping tens of millions of pieces of plastic in the ocean, and killing [&hellip;]<\/p>\n","protected":false},"author":2,"featured_media":0,"comment_status":"closed","ping_status":"closed","sticky":false,"template":"","format":"standard","meta":{"_acf_changed":false,"inline_featured_image":false,"footnotes":""},"categories":[24],"tags":[45],"class_list":["post-2599","post","type-post","status-publish","format-standard","hentry","category-press-releases","tag-tackling-climate-change"],"acf":[],"yoast_head":"<!-- This site is optimized with the Yoast SEO plugin v27.2 - https:\/\/yoast.com\/product\/yoast-seo-wordpress\/ -->\n<title>Merkley, Whitehouse Introduce Resolution Designating July as Plastic Pollution Action Month - Merkley<\/title>\n<meta name=\"robots\" content=\"index, follow, max-snippet:-1, max-image-preview:large, max-video-preview:-1\" \/>\n<link rel=\"canonical\" href=\"https:\/\/www.merkley.senate.gov\/es\/merkley-whitehouse-introduce-resolution-designating-july-as-plastic-pollution-action-month-2021\/\" \/>\n<meta property=\"og:locale\" content=\"es_MX\" \/>\n<meta property=\"og:type\" content=\"article\" \/>\n<meta property=\"og:title\" content=\"Merkley, Whitehouse Introduce Resolution Designating July as Plastic Pollution Action Month - Merkley\" \/>\n<meta property=\"og:description\" content=\"Washington, D.C. &ndash; Oregon&rsquo;s U.S. Senator Jeff Merkley teamed up with U.S. Senator Sheldon Whitehouse (D-RI) today to introduce a resolution designating this month as Plastic Pollution Action Month, citing extreme concern over the plastic pollution crisis that is threatening human health, dumping tens of millions of pieces of plastic in the ocean, and killing [&hellip;]\" \/>\n<meta property=\"og:url\" content=\"https:\/\/www.merkley.senate.gov\/es\/merkley-whitehouse-introduce-resolution-designating-july-as-plastic-pollution-action-month-2021\/\" \/>\n<meta property=\"og:site_name\" content=\"Merkley\" \/>\n<meta property=\"article:published_time\" content=\"2021-07-15T18:24:00+00:00\" \/>\n<meta property=\"article:modified_time\" content=\"2023-07-24T15:05:40+00:00\" \/>\n<meta name=\"twitter:card\" content=\"summary_large_image\" \/>\n<meta name=\"twitter:label1\" content=\"Written by\" \/>\n\t<meta name=\"twitter:data1\" content=\"\" \/>\n\t<meta name=\"twitter:label2\" content=\"Est. reading time\" \/>\n\t<meta name=\"twitter:data2\" content=\"2 minutes\" \/>\n<script type=\"application\/ld+json\" class=\"yoast-schema-graph\">{\"@context\":\"https:\/\/schema.org\",\"@graph\":[{\"@type\":\"Article\",\"@id\":\"https:\/\/www.merkley.senate.gov\/es\/merkley-whitehouse-introduce-resolution-designating-july-as-plastic-pollution-action-month-2021\/#article\",\"isPartOf\":{\"@id\":\"https:\/\/www.merkley.senate.gov\/es\/merkley-whitehouse-introduce-resolution-designating-july-as-plastic-pollution-action-month-2021\/\"},\"author\":{\"name\":\"\",\"@id\":\"\"},\"headline\":\"Merkley, Whitehouse Introduce Resolution Designating July as Plastic Pollution Action Month\",\"datePublished\":\"2021-07-15T18:24:00+00:00\",\"dateModified\":\"2023-07-24T15:05:40+00:00\",\"mainEntityOfPage\":{\"@id\":\"https:\/\/www.merkley.senate.gov\/es\/merkley-whitehouse-introduce-resolution-designating-july-as-plastic-pollution-action-month-2021\/\"},\"wordCount\":422,\"keywords\":[\"Tackling Climate Change\"],\"articleSection\":[\"Press Releases\"],\"inLanguage\":\"es-MX\"},{\"@type\":\"WebPage\",\"@id\":\"https:\/\/www.merkley.senate.gov\/es\/merkley-whitehouse-introduce-resolution-designating-july-as-plastic-pollution-action-month-2021\/\",\"url\":\"https:\/\/www.merkley.senate.gov\/es\/merkley-whitehouse-introduce-resolution-designating-july-as-plastic-pollution-action-month-2021\/\",\"name\":\"Merkley, Whitehouse Introduce Resolution Designating July as Plastic Pollution Action Month - Merkley\",\"isPartOf\":{\"@id\":\"https:\/\/www.merkley.senate.gov\/#website\"},\"datePublished\":\"2021-07-15T18:24:00+00:00\",\"dateModified\":\"2023-07-24T15:05:40+00:00\",\"author\":{\"@id\":\"\"},\"breadcrumb\":{\"@id\":\"https:\/\/www.merkley.senate.gov\/es\/merkley-whitehouse-introduce-resolution-designating-july-as-plastic-pollution-action-month-2021\/#breadcrumb\"},\"inLanguage\":\"es-MX\",\"potentialAction\":[{\"@type\":\"ReadAction\",\"target\":[\"https:\/\/www.merkley.senate.gov\/es\/merkley-whitehouse-introduce-resolution-designating-july-as-plastic-pollution-action-month-2021\/\"]}]},{\"@type\":\"BreadcrumbList\",\"@id\":\"https:\/\/www.merkley.senate.gov\/es\/merkley-whitehouse-introduce-resolution-designating-july-as-plastic-pollution-action-month-2021\/#breadcrumb\",\"itemListElement\":[{\"@type\":\"ListItem\",\"position\":1,\"name\":\"Home\",\"item\":\"https:\/\/www.merkley.senate.gov\/\"},{\"@type\":\"ListItem\",\"position\":2,\"name\":\"Merkley, Whitehouse Introduce Resolution Designating July as Plastic Pollution Action Month\"}]},{\"@type\":\"WebSite\",\"@id\":\"https:\/\/www.merkley.senate.gov\/#website\",\"url\":\"https:\/\/www.merkley.senate.gov\/\",\"name\":\"Merkley\",\"description\":\"Merkley\",\"potentialAction\":[{\"@type\":\"SearchAction\",\"target\":{\"@type\":\"EntryPoint\",\"urlTemplate\":\"https:\/\/www.merkley.senate.gov\/?s={search_term_string}\"},\"query-input\":{\"@type\":\"PropertyValueSpecification\",\"valueRequired\":true,\"valueName\":\"search_term_string\"}}],\"inLanguage\":\"es-MX\"},{\"@type\":\"Person\",\"@id\":\"\",\"url\":\"https:\/\/www.merkley.senate.gov\/es\/author\/\"}]}<\/script>\n<!-- \/ Yoast SEO plugin. -->","yoast_head_json":{"title":"Merkley, Whitehouse Introduce Resolution Designating July as Plastic Pollution Action Month - Merkley","robots":{"index":"index","follow":"follow","max-snippet":"max-snippet:-1","max-image-preview":"max-image-preview:large","max-video-preview":"max-video-preview:-1"},"canonical":"https:\/\/www.merkley.senate.gov\/es\/merkley-whitehouse-introduce-resolution-designating-july-as-plastic-pollution-action-month-2021\/","og_locale":"es_MX","og_type":"article","og_title":"Merkley, Whitehouse Introduce Resolution Designating July as Plastic Pollution Action Month - Merkley","og_description":"Washington, D.C. &ndash; Oregon&rsquo;s U.S. Senator Jeff Merkley teamed up with U.S. Senator Sheldon Whitehouse (D-RI) today to introduce a resolution designating this month as Plastic Pollution Action Month, citing extreme concern over the plastic pollution crisis that is threatening human health, dumping tens of millions of pieces of plastic in the ocean, and killing [&hellip;]","og_url":"https:\/\/www.merkley.senate.gov\/es\/merkley-whitehouse-introduce-resolution-designating-july-as-plastic-pollution-action-month-2021\/","og_site_name":"Merkley","article_published_time":"2021-07-15T18:24:00+00:00","article_modified_time":"2023-07-24T15:05:40+00:00","twitter_card":"summary_large_image","twitter_misc":{"Written by":"","Est. reading time":"2 minutes"},"schema":{"@context":"https:\/\/schema.org","@graph":[{"@type":"Article","@id":"https:\/\/www.merkley.senate.gov\/es\/merkley-whitehouse-introduce-resolution-designating-july-as-plastic-pollution-action-month-2021\/#article","isPartOf":{"@id":"https:\/\/www.merkley.senate.gov\/es\/merkley-whitehouse-introduce-resolution-designating-july-as-plastic-pollution-action-month-2021\/"},"author":{"name":"","@id":""},"headline":"Merkley, Whitehouse Introduce Resolution Designating July as Plastic Pollution Action Month","datePublished":"2021-07-15T18:24:00+00:00","dateModified":"2023-07-24T15:05:40+00:00","mainEntityOfPage":{"@id":"https:\/\/www.merkley.senate.gov\/es\/merkley-whitehouse-introduce-resolution-designating-july-as-plastic-pollution-action-month-2021\/"},"wordCount":422,"keywords":["Tackling Climate Change"],"articleSection":["Press Releases"],"inLanguage":"es-MX"},{"@type":"WebPage","@id":"https:\/\/www.merkley.senate.gov\/es\/merkley-whitehouse-introduce-resolution-designating-july-as-plastic-pollution-action-month-2021\/","url":"https:\/\/www.merkley.senate.gov\/es\/merkley-whitehouse-introduce-resolution-designating-july-as-plastic-pollution-action-month-2021\/","name":"Merkley, Whitehouse Introduce Resolution Designating July as Plastic Pollution Action Month - Merkley","isPartOf":{"@id":"https:\/\/www.merkley.senate.gov\/#website"},"datePublished":"2021-07-15T18:24:00+00:00","dateModified":"2023-07-24T15:05:40+00:00","author":{"@id":""},"breadcrumb":{"@id":"https:\/\/www.merkley.senate.gov\/es\/merkley-whitehouse-introduce-resolution-designating-july-as-plastic-pollution-action-month-2021\/#breadcrumb"},"inLanguage":"es-MX","potentialAction":[{"@type":"ReadAction","target":["https:\/\/www.merkley.senate.gov\/es\/merkley-whitehouse-introduce-resolution-designating-july-as-plastic-pollution-action-month-2021\/"]}]},{"@type":"BreadcrumbList","@id":"https:\/\/www.merkley.senate.gov\/es\/merkley-whitehouse-introduce-resolution-designating-july-as-plastic-pollution-action-month-2021\/#breadcrumb","itemListElement":[{"@type":"ListItem","position":1,"name":"Home","item":"https:\/\/www.merkley.senate.gov\/"},{"@type":"ListItem","position":2,"name":"Merkley, Whitehouse Introduce Resolution Designating July as Plastic Pollution Action Month"}]},{"@type":"WebSite","@id":"https:\/\/www.merkley.senate.gov\/#website","url":"https:\/\/www.merkley.senate.gov\/","name":"merkley","description":"merkley","potentialAction":[{"@type":"SearchAction","target":{"@type":"EntryPoint","urlTemplate":"https:\/\/www.merkley.senate.gov\/?s={search_term_string}"},"query-input":{"@type":"PropertyValueSpecification","valueRequired":true,"valueName":"search_term_string"}}],"inLanguage":"es-MX"},{"@type":"Person","@id":"","url":"https:\/\/www.merkley.senate.gov\/es\/author\/"}]}},"_links":{"self":[{"href":"https:\/\/www.merkley.senate.gov\/es\/wp-json\/wp\/v2\/posts\/2599","targetHints":{"allow":["GET"]}}],"collection":[{"href":"https:\/\/www.merkley.senate.gov\/es\/wp-json\/wp\/v2\/posts"}],"about":[{"href":"https:\/\/www.merkley.senate.gov\/es\/wp-json\/wp\/v2\/types\/post"}],"author":[{"embeddable":true,"href":"https:\/\/www.merkley.senate.gov\/es\/wp-json\/wp\/v2\/users\/2"}],"replies":[{"embeddable":true,"href":"https:\/\/www.merkley.senate.gov\/es\/wp-json\/wp\/v2\/comments?post=2599"}],"version-history":[{"count":1,"href":"https:\/\/www.merkley.senate.gov\/es\/wp-json\/wp\/v2\/posts\/2599\/revisions"}],"predecessor-version":[{"id":11974,"href":"https:\/\/www.merkley.senate.gov\/es\/wp-json\/wp\/v2\/posts\/2599\/revisions\/11974"}],"wp:attachment":[{"href":"https:\/\/www.merkley.senate.gov\/es\/wp-json\/wp\/v2\/media?parent=2599"}],"wp:term":[{"taxonomy":"category","embeddable":true,"href":"https:\/\/www.merkley.senate.gov\/es\/wp-json\/wp\/v2\/categories?post=2599"},{"taxonomy":"post_tag","embeddable":true,"href":"https:\/\/www.merkley.senate.gov\/es\/wp-json\/wp\/v2\/tags?post=2599"}],"curies":[{"name":"wp","href":"https:\/\/api.w.org\/{rel}","templated":true}]}}