{"id":2624,"date":"2021-06-23T13:46:00","date_gmt":"2021-06-23T17:46:00","guid":{"rendered":"https:\/\/www.merkley.senate.gov\/wyden-merkley-63-million-in-federal-funds-to-salem-cherriots-for-low-emission-vehicles-2021\/"},"modified":"2023-07-24T11:05:41","modified_gmt":"2023-07-24T15:05:41","slug":"wyden-merkley-63-million-in-federal-funds-to-salem-cherriots-for-low-emission-vehicles-2021","status":"publish","type":"post","link":"https:\/\/www.merkley.senate.gov\/es\/wyden-merkley-63-million-in-federal-funds-to-salem-cherriots-for-low-emission-vehicles-2021\/","title":{"rendered":"Wyden, Merkley: $6.3 millones en fondos federales para Salem Cherriots para veh\u00edculos de bajas emisiones"},"content":{"rendered":"<p class=\"wordsection1\"><b><i><span>Washington DC<\/span><\/i><\/b><span> \u2013 Los senadores estadounidenses de Oreg\u00f3n, Ron Wyden y Jeff Merkley, anunciaron hoy que el Proyecto del Distrito de Tr\u00e1nsito Masivo del \u00c1rea de Salem, tambi\u00e9n conocido como Cherriots, recibir\u00e1 una asignaci\u00f3n federal de $6.3 millones.<span> <\/span>subvenci\u00f3n para comprar<span> <\/span>o arrendar autobuses y otros veh\u00edculos de tr\u00e1nsito de bajas o nulas emisiones.<\/span><\/p>\n<blockquote>\n<p class=\"wordsection1\"><b><span>&quot;Energ\u00eda<span>&#8211;<\/span>Los sistemas de transporte p\u00fablico eficientes que los habitantes de Oreg\u00f3n necesitan para llegar f\u00e1cilmente del punto A al punto B son fundamentales para el crecimiento econ\u00f3mico y la lucha contra el cambio clim\u00e1tico\u201d.&nbsp;<\/span><\/b><span>dijo Wyden.&nbsp;<b>\u201cEstos recursos para que Salem Cherriots pueda pagar precios bajos<span>&#8211;<\/span>los veh\u00edculos de emisiones cambiar\u00e1n las reglas del juego para aumentar los servicios de tr\u00e1nsito en una regi\u00f3n de r\u00e1pido crecimiento, y seguir\u00e9 trabajando para asegurar inversiones de infraestructura similares en todo el estado\u201d.<\/b><\/span><\/p>\n<p class=\"wordsection1\"><b><span>\u201cTodos los condados de Oreg\u00f3n est\u00e1n experimentando cierto nivel de sequ\u00eda en este momento, en parte porque el caos clim\u00e1tico est\u00e1 provocando condiciones m\u00e1s c\u00e1lidas y secas en todo el oeste. Y sabemos que la quema de combustibles f\u00f3siles es una de las principales causas de esta crisis, adem\u00e1s de contribuir de manera importante a los incidentes de asma y otras enfermedades relacionadas con la contaminaci\u00f3n que ponen vidas en peligro\u201d,<\/span><\/b><span> dijo Merkley. <b>\u201cLos autobuses di\u00e9sel son una amenaza para la salud y el bienestar de los habitantes de Oreg\u00f3n, y esta subvenci\u00f3n ayudar\u00e1 a sacarlos de nuestras carreteras. Continuar\u00e9 haciendo todo lo que pueda para asegurar recursos similares para las comunidades en todo nuestro estado, para que podamos asegurarnos de que todos los habitantes de Oreg\u00f3n tengan acceso a transporte p\u00fablico de alta calidad que no avive las llamas del caos clim\u00e1tico\u201d.<\/b><\/span><\/p>\n<\/blockquote>\n<p class=\"wordsection1\"><span>El Proyecto del Distrito de Tr\u00e1nsito Masivo del \u00c1rea de Salem, <a href=\"https:\/\/www.cherriots.org\/\">conocido como Cherriots,<\/a> es una agencia p\u00fablica que brinda servicio de autob\u00fas seis d\u00edas a la semana en un \u00e1rea de 76 millas cuadradas en Salem, Keizer y el valle medio de Willamette, as\u00ed como servicio expreso regional a ciudades en los condados de Marion y Polk. La flota de Cherriots consta de 76 autobuses, incluido un servicio de paratr\u00e1nsito para clientes de tr\u00e1nsito con discapacidades.<\/span><\/p>\n<p class=\"wordsection1\"><span>Los d\u00f3lares del Programa de Subsidios para Veh\u00edculos de Bajas y Sin Emisiones (Low-No) apoyar\u00e1n a Cherriots en <s><span>&nbsp;<\/span><\/s>comprar o arrendar autobuses y otros veh\u00edculos de tr\u00e1nsito de bajas o nulas emisiones que utilicen tecnolog\u00edas avanzadas, como bater\u00eda el\u00e9ctrica y energ\u00eda de celdas de combustible, para brindar un servicio de tr\u00e1nsito m\u00e1s limpio y con mayor eficiencia energ\u00e9tica en las comunidades del \u00e1rea de Salem.<\/span><\/p>\n<blockquote>\n<p class=\"wordsection1\"><b><span>\u201cEstos autobuses representan un paso monumental hacia la mejora del servicio y la modernizaci\u00f3n de nuestra flota de veh\u00edculos\u201d,<\/span><\/b><span> dijo Ian Davidson, presidente de la Junta Directiva del Distrito de Tr\u00e1nsito Masivo del \u00c1rea de Salem (SAMTD). <b>\u201cJuntos con los autobuses el\u00e9ctricos a bater\u00eda otorgados por la Administraci\u00f3n Federal de Tr\u00e1nsito (FTA, por sus siglas en ingl\u00e9s) el a\u00f1o pasado, estos autobuses completar\u00e1n el &#039;Corredor de autobuses el\u00e9ctricos&#039; a lo largo de nuestra ruta m\u00e1s larga para reforzar la confiabilidad del servicio y mejorar el acceso a muchos de nuestros destinos m\u00e1s frecuentes mientras tambi\u00e9n reduciendo nuestra huella de carbono y mejorando la calidad del aire de nuestra comunidad\u201d.<\/b><\/span><\/p>\n<\/blockquote>","protected":false},"excerpt":{"rendered":"<p>Washington, D.C. &ndash; Oregon&rsquo;s U.S. Senators Ron Wyden and Jeff Merkley today announced the Salem Area Mass Transit District Project, also known as Cherriots, will receive a $6.3 million federal grant to buy or lease low- or no-emission buses and other transit vehicles. &ldquo;Energy&#8211;efficient public transit systems that Oregonians need to get easily from Point [&hellip;]<\/p>\n","protected":false},"author":2,"featured_media":0,"comment_status":"closed","ping_status":"closed","sticky":false,"template":"","format":"standard","meta":{"_acf_changed":false,"inline_featured_image":false,"footnotes":""},"categories":[24],"tags":[45],"class_list":["post-2624","post","type-post","status-publish","format-standard","hentry","category-press-releases","tag-tackling-climate-change"],"acf":[],"yoast_head":"<!-- This site is optimized with the Yoast SEO plugin v27.2 - https:\/\/yoast.com\/product\/yoast-seo-wordpress\/ -->\n<title>Wyden, Merkley: $6.3 Million in Federal Funds to Salem Cherriots for Low Emission Vehicles - Merkley<\/title>\n<meta name=\"robots\" content=\"index, follow, max-snippet:-1, max-image-preview:large, max-video-preview:-1\" \/>\n<link rel=\"canonical\" href=\"https:\/\/www.merkley.senate.gov\/es\/wyden-merkley-63-million-in-federal-funds-to-salem-cherriots-for-low-emission-vehicles-2021\/\" \/>\n<meta property=\"og:locale\" content=\"es_MX\" \/>\n<meta property=\"og:type\" content=\"article\" \/>\n<meta property=\"og:title\" content=\"Wyden, Merkley: $6.3 Million in Federal Funds to Salem Cherriots for Low Emission Vehicles - Merkley\" \/>\n<meta property=\"og:description\" content=\"Washington, D.C. &ndash; Oregon&rsquo;s U.S. Senators Ron Wyden and Jeff Merkley today announced the Salem Area Mass Transit District Project, also known as Cherriots, will receive a $6.3 million federal grant to buy or lease low- or no-emission buses and other transit vehicles. &ldquo;Energy&#8211;efficient public transit systems that Oregonians need to get easily from Point [&hellip;]\" \/>\n<meta property=\"og:url\" content=\"https:\/\/www.merkley.senate.gov\/es\/wyden-merkley-63-million-in-federal-funds-to-salem-cherriots-for-low-emission-vehicles-2021\/\" \/>\n<meta property=\"og:site_name\" content=\"Merkley\" \/>\n<meta property=\"article:published_time\" content=\"2021-06-23T17:46:00+00:00\" \/>\n<meta property=\"article:modified_time\" content=\"2023-07-24T15:05:41+00:00\" \/>\n<meta name=\"twitter:card\" content=\"summary_large_image\" \/>\n<meta name=\"twitter:label1\" content=\"Written by\" \/>\n\t<meta name=\"twitter:data1\" content=\"\" \/>\n\t<meta name=\"twitter:label2\" content=\"Est. reading time\" \/>\n\t<meta name=\"twitter:data2\" content=\"2 minutes\" \/>\n<script type=\"application\/ld+json\" class=\"yoast-schema-graph\">{\"@context\":\"https:\/\/schema.org\",\"@graph\":[{\"@type\":\"Article\",\"@id\":\"https:\/\/www.merkley.senate.gov\/wyden-merkley-63-million-in-federal-funds-to-salem-cherriots-for-low-emission-vehicles-2021\/#article\",\"isPartOf\":{\"@id\":\"https:\/\/www.merkley.senate.gov\/wyden-merkley-63-million-in-federal-funds-to-salem-cherriots-for-low-emission-vehicles-2021\/\"},\"author\":{\"name\":\"\",\"@id\":\"\"},\"headline\":\"Wyden, Merkley: $6.3 Million in Federal Funds to Salem Cherriots for Low Emission Vehicles\",\"datePublished\":\"2021-06-23T17:46:00+00:00\",\"dateModified\":\"2023-07-24T15:05:41+00:00\",\"mainEntityOfPage\":{\"@id\":\"https:\/\/www.merkley.senate.gov\/wyden-merkley-63-million-in-federal-funds-to-salem-cherriots-for-low-emission-vehicles-2021\/\"},\"wordCount\":449,\"keywords\":[\"Tackling Climate Change\"],\"articleSection\":[\"Press Releases\"],\"inLanguage\":\"es-MX\"},{\"@type\":\"WebPage\",\"@id\":\"https:\/\/www.merkley.senate.gov\/wyden-merkley-63-million-in-federal-funds-to-salem-cherriots-for-low-emission-vehicles-2021\/\",\"url\":\"https:\/\/www.merkley.senate.gov\/wyden-merkley-63-million-in-federal-funds-to-salem-cherriots-for-low-emission-vehicles-2021\/\",\"name\":\"Wyden, Merkley: $6.3 Million in Federal Funds to Salem Cherriots for Low Emission Vehicles - Merkley\",\"isPartOf\":{\"@id\":\"https:\/\/www.merkley.senate.gov\/#website\"},\"datePublished\":\"2021-06-23T17:46:00+00:00\",\"dateModified\":\"2023-07-24T15:05:41+00:00\",\"author\":{\"@id\":\"\"},\"breadcrumb\":{\"@id\":\"https:\/\/www.merkley.senate.gov\/wyden-merkley-63-million-in-federal-funds-to-salem-cherriots-for-low-emission-vehicles-2021\/#breadcrumb\"},\"inLanguage\":\"es-MX\",\"potentialAction\":[{\"@type\":\"ReadAction\",\"target\":[\"https:\/\/www.merkley.senate.gov\/wyden-merkley-63-million-in-federal-funds-to-salem-cherriots-for-low-emission-vehicles-2021\/\"]}]},{\"@type\":\"BreadcrumbList\",\"@id\":\"https:\/\/www.merkley.senate.gov\/wyden-merkley-63-million-in-federal-funds-to-salem-cherriots-for-low-emission-vehicles-2021\/#breadcrumb\",\"itemListElement\":[{\"@type\":\"ListItem\",\"position\":1,\"name\":\"Home\",\"item\":\"https:\/\/www.merkley.senate.gov\/\"},{\"@type\":\"ListItem\",\"position\":2,\"name\":\"Wyden, Merkley: $6.3 Million in Federal Funds to Salem Cherriots for Low Emission Vehicles\"}]},{\"@type\":\"WebSite\",\"@id\":\"https:\/\/www.merkley.senate.gov\/#website\",\"url\":\"https:\/\/www.merkley.senate.gov\/\",\"name\":\"Merkley\",\"description\":\"Merkley\",\"potentialAction\":[{\"@type\":\"SearchAction\",\"target\":{\"@type\":\"EntryPoint\",\"urlTemplate\":\"https:\/\/www.merkley.senate.gov\/?s={search_term_string}\"},\"query-input\":{\"@type\":\"PropertyValueSpecification\",\"valueRequired\":true,\"valueName\":\"search_term_string\"}}],\"inLanguage\":\"es-MX\"},{\"@type\":\"Person\",\"@id\":\"\",\"url\":\"https:\/\/www.merkley.senate.gov\/es\/author\/\"}]}<\/script>\n<!-- \/ Yoast SEO plugin. -->","yoast_head_json":{"title":"Wyden, Merkley: $6.3 Million in Federal Funds to Salem Cherriots for Low Emission Vehicles - Merkley","robots":{"index":"index","follow":"follow","max-snippet":"max-snippet:-1","max-image-preview":"max-image-preview:large","max-video-preview":"max-video-preview:-1"},"canonical":"https:\/\/www.merkley.senate.gov\/es\/wyden-merkley-63-million-in-federal-funds-to-salem-cherriots-for-low-emission-vehicles-2021\/","og_locale":"es_MX","og_type":"article","og_title":"Wyden, Merkley: $6.3 Million in Federal Funds to Salem Cherriots for Low Emission Vehicles - Merkley","og_description":"Washington, D.C. &ndash; Oregon&rsquo;s U.S. Senators Ron Wyden and Jeff Merkley today announced the Salem Area Mass Transit District Project, also known as Cherriots, will receive a $6.3 million federal grant to buy or lease low- or no-emission buses and other transit vehicles. &ldquo;Energy&#8211;efficient public transit systems that Oregonians need to get easily from Point [&hellip;]","og_url":"https:\/\/www.merkley.senate.gov\/es\/wyden-merkley-63-million-in-federal-funds-to-salem-cherriots-for-low-emission-vehicles-2021\/","og_site_name":"Merkley","article_published_time":"2021-06-23T17:46:00+00:00","article_modified_time":"2023-07-24T15:05:41+00:00","twitter_card":"summary_large_image","twitter_misc":{"Written by":"","Est. reading time":"2 minutes"},"schema":{"@context":"https:\/\/schema.org","@graph":[{"@type":"Article","@id":"https:\/\/www.merkley.senate.gov\/wyden-merkley-63-million-in-federal-funds-to-salem-cherriots-for-low-emission-vehicles-2021\/#article","isPartOf":{"@id":"https:\/\/www.merkley.senate.gov\/wyden-merkley-63-million-in-federal-funds-to-salem-cherriots-for-low-emission-vehicles-2021\/"},"author":{"name":"","@id":""},"headline":"Wyden, Merkley: $6.3 Million in Federal Funds to Salem Cherriots for Low Emission Vehicles","datePublished":"2021-06-23T17:46:00+00:00","dateModified":"2023-07-24T15:05:41+00:00","mainEntityOfPage":{"@id":"https:\/\/www.merkley.senate.gov\/wyden-merkley-63-million-in-federal-funds-to-salem-cherriots-for-low-emission-vehicles-2021\/"},"wordCount":449,"keywords":["Tackling Climate Change"],"articleSection":["Press Releases"],"inLanguage":"es-MX"},{"@type":"WebPage","@id":"https:\/\/www.merkley.senate.gov\/wyden-merkley-63-million-in-federal-funds-to-salem-cherriots-for-low-emission-vehicles-2021\/","url":"https:\/\/www.merkley.senate.gov\/wyden-merkley-63-million-in-federal-funds-to-salem-cherriots-for-low-emission-vehicles-2021\/","name":"Wyden, Merkley: $6.3 Million in Federal Funds to Salem Cherriots for Low Emission Vehicles - Merkley","isPartOf":{"@id":"https:\/\/www.merkley.senate.gov\/#website"},"datePublished":"2021-06-23T17:46:00+00:00","dateModified":"2023-07-24T15:05:41+00:00","author":{"@id":""},"breadcrumb":{"@id":"https:\/\/www.merkley.senate.gov\/wyden-merkley-63-million-in-federal-funds-to-salem-cherriots-for-low-emission-vehicles-2021\/#breadcrumb"},"inLanguage":"es-MX","potentialAction":[{"@type":"ReadAction","target":["https:\/\/www.merkley.senate.gov\/wyden-merkley-63-million-in-federal-funds-to-salem-cherriots-for-low-emission-vehicles-2021\/"]}]},{"@type":"BreadcrumbList","@id":"https:\/\/www.merkley.senate.gov\/wyden-merkley-63-million-in-federal-funds-to-salem-cherriots-for-low-emission-vehicles-2021\/#breadcrumb","itemListElement":[{"@type":"ListItem","position":1,"name":"Home","item":"https:\/\/www.merkley.senate.gov\/"},{"@type":"ListItem","position":2,"name":"Wyden, Merkley: $6.3 Million in Federal Funds to Salem Cherriots for Low Emission Vehicles"}]},{"@type":"WebSite","@id":"https:\/\/www.merkley.senate.gov\/#website","url":"https:\/\/www.merkley.senate.gov\/","name":"merkley","description":"merkley","potentialAction":[{"@type":"SearchAction","target":{"@type":"EntryPoint","urlTemplate":"https:\/\/www.merkley.senate.gov\/?s={search_term_string}"},"query-input":{"@type":"PropertyValueSpecification","valueRequired":true,"valueName":"search_term_string"}}],"inLanguage":"es-MX"},{"@type":"Person","@id":"","url":"https:\/\/www.merkley.senate.gov\/es\/author\/"}]}},"_links":{"self":[{"href":"https:\/\/www.merkley.senate.gov\/es\/wp-json\/wp\/v2\/posts\/2624","targetHints":{"allow":["GET"]}}],"collection":[{"href":"https:\/\/www.merkley.senate.gov\/es\/wp-json\/wp\/v2\/posts"}],"about":[{"href":"https:\/\/www.merkley.senate.gov\/es\/wp-json\/wp\/v2\/types\/post"}],"author":[{"embeddable":true,"href":"https:\/\/www.merkley.senate.gov\/es\/wp-json\/wp\/v2\/users\/2"}],"replies":[{"embeddable":true,"href":"https:\/\/www.merkley.senate.gov\/es\/wp-json\/wp\/v2\/comments?post=2624"}],"version-history":[{"count":1,"href":"https:\/\/www.merkley.senate.gov\/es\/wp-json\/wp\/v2\/posts\/2624\/revisions"}],"predecessor-version":[{"id":11999,"href":"https:\/\/www.merkley.senate.gov\/es\/wp-json\/wp\/v2\/posts\/2624\/revisions\/11999"}],"wp:attachment":[{"href":"https:\/\/www.merkley.senate.gov\/es\/wp-json\/wp\/v2\/media?parent=2624"}],"wp:term":[{"taxonomy":"category","embeddable":true,"href":"https:\/\/www.merkley.senate.gov\/es\/wp-json\/wp\/v2\/categories?post=2624"},{"taxonomy":"post_tag","embeddable":true,"href":"https:\/\/www.merkley.senate.gov\/es\/wp-json\/wp\/v2\/tags?post=2624"}],"curies":[{"name":"wp","href":"https:\/\/api.w.org\/{rel}","templated":true}]}}