{"id":2804,"date":"2021-02-26T15:25:00","date_gmt":"2021-02-26T20:25:00","guid":{"rendered":"https:\/\/www.merkley.senate.gov\/merkley-seeks-justification-for-us-airstrike-order-in-syria-2021\/"},"modified":"2023-07-24T11:05:56","modified_gmt":"2023-07-24T15:05:56","slug":"merkley-seeks-justification-for-us-airstrike-order-in-syria-2021","status":"publish","type":"post","link":"https:\/\/www.merkley.senate.gov\/es\/merkley-seeks-justification-for-us-airstrike-order-in-syria-2021\/","title":{"rendered":"Merkley busca justificaci\u00f3n para orden de ataque a\u00e9reo de EE.UU. en Siria"},"content":{"rendered":"<p>WASHINGTON, DC \u2013 El senador estadounidense de Oreg\u00f3n, Jeff Merkley, miembro del Comit\u00e9 de Relaciones Exteriores del Senado, emiti\u00f3 hoy la siguiente declaraci\u00f3n despu\u00e9s de que el presidente Biden ordenara ayer por la noche un ataque a\u00e9reo de represalia en Siria dirigido a un sitio utilizado por grupos de milicias respaldados por Ir\u00e1n:<\/p>\n<blockquote>\n<p>\u201cCualquier orden de ataque emprendida por nuestras fuerzas armadas debe darse con autoridad y explicaci\u00f3n claras. Nuestra Constituci\u00f3n otorga poderes para hacer la guerra al Congreso, no al Presidente. Insto a la administraci\u00f3n a que proporcione al Congreso y al pueblo estadounidense una justificaci\u00f3n clara sobre si este ataque fue necesario para protegerse contra una amenaza inminente y por qu\u00e9 no se consult\u00f3 a los legisladores. En el futuro, tambi\u00e9n espero que la administraci\u00f3n interact\u00fae de manera constructiva con el Congreso en cuestiones de guerra y paz, incluido un esfuerzo serio para revocar autorizaciones de d\u00e9cadas de antig\u00fcedad para el uso de la fuerza militar y reemplazarlas con marcos m\u00e1s estrechos y espec\u00edficos que respeten los derechos constitucionales. requer\u00eda responsabilidad del Congreso para declarar la guerra\u201d.<\/p>\n<\/blockquote>","protected":false},"excerpt":{"rendered":"<p>WASHINGTON, D.C. &ndash; Oregon&rsquo;s U.S. Senator Jeff Merkley&mdash;a member of the Senate Foreign Relations Committee&mdash;released the following statement today after President Biden ordered a retaliatory airstrike in Syria late yesterday that targeted a site used by Iranian-backed militia groups: &ldquo;Any order for an attack undertaken by our armed forces must be given with clear authority [&hellip;]<\/p>\n","protected":false},"author":2,"featured_media":0,"comment_status":"closed","ping_status":"closed","sticky":false,"template":"","format":"standard","meta":{"_acf_changed":false,"inline_featured_image":false,"footnotes":""},"categories":[24],"tags":[38],"class_list":["post-2804","post","type-post","status-publish","format-standard","hentry","category-press-releases","tag-foreign-policy-and-national-security"],"acf":[],"yoast_head":"<!-- This site is optimized with the Yoast SEO plugin v27.2 - https:\/\/yoast.com\/product\/yoast-seo-wordpress\/ -->\n<title>Merkley Seeks Justification for U.S. Airstrike Order in Syria - Merkley<\/title>\n<meta name=\"robots\" content=\"index, follow, max-snippet:-1, max-image-preview:large, max-video-preview:-1\" \/>\n<link rel=\"canonical\" href=\"https:\/\/www.merkley.senate.gov\/es\/merkley-seeks-justification-for-us-airstrike-order-in-syria-2021\/\" \/>\n<meta property=\"og:locale\" content=\"es_MX\" \/>\n<meta property=\"og:type\" content=\"article\" \/>\n<meta property=\"og:title\" content=\"Merkley Seeks Justification for U.S. Airstrike Order in Syria - Merkley\" \/>\n<meta property=\"og:description\" content=\"WASHINGTON, D.C. &ndash; Oregon&rsquo;s U.S. Senator Jeff Merkley&mdash;a member of the Senate Foreign Relations Committee&mdash;released the following statement today after President Biden ordered a retaliatory airstrike in Syria late yesterday that targeted a site used by Iranian-backed militia groups: &ldquo;Any order for an attack undertaken by our armed forces must be given with clear authority [&hellip;]\" \/>\n<meta property=\"og:url\" content=\"https:\/\/www.merkley.senate.gov\/es\/merkley-seeks-justification-for-us-airstrike-order-in-syria-2021\/\" \/>\n<meta property=\"og:site_name\" content=\"Merkley\" \/>\n<meta property=\"article:published_time\" content=\"2021-02-26T20:25:00+00:00\" \/>\n<meta property=\"article:modified_time\" content=\"2023-07-24T15:05:56+00:00\" \/>\n<meta name=\"twitter:card\" content=\"summary_large_image\" \/>\n<meta name=\"twitter:label1\" content=\"Written by\" \/>\n\t<meta name=\"twitter:data1\" content=\"\" \/>\n\t<meta name=\"twitter:label2\" content=\"Est. reading time\" \/>\n\t<meta name=\"twitter:data2\" content=\"1 minute\" \/>\n<script type=\"application\/ld+json\" class=\"yoast-schema-graph\">{\"@context\":\"https:\/\/schema.org\",\"@graph\":[{\"@type\":\"Article\",\"@id\":\"https:\/\/www.merkley.senate.gov\/merkley-seeks-justification-for-us-airstrike-order-in-syria-2021\/#article\",\"isPartOf\":{\"@id\":\"https:\/\/www.merkley.senate.gov\/merkley-seeks-justification-for-us-airstrike-order-in-syria-2021\/\"},\"author\":{\"name\":\"\",\"@id\":\"\"},\"headline\":\"Merkley Seeks Justification for U.S. Airstrike Order in Syria\",\"datePublished\":\"2021-02-26T20:25:00+00:00\",\"dateModified\":\"2023-07-24T15:05:56+00:00\",\"mainEntityOfPage\":{\"@id\":\"https:\/\/www.merkley.senate.gov\/merkley-seeks-justification-for-us-airstrike-order-in-syria-2021\/\"},\"wordCount\":172,\"keywords\":[\"Foreign Policy and National Security\"],\"articleSection\":[\"Press Releases\"],\"inLanguage\":\"es-MX\"},{\"@type\":\"WebPage\",\"@id\":\"https:\/\/www.merkley.senate.gov\/merkley-seeks-justification-for-us-airstrike-order-in-syria-2021\/\",\"url\":\"https:\/\/www.merkley.senate.gov\/merkley-seeks-justification-for-us-airstrike-order-in-syria-2021\/\",\"name\":\"Merkley Seeks Justification for U.S. Airstrike Order in Syria - Merkley\",\"isPartOf\":{\"@id\":\"https:\/\/www.merkley.senate.gov\/#website\"},\"datePublished\":\"2021-02-26T20:25:00+00:00\",\"dateModified\":\"2023-07-24T15:05:56+00:00\",\"author\":{\"@id\":\"\"},\"breadcrumb\":{\"@id\":\"https:\/\/www.merkley.senate.gov\/merkley-seeks-justification-for-us-airstrike-order-in-syria-2021\/#breadcrumb\"},\"inLanguage\":\"es-MX\",\"potentialAction\":[{\"@type\":\"ReadAction\",\"target\":[\"https:\/\/www.merkley.senate.gov\/merkley-seeks-justification-for-us-airstrike-order-in-syria-2021\/\"]}]},{\"@type\":\"BreadcrumbList\",\"@id\":\"https:\/\/www.merkley.senate.gov\/merkley-seeks-justification-for-us-airstrike-order-in-syria-2021\/#breadcrumb\",\"itemListElement\":[{\"@type\":\"ListItem\",\"position\":1,\"name\":\"Home\",\"item\":\"https:\/\/www.merkley.senate.gov\/\"},{\"@type\":\"ListItem\",\"position\":2,\"name\":\"Merkley Seeks Justification for U.S. Airstrike Order in Syria\"}]},{\"@type\":\"WebSite\",\"@id\":\"https:\/\/www.merkley.senate.gov\/#website\",\"url\":\"https:\/\/www.merkley.senate.gov\/\",\"name\":\"Merkley\",\"description\":\"Merkley\",\"potentialAction\":[{\"@type\":\"SearchAction\",\"target\":{\"@type\":\"EntryPoint\",\"urlTemplate\":\"https:\/\/www.merkley.senate.gov\/?s={search_term_string}\"},\"query-input\":{\"@type\":\"PropertyValueSpecification\",\"valueRequired\":true,\"valueName\":\"search_term_string\"}}],\"inLanguage\":\"es-MX\"},{\"@type\":\"Person\",\"@id\":\"\",\"url\":\"https:\/\/www.merkley.senate.gov\/es\/author\/\"}]}<\/script>\n<!-- \/ Yoast SEO plugin. -->","yoast_head_json":{"title":"Merkley Seeks Justification for U.S. Airstrike Order in Syria - Merkley","robots":{"index":"index","follow":"follow","max-snippet":"max-snippet:-1","max-image-preview":"max-image-preview:large","max-video-preview":"max-video-preview:-1"},"canonical":"https:\/\/www.merkley.senate.gov\/es\/merkley-seeks-justification-for-us-airstrike-order-in-syria-2021\/","og_locale":"es_MX","og_type":"article","og_title":"Merkley Seeks Justification for U.S. Airstrike Order in Syria - Merkley","og_description":"WASHINGTON, D.C. &ndash; Oregon&rsquo;s U.S. Senator Jeff Merkley&mdash;a member of the Senate Foreign Relations Committee&mdash;released the following statement today after President Biden ordered a retaliatory airstrike in Syria late yesterday that targeted a site used by Iranian-backed militia groups: &ldquo;Any order for an attack undertaken by our armed forces must be given with clear authority [&hellip;]","og_url":"https:\/\/www.merkley.senate.gov\/es\/merkley-seeks-justification-for-us-airstrike-order-in-syria-2021\/","og_site_name":"Merkley","article_published_time":"2021-02-26T20:25:00+00:00","article_modified_time":"2023-07-24T15:05:56+00:00","twitter_card":"summary_large_image","twitter_misc":{"Written by":"","Est. reading time":"1 minute"},"schema":{"@context":"https:\/\/schema.org","@graph":[{"@type":"Article","@id":"https:\/\/www.merkley.senate.gov\/merkley-seeks-justification-for-us-airstrike-order-in-syria-2021\/#article","isPartOf":{"@id":"https:\/\/www.merkley.senate.gov\/merkley-seeks-justification-for-us-airstrike-order-in-syria-2021\/"},"author":{"name":"","@id":""},"headline":"Merkley Seeks Justification for U.S. Airstrike Order in Syria","datePublished":"2021-02-26T20:25:00+00:00","dateModified":"2023-07-24T15:05:56+00:00","mainEntityOfPage":{"@id":"https:\/\/www.merkley.senate.gov\/merkley-seeks-justification-for-us-airstrike-order-in-syria-2021\/"},"wordCount":172,"keywords":["Foreign Policy and National Security"],"articleSection":["Press Releases"],"inLanguage":"es-MX"},{"@type":"WebPage","@id":"https:\/\/www.merkley.senate.gov\/merkley-seeks-justification-for-us-airstrike-order-in-syria-2021\/","url":"https:\/\/www.merkley.senate.gov\/merkley-seeks-justification-for-us-airstrike-order-in-syria-2021\/","name":"Merkley Seeks Justification for U.S. Airstrike Order in Syria - Merkley","isPartOf":{"@id":"https:\/\/www.merkley.senate.gov\/#website"},"datePublished":"2021-02-26T20:25:00+00:00","dateModified":"2023-07-24T15:05:56+00:00","author":{"@id":""},"breadcrumb":{"@id":"https:\/\/www.merkley.senate.gov\/merkley-seeks-justification-for-us-airstrike-order-in-syria-2021\/#breadcrumb"},"inLanguage":"es-MX","potentialAction":[{"@type":"ReadAction","target":["https:\/\/www.merkley.senate.gov\/merkley-seeks-justification-for-us-airstrike-order-in-syria-2021\/"]}]},{"@type":"BreadcrumbList","@id":"https:\/\/www.merkley.senate.gov\/merkley-seeks-justification-for-us-airstrike-order-in-syria-2021\/#breadcrumb","itemListElement":[{"@type":"ListItem","position":1,"name":"Home","item":"https:\/\/www.merkley.senate.gov\/"},{"@type":"ListItem","position":2,"name":"Merkley Seeks Justification for U.S. Airstrike Order in Syria"}]},{"@type":"WebSite","@id":"https:\/\/www.merkley.senate.gov\/#website","url":"https:\/\/www.merkley.senate.gov\/","name":"merkley","description":"merkley","potentialAction":[{"@type":"SearchAction","target":{"@type":"EntryPoint","urlTemplate":"https:\/\/www.merkley.senate.gov\/?s={search_term_string}"},"query-input":{"@type":"PropertyValueSpecification","valueRequired":true,"valueName":"search_term_string"}}],"inLanguage":"es-MX"},{"@type":"Person","@id":"","url":"https:\/\/www.merkley.senate.gov\/es\/author\/"}]}},"_links":{"self":[{"href":"https:\/\/www.merkley.senate.gov\/es\/wp-json\/wp\/v2\/posts\/2804","targetHints":{"allow":["GET"]}}],"collection":[{"href":"https:\/\/www.merkley.senate.gov\/es\/wp-json\/wp\/v2\/posts"}],"about":[{"href":"https:\/\/www.merkley.senate.gov\/es\/wp-json\/wp\/v2\/types\/post"}],"author":[{"embeddable":true,"href":"https:\/\/www.merkley.senate.gov\/es\/wp-json\/wp\/v2\/users\/2"}],"replies":[{"embeddable":true,"href":"https:\/\/www.merkley.senate.gov\/es\/wp-json\/wp\/v2\/comments?post=2804"}],"version-history":[{"count":1,"href":"https:\/\/www.merkley.senate.gov\/es\/wp-json\/wp\/v2\/posts\/2804\/revisions"}],"predecessor-version":[{"id":12179,"href":"https:\/\/www.merkley.senate.gov\/es\/wp-json\/wp\/v2\/posts\/2804\/revisions\/12179"}],"wp:attachment":[{"href":"https:\/\/www.merkley.senate.gov\/es\/wp-json\/wp\/v2\/media?parent=2804"}],"wp:term":[{"taxonomy":"category","embeddable":true,"href":"https:\/\/www.merkley.senate.gov\/es\/wp-json\/wp\/v2\/categories?post=2804"},{"taxonomy":"post_tag","embeddable":true,"href":"https:\/\/www.merkley.senate.gov\/es\/wp-json\/wp\/v2\/tags?post=2804"}],"curies":[{"name":"wp","href":"https:\/\/api.w.org\/{rel}","templated":true}]}}