{"id":2859,"date":"2021-02-02T17:35:00","date_gmt":"2021-02-02T22:35:00","guid":{"rendered":"https:\/\/www.merkley.senate.gov\/merkley-applauds-president-bidens-creation-of-task-force-to-address-damage-caused-by-the-trump-administrations-diabolical-family-separation-policy-2021\/"},"modified":"2023-07-24T11:06:00","modified_gmt":"2023-07-24T15:06:00","slug":"merkley-applauds-president-bidens-creation-of-task-force-to-address-damage-caused-by-the-trump-administrations-diabolical-family-separation-policy-2021","status":"publish","type":"post","link":"https:\/\/www.merkley.senate.gov\/es\/merkley-applauds-president-bidens-creation-of-task-force-to-address-damage-caused-by-the-trump-administrations-diabolical-family-separation-policy-2021\/","title":{"rendered":"Merkley aplaude la creaci\u00f3n por parte del presidente Biden de un grupo de trabajo para abordar los da\u00f1os causados por la diab\u00f3lica pol\u00edtica de separaci\u00f3n familiar de la administraci\u00f3n Trump"},"content":{"rendered":"<p>WASHINGTON, D.C.&mdash;Oregon&rsquo;s U.S. Senator Jeff Merkley released the following statement today after President Biden signed an executive order creating a task force to reunify families separated by the Trump administration&rsquo;s diabolical &lsquo;zero tolerance&rsquo; policy:<\/p>\n<blockquote>\n<p>&ldquo;I remember when my kids were small and playing outside, and the second of panic I&rsquo;d feel if I turned around and didn&rsquo;t see them on the playground.&nbsp;Now imagine that trauma stretched out for months or years on end. For as long as I live, I will never forget the pain in the faces of the&nbsp;parents I spoke with whose children were taken from them, often in tears. They had no idea of where their kids were, if they had their medications or clean clothes or anyone to comfort them, or when they&rsquo;d be together again.&nbsp;And I can&rsquo;t even bring myself to imagine the terror and sense of abandonment the children have experienced.<\/p>\n<p>&ldquo;Intentionally inflicting that kind of unspeakable trauma on parents and children is completely unforgiveable. While we will never be able to erase the atrocities committed against families by the Trump administration, we have a responsibility to do everything we can to reunify&nbsp;the&nbsp;families that were ripped apart, provide victims with the legal support and trauma-informed health care they need, and hold perpetrators accountable.<\/p>\n<p>&ldquo;I&rsquo;m gratified that the Biden administration&nbsp;is bringing moral clarity and urgency to the task of reuniting every family that was separated.&nbsp;I look forward to continuing to work with the President and his newly formed task force to ensure that these reunifications&nbsp;come to fruition, and am calling on Congress to fully&nbsp;meet&nbsp;any anticipated funding needs&nbsp;immediately to avoid any further delays in reuniting&nbsp;and caring for traumatized children and families.<\/p>\n<p>&ldquo;I will also continue to push for the comprehensive, compassionate reforms we need to restore the asylum process and put critical health and safety provisions in place for the vulnerable men, women, and children who are in our care. Anything less would be a morally reprehensible abdication of our responsibility to treat every human being with dignity and respect&mdash;and a failure to answer the American people&rsquo;s demand for change.&rdquo;<\/p>\n<\/blockquote>\n<p>Merkley has led the charge in Congress to reunite families and&nbsp;<a href=\"https:\/\/www.merkley.senate.gov\/es\/news\/press-releases\/following-bombshell-report-regarding-intentional-abuse-of-migrant-children-merkley-calls-for-top-trump-administration-officials-to-face-prosecution-2020\/\">responsabilizar a la administraci\u00f3n Trump por no haberlo hecho<\/a>, despu\u00e9s&nbsp;<a href=\"https:\/\/www.nytimes.com\/2018\/06\/22\/us\/politics\/jeff-merkley-trump-immigration.html\">expuso por primera vez la horrible pol\u00edtica de separaci\u00f3n de ni\u00f1os en junio de 2018<\/a>, when the police were called to prevent him from investigating a huge former Walmart turned child detention center in Brownsville, Texas. Merkley returned to the border an additional six times; visited Mexico and the Northern Triangle countries of Central America; and released&nbsp;<a href=\"https:\/\/www.merkley.senate.gov\/es\/news\/press-releases\/merkley-releases-sweeping-report-on-trumps-gutting-of-asylum-including-direct-evidence-of-grave-whistleblower-concerns-2019\/\">un informe detallado que describe c\u00f3mo el presidente Trump us\u00f3 las agencias federales<\/a>&nbsp;rechazar a miles de personas que tienen el derecho legal de pedir refugio dentro de los EE. UU. de la violencia de las pandillas, el asesinato, la violaci\u00f3n y la extorsi\u00f3n en sus pa\u00edses de origen.&nbsp;<\/p>","protected":false},"excerpt":{"rendered":"<p>WASHINGTON, D.C.&mdash;Oregon&rsquo;s U.S. Senator Jeff Merkley released the following statement today after President Biden signed an executive order creating a task force to reunify families separated by the Trump administration&rsquo;s diabolical &lsquo;zero tolerance&rsquo; policy: &ldquo;I remember when my kids were small and playing outside, and the second of panic I&rsquo;d feel if I turned around [&hellip;]<\/p>\n","protected":false},"author":2,"featured_media":0,"comment_status":"closed","ping_status":"closed","sticky":false,"template":"","format":"standard","meta":{"_acf_changed":false,"inline_featured_image":false,"footnotes":""},"categories":[24],"tags":[],"class_list":["post-2859","post","type-post","status-publish","format-standard","hentry","category-press-releases"],"acf":[],"yoast_head":"<!-- This site is optimized with the Yoast SEO plugin v27.2 - https:\/\/yoast.com\/product\/yoast-seo-wordpress\/ -->\n<title>Merkley Applauds President Biden\u2019s Creation of Task Force to Address Damage Caused by the Trump Administration\u2019s Diabolical Family Separation Policy - Merkley<\/title>\n<meta name=\"robots\" content=\"index, follow, max-snippet:-1, max-image-preview:large, max-video-preview:-1\" \/>\n<link rel=\"canonical\" href=\"https:\/\/www.merkley.senate.gov\/es\/merkley-applauds-president-bidens-creation-of-task-force-to-address-damage-caused-by-the-trump-administrations-diabolical-family-separation-policy-2021\/\" \/>\n<meta property=\"og:locale\" content=\"es_MX\" \/>\n<meta property=\"og:type\" content=\"article\" \/>\n<meta property=\"og:title\" content=\"Merkley Applauds President Biden\u2019s Creation of Task Force to Address Damage Caused by the Trump Administration\u2019s Diabolical Family Separation Policy - Merkley\" \/>\n<meta property=\"og:description\" content=\"WASHINGTON, D.C.&mdash;Oregon&rsquo;s U.S. Senator Jeff Merkley released the following statement today after President Biden signed an executive order creating a task force to reunify families separated by the Trump administration&rsquo;s diabolical &lsquo;zero tolerance&rsquo; policy: &ldquo;I remember when my kids were small and playing outside, and the second of panic I&rsquo;d feel if I turned around [&hellip;]\" \/>\n<meta property=\"og:url\" content=\"https:\/\/www.merkley.senate.gov\/es\/merkley-applauds-president-bidens-creation-of-task-force-to-address-damage-caused-by-the-trump-administrations-diabolical-family-separation-policy-2021\/\" \/>\n<meta property=\"og:site_name\" content=\"Merkley\" \/>\n<meta property=\"article:published_time\" content=\"2021-02-02T22:35:00+00:00\" \/>\n<meta property=\"article:modified_time\" content=\"2023-07-24T15:06:00+00:00\" \/>\n<meta name=\"twitter:card\" content=\"summary_large_image\" \/>\n<meta name=\"twitter:label1\" content=\"Written by\" \/>\n\t<meta name=\"twitter:data1\" content=\"\" \/>\n\t<meta name=\"twitter:label2\" content=\"Est. reading time\" \/>\n\t<meta name=\"twitter:data2\" content=\"3 minutes\" \/>\n<script type=\"application\/ld+json\" class=\"yoast-schema-graph\">{\"@context\":\"https:\/\/schema.org\",\"@graph\":[{\"@type\":\"Article\",\"@id\":\"https:\/\/www.merkley.senate.gov\/es\/merkley-applauds-president-bidens-creation-of-task-force-to-address-damage-caused-by-the-trump-administrations-diabolical-family-separation-policy-2021\/#article\",\"isPartOf\":{\"@id\":\"https:\/\/www.merkley.senate.gov\/es\/merkley-applauds-president-bidens-creation-of-task-force-to-address-damage-caused-by-the-trump-administrations-diabolical-family-separation-policy-2021\/\"},\"author\":{\"name\":\"\",\"@id\":\"\"},\"headline\":\"Merkley Applauds President Biden\u2019s Creation of Task Force to Address Damage Caused by the Trump Administration\u2019s Diabolical Family Separation Policy\",\"datePublished\":\"2021-02-02T22:35:00+00:00\",\"dateModified\":\"2023-07-24T15:06:00+00:00\",\"mainEntityOfPage\":{\"@id\":\"https:\/\/www.merkley.senate.gov\/es\/merkley-applauds-president-bidens-creation-of-task-force-to-address-damage-caused-by-the-trump-administrations-diabolical-family-separation-policy-2021\/\"},\"wordCount\":538,\"articleSection\":[\"Press Releases\"],\"inLanguage\":\"es-MX\"},{\"@type\":\"WebPage\",\"@id\":\"https:\/\/www.merkley.senate.gov\/es\/merkley-applauds-president-bidens-creation-of-task-force-to-address-damage-caused-by-the-trump-administrations-diabolical-family-separation-policy-2021\/\",\"url\":\"https:\/\/www.merkley.senate.gov\/es\/merkley-applauds-president-bidens-creation-of-task-force-to-address-damage-caused-by-the-trump-administrations-diabolical-family-separation-policy-2021\/\",\"name\":\"Merkley Applauds President Biden\u2019s Creation of Task Force to Address Damage Caused by the Trump Administration\u2019s Diabolical Family Separation Policy - Merkley\",\"isPartOf\":{\"@id\":\"https:\/\/www.merkley.senate.gov\/#website\"},\"datePublished\":\"2021-02-02T22:35:00+00:00\",\"dateModified\":\"2023-07-24T15:06:00+00:00\",\"author\":{\"@id\":\"\"},\"breadcrumb\":{\"@id\":\"https:\/\/www.merkley.senate.gov\/es\/merkley-applauds-president-bidens-creation-of-task-force-to-address-damage-caused-by-the-trump-administrations-diabolical-family-separation-policy-2021\/#breadcrumb\"},\"inLanguage\":\"es-MX\",\"potentialAction\":[{\"@type\":\"ReadAction\",\"target\":[\"https:\/\/www.merkley.senate.gov\/es\/merkley-applauds-president-bidens-creation-of-task-force-to-address-damage-caused-by-the-trump-administrations-diabolical-family-separation-policy-2021\/\"]}]},{\"@type\":\"BreadcrumbList\",\"@id\":\"https:\/\/www.merkley.senate.gov\/es\/merkley-applauds-president-bidens-creation-of-task-force-to-address-damage-caused-by-the-trump-administrations-diabolical-family-separation-policy-2021\/#breadcrumb\",\"itemListElement\":[{\"@type\":\"ListItem\",\"position\":1,\"name\":\"Home\",\"item\":\"https:\/\/www.merkley.senate.gov\/\"},{\"@type\":\"ListItem\",\"position\":2,\"name\":\"Merkley Applauds President Biden\u2019s Creation of Task Force to Address Damage Caused by the Trump Administration\u2019s Diabolical Family Separation Policy\"}]},{\"@type\":\"WebSite\",\"@id\":\"https:\/\/www.merkley.senate.gov\/#website\",\"url\":\"https:\/\/www.merkley.senate.gov\/\",\"name\":\"Merkley\",\"description\":\"Merkley\",\"potentialAction\":[{\"@type\":\"SearchAction\",\"target\":{\"@type\":\"EntryPoint\",\"urlTemplate\":\"https:\/\/www.merkley.senate.gov\/?s={search_term_string}\"},\"query-input\":{\"@type\":\"PropertyValueSpecification\",\"valueRequired\":true,\"valueName\":\"search_term_string\"}}],\"inLanguage\":\"es-MX\"},{\"@type\":\"Person\",\"@id\":\"\",\"url\":\"https:\/\/www.merkley.senate.gov\/es\/author\/\"}]}<\/script>\n<!-- \/ Yoast SEO plugin. -->","yoast_head_json":{"title":"Merkley Applauds President Biden\u2019s Creation of Task Force to Address Damage Caused by the Trump Administration\u2019s Diabolical Family Separation Policy - Merkley","robots":{"index":"index","follow":"follow","max-snippet":"max-snippet:-1","max-image-preview":"max-image-preview:large","max-video-preview":"max-video-preview:-1"},"canonical":"https:\/\/www.merkley.senate.gov\/es\/merkley-applauds-president-bidens-creation-of-task-force-to-address-damage-caused-by-the-trump-administrations-diabolical-family-separation-policy-2021\/","og_locale":"es_MX","og_type":"article","og_title":"Merkley Applauds President Biden\u2019s Creation of Task Force to Address Damage Caused by the Trump Administration\u2019s Diabolical Family Separation Policy - Merkley","og_description":"WASHINGTON, D.C.&mdash;Oregon&rsquo;s U.S. Senator Jeff Merkley released the following statement today after President Biden signed an executive order creating a task force to reunify families separated by the Trump administration&rsquo;s diabolical &lsquo;zero tolerance&rsquo; policy: &ldquo;I remember when my kids were small and playing outside, and the second of panic I&rsquo;d feel if I turned around [&hellip;]","og_url":"https:\/\/www.merkley.senate.gov\/es\/merkley-applauds-president-bidens-creation-of-task-force-to-address-damage-caused-by-the-trump-administrations-diabolical-family-separation-policy-2021\/","og_site_name":"Merkley","article_published_time":"2021-02-02T22:35:00+00:00","article_modified_time":"2023-07-24T15:06:00+00:00","twitter_card":"summary_large_image","twitter_misc":{"Written by":"","Est. reading time":"3 minutes"},"schema":{"@context":"https:\/\/schema.org","@graph":[{"@type":"Article","@id":"https:\/\/www.merkley.senate.gov\/es\/merkley-applauds-president-bidens-creation-of-task-force-to-address-damage-caused-by-the-trump-administrations-diabolical-family-separation-policy-2021\/#article","isPartOf":{"@id":"https:\/\/www.merkley.senate.gov\/es\/merkley-applauds-president-bidens-creation-of-task-force-to-address-damage-caused-by-the-trump-administrations-diabolical-family-separation-policy-2021\/"},"author":{"name":"","@id":""},"headline":"Merkley Applauds President Biden\u2019s Creation of Task Force to Address Damage Caused by the Trump Administration\u2019s Diabolical Family Separation Policy","datePublished":"2021-02-02T22:35:00+00:00","dateModified":"2023-07-24T15:06:00+00:00","mainEntityOfPage":{"@id":"https:\/\/www.merkley.senate.gov\/es\/merkley-applauds-president-bidens-creation-of-task-force-to-address-damage-caused-by-the-trump-administrations-diabolical-family-separation-policy-2021\/"},"wordCount":538,"articleSection":["Press Releases"],"inLanguage":"es-MX"},{"@type":"WebPage","@id":"https:\/\/www.merkley.senate.gov\/es\/merkley-applauds-president-bidens-creation-of-task-force-to-address-damage-caused-by-the-trump-administrations-diabolical-family-separation-policy-2021\/","url":"https:\/\/www.merkley.senate.gov\/es\/merkley-applauds-president-bidens-creation-of-task-force-to-address-damage-caused-by-the-trump-administrations-diabolical-family-separation-policy-2021\/","name":"Merkley Applauds President Biden\u2019s Creation of Task Force to Address Damage Caused by the Trump Administration\u2019s Diabolical Family Separation Policy - Merkley","isPartOf":{"@id":"https:\/\/www.merkley.senate.gov\/#website"},"datePublished":"2021-02-02T22:35:00+00:00","dateModified":"2023-07-24T15:06:00+00:00","author":{"@id":""},"breadcrumb":{"@id":"https:\/\/www.merkley.senate.gov\/es\/merkley-applauds-president-bidens-creation-of-task-force-to-address-damage-caused-by-the-trump-administrations-diabolical-family-separation-policy-2021\/#breadcrumb"},"inLanguage":"es-MX","potentialAction":[{"@type":"ReadAction","target":["https:\/\/www.merkley.senate.gov\/es\/merkley-applauds-president-bidens-creation-of-task-force-to-address-damage-caused-by-the-trump-administrations-diabolical-family-separation-policy-2021\/"]}]},{"@type":"BreadcrumbList","@id":"https:\/\/www.merkley.senate.gov\/es\/merkley-applauds-president-bidens-creation-of-task-force-to-address-damage-caused-by-the-trump-administrations-diabolical-family-separation-policy-2021\/#breadcrumb","itemListElement":[{"@type":"ListItem","position":1,"name":"Home","item":"https:\/\/www.merkley.senate.gov\/"},{"@type":"ListItem","position":2,"name":"Merkley Applauds President Biden\u2019s Creation of Task Force to Address Damage Caused by the Trump Administration\u2019s Diabolical Family Separation Policy"}]},{"@type":"WebSite","@id":"https:\/\/www.merkley.senate.gov\/#website","url":"https:\/\/www.merkley.senate.gov\/","name":"merkley","description":"merkley","potentialAction":[{"@type":"SearchAction","target":{"@type":"EntryPoint","urlTemplate":"https:\/\/www.merkley.senate.gov\/?s={search_term_string}"},"query-input":{"@type":"PropertyValueSpecification","valueRequired":true,"valueName":"search_term_string"}}],"inLanguage":"es-MX"},{"@type":"Person","@id":"","url":"https:\/\/www.merkley.senate.gov\/es\/author\/"}]}},"_links":{"self":[{"href":"https:\/\/www.merkley.senate.gov\/es\/wp-json\/wp\/v2\/posts\/2859","targetHints":{"allow":["GET"]}}],"collection":[{"href":"https:\/\/www.merkley.senate.gov\/es\/wp-json\/wp\/v2\/posts"}],"about":[{"href":"https:\/\/www.merkley.senate.gov\/es\/wp-json\/wp\/v2\/types\/post"}],"author":[{"embeddable":true,"href":"https:\/\/www.merkley.senate.gov\/es\/wp-json\/wp\/v2\/users\/2"}],"replies":[{"embeddable":true,"href":"https:\/\/www.merkley.senate.gov\/es\/wp-json\/wp\/v2\/comments?post=2859"}],"version-history":[{"count":1,"href":"https:\/\/www.merkley.senate.gov\/es\/wp-json\/wp\/v2\/posts\/2859\/revisions"}],"predecessor-version":[{"id":12234,"href":"https:\/\/www.merkley.senate.gov\/es\/wp-json\/wp\/v2\/posts\/2859\/revisions\/12234"}],"wp:attachment":[{"href":"https:\/\/www.merkley.senate.gov\/es\/wp-json\/wp\/v2\/media?parent=2859"}],"wp:term":[{"taxonomy":"category","embeddable":true,"href":"https:\/\/www.merkley.senate.gov\/es\/wp-json\/wp\/v2\/categories?post=2859"},{"taxonomy":"post_tag","embeddable":true,"href":"https:\/\/www.merkley.senate.gov\/es\/wp-json\/wp\/v2\/tags?post=2859"}],"curies":[{"name":"wp","href":"https:\/\/api.w.org\/{rel}","templated":true}]}}