{"id":2875,"date":"2021-01-19T16:07:00","date_gmt":"2021-01-19T21:07:00","guid":{"rendered":"https:\/\/www.merkley.senate.gov\/merkley-emphasizes-importance-of-state-department-move-to-recognize-chinas-genocidal-actions-against-uyghurs-other-muslim-minorities-2020\/"},"modified":"2023-07-24T11:06:01","modified_gmt":"2023-07-24T15:06:01","slug":"merkley-emphasizes-importance-of-state-department-move-to-recognize-chinas-genocidal-actions-against-uyghurs-other-muslim-minorities-2020","status":"publish","type":"post","link":"https:\/\/www.merkley.senate.gov\/es\/merkley-emphasizes-importance-of-state-department-move-to-recognize-chinas-genocidal-actions-against-uyghurs-other-muslim-minorities-2020\/","title":{"rendered":"Merkley enfatiza la importancia de la medida del Departamento de Estado para reconocer las acciones genocidas de China contra los uigures y otras minor\u00edas musulmanas"},"content":{"rendered":"<p>WASHINGTON, DC \u2013 El senador estadounidense de Oreg\u00f3n, Jeff Merkley, que forma parte del Comit\u00e9 de Relaciones Exteriores del Senado y de la Comisi\u00f3n Ejecutiva del Congreso sobre China (CECC), emiti\u00f3 la siguiente declaraci\u00f3n hoy despu\u00e9s de que el Departamento de Estado de EE. UU. finalmente reconoci\u00f3 el comportamiento genocida de China en la Regi\u00f3n Aut\u00f3noma Uigur de Xinjiang. Regi\u00f3n. Merkley hab\u00eda instado previamente al Departamento de Estado a tomar esta determinaci\u00f3n.<\/p>\n<blockquote>\n<p>\u201cEstados Unidos no puede permanecer en silencio ante la escalada de vigilancia, el encarcelamiento arbitrario, la tortura y la &#039;reeducaci\u00f3n&#039; forzada de China de los uigures y otros grupos minoritarios musulmanes. Estas acciones que revuelven el est\u00f3mago son una afrenta directa a la libertad y la dignidad de millones de seres humanos, y los valores que atesoran miles de millones m\u00e1s en todo el mundo.<\/p>\n<p>\u201cNo se puede abordar un problema sin nombrarlo. Por eso me complace que el Departamento de Estado haya dado este importante paso adelante en nuestra lucha para responsabilizar a China por estos cr\u00edmenes de lesa humanidad, llamando finalmente a las acciones de China por lo que son: genocidio. Espero aprovechar esta acci\u00f3n bajo la administraci\u00f3n de Biden para trabajar m\u00e1s de cerca con socios de todo el mundo para hacer que el gobierno chino rinda cuentas por sus violaciones de derechos humanos en Xinjiang y en otros lugares\u201d.<\/p>\n<\/blockquote>\n<p>Merkley escribi\u00f3 la disposici\u00f3n en el proyecto de ley de gastos del a\u00f1o fiscal 2021 que requiere una determinaci\u00f3n antes del 1 de abril sobre si la persecuci\u00f3n de uigures, kazajos, kirguises y miembros de otros grupos minoritarios musulmanes en Xinjiang constituye atrocidades.&nbsp;<\/p>\n<p>Merkley ha sido un defensor constante del fortalecimiento del compromiso de los Estados Unidos de investigar y responder a los abusos de los derechos humanos del gobierno chino contra los musulmanes uigures en China. Anteriormente, Merkley copatrocin\u00f3 la&nbsp;<a href=\"https:\/\/www.merkley.senate.gov\/es\/news\/press-releases\/merkley-applauds-signing-of-uyghur-human-rights-policy-act-urges-strong-enforcement-of-sanctions-provisions\/\"><i>Ley de pol\u00edtica de derechos humanos de los uigures<\/i><\/a>, y autor de las disposiciones del proyecto de ley que sancionan a los l\u00edderes chinos responsables de estas violaciones de derechos humanos.<\/p>\n<p>En 2020, Merkley tambi\u00e9n codirigi\u00f3 el&nbsp;<a href=\"https:\/\/www.merkley.senate.gov\/es\/news\/press-releases\/rubio-mcgovern-lead-bipartisan-bicameral-group-introducing-uyghur-forced-labor-prevention-act-2020\/\"><i>Ley de prevenci\u00f3n del trabajo forzoso uigur<\/i><\/a>\u2014legislaci\u00f3n para garantizar que los bienes fabricados en Xinjiang importados a los Estados Unidos no se hagan con trabajo forzoso.<\/p>","protected":false},"excerpt":{"rendered":"<p>WASHINGTON, D.C. &ndash; Oregon&rsquo;s U.S. Senator Jeff Merkley&mdash;who serves on the Senate Foreign Relations Committee and the Congressional-Executive Commission on China (CECC)&mdash;released the following statement today after the U.S. State Department finally recognized China&rsquo;s genocidal behavior in the Xinjiang Uyghur Autonomous Region. Merkley had previously urged the State Department to make this determination. &ldquo;America can&rsquo;t [&hellip;]<\/p>\n","protected":false},"author":2,"featured_media":0,"comment_status":"closed","ping_status":"closed","sticky":false,"template":"","format":"standard","meta":{"_acf_changed":false,"inline_featured_image":false,"footnotes":""},"categories":[24],"tags":[38],"class_list":["post-2875","post","type-post","status-publish","format-standard","hentry","category-press-releases","tag-foreign-policy-and-national-security"],"acf":[],"yoast_head":"<!-- This site is optimized with the Yoast SEO plugin v27.2 - https:\/\/yoast.com\/product\/yoast-seo-wordpress\/ -->\n<title>Merkley Emphasizes Importance of State Department Move to Recognize China\u2019s Genocidal Actions Against Uyghurs, Other Muslim Minorities - Merkley<\/title>\n<meta name=\"robots\" content=\"index, follow, max-snippet:-1, max-image-preview:large, max-video-preview:-1\" \/>\n<link rel=\"canonical\" href=\"https:\/\/www.merkley.senate.gov\/es\/merkley-emphasizes-importance-of-state-department-move-to-recognize-chinas-genocidal-actions-against-uyghurs-other-muslim-minorities-2020\/\" \/>\n<meta property=\"og:locale\" content=\"es_MX\" \/>\n<meta property=\"og:type\" content=\"article\" \/>\n<meta property=\"og:title\" content=\"Merkley Emphasizes Importance of State Department Move to Recognize China\u2019s Genocidal Actions Against Uyghurs, Other Muslim Minorities - Merkley\" \/>\n<meta property=\"og:description\" content=\"WASHINGTON, D.C. &ndash; Oregon&rsquo;s U.S. Senator Jeff Merkley&mdash;who serves on the Senate Foreign Relations Committee and the Congressional-Executive Commission on China (CECC)&mdash;released the following statement today after the U.S. State Department finally recognized China&rsquo;s genocidal behavior in the Xinjiang Uyghur Autonomous Region. Merkley had previously urged the State Department to make this determination. &ldquo;America can&rsquo;t [&hellip;]\" \/>\n<meta property=\"og:url\" content=\"https:\/\/www.merkley.senate.gov\/es\/merkley-emphasizes-importance-of-state-department-move-to-recognize-chinas-genocidal-actions-against-uyghurs-other-muslim-minorities-2020\/\" \/>\n<meta property=\"og:site_name\" content=\"Merkley\" \/>\n<meta property=\"article:published_time\" content=\"2021-01-19T21:07:00+00:00\" \/>\n<meta property=\"article:modified_time\" content=\"2023-07-24T15:06:01+00:00\" \/>\n<meta name=\"twitter:card\" content=\"summary_large_image\" \/>\n<meta name=\"twitter:label1\" content=\"Written by\" \/>\n\t<meta name=\"twitter:data1\" content=\"\" \/>\n\t<meta name=\"twitter:label2\" content=\"Est. reading time\" \/>\n\t<meta name=\"twitter:data2\" content=\"2 minutes\" \/>\n<script type=\"application\/ld+json\" class=\"yoast-schema-graph\">{\"@context\":\"https:\/\/schema.org\",\"@graph\":[{\"@type\":\"Article\",\"@id\":\"https:\/\/www.merkley.senate.gov\/merkley-emphasizes-importance-of-state-department-move-to-recognize-chinas-genocidal-actions-against-uyghurs-other-muslim-minorities-2020\/#article\",\"isPartOf\":{\"@id\":\"https:\/\/www.merkley.senate.gov\/merkley-emphasizes-importance-of-state-department-move-to-recognize-chinas-genocidal-actions-against-uyghurs-other-muslim-minorities-2020\/\"},\"author\":{\"name\":\"\",\"@id\":\"\"},\"headline\":\"Merkley Emphasizes Importance of State Department Move to Recognize China\u2019s Genocidal Actions Against Uyghurs, Other Muslim Minorities\",\"datePublished\":\"2021-01-19T21:07:00+00:00\",\"dateModified\":\"2023-07-24T15:06:01+00:00\",\"mainEntityOfPage\":{\"@id\":\"https:\/\/www.merkley.senate.gov\/merkley-emphasizes-importance-of-state-department-move-to-recognize-chinas-genocidal-actions-against-uyghurs-other-muslim-minorities-2020\/\"},\"wordCount\":356,\"keywords\":[\"Foreign Policy and National Security\"],\"articleSection\":[\"Press Releases\"],\"inLanguage\":\"es-MX\"},{\"@type\":\"WebPage\",\"@id\":\"https:\/\/www.merkley.senate.gov\/merkley-emphasizes-importance-of-state-department-move-to-recognize-chinas-genocidal-actions-against-uyghurs-other-muslim-minorities-2020\/\",\"url\":\"https:\/\/www.merkley.senate.gov\/merkley-emphasizes-importance-of-state-department-move-to-recognize-chinas-genocidal-actions-against-uyghurs-other-muslim-minorities-2020\/\",\"name\":\"Merkley Emphasizes Importance of State Department Move to Recognize China\u2019s Genocidal Actions Against Uyghurs, Other Muslim Minorities - Merkley\",\"isPartOf\":{\"@id\":\"https:\/\/www.merkley.senate.gov\/#website\"},\"datePublished\":\"2021-01-19T21:07:00+00:00\",\"dateModified\":\"2023-07-24T15:06:01+00:00\",\"author\":{\"@id\":\"\"},\"breadcrumb\":{\"@id\":\"https:\/\/www.merkley.senate.gov\/merkley-emphasizes-importance-of-state-department-move-to-recognize-chinas-genocidal-actions-against-uyghurs-other-muslim-minorities-2020\/#breadcrumb\"},\"inLanguage\":\"es-MX\",\"potentialAction\":[{\"@type\":\"ReadAction\",\"target\":[\"https:\/\/www.merkley.senate.gov\/merkley-emphasizes-importance-of-state-department-move-to-recognize-chinas-genocidal-actions-against-uyghurs-other-muslim-minorities-2020\/\"]}]},{\"@type\":\"BreadcrumbList\",\"@id\":\"https:\/\/www.merkley.senate.gov\/merkley-emphasizes-importance-of-state-department-move-to-recognize-chinas-genocidal-actions-against-uyghurs-other-muslim-minorities-2020\/#breadcrumb\",\"itemListElement\":[{\"@type\":\"ListItem\",\"position\":1,\"name\":\"Home\",\"item\":\"https:\/\/www.merkley.senate.gov\/\"},{\"@type\":\"ListItem\",\"position\":2,\"name\":\"Merkley Emphasizes Importance of State Department Move to Recognize China\u2019s Genocidal Actions Against Uyghurs, Other Muslim Minorities\"}]},{\"@type\":\"WebSite\",\"@id\":\"https:\/\/www.merkley.senate.gov\/#website\",\"url\":\"https:\/\/www.merkley.senate.gov\/\",\"name\":\"Merkley\",\"description\":\"Merkley\",\"potentialAction\":[{\"@type\":\"SearchAction\",\"target\":{\"@type\":\"EntryPoint\",\"urlTemplate\":\"https:\/\/www.merkley.senate.gov\/?s={search_term_string}\"},\"query-input\":{\"@type\":\"PropertyValueSpecification\",\"valueRequired\":true,\"valueName\":\"search_term_string\"}}],\"inLanguage\":\"es-MX\"},{\"@type\":\"Person\",\"@id\":\"\",\"url\":\"https:\/\/www.merkley.senate.gov\/es\/author\/\"}]}<\/script>\n<!-- \/ Yoast SEO plugin. -->","yoast_head_json":{"title":"Merkley Emphasizes Importance of State Department Move to Recognize China\u2019s Genocidal Actions Against Uyghurs, Other Muslim Minorities - Merkley","robots":{"index":"index","follow":"follow","max-snippet":"max-snippet:-1","max-image-preview":"max-image-preview:large","max-video-preview":"max-video-preview:-1"},"canonical":"https:\/\/www.merkley.senate.gov\/es\/merkley-emphasizes-importance-of-state-department-move-to-recognize-chinas-genocidal-actions-against-uyghurs-other-muslim-minorities-2020\/","og_locale":"es_MX","og_type":"article","og_title":"Merkley Emphasizes Importance of State Department Move to Recognize China\u2019s Genocidal Actions Against Uyghurs, Other Muslim Minorities - Merkley","og_description":"WASHINGTON, D.C. &ndash; Oregon&rsquo;s U.S. Senator Jeff Merkley&mdash;who serves on the Senate Foreign Relations Committee and the Congressional-Executive Commission on China (CECC)&mdash;released the following statement today after the U.S. State Department finally recognized China&rsquo;s genocidal behavior in the Xinjiang Uyghur Autonomous Region. Merkley had previously urged the State Department to make this determination. &ldquo;America can&rsquo;t [&hellip;]","og_url":"https:\/\/www.merkley.senate.gov\/es\/merkley-emphasizes-importance-of-state-department-move-to-recognize-chinas-genocidal-actions-against-uyghurs-other-muslim-minorities-2020\/","og_site_name":"Merkley","article_published_time":"2021-01-19T21:07:00+00:00","article_modified_time":"2023-07-24T15:06:01+00:00","twitter_card":"summary_large_image","twitter_misc":{"Written by":"","Est. reading time":"2 minutes"},"schema":{"@context":"https:\/\/schema.org","@graph":[{"@type":"Article","@id":"https:\/\/www.merkley.senate.gov\/merkley-emphasizes-importance-of-state-department-move-to-recognize-chinas-genocidal-actions-against-uyghurs-other-muslim-minorities-2020\/#article","isPartOf":{"@id":"https:\/\/www.merkley.senate.gov\/merkley-emphasizes-importance-of-state-department-move-to-recognize-chinas-genocidal-actions-against-uyghurs-other-muslim-minorities-2020\/"},"author":{"name":"","@id":""},"headline":"Merkley Emphasizes Importance of State Department Move to Recognize China\u2019s Genocidal Actions Against Uyghurs, Other Muslim Minorities","datePublished":"2021-01-19T21:07:00+00:00","dateModified":"2023-07-24T15:06:01+00:00","mainEntityOfPage":{"@id":"https:\/\/www.merkley.senate.gov\/merkley-emphasizes-importance-of-state-department-move-to-recognize-chinas-genocidal-actions-against-uyghurs-other-muslim-minorities-2020\/"},"wordCount":356,"keywords":["Foreign Policy and National Security"],"articleSection":["Press Releases"],"inLanguage":"es-MX"},{"@type":"WebPage","@id":"https:\/\/www.merkley.senate.gov\/merkley-emphasizes-importance-of-state-department-move-to-recognize-chinas-genocidal-actions-against-uyghurs-other-muslim-minorities-2020\/","url":"https:\/\/www.merkley.senate.gov\/merkley-emphasizes-importance-of-state-department-move-to-recognize-chinas-genocidal-actions-against-uyghurs-other-muslim-minorities-2020\/","name":"Merkley Emphasizes Importance of State Department Move to Recognize China\u2019s Genocidal Actions Against Uyghurs, Other Muslim Minorities - Merkley","isPartOf":{"@id":"https:\/\/www.merkley.senate.gov\/#website"},"datePublished":"2021-01-19T21:07:00+00:00","dateModified":"2023-07-24T15:06:01+00:00","author":{"@id":""},"breadcrumb":{"@id":"https:\/\/www.merkley.senate.gov\/merkley-emphasizes-importance-of-state-department-move-to-recognize-chinas-genocidal-actions-against-uyghurs-other-muslim-minorities-2020\/#breadcrumb"},"inLanguage":"es-MX","potentialAction":[{"@type":"ReadAction","target":["https:\/\/www.merkley.senate.gov\/merkley-emphasizes-importance-of-state-department-move-to-recognize-chinas-genocidal-actions-against-uyghurs-other-muslim-minorities-2020\/"]}]},{"@type":"BreadcrumbList","@id":"https:\/\/www.merkley.senate.gov\/merkley-emphasizes-importance-of-state-department-move-to-recognize-chinas-genocidal-actions-against-uyghurs-other-muslim-minorities-2020\/#breadcrumb","itemListElement":[{"@type":"ListItem","position":1,"name":"Home","item":"https:\/\/www.merkley.senate.gov\/"},{"@type":"ListItem","position":2,"name":"Merkley Emphasizes Importance of State Department Move to Recognize China\u2019s Genocidal Actions Against Uyghurs, Other Muslim Minorities"}]},{"@type":"WebSite","@id":"https:\/\/www.merkley.senate.gov\/#website","url":"https:\/\/www.merkley.senate.gov\/","name":"merkley","description":"merkley","potentialAction":[{"@type":"SearchAction","target":{"@type":"EntryPoint","urlTemplate":"https:\/\/www.merkley.senate.gov\/?s={search_term_string}"},"query-input":{"@type":"PropertyValueSpecification","valueRequired":true,"valueName":"search_term_string"}}],"inLanguage":"es-MX"},{"@type":"Person","@id":"","url":"https:\/\/www.merkley.senate.gov\/es\/author\/"}]}},"_links":{"self":[{"href":"https:\/\/www.merkley.senate.gov\/es\/wp-json\/wp\/v2\/posts\/2875","targetHints":{"allow":["GET"]}}],"collection":[{"href":"https:\/\/www.merkley.senate.gov\/es\/wp-json\/wp\/v2\/posts"}],"about":[{"href":"https:\/\/www.merkley.senate.gov\/es\/wp-json\/wp\/v2\/types\/post"}],"author":[{"embeddable":true,"href":"https:\/\/www.merkley.senate.gov\/es\/wp-json\/wp\/v2\/users\/2"}],"replies":[{"embeddable":true,"href":"https:\/\/www.merkley.senate.gov\/es\/wp-json\/wp\/v2\/comments?post=2875"}],"version-history":[{"count":1,"href":"https:\/\/www.merkley.senate.gov\/es\/wp-json\/wp\/v2\/posts\/2875\/revisions"}],"predecessor-version":[{"id":12250,"href":"https:\/\/www.merkley.senate.gov\/es\/wp-json\/wp\/v2\/posts\/2875\/revisions\/12250"}],"wp:attachment":[{"href":"https:\/\/www.merkley.senate.gov\/es\/wp-json\/wp\/v2\/media?parent=2875"}],"wp:term":[{"taxonomy":"category","embeddable":true,"href":"https:\/\/www.merkley.senate.gov\/es\/wp-json\/wp\/v2\/categories?post=2875"},{"taxonomy":"post_tag","embeddable":true,"href":"https:\/\/www.merkley.senate.gov\/es\/wp-json\/wp\/v2\/tags?post=2875"}],"curies":[{"name":"wp","href":"https:\/\/api.w.org\/{rel}","templated":true}]}}