{"id":2881,"date":"2021-01-13T16:40:00","date_gmt":"2021-01-13T21:40:00","guid":{"rendered":"https:\/\/www.merkley.senate.gov\/merkley-statement-on-house-vote-to-hold-president-trump-accountable-following-violent-insurrection-2020\/"},"modified":"2023-07-24T11:06:02","modified_gmt":"2023-07-24T15:06:02","slug":"merkley-statement-on-house-vote-to-hold-president-trump-accountable-following-violent-insurrection-2020","status":"publish","type":"post","link":"https:\/\/www.merkley.senate.gov\/es\/merkley-statement-on-house-vote-to-hold-president-trump-accountable-following-violent-insurrection-2020\/","title":{"rendered":"Declaraci\u00f3n de Merkley sobre la votaci\u00f3n en la C\u00e1mara para responsabilizar al presidente Trump tras una insurrecci\u00f3n violenta"},"content":{"rendered":"<p>WASHINGTON, DC \u2013 El senador estadounidense por Oreg\u00f3n, Jeff Merkley, emiti\u00f3 la siguiente declaraci\u00f3n despu\u00e9s de que la C\u00e1mara de Representantes de Estados Unidos votara a favor de acusar al presidente Trump por incitar a un violento ataque de una turba contra el Capitolio de Estados Unidos, que puso en riesgo cientos de vidas y provoc\u00f3 cinco muertes y decenas de lesiones:<\/p>\n<blockquote>\n<p>\u201cDonald Trump es completamente incapaz de ser presidente. Ha librado una insurrecci\u00f3n incesante contra nuestras leyes y nuestra Constituci\u00f3n desde que perdi\u00f3 las elecciones, culminada con la incitaci\u00f3n a un ataque terrorista interno contra el Capitolio de nuestra naci\u00f3n. Cada d\u00eda que permanece en la Oficina Oval y sus peligrosos ataques a nuestra democracia quedan sin respuesta es una grave amenaza a la seguridad del pueblo estadounidense y las instituciones de nuestra rep\u00fablica democr\u00e1tica. Aplaudo a la C\u00e1mara de Representantes de Estados Unidos por tomar hoy medidas r\u00e1pidas y decisivas para responsabilizar a este presidente por su comportamiento peligroso e impenitente.<\/p>\n<p>\u201cAhora es responsabilidad del Senado de Estados Unidos convocar y celebrar de inmediato un juicio pol\u00edtico. Podr\u00eda decirse que enfrentamos la amenaza m\u00e1s grave a la integridad de nuestro gobierno nacional desde la Guerra Civil. No es momento para que c\u00e1lculos partidistas y ambiciones personales impulsen las decisiones. Todos los que creen en nuestra Constituci\u00f3n y el Estado de derecho deber\u00edan unirse para defender a Estados Unidos. Nuestra naci\u00f3n necesita desesperadamente una rendici\u00f3n de cuentas total para poder buscar justicia y recuperarse de la inquietante violencia de la semana pasada\u201d.<\/p>\n<\/blockquote>","protected":false},"excerpt":{"rendered":"<p>WASHINGTON, D.C. &ndash; Oregon&rsquo;s U.S. Senator Jeff Merkley released the following statement after the U.S. House of Representatives voted to impeach President Trump for inciting a violent mob attack on the U.S. Capitol, which put hundreds of lives at risk and resulted in five deaths and dozens of injuries: &ldquo;Donald Trump is completely unfit to [&hellip;]<\/p>\n","protected":false},"author":2,"featured_media":0,"comment_status":"closed","ping_status":"closed","sticky":false,"template":"","format":"standard","meta":{"_acf_changed":false,"inline_featured_image":false,"footnotes":""},"categories":[24],"tags":[38],"class_list":["post-2881","post","type-post","status-publish","format-standard","hentry","category-press-releases","tag-foreign-policy-and-national-security"],"acf":[],"yoast_head":"<!-- This site is optimized with the Yoast SEO plugin v27.2 - https:\/\/yoast.com\/product\/yoast-seo-wordpress\/ -->\n<title>Merkley Statement on House Vote to Hold President Trump Accountable Following Violent Insurrection - Merkley<\/title>\n<meta name=\"robots\" content=\"index, follow, max-snippet:-1, max-image-preview:large, max-video-preview:-1\" \/>\n<link rel=\"canonical\" href=\"https:\/\/www.merkley.senate.gov\/es\/merkley-statement-on-house-vote-to-hold-president-trump-accountable-following-violent-insurrection-2020\/\" \/>\n<meta property=\"og:locale\" content=\"es_MX\" \/>\n<meta property=\"og:type\" content=\"article\" \/>\n<meta property=\"og:title\" content=\"Merkley Statement on House Vote to Hold President Trump Accountable Following Violent Insurrection - Merkley\" \/>\n<meta property=\"og:description\" content=\"WASHINGTON, D.C. &ndash; Oregon&rsquo;s U.S. Senator Jeff Merkley released the following statement after the U.S. House of Representatives voted to impeach President Trump for inciting a violent mob attack on the U.S. Capitol, which put hundreds of lives at risk and resulted in five deaths and dozens of injuries: &ldquo;Donald Trump is completely unfit to [&hellip;]\" \/>\n<meta property=\"og:url\" content=\"https:\/\/www.merkley.senate.gov\/es\/merkley-statement-on-house-vote-to-hold-president-trump-accountable-following-violent-insurrection-2020\/\" \/>\n<meta property=\"og:site_name\" content=\"Merkley\" \/>\n<meta property=\"article:published_time\" content=\"2021-01-13T21:40:00+00:00\" \/>\n<meta property=\"article:modified_time\" content=\"2023-07-24T15:06:02+00:00\" \/>\n<meta name=\"twitter:card\" content=\"summary_large_image\" \/>\n<meta name=\"twitter:label1\" content=\"Written by\" \/>\n\t<meta name=\"twitter:data1\" content=\"\" \/>\n\t<meta name=\"twitter:label2\" content=\"Est. reading time\" \/>\n\t<meta name=\"twitter:data2\" content=\"1 minute\" \/>\n<script type=\"application\/ld+json\" class=\"yoast-schema-graph\">{\"@context\":\"https:\/\/schema.org\",\"@graph\":[{\"@type\":\"Article\",\"@id\":\"https:\/\/www.merkley.senate.gov\/merkley-statement-on-house-vote-to-hold-president-trump-accountable-following-violent-insurrection-2020\/#article\",\"isPartOf\":{\"@id\":\"https:\/\/www.merkley.senate.gov\/merkley-statement-on-house-vote-to-hold-president-trump-accountable-following-violent-insurrection-2020\/\"},\"author\":{\"name\":\"\",\"@id\":\"\"},\"headline\":\"Merkley Statement on House Vote to Hold President Trump Accountable Following Violent Insurrection\",\"datePublished\":\"2021-01-13T21:40:00+00:00\",\"dateModified\":\"2023-07-24T15:06:02+00:00\",\"mainEntityOfPage\":{\"@id\":\"https:\/\/www.merkley.senate.gov\/merkley-statement-on-house-vote-to-hold-president-trump-accountable-following-violent-insurrection-2020\/\"},\"wordCount\":261,\"keywords\":[\"Foreign Policy and National Security\"],\"articleSection\":[\"Press Releases\"],\"inLanguage\":\"es-MX\"},{\"@type\":\"WebPage\",\"@id\":\"https:\/\/www.merkley.senate.gov\/merkley-statement-on-house-vote-to-hold-president-trump-accountable-following-violent-insurrection-2020\/\",\"url\":\"https:\/\/www.merkley.senate.gov\/merkley-statement-on-house-vote-to-hold-president-trump-accountable-following-violent-insurrection-2020\/\",\"name\":\"Merkley Statement on House Vote to Hold President Trump Accountable Following Violent Insurrection - Merkley\",\"isPartOf\":{\"@id\":\"https:\/\/www.merkley.senate.gov\/#website\"},\"datePublished\":\"2021-01-13T21:40:00+00:00\",\"dateModified\":\"2023-07-24T15:06:02+00:00\",\"author\":{\"@id\":\"\"},\"breadcrumb\":{\"@id\":\"https:\/\/www.merkley.senate.gov\/merkley-statement-on-house-vote-to-hold-president-trump-accountable-following-violent-insurrection-2020\/#breadcrumb\"},\"inLanguage\":\"es-MX\",\"potentialAction\":[{\"@type\":\"ReadAction\",\"target\":[\"https:\/\/www.merkley.senate.gov\/merkley-statement-on-house-vote-to-hold-president-trump-accountable-following-violent-insurrection-2020\/\"]}]},{\"@type\":\"BreadcrumbList\",\"@id\":\"https:\/\/www.merkley.senate.gov\/merkley-statement-on-house-vote-to-hold-president-trump-accountable-following-violent-insurrection-2020\/#breadcrumb\",\"itemListElement\":[{\"@type\":\"ListItem\",\"position\":1,\"name\":\"Home\",\"item\":\"https:\/\/www.merkley.senate.gov\/\"},{\"@type\":\"ListItem\",\"position\":2,\"name\":\"Merkley Statement on House Vote to Hold President Trump Accountable Following Violent Insurrection\"}]},{\"@type\":\"WebSite\",\"@id\":\"https:\/\/www.merkley.senate.gov\/#website\",\"url\":\"https:\/\/www.merkley.senate.gov\/\",\"name\":\"Merkley\",\"description\":\"Merkley\",\"potentialAction\":[{\"@type\":\"SearchAction\",\"target\":{\"@type\":\"EntryPoint\",\"urlTemplate\":\"https:\/\/www.merkley.senate.gov\/?s={search_term_string}\"},\"query-input\":{\"@type\":\"PropertyValueSpecification\",\"valueRequired\":true,\"valueName\":\"search_term_string\"}}],\"inLanguage\":\"es-MX\"},{\"@type\":\"Person\",\"@id\":\"\",\"url\":\"https:\/\/www.merkley.senate.gov\/es\/author\/\"}]}<\/script>\n<!-- \/ Yoast SEO plugin. -->","yoast_head_json":{"title":"Merkley Statement on House Vote to Hold President Trump Accountable Following Violent Insurrection - Merkley","robots":{"index":"index","follow":"follow","max-snippet":"max-snippet:-1","max-image-preview":"max-image-preview:large","max-video-preview":"max-video-preview:-1"},"canonical":"https:\/\/www.merkley.senate.gov\/es\/merkley-statement-on-house-vote-to-hold-president-trump-accountable-following-violent-insurrection-2020\/","og_locale":"es_MX","og_type":"article","og_title":"Merkley Statement on House Vote to Hold President Trump Accountable Following Violent Insurrection - Merkley","og_description":"WASHINGTON, D.C. &ndash; Oregon&rsquo;s U.S. Senator Jeff Merkley released the following statement after the U.S. House of Representatives voted to impeach President Trump for inciting a violent mob attack on the U.S. Capitol, which put hundreds of lives at risk and resulted in five deaths and dozens of injuries: &ldquo;Donald Trump is completely unfit to [&hellip;]","og_url":"https:\/\/www.merkley.senate.gov\/es\/merkley-statement-on-house-vote-to-hold-president-trump-accountable-following-violent-insurrection-2020\/","og_site_name":"Merkley","article_published_time":"2021-01-13T21:40:00+00:00","article_modified_time":"2023-07-24T15:06:02+00:00","twitter_card":"summary_large_image","twitter_misc":{"Written by":"","Est. reading time":"1 minute"},"schema":{"@context":"https:\/\/schema.org","@graph":[{"@type":"Article","@id":"https:\/\/www.merkley.senate.gov\/merkley-statement-on-house-vote-to-hold-president-trump-accountable-following-violent-insurrection-2020\/#article","isPartOf":{"@id":"https:\/\/www.merkley.senate.gov\/merkley-statement-on-house-vote-to-hold-president-trump-accountable-following-violent-insurrection-2020\/"},"author":{"name":"","@id":""},"headline":"Merkley Statement on House Vote to Hold President Trump Accountable Following Violent Insurrection","datePublished":"2021-01-13T21:40:00+00:00","dateModified":"2023-07-24T15:06:02+00:00","mainEntityOfPage":{"@id":"https:\/\/www.merkley.senate.gov\/merkley-statement-on-house-vote-to-hold-president-trump-accountable-following-violent-insurrection-2020\/"},"wordCount":261,"keywords":["Foreign Policy and National Security"],"articleSection":["Press Releases"],"inLanguage":"es-MX"},{"@type":"WebPage","@id":"https:\/\/www.merkley.senate.gov\/merkley-statement-on-house-vote-to-hold-president-trump-accountable-following-violent-insurrection-2020\/","url":"https:\/\/www.merkley.senate.gov\/merkley-statement-on-house-vote-to-hold-president-trump-accountable-following-violent-insurrection-2020\/","name":"Merkley Statement on House Vote to Hold President Trump Accountable Following Violent Insurrection - Merkley","isPartOf":{"@id":"https:\/\/www.merkley.senate.gov\/#website"},"datePublished":"2021-01-13T21:40:00+00:00","dateModified":"2023-07-24T15:06:02+00:00","author":{"@id":""},"breadcrumb":{"@id":"https:\/\/www.merkley.senate.gov\/merkley-statement-on-house-vote-to-hold-president-trump-accountable-following-violent-insurrection-2020\/#breadcrumb"},"inLanguage":"es-MX","potentialAction":[{"@type":"ReadAction","target":["https:\/\/www.merkley.senate.gov\/merkley-statement-on-house-vote-to-hold-president-trump-accountable-following-violent-insurrection-2020\/"]}]},{"@type":"BreadcrumbList","@id":"https:\/\/www.merkley.senate.gov\/merkley-statement-on-house-vote-to-hold-president-trump-accountable-following-violent-insurrection-2020\/#breadcrumb","itemListElement":[{"@type":"ListItem","position":1,"name":"Home","item":"https:\/\/www.merkley.senate.gov\/"},{"@type":"ListItem","position":2,"name":"Merkley Statement on House Vote to Hold President Trump Accountable Following Violent Insurrection"}]},{"@type":"WebSite","@id":"https:\/\/www.merkley.senate.gov\/#website","url":"https:\/\/www.merkley.senate.gov\/","name":"merkley","description":"merkley","potentialAction":[{"@type":"SearchAction","target":{"@type":"EntryPoint","urlTemplate":"https:\/\/www.merkley.senate.gov\/?s={search_term_string}"},"query-input":{"@type":"PropertyValueSpecification","valueRequired":true,"valueName":"search_term_string"}}],"inLanguage":"es-MX"},{"@type":"Person","@id":"","url":"https:\/\/www.merkley.senate.gov\/es\/author\/"}]}},"_links":{"self":[{"href":"https:\/\/www.merkley.senate.gov\/es\/wp-json\/wp\/v2\/posts\/2881","targetHints":{"allow":["GET"]}}],"collection":[{"href":"https:\/\/www.merkley.senate.gov\/es\/wp-json\/wp\/v2\/posts"}],"about":[{"href":"https:\/\/www.merkley.senate.gov\/es\/wp-json\/wp\/v2\/types\/post"}],"author":[{"embeddable":true,"href":"https:\/\/www.merkley.senate.gov\/es\/wp-json\/wp\/v2\/users\/2"}],"replies":[{"embeddable":true,"href":"https:\/\/www.merkley.senate.gov\/es\/wp-json\/wp\/v2\/comments?post=2881"}],"version-history":[{"count":1,"href":"https:\/\/www.merkley.senate.gov\/es\/wp-json\/wp\/v2\/posts\/2881\/revisions"}],"predecessor-version":[{"id":12256,"href":"https:\/\/www.merkley.senate.gov\/es\/wp-json\/wp\/v2\/posts\/2881\/revisions\/12256"}],"wp:attachment":[{"href":"https:\/\/www.merkley.senate.gov\/es\/wp-json\/wp\/v2\/media?parent=2881"}],"wp:term":[{"taxonomy":"category","embeddable":true,"href":"https:\/\/www.merkley.senate.gov\/es\/wp-json\/wp\/v2\/categories?post=2881"},{"taxonomy":"post_tag","embeddable":true,"href":"https:\/\/www.merkley.senate.gov\/es\/wp-json\/wp\/v2\/tags?post=2881"}],"curies":[{"name":"wp","href":"https:\/\/api.w.org\/{rel}","templated":true}]}}