{"id":3244,"date":"2020-07-15T00:00:00","date_gmt":"2020-07-15T04:00:00","guid":{"rendered":"https:\/\/www.merkley.senate.gov\/merkley-focuses-on-healthcare-coronavirus-in-benton-county-town-hall\/"},"modified":"2023-07-24T11:06:31","modified_gmt":"2023-07-24T15:06:31","slug":"merkley-focuses-on-healthcare-coronavirus-in-benton-county-town-hall","status":"publish","type":"post","link":"https:\/\/www.merkley.senate.gov\/es\/merkley-focuses-on-healthcare-coronavirus-in-benton-county-town-hall\/","title":{"rendered":"Merkley se enfoca en atenci\u00f3n m\u00e9dica, coronavirus en el ayuntamiento del condado de Benton"},"content":{"rendered":"<p>Las preocupaciones sobre la atenci\u00f3n m\u00e9dica y los efectos del coronavirus fueron los principales temas de discusi\u00f3n el mi\u00e9rcoles por la ma\u00f1ana durante la reuni\u00f3n virtual del ayuntamiento del senador estadounidense Jeff Merkley con los residentes del condado de Benton.<\/p>\n<div class=\"lee-article-text\">\n<p>En una amplia sesi\u00f3n de preguntas y respuestas de una hora, el senador de Oreg\u00f3n primero centr\u00f3 su atenci\u00f3n en el impacto local de COVID-19 antes de regresar al Senado la pr\u00f3xima semana despu\u00e9s de un receso.<\/p>\n<\/div>\n<div class=\"lee-article-text\">\n<p>Merkley se\u00f1al\u00f3 que la cantidad de j\u00f3venes en el condado de Benton afectados por el coronavirus est\u00e1 aumentando. Anteriormente, las personas menores de 30 a\u00f1os representaban 20% o menos de casos nuevos; dijo que ese n\u00famero ahora es 75%.<\/p>\n<\/div>\n<div class=\"lee-article-text\">\n<p>Los resultados de las pruebas se retrasan, a veces hasta una semana.<\/p>\n<\/div>\n<div class=\"lee-article-text\">\n<p>\u201cEso es demasiado lento para ser \u00fatil para una estrategia efectiva de prueba y rastreo\u201d, dijo Merkley.<\/p>\n<\/div>\n<div class=\"lee-article-text\">\n<p>La tasa de desempleo del condado de Benton aument\u00f3 de 3% a 10% durante la pandemia.<\/p>\n<\/div>\n<div class=\"lee-article-text\">\n<p>\u201cEn cierto modo, eso es casi bueno para el condado porque en la costa del condado de Lincoln estamos hablando de desempleo 24%\u201d, dijo el senador. \u201cSigue siendo un impacto en las miles y miles de personas que han perdido sus trabajos\u201d.<\/p>\n<\/div>\n<div class=\"lee-article-text\">\n<p>Merkley dijo que los centros de salud del \u00e1rea han recibido ayuda en forma de una subvenci\u00f3n de $146,000 a trav\u00e9s del fondo nacional de telesalud.<\/p>\n<\/div>\n<div class=\"lee-article-text\">\n<p>Dijo que la Universidad Estatal de Oreg\u00f3n se vio obligada a recortar $124 millones de su presupuesto. OSU ha recibido alrededor de $15 millones para ayudar a los estudiantes a asistir a clases.<\/p>\n<div class=\"lee-article-text\">\n<p>Merkley dijo que el hecho de que cinco millones de estadounidenses hayan perdido la atenci\u00f3n m\u00e9dica en los \u00faltimos meses \u201cmuestra que no existe un sistema simple y uniforme para todos los estadounidenses\u201d.<\/p>\n<\/div>\n<div class=\"lee-article-text\">\n<p>Dijo que la Administraci\u00f3n Trump est\u00e1 asignando miles de millones de d\u00f3lares a empresas para vacunas, dinero que no se proporcion\u00f3 anteriormente. Pero, se\u00f1ala Merkley, la administraci\u00f3n elimin\u00f3 un punto de acuerdo que evita que las empresas se aprovechen cuando se aprueba una vacuna.<\/p>\n<\/div>\n<div class=\"lee-article-text\">\n<p>\u201cEse es otro ejemplo escandaloso de influencia corporativa\u201d, dijo. \u201cObtendr\u00e1n miles de millones de d\u00f3lares de nuestro dinero de los contribuyentes, su dinero, para desarrollar la vacuna, para probar la vacuna, y luego podr\u00e1n dar la vuelta y estafar a los estadounidenses al precio que quieran\u201d.<\/p>\n<\/div>\n<div class=\"lee-article-text\">\n<p>Merkley se est\u00e1 uniendo a un esfuerzo legislativo para anular eso.<\/p>\n<\/div>\n<div class=\"lee-article-text\">\n<p>Cuando se le pregunt\u00f3 sobre el impacto desproporcionado del virus en los negros, latinos y otros, Merkley dijo que busc\u00f3 n\u00fameros para investigar las discrepancias en la atenci\u00f3n m\u00e9dica e inst\u00f3 al gobierno federal a dirigir el dinero para abordar las disparidades.<\/p>\n<\/div>\n<div class=\"lee-article-text\">\n<p>\u201cEspero promover cualquier otra idea que la gente tenga para este pr\u00f3ximo proyecto de ley, tratando de presionarnos realmente para que abordemos las comunidades que tienen desaf\u00edos anteriores de una manera agresiva y audaz\u201d, dijo Merkley.<\/p>\n<\/div>\n<div class=\"lee-article-text\">\n<p>La discusi\u00f3n se centr\u00f3 en la financiaci\u00f3n de la escuela.<\/p>\n<div class=\"lee-article-text\">\n<p>Merkley dijo que hay una ley de la C\u00e1mara que incluye tal financiaci\u00f3n que el l\u00edder de la mayor\u00eda del Senado, Mitch McConnell, senador estadounidense de Kentucky, se ha estancado durante unas seis semanas. Merkley dijo que eso es inaceptable ya que las escuelas est\u00e1n planificando para el pr\u00f3ximo a\u00f1o.<\/p>\n<\/div>\n<div class=\"lee-article-text\">\n<p>La misma ley incluye dinero para gobiernos estatales y locales, atenci\u00f3n m\u00e9dica, protecci\u00f3n electoral y pruebas y rastreo de virus.<\/p>\n<\/div>\n<div class=\"lee-article-text\">\n<p>\u201cHemos tratado de asumir el esfuerzo del presidente de usar el chantaje econ\u00f3mico para obligar a los distritos escolares a adoptar un determinado perfil\u201d, dijo Merkley, \u201cporque esencialmente es una decisi\u00f3n muy dif\u00edcil c\u00f3mo estructurar una escuela para mantener una cantidad m\u00e1xima de avance educativo. para nuestros hijos mientras los mantenemos seguros. Este no es lugar para la pol\u00edtica electoral, y el presidente est\u00e1 muy equivocado en esto\u201d.<\/p>\n<\/div>\n<div class=\"lee-article-text\">\n<p>Junto con otros, Merkley est\u00e1 luchando contra los esfuerzos para continuar canalizando recursos al ej\u00e9rcito de los EE. UU. y cuestionando si los fondos podr\u00edan gastarse mejor en otra parte.<\/p>\n<\/div>\n<div class=\"lee-article-text\">\n<p>\u201cLa seguridad nacional es muy importante, pero \u00bfestamos haciendo un trabajo rentable al respecto?\u201d pregunt\u00f3, se\u00f1alando que est\u00e1 previsto que se utilice un bill\u00f3n de d\u00f3lares en el redesarrollo de armas nucleares en los pr\u00f3ximos 20 a\u00f1os.<\/p>\n<\/div>\n<div class=\"lee-article-text\">\n<p>Merkley copatrocina con Bernie Sanders un proyecto de ley que pide una reducci\u00f3n 10% en el gasto militar \u201cporque creo que estamos retrocediendo como naci\u00f3n. Nuestras perspectivas para el futuro van a depender menos del tama\u00f1o de nuestro presupuesto militar que del tama\u00f1o de nuestro presupuesto de infraestructura y nuestro presupuesto de educaci\u00f3n y un sistema de salud rentable\u201d.<\/p>\n<div class=\"lee-article-text\">\n<p>Merkley abre regularmente sus ayuntamientos reconociendo a quienes realizan un trabajo importante para las comunidades.<\/p>\n<\/div>\n<div class=\"lee-article-text\">\n<p>Lo hizo el mi\u00e9rcoles destacando a Casa Latinos Unidos e invitando a hablar a Claudia Torres, su directora ejecutiva.<\/p>\n<\/div>\n<div class=\"lee-article-text\">\n<p>Casa Latinos Unidos ofrece educaci\u00f3n, vivienda y servicios legales a latinos, as\u00ed como capacitaci\u00f3n en liderazgo y eventos especiales. El grupo estableci\u00f3 un fondo pand\u00e9mico de emergencia para ayudar a las familias que no calificaron para los cheques de desempleo o de est\u00edmulo y que no han podido regresar a los niveles de empleo anteriores.<\/p>\n<\/p>\n<\/div>\n<\/div>\n<\/div>\n<\/div>","protected":false},"excerpt":{"rendered":"<p>Concerns about healthcare and effects of the coronavirus were the primary topics of discussion Wednesday morning during U.S. Sen. Jeff Merkley&rsquo;s virtual town hall meeting with Benton County residents. In a wide-ranging, one-hour question-and-answer session, the Oregon senator first turned his attention to the local impact of COVID-19 before he returns to the Senate next [&hellip;]<\/p>\n","protected":false},"author":2,"featured_media":0,"comment_status":"closed","ping_status":"closed","sticky":false,"template":"","format":"standard","meta":{"_acf_changed":false,"inline_featured_image":false,"footnotes":""},"categories":[26],"tags":[],"class_list":["post-3244","post","type-post","status-publish","format-standard","hentry","category-in-the-news"],"acf":[],"yoast_head":"<!-- This site is optimized with the Yoast SEO plugin v27.2 - https:\/\/yoast.com\/product\/yoast-seo-wordpress\/ -->\n<title>Merkley focuses on healthcare, coronavirus in Benton County town hall - Merkley<\/title>\n<meta name=\"robots\" content=\"index, follow, max-snippet:-1, max-image-preview:large, max-video-preview:-1\" \/>\n<link rel=\"canonical\" href=\"https:\/\/www.merkley.senate.gov\/es\/merkley-focuses-on-healthcare-coronavirus-in-benton-county-town-hall\/\" \/>\n<meta property=\"og:locale\" content=\"es_MX\" \/>\n<meta property=\"og:type\" content=\"article\" \/>\n<meta property=\"og:title\" content=\"Merkley focuses on healthcare, coronavirus in Benton County town hall - Merkley\" \/>\n<meta property=\"og:description\" content=\"Concerns about healthcare and effects of the coronavirus were the primary topics of discussion Wednesday morning during U.S. Sen. Jeff Merkley&rsquo;s virtual town hall meeting with Benton County residents. In a wide-ranging, one-hour question-and-answer session, the Oregon senator first turned his attention to the local impact of COVID-19 before he returns to the Senate next [&hellip;]\" \/>\n<meta property=\"og:url\" content=\"https:\/\/www.merkley.senate.gov\/es\/merkley-focuses-on-healthcare-coronavirus-in-benton-county-town-hall\/\" \/>\n<meta property=\"og:site_name\" content=\"Merkley\" \/>\n<meta property=\"article:published_time\" content=\"2020-07-15T04:00:00+00:00\" \/>\n<meta property=\"article:modified_time\" content=\"2023-07-24T15:06:31+00:00\" \/>\n<meta name=\"twitter:card\" content=\"summary_large_image\" \/>\n<meta name=\"twitter:label1\" content=\"Written by\" \/>\n\t<meta name=\"twitter:data1\" content=\"\" \/>\n\t<meta name=\"twitter:label2\" content=\"Est. reading time\" \/>\n\t<meta name=\"twitter:data2\" content=\"4 minutes\" \/>\n<script type=\"application\/ld+json\" class=\"yoast-schema-graph\">{\"@context\":\"https:\/\/schema.org\",\"@graph\":[{\"@type\":\"Article\",\"@id\":\"https:\/\/www.merkley.senate.gov\/es\/merkley-focuses-on-healthcare-coronavirus-in-benton-county-town-hall\/#article\",\"isPartOf\":{\"@id\":\"https:\/\/www.merkley.senate.gov\/es\/merkley-focuses-on-healthcare-coronavirus-in-benton-county-town-hall\/\"},\"author\":{\"name\":\"\",\"@id\":\"\"},\"headline\":\"Merkley focuses on healthcare, coronavirus in Benton County town hall\",\"datePublished\":\"2020-07-15T04:00:00+00:00\",\"dateModified\":\"2023-07-24T15:06:31+00:00\",\"mainEntityOfPage\":{\"@id\":\"https:\/\/www.merkley.senate.gov\/es\/merkley-focuses-on-healthcare-coronavirus-in-benton-county-town-hall\/\"},\"wordCount\":797,\"articleSection\":[\"In the News\"],\"inLanguage\":\"es-MX\"},{\"@type\":\"WebPage\",\"@id\":\"https:\/\/www.merkley.senate.gov\/es\/merkley-focuses-on-healthcare-coronavirus-in-benton-county-town-hall\/\",\"url\":\"https:\/\/www.merkley.senate.gov\/es\/merkley-focuses-on-healthcare-coronavirus-in-benton-county-town-hall\/\",\"name\":\"Merkley focuses on healthcare, coronavirus in Benton County town hall - Merkley\",\"isPartOf\":{\"@id\":\"https:\/\/www.merkley.senate.gov\/#website\"},\"datePublished\":\"2020-07-15T04:00:00+00:00\",\"dateModified\":\"2023-07-24T15:06:31+00:00\",\"author\":{\"@id\":\"\"},\"breadcrumb\":{\"@id\":\"https:\/\/www.merkley.senate.gov\/es\/merkley-focuses-on-healthcare-coronavirus-in-benton-county-town-hall\/#breadcrumb\"},\"inLanguage\":\"es-MX\",\"potentialAction\":[{\"@type\":\"ReadAction\",\"target\":[\"https:\/\/www.merkley.senate.gov\/es\/merkley-focuses-on-healthcare-coronavirus-in-benton-county-town-hall\/\"]}]},{\"@type\":\"BreadcrumbList\",\"@id\":\"https:\/\/www.merkley.senate.gov\/es\/merkley-focuses-on-healthcare-coronavirus-in-benton-county-town-hall\/#breadcrumb\",\"itemListElement\":[{\"@type\":\"ListItem\",\"position\":1,\"name\":\"Home\",\"item\":\"https:\/\/www.merkley.senate.gov\/\"},{\"@type\":\"ListItem\",\"position\":2,\"name\":\"Merkley focuses on healthcare, coronavirus in Benton County town hall\"}]},{\"@type\":\"WebSite\",\"@id\":\"https:\/\/www.merkley.senate.gov\/#website\",\"url\":\"https:\/\/www.merkley.senate.gov\/\",\"name\":\"Merkley\",\"description\":\"Merkley\",\"potentialAction\":[{\"@type\":\"SearchAction\",\"target\":{\"@type\":\"EntryPoint\",\"urlTemplate\":\"https:\/\/www.merkley.senate.gov\/?s={search_term_string}\"},\"query-input\":{\"@type\":\"PropertyValueSpecification\",\"valueRequired\":true,\"valueName\":\"search_term_string\"}}],\"inLanguage\":\"es-MX\"},{\"@type\":\"Person\",\"@id\":\"\",\"url\":\"https:\/\/www.merkley.senate.gov\/es\/author\/\"}]}<\/script>\n<!-- \/ Yoast SEO plugin. -->","yoast_head_json":{"title":"Merkley focuses on healthcare, coronavirus in Benton County town hall - Merkley","robots":{"index":"index","follow":"follow","max-snippet":"max-snippet:-1","max-image-preview":"max-image-preview:large","max-video-preview":"max-video-preview:-1"},"canonical":"https:\/\/www.merkley.senate.gov\/es\/merkley-focuses-on-healthcare-coronavirus-in-benton-county-town-hall\/","og_locale":"es_MX","og_type":"article","og_title":"Merkley focuses on healthcare, coronavirus in Benton County town hall - Merkley","og_description":"Concerns about healthcare and effects of the coronavirus were the primary topics of discussion Wednesday morning during U.S. Sen. Jeff Merkley&rsquo;s virtual town hall meeting with Benton County residents. In a wide-ranging, one-hour question-and-answer session, the Oregon senator first turned his attention to the local impact of COVID-19 before he returns to the Senate next [&hellip;]","og_url":"https:\/\/www.merkley.senate.gov\/es\/merkley-focuses-on-healthcare-coronavirus-in-benton-county-town-hall\/","og_site_name":"Merkley","article_published_time":"2020-07-15T04:00:00+00:00","article_modified_time":"2023-07-24T15:06:31+00:00","twitter_card":"summary_large_image","twitter_misc":{"Written by":"","Est. reading time":"4 minutes"},"schema":{"@context":"https:\/\/schema.org","@graph":[{"@type":"Article","@id":"https:\/\/www.merkley.senate.gov\/es\/merkley-focuses-on-healthcare-coronavirus-in-benton-county-town-hall\/#article","isPartOf":{"@id":"https:\/\/www.merkley.senate.gov\/es\/merkley-focuses-on-healthcare-coronavirus-in-benton-county-town-hall\/"},"author":{"name":"","@id":""},"headline":"Merkley focuses on healthcare, coronavirus in Benton County town hall","datePublished":"2020-07-15T04:00:00+00:00","dateModified":"2023-07-24T15:06:31+00:00","mainEntityOfPage":{"@id":"https:\/\/www.merkley.senate.gov\/es\/merkley-focuses-on-healthcare-coronavirus-in-benton-county-town-hall\/"},"wordCount":797,"articleSection":["In the News"],"inLanguage":"es-MX"},{"@type":"WebPage","@id":"https:\/\/www.merkley.senate.gov\/es\/merkley-focuses-on-healthcare-coronavirus-in-benton-county-town-hall\/","url":"https:\/\/www.merkley.senate.gov\/es\/merkley-focuses-on-healthcare-coronavirus-in-benton-county-town-hall\/","name":"Merkley focuses on healthcare, coronavirus in Benton County town hall - Merkley","isPartOf":{"@id":"https:\/\/www.merkley.senate.gov\/#website"},"datePublished":"2020-07-15T04:00:00+00:00","dateModified":"2023-07-24T15:06:31+00:00","author":{"@id":""},"breadcrumb":{"@id":"https:\/\/www.merkley.senate.gov\/es\/merkley-focuses-on-healthcare-coronavirus-in-benton-county-town-hall\/#breadcrumb"},"inLanguage":"es-MX","potentialAction":[{"@type":"ReadAction","target":["https:\/\/www.merkley.senate.gov\/es\/merkley-focuses-on-healthcare-coronavirus-in-benton-county-town-hall\/"]}]},{"@type":"BreadcrumbList","@id":"https:\/\/www.merkley.senate.gov\/es\/merkley-focuses-on-healthcare-coronavirus-in-benton-county-town-hall\/#breadcrumb","itemListElement":[{"@type":"ListItem","position":1,"name":"Home","item":"https:\/\/www.merkley.senate.gov\/"},{"@type":"ListItem","position":2,"name":"Merkley focuses on healthcare, coronavirus in Benton County town hall"}]},{"@type":"WebSite","@id":"https:\/\/www.merkley.senate.gov\/#website","url":"https:\/\/www.merkley.senate.gov\/","name":"merkley","description":"merkley","potentialAction":[{"@type":"SearchAction","target":{"@type":"EntryPoint","urlTemplate":"https:\/\/www.merkley.senate.gov\/?s={search_term_string}"},"query-input":{"@type":"PropertyValueSpecification","valueRequired":true,"valueName":"search_term_string"}}],"inLanguage":"es-MX"},{"@type":"Person","@id":"","url":"https:\/\/www.merkley.senate.gov\/es\/author\/"}]}},"_links":{"self":[{"href":"https:\/\/www.merkley.senate.gov\/es\/wp-json\/wp\/v2\/posts\/3244","targetHints":{"allow":["GET"]}}],"collection":[{"href":"https:\/\/www.merkley.senate.gov\/es\/wp-json\/wp\/v2\/posts"}],"about":[{"href":"https:\/\/www.merkley.senate.gov\/es\/wp-json\/wp\/v2\/types\/post"}],"author":[{"embeddable":true,"href":"https:\/\/www.merkley.senate.gov\/es\/wp-json\/wp\/v2\/users\/2"}],"replies":[{"embeddable":true,"href":"https:\/\/www.merkley.senate.gov\/es\/wp-json\/wp\/v2\/comments?post=3244"}],"version-history":[{"count":1,"href":"https:\/\/www.merkley.senate.gov\/es\/wp-json\/wp\/v2\/posts\/3244\/revisions"}],"predecessor-version":[{"id":12619,"href":"https:\/\/www.merkley.senate.gov\/es\/wp-json\/wp\/v2\/posts\/3244\/revisions\/12619"}],"wp:attachment":[{"href":"https:\/\/www.merkley.senate.gov\/es\/wp-json\/wp\/v2\/media?parent=3244"}],"wp:term":[{"taxonomy":"category","embeddable":true,"href":"https:\/\/www.merkley.senate.gov\/es\/wp-json\/wp\/v2\/categories?post=3244"},{"taxonomy":"post_tag","embeddable":true,"href":"https:\/\/www.merkley.senate.gov\/es\/wp-json\/wp\/v2\/tags?post=3244"}],"curies":[{"name":"wp","href":"https:\/\/api.w.org\/{rel}","templated":true}]}}