{"id":3307,"date":"2020-06-17T12:33:00","date_gmt":"2020-06-17T16:33:00","guid":{"rendered":"https:\/\/www.merkley.senate.gov\/merkley-announces-start-of-service-academy-nomination-process\/"},"modified":"2023-07-24T11:06:36","modified_gmt":"2023-07-24T15:06:36","slug":"merkley-announces-start-of-service-academy-nomination-process","status":"publish","type":"post","link":"https:\/\/www.merkley.senate.gov\/es\/merkley-announces-start-of-service-academy-nomination-process\/","title":{"rendered":"Merkley anuncia el inicio del proceso de nominaci\u00f3n de la Academia de Servicio"},"content":{"rendered":"<p>WASHINGTON, D.C. &mdash; Oregon&rsquo;s U.S. Senator Jeff Merkley has begun the process for nominating young Oregonians to the U.S. Air Force Academy, U.S. Naval Academy, U.S. Military Academy at West Point, and the U.S. Merchant Marine Academy for an appointment to the Class of 2025.<\/p>\n<blockquote>\n<p>&ldquo;It&rsquo;s a privilege to be able to help students who are looking to dedicate themselves in service to their fellow citizens,&rdquo; <b>merkley dijo<\/b>. &ldquo;Each year, I look forward to nominating some of the finest young Oregonians from communities all across our state for possible admission to one of the United States Service Academies.&rdquo;<\/p>\n<\/blockquote>\n<p>Los candidatos para una nominaci\u00f3n al Congreso deben ser residentes de Oreg\u00f3n y ciudadanos estadounidenses; tener al menos 17 a\u00f1os y no m\u00e1s de 23 a\u00f1os antes del 1 de julio del a\u00f1o de admisi\u00f3n; soltero sin hijos ni dependientes; y capaz de cumplir con altos est\u00e1ndares de liderazgo, acad\u00e9micos, f\u00edsicos y m\u00e9dicos. Para la Academia de la Marina Mercante, el l\u00edmite m\u00e1ximo de edad es de 25 a\u00f1os. La Academia de la Guardia Costera no requiere una nominaci\u00f3n del Congreso. Las personas que est\u00e9n interesadas en postularse para la Academia de la Guardia Costera deben usar su proceso en l\u00ednea en&nbsp;<a href=\"https:\/\/www.uscga.edu\/admissions\/\">https:\/\/www.uscga.edu\/admissions\/<\/a>.<\/p>\n<p>Last year, Merkley had the honor of nominating 12 Oregonians from across the state who accepted appointments to one of the four academies for the Class of 2024.<\/p>\n<p>Para garantizar que las nominaciones a las academias de servicio se basen en el m\u00e9rito y que todos los solicitantes tengan una oportunidad justa de competir por las vacantes disponibles, Merkley utiliza un Comit\u00e9 de recomendaci\u00f3n de academias de servicio compuesto por ex alumnos de la Academia de servicio de comunidades de Oreg\u00f3n. &nbsp;<\/p>\n<p>Individuals who wish to compete for nomination and admission to one of the United States Service Academies should first apply directly to the Service Academies they are interested in attending. They should then apply for nomination by Senator Merkley by setting up an online account at the below link. All required application items must be submitted online on or before 8:59 p.m. Pacific Standard Time, November 1, 2020. The online application can be accessed through Senator Merkley&rsquo;s website at:&nbsp;<a href=\"https:\/\/www.merkley.senate.gov\/es\/services\/students\/academy\/\">https:\/\/www.merkley.senate.gov\/services\/students\/academy<\/a>.<\/p>\n<p>Potential applicants should call 503-326-2906 if they have questions.<\/p>","protected":false},"excerpt":{"rendered":"<p>WASHINGTON, D.C. &mdash; Oregon&rsquo;s U.S. Senator Jeff Merkley has begun the process for nominating young Oregonians to the U.S. Air Force Academy, U.S. Naval Academy, U.S. Military Academy at West Point, and the U.S. Merchant Marine Academy for an appointment to the Class of 2025. &ldquo;It&rsquo;s a privilege to be able to help students who [&hellip;]<\/p>\n","protected":false},"author":2,"featured_media":0,"comment_status":"closed","ping_status":"closed","sticky":false,"template":"","format":"standard","meta":{"_acf_changed":false,"inline_featured_image":false,"footnotes":""},"categories":[24],"tags":[],"class_list":["post-3307","post","type-post","status-publish","format-standard","hentry","category-press-releases"],"acf":[],"yoast_head":"<!-- This site is optimized with the Yoast SEO plugin v27.2 - https:\/\/yoast.com\/product\/yoast-seo-wordpress\/ -->\n<title>Merkley Announces Start of Service Academy Nomination Process - Merkley<\/title>\n<meta name=\"robots\" content=\"index, follow, max-snippet:-1, max-image-preview:large, max-video-preview:-1\" \/>\n<link rel=\"canonical\" href=\"https:\/\/www.merkley.senate.gov\/es\/merkley-announces-start-of-service-academy-nomination-process\/\" \/>\n<meta property=\"og:locale\" content=\"es_MX\" \/>\n<meta property=\"og:type\" content=\"article\" \/>\n<meta property=\"og:title\" content=\"Merkley Announces Start of Service Academy Nomination Process - Merkley\" \/>\n<meta property=\"og:description\" content=\"WASHINGTON, D.C. &mdash; Oregon&rsquo;s U.S. Senator Jeff Merkley has begun the process for nominating young Oregonians to the U.S. Air Force Academy, U.S. Naval Academy, U.S. Military Academy at West Point, and the U.S. Merchant Marine Academy for an appointment to the Class of 2025. &ldquo;It&rsquo;s a privilege to be able to help students who [&hellip;]\" \/>\n<meta property=\"og:url\" content=\"https:\/\/www.merkley.senate.gov\/es\/merkley-announces-start-of-service-academy-nomination-process\/\" \/>\n<meta property=\"og:site_name\" content=\"Merkley\" \/>\n<meta property=\"article:published_time\" content=\"2020-06-17T16:33:00+00:00\" \/>\n<meta property=\"article:modified_time\" content=\"2023-07-24T15:06:36+00:00\" \/>\n<meta name=\"twitter:card\" content=\"summary_large_image\" \/>\n<meta name=\"twitter:label1\" content=\"Written by\" \/>\n\t<meta name=\"twitter:data1\" content=\"\" \/>\n\t<meta name=\"twitter:label2\" content=\"Est. reading time\" \/>\n\t<meta name=\"twitter:data2\" content=\"2 minutes\" \/>\n<script type=\"application\/ld+json\" class=\"yoast-schema-graph\">{\"@context\":\"https:\/\/schema.org\",\"@graph\":[{\"@type\":\"Article\",\"@id\":\"https:\/\/www.merkley.senate.gov\/merkley-announces-start-of-service-academy-nomination-process\/#article\",\"isPartOf\":{\"@id\":\"https:\/\/www.merkley.senate.gov\/merkley-announces-start-of-service-academy-nomination-process\/\"},\"author\":{\"name\":\"\",\"@id\":\"\"},\"headline\":\"Merkley Announces Start of Service Academy Nomination Process\",\"datePublished\":\"2020-06-17T16:33:00+00:00\",\"dateModified\":\"2023-07-24T15:06:36+00:00\",\"mainEntityOfPage\":{\"@id\":\"https:\/\/www.merkley.senate.gov\/merkley-announces-start-of-service-academy-nomination-process\/\"},\"wordCount\":380,\"articleSection\":[\"Press Releases\"],\"inLanguage\":\"es-MX\"},{\"@type\":\"WebPage\",\"@id\":\"https:\/\/www.merkley.senate.gov\/merkley-announces-start-of-service-academy-nomination-process\/\",\"url\":\"https:\/\/www.merkley.senate.gov\/merkley-announces-start-of-service-academy-nomination-process\/\",\"name\":\"Merkley Announces Start of Service Academy Nomination Process - Merkley\",\"isPartOf\":{\"@id\":\"https:\/\/www.merkley.senate.gov\/#website\"},\"datePublished\":\"2020-06-17T16:33:00+00:00\",\"dateModified\":\"2023-07-24T15:06:36+00:00\",\"author\":{\"@id\":\"\"},\"breadcrumb\":{\"@id\":\"https:\/\/www.merkley.senate.gov\/merkley-announces-start-of-service-academy-nomination-process\/#breadcrumb\"},\"inLanguage\":\"es-MX\",\"potentialAction\":[{\"@type\":\"ReadAction\",\"target\":[\"https:\/\/www.merkley.senate.gov\/merkley-announces-start-of-service-academy-nomination-process\/\"]}]},{\"@type\":\"BreadcrumbList\",\"@id\":\"https:\/\/www.merkley.senate.gov\/merkley-announces-start-of-service-academy-nomination-process\/#breadcrumb\",\"itemListElement\":[{\"@type\":\"ListItem\",\"position\":1,\"name\":\"Home\",\"item\":\"https:\/\/www.merkley.senate.gov\/\"},{\"@type\":\"ListItem\",\"position\":2,\"name\":\"Merkley Announces Start of Service Academy Nomination Process\"}]},{\"@type\":\"WebSite\",\"@id\":\"https:\/\/www.merkley.senate.gov\/#website\",\"url\":\"https:\/\/www.merkley.senate.gov\/\",\"name\":\"Merkley\",\"description\":\"Merkley\",\"potentialAction\":[{\"@type\":\"SearchAction\",\"target\":{\"@type\":\"EntryPoint\",\"urlTemplate\":\"https:\/\/www.merkley.senate.gov\/?s={search_term_string}\"},\"query-input\":{\"@type\":\"PropertyValueSpecification\",\"valueRequired\":true,\"valueName\":\"search_term_string\"}}],\"inLanguage\":\"es-MX\"},{\"@type\":\"Person\",\"@id\":\"\",\"url\":\"https:\/\/www.merkley.senate.gov\/es\/author\/\"}]}<\/script>\n<!-- \/ Yoast SEO plugin. -->","yoast_head_json":{"title":"Merkley Announces Start of Service Academy Nomination Process - Merkley","robots":{"index":"index","follow":"follow","max-snippet":"max-snippet:-1","max-image-preview":"max-image-preview:large","max-video-preview":"max-video-preview:-1"},"canonical":"https:\/\/www.merkley.senate.gov\/es\/merkley-announces-start-of-service-academy-nomination-process\/","og_locale":"es_MX","og_type":"article","og_title":"Merkley Announces Start of Service Academy Nomination Process - Merkley","og_description":"WASHINGTON, D.C. &mdash; Oregon&rsquo;s U.S. Senator Jeff Merkley has begun the process for nominating young Oregonians to the U.S. Air Force Academy, U.S. Naval Academy, U.S. Military Academy at West Point, and the U.S. Merchant Marine Academy for an appointment to the Class of 2025. &ldquo;It&rsquo;s a privilege to be able to help students who [&hellip;]","og_url":"https:\/\/www.merkley.senate.gov\/es\/merkley-announces-start-of-service-academy-nomination-process\/","og_site_name":"Merkley","article_published_time":"2020-06-17T16:33:00+00:00","article_modified_time":"2023-07-24T15:06:36+00:00","twitter_card":"summary_large_image","twitter_misc":{"Written by":"","Est. reading time":"2 minutes"},"schema":{"@context":"https:\/\/schema.org","@graph":[{"@type":"Article","@id":"https:\/\/www.merkley.senate.gov\/merkley-announces-start-of-service-academy-nomination-process\/#article","isPartOf":{"@id":"https:\/\/www.merkley.senate.gov\/merkley-announces-start-of-service-academy-nomination-process\/"},"author":{"name":"","@id":""},"headline":"Merkley Announces Start of Service Academy Nomination Process","datePublished":"2020-06-17T16:33:00+00:00","dateModified":"2023-07-24T15:06:36+00:00","mainEntityOfPage":{"@id":"https:\/\/www.merkley.senate.gov\/merkley-announces-start-of-service-academy-nomination-process\/"},"wordCount":380,"articleSection":["Press Releases"],"inLanguage":"es-MX"},{"@type":"WebPage","@id":"https:\/\/www.merkley.senate.gov\/merkley-announces-start-of-service-academy-nomination-process\/","url":"https:\/\/www.merkley.senate.gov\/merkley-announces-start-of-service-academy-nomination-process\/","name":"Merkley Announces Start of Service Academy Nomination Process - Merkley","isPartOf":{"@id":"https:\/\/www.merkley.senate.gov\/#website"},"datePublished":"2020-06-17T16:33:00+00:00","dateModified":"2023-07-24T15:06:36+00:00","author":{"@id":""},"breadcrumb":{"@id":"https:\/\/www.merkley.senate.gov\/merkley-announces-start-of-service-academy-nomination-process\/#breadcrumb"},"inLanguage":"es-MX","potentialAction":[{"@type":"ReadAction","target":["https:\/\/www.merkley.senate.gov\/merkley-announces-start-of-service-academy-nomination-process\/"]}]},{"@type":"BreadcrumbList","@id":"https:\/\/www.merkley.senate.gov\/merkley-announces-start-of-service-academy-nomination-process\/#breadcrumb","itemListElement":[{"@type":"ListItem","position":1,"name":"Home","item":"https:\/\/www.merkley.senate.gov\/"},{"@type":"ListItem","position":2,"name":"Merkley Announces Start of Service Academy Nomination Process"}]},{"@type":"WebSite","@id":"https:\/\/www.merkley.senate.gov\/#website","url":"https:\/\/www.merkley.senate.gov\/","name":"merkley","description":"merkley","potentialAction":[{"@type":"SearchAction","target":{"@type":"EntryPoint","urlTemplate":"https:\/\/www.merkley.senate.gov\/?s={search_term_string}"},"query-input":{"@type":"PropertyValueSpecification","valueRequired":true,"valueName":"search_term_string"}}],"inLanguage":"es-MX"},{"@type":"Person","@id":"","url":"https:\/\/www.merkley.senate.gov\/es\/author\/"}]}},"_links":{"self":[{"href":"https:\/\/www.merkley.senate.gov\/es\/wp-json\/wp\/v2\/posts\/3307","targetHints":{"allow":["GET"]}}],"collection":[{"href":"https:\/\/www.merkley.senate.gov\/es\/wp-json\/wp\/v2\/posts"}],"about":[{"href":"https:\/\/www.merkley.senate.gov\/es\/wp-json\/wp\/v2\/types\/post"}],"author":[{"embeddable":true,"href":"https:\/\/www.merkley.senate.gov\/es\/wp-json\/wp\/v2\/users\/2"}],"replies":[{"embeddable":true,"href":"https:\/\/www.merkley.senate.gov\/es\/wp-json\/wp\/v2\/comments?post=3307"}],"version-history":[{"count":1,"href":"https:\/\/www.merkley.senate.gov\/es\/wp-json\/wp\/v2\/posts\/3307\/revisions"}],"predecessor-version":[{"id":12682,"href":"https:\/\/www.merkley.senate.gov\/es\/wp-json\/wp\/v2\/posts\/3307\/revisions\/12682"}],"wp:attachment":[{"href":"https:\/\/www.merkley.senate.gov\/es\/wp-json\/wp\/v2\/media?parent=3307"}],"wp:term":[{"taxonomy":"category","embeddable":true,"href":"https:\/\/www.merkley.senate.gov\/es\/wp-json\/wp\/v2\/categories?post=3307"},{"taxonomy":"post_tag","embeddable":true,"href":"https:\/\/www.merkley.senate.gov\/es\/wp-json\/wp\/v2\/tags?post=3307"}],"curies":[{"name":"wp","href":"https:\/\/api.w.org\/{rel}","templated":true}]}}