{"id":3556,"date":"2020-03-30T10:31:00","date_gmt":"2020-03-30T14:31:00","guid":{"rendered":"https:\/\/www.merkley.senate.gov\/merkley-launches-second-covid-19-resource-page-for-oregon-small-businesses-2020\/"},"modified":"2023-07-24T11:06:56","modified_gmt":"2023-07-24T15:06:56","slug":"merkley-launches-second-covid-19-resource-page-for-oregon-small-businesses-2020","status":"publish","type":"post","link":"https:\/\/www.merkley.senate.gov\/es\/merkley-launches-second-covid-19-resource-page-for-oregon-small-businesses-2020\/","title":{"rendered":"Merkley lanza la segunda p\u00e1gina de recursos de COVID-19 para las peque\u00f1as empresas de Oreg\u00f3n"},"content":{"rendered":"<p>Oregon&rsquo;s U.S. Senator Jeff Merkley today launched a new coronavirus resource webpage to provide guidance specific to small business owners, 501(c)(3)s, and self-employed Oregonians.<\/p>\n<p>&ldquo;Oregon&rsquo;s small businesses have long been the lifeblood of our economy, and I&rsquo;m going to keep fighting for them&mdash;and the families they support&mdash;as we get through these tumultuous times,&rdquo; said Merkley. &ldquo;That means I&rsquo;ve been pushing not only to free up resources for our businesses, but also to make sure those opportunities are easily accessible. This webpage is a critical tool that will help businesses across Oregon familiarize themselves with assistance options, so they can get the help they need and deserve.&rdquo;<\/p>\n<p>A video of Senator Merkley discussing his newly launched economic relief hub is available here.<\/p>\n<p>la p\u00e1gina web,&nbsp;<a href=\"http:\/\/www.merkley.senate.gov\/es\/mainstreet\/\">http:\/\/www.merkley.senate.gov\/mainstreet<\/a>, detalla informaci\u00f3n sobre los nuevos programas de rescate incluidos en los proyectos de ley de alivio reci\u00e9n aprobados, como $349 mil millones en pr\u00e9stamos condonables a trav\u00e9s del Programa de Protecci\u00f3n de Cheques de Pago; $10 mil millones para pr\u00e9stamos por desastre por da\u00f1os econ\u00f3micos de la Administraci\u00f3n de Peque\u00f1as Empresas (SBA); $17 mil millones para la SBA para cubrir seis meses de pagos para peque\u00f1as empresas con pr\u00e9stamos existentes de la SBA; un cr\u00e9dito fiscal por retenci\u00f3n de empleados; y reembolso para empresas con menos de 500 empleados por licencia pagada por enfermedad y licencia por cuidado de ni\u00f1os.<\/p>\n<p>Adem\u00e1s, la p\u00e1gina web recopila informaci\u00f3n de una variedad de agencias federales sobre recursos y oportunidades disponibles para ayudar a las empresas de Oreg\u00f3n a sobrellevar las consecuencias econ\u00f3micas de la pandemia. A medida que los detalles sobre los nuevos programas est\u00e9n disponibles en las pr\u00f3ximas semanas, el Senador Merkley y su personal continuar\u00e1n actualizando la p\u00e1gina para brindar orientaci\u00f3n actualizada sobre c\u00f3mo acceder a los programas de ayuda que estar\u00e1n disponibles para ayudar a las peque\u00f1as empresas y organizaciones sin fines de lucro. la crisis del coronavirus.<\/p>\n<p>Throughout Congress&rsquo; coronavirus pandemic response efforts, Senator Merkley has been a consistent advocate for small business owners and employees throughout Oregon. Previously, Merkley fought alongside the Oregon delegation to support Governor Brown&rsquo;s request for an economic disaster declaration from the SBA. The SBA ultimately granted the request, freeing up critical resources for Oregonians.<\/p>\n<p>Merkley tambi\u00e9n propuso un programa integral de subvenciones para peque\u00f1as empresas, una iniciativa que se reflej\u00f3 en el paquete de ayuda econ\u00f3mica que el Senado aprob\u00f3 el 25 de marzo.<\/p>\n<p>The launch of the business webpage follows the creation of the Senator&rsquo;s first coronavirus resource page, which is still being updated with resources and guidance on slowing the spread of the virus and protecting Oregon&rsquo;s most vulnerable populations from the illness.<\/p>\n<p>Las empresas que deseen comunicarse con la oficina del Senador Merkley para obtener ayuda deben llamar al 503-326-3386.<\/p>","protected":false},"excerpt":{"rendered":"<p>Oregon&rsquo;s U.S. Senator Jeff Merkley today launched a new coronavirus resource webpage to provide guidance specific to small business owners, 501(c)(3)s, and self-employed Oregonians. &ldquo;Oregon&rsquo;s small businesses have long been the lifeblood of our economy, and I&rsquo;m going to keep fighting for them&mdash;and the families they support&mdash;as we get through these tumultuous times,&rdquo; said Merkley. [&hellip;]<\/p>\n","protected":false},"author":2,"featured_media":0,"comment_status":"closed","ping_status":"closed","sticky":false,"template":"","format":"standard","meta":{"_acf_changed":false,"inline_featured_image":false,"footnotes":""},"categories":[26],"tags":[],"class_list":["post-3556","post","type-post","status-publish","format-standard","hentry","category-in-the-news"],"acf":[],"yoast_head":"<!-- This site is optimized with the Yoast SEO plugin v27.2 - https:\/\/yoast.com\/product\/yoast-seo-wordpress\/ -->\n<title>Merkley launches second COVID-19 resource page for Oregon Small Businesses - Merkley<\/title>\n<meta name=\"robots\" content=\"index, follow, max-snippet:-1, max-image-preview:large, max-video-preview:-1\" \/>\n<link rel=\"canonical\" href=\"https:\/\/www.merkley.senate.gov\/es\/merkley-launches-second-covid-19-resource-page-for-oregon-small-businesses-2020\/\" \/>\n<meta property=\"og:locale\" content=\"es_MX\" \/>\n<meta property=\"og:type\" content=\"article\" \/>\n<meta property=\"og:title\" content=\"Merkley launches second COVID-19 resource page for Oregon Small Businesses - Merkley\" \/>\n<meta property=\"og:description\" content=\"Oregon&rsquo;s U.S. Senator Jeff Merkley today launched a new coronavirus resource webpage to provide guidance specific to small business owners, 501(c)(3)s, and self-employed Oregonians. &ldquo;Oregon&rsquo;s small businesses have long been the lifeblood of our economy, and I&rsquo;m going to keep fighting for them&mdash;and the families they support&mdash;as we get through these tumultuous times,&rdquo; said Merkley. [&hellip;]\" \/>\n<meta property=\"og:url\" content=\"https:\/\/www.merkley.senate.gov\/es\/merkley-launches-second-covid-19-resource-page-for-oregon-small-businesses-2020\/\" \/>\n<meta property=\"og:site_name\" content=\"Merkley\" \/>\n<meta property=\"article:published_time\" content=\"2020-03-30T14:31:00+00:00\" \/>\n<meta property=\"article:modified_time\" content=\"2023-07-24T15:06:56+00:00\" \/>\n<meta name=\"twitter:card\" content=\"summary_large_image\" \/>\n<meta name=\"twitter:label1\" content=\"Written by\" \/>\n\t<meta name=\"twitter:data1\" content=\"\" \/>\n\t<meta name=\"twitter:label2\" content=\"Est. reading time\" \/>\n\t<meta name=\"twitter:data2\" content=\"2 minutes\" \/>\n<script type=\"application\/ld+json\" class=\"yoast-schema-graph\">{\"@context\":\"https:\/\/schema.org\",\"@graph\":[{\"@type\":\"Article\",\"@id\":\"https:\/\/www.merkley.senate.gov\/merkley-launches-second-covid-19-resource-page-for-oregon-small-businesses-2020\/#article\",\"isPartOf\":{\"@id\":\"https:\/\/www.merkley.senate.gov\/merkley-launches-second-covid-19-resource-page-for-oregon-small-businesses-2020\/\"},\"author\":{\"name\":\"\",\"@id\":\"\"},\"headline\":\"Merkley launches second COVID-19 resource page for Oregon Small Businesses\",\"datePublished\":\"2020-03-30T14:31:00+00:00\",\"dateModified\":\"2023-07-24T15:06:56+00:00\",\"mainEntityOfPage\":{\"@id\":\"https:\/\/www.merkley.senate.gov\/merkley-launches-second-covid-19-resource-page-for-oregon-small-businesses-2020\/\"},\"wordCount\":448,\"articleSection\":[\"In the News\"],\"inLanguage\":\"es-MX\"},{\"@type\":\"WebPage\",\"@id\":\"https:\/\/www.merkley.senate.gov\/merkley-launches-second-covid-19-resource-page-for-oregon-small-businesses-2020\/\",\"url\":\"https:\/\/www.merkley.senate.gov\/merkley-launches-second-covid-19-resource-page-for-oregon-small-businesses-2020\/\",\"name\":\"Merkley launches second COVID-19 resource page for Oregon Small Businesses - Merkley\",\"isPartOf\":{\"@id\":\"https:\/\/www.merkley.senate.gov\/#website\"},\"datePublished\":\"2020-03-30T14:31:00+00:00\",\"dateModified\":\"2023-07-24T15:06:56+00:00\",\"author\":{\"@id\":\"\"},\"breadcrumb\":{\"@id\":\"https:\/\/www.merkley.senate.gov\/merkley-launches-second-covid-19-resource-page-for-oregon-small-businesses-2020\/#breadcrumb\"},\"inLanguage\":\"es-MX\",\"potentialAction\":[{\"@type\":\"ReadAction\",\"target\":[\"https:\/\/www.merkley.senate.gov\/merkley-launches-second-covid-19-resource-page-for-oregon-small-businesses-2020\/\"]}]},{\"@type\":\"BreadcrumbList\",\"@id\":\"https:\/\/www.merkley.senate.gov\/merkley-launches-second-covid-19-resource-page-for-oregon-small-businesses-2020\/#breadcrumb\",\"itemListElement\":[{\"@type\":\"ListItem\",\"position\":1,\"name\":\"Home\",\"item\":\"https:\/\/www.merkley.senate.gov\/\"},{\"@type\":\"ListItem\",\"position\":2,\"name\":\"Merkley launches second COVID-19 resource page for Oregon Small Businesses\"}]},{\"@type\":\"WebSite\",\"@id\":\"https:\/\/www.merkley.senate.gov\/#website\",\"url\":\"https:\/\/www.merkley.senate.gov\/\",\"name\":\"Merkley\",\"description\":\"Merkley\",\"potentialAction\":[{\"@type\":\"SearchAction\",\"target\":{\"@type\":\"EntryPoint\",\"urlTemplate\":\"https:\/\/www.merkley.senate.gov\/?s={search_term_string}\"},\"query-input\":{\"@type\":\"PropertyValueSpecification\",\"valueRequired\":true,\"valueName\":\"search_term_string\"}}],\"inLanguage\":\"es-MX\"},{\"@type\":\"Person\",\"@id\":\"\",\"url\":\"https:\/\/www.merkley.senate.gov\/es\/author\/\"}]}<\/script>\n<!-- \/ Yoast SEO plugin. -->","yoast_head_json":{"title":"Merkley launches second COVID-19 resource page for Oregon Small Businesses - Merkley","robots":{"index":"index","follow":"follow","max-snippet":"max-snippet:-1","max-image-preview":"max-image-preview:large","max-video-preview":"max-video-preview:-1"},"canonical":"https:\/\/www.merkley.senate.gov\/es\/merkley-launches-second-covid-19-resource-page-for-oregon-small-businesses-2020\/","og_locale":"es_MX","og_type":"article","og_title":"Merkley launches second COVID-19 resource page for Oregon Small Businesses - Merkley","og_description":"Oregon&rsquo;s U.S. Senator Jeff Merkley today launched a new coronavirus resource webpage to provide guidance specific to small business owners, 501(c)(3)s, and self-employed Oregonians. &ldquo;Oregon&rsquo;s small businesses have long been the lifeblood of our economy, and I&rsquo;m going to keep fighting for them&mdash;and the families they support&mdash;as we get through these tumultuous times,&rdquo; said Merkley. [&hellip;]","og_url":"https:\/\/www.merkley.senate.gov\/es\/merkley-launches-second-covid-19-resource-page-for-oregon-small-businesses-2020\/","og_site_name":"Merkley","article_published_time":"2020-03-30T14:31:00+00:00","article_modified_time":"2023-07-24T15:06:56+00:00","twitter_card":"summary_large_image","twitter_misc":{"Written by":"","Est. reading time":"2 minutes"},"schema":{"@context":"https:\/\/schema.org","@graph":[{"@type":"Article","@id":"https:\/\/www.merkley.senate.gov\/merkley-launches-second-covid-19-resource-page-for-oregon-small-businesses-2020\/#article","isPartOf":{"@id":"https:\/\/www.merkley.senate.gov\/merkley-launches-second-covid-19-resource-page-for-oregon-small-businesses-2020\/"},"author":{"name":"","@id":""},"headline":"Merkley launches second COVID-19 resource page for Oregon Small Businesses","datePublished":"2020-03-30T14:31:00+00:00","dateModified":"2023-07-24T15:06:56+00:00","mainEntityOfPage":{"@id":"https:\/\/www.merkley.senate.gov\/merkley-launches-second-covid-19-resource-page-for-oregon-small-businesses-2020\/"},"wordCount":448,"articleSection":["In the News"],"inLanguage":"es-MX"},{"@type":"WebPage","@id":"https:\/\/www.merkley.senate.gov\/merkley-launches-second-covid-19-resource-page-for-oregon-small-businesses-2020\/","url":"https:\/\/www.merkley.senate.gov\/merkley-launches-second-covid-19-resource-page-for-oregon-small-businesses-2020\/","name":"Merkley launches second COVID-19 resource page for Oregon Small Businesses - Merkley","isPartOf":{"@id":"https:\/\/www.merkley.senate.gov\/#website"},"datePublished":"2020-03-30T14:31:00+00:00","dateModified":"2023-07-24T15:06:56+00:00","author":{"@id":""},"breadcrumb":{"@id":"https:\/\/www.merkley.senate.gov\/merkley-launches-second-covid-19-resource-page-for-oregon-small-businesses-2020\/#breadcrumb"},"inLanguage":"es-MX","potentialAction":[{"@type":"ReadAction","target":["https:\/\/www.merkley.senate.gov\/merkley-launches-second-covid-19-resource-page-for-oregon-small-businesses-2020\/"]}]},{"@type":"BreadcrumbList","@id":"https:\/\/www.merkley.senate.gov\/merkley-launches-second-covid-19-resource-page-for-oregon-small-businesses-2020\/#breadcrumb","itemListElement":[{"@type":"ListItem","position":1,"name":"Home","item":"https:\/\/www.merkley.senate.gov\/"},{"@type":"ListItem","position":2,"name":"Merkley launches second COVID-19 resource page for Oregon Small Businesses"}]},{"@type":"WebSite","@id":"https:\/\/www.merkley.senate.gov\/#website","url":"https:\/\/www.merkley.senate.gov\/","name":"merkley","description":"merkley","potentialAction":[{"@type":"SearchAction","target":{"@type":"EntryPoint","urlTemplate":"https:\/\/www.merkley.senate.gov\/?s={search_term_string}"},"query-input":{"@type":"PropertyValueSpecification","valueRequired":true,"valueName":"search_term_string"}}],"inLanguage":"es-MX"},{"@type":"Person","@id":"","url":"https:\/\/www.merkley.senate.gov\/es\/author\/"}]}},"_links":{"self":[{"href":"https:\/\/www.merkley.senate.gov\/es\/wp-json\/wp\/v2\/posts\/3556","targetHints":{"allow":["GET"]}}],"collection":[{"href":"https:\/\/www.merkley.senate.gov\/es\/wp-json\/wp\/v2\/posts"}],"about":[{"href":"https:\/\/www.merkley.senate.gov\/es\/wp-json\/wp\/v2\/types\/post"}],"author":[{"embeddable":true,"href":"https:\/\/www.merkley.senate.gov\/es\/wp-json\/wp\/v2\/users\/2"}],"replies":[{"embeddable":true,"href":"https:\/\/www.merkley.senate.gov\/es\/wp-json\/wp\/v2\/comments?post=3556"}],"version-history":[{"count":1,"href":"https:\/\/www.merkley.senate.gov\/es\/wp-json\/wp\/v2\/posts\/3556\/revisions"}],"predecessor-version":[{"id":12932,"href":"https:\/\/www.merkley.senate.gov\/es\/wp-json\/wp\/v2\/posts\/3556\/revisions\/12932"}],"wp:attachment":[{"href":"https:\/\/www.merkley.senate.gov\/es\/wp-json\/wp\/v2\/media?parent=3556"}],"wp:term":[{"taxonomy":"category","embeddable":true,"href":"https:\/\/www.merkley.senate.gov\/es\/wp-json\/wp\/v2\/categories?post=3556"},{"taxonomy":"post_tag","embeddable":true,"href":"https:\/\/www.merkley.senate.gov\/es\/wp-json\/wp\/v2\/tags?post=3556"}],"curies":[{"name":"wp","href":"https:\/\/api.w.org\/{rel}","templated":true}]}}