{"id":3667,"date":"2020-02-13T14:47:00","date_gmt":"2020-02-13T19:47:00","guid":{"rendered":"https:\/\/www.merkley.senate.gov\/merkley-to-hold-nine-town-halls-across-oregon-2020\/"},"modified":"2023-07-24T11:07:04","modified_gmt":"2023-07-24T15:07:04","slug":"merkley-to-hold-nine-town-halls-across-oregon-2020","status":"publish","type":"post","link":"https:\/\/www.merkley.senate.gov\/es\/merkley-to-hold-nine-town-halls-across-oregon-2020\/","title":{"rendered":"Merkley celebrar\u00e1 nueve ayuntamientos en Oreg\u00f3n"},"content":{"rendered":"<p>Portland, OR &ndash; Oregon&rsquo;s U.S. Senator Jeff Merkley next week will hold town halls in nine counties across Oregon. The town halls will be February 19 through 22, in Polk, Yamhill, Malheur, Baker, Wallowa, Union, Umatilla, Linn, and Lane counties.<\/p>\n<p>Actualizar\u00e1 a los electores sobre su trabajo en Washington, DC, responder\u00e1 sus preguntas e invitar\u00e1 sus sugerencias sobre c\u00f3mo abordar los desaf\u00edos que enfrentan Oreg\u00f3n y Estados Unidos.<\/p>\n<blockquote>\n<p>&ldquo;Hearing from Oregonians across the state is critical to doing my job,&rdquo; <b>dijo Merkley.<\/b> &ldquo;Whether it&rsquo;s helping communities recover from flooding, or supporting fuels reduction in wildfire-prone counties, or getting disaster aid for winegrowers and hazelnut orchards in the Willamette Valley, the ideas and priorities I hear about in town halls inform the solutions that I fight to get into federal law. I look forward to these discussions about how we can strengthen our state and our nation.&rdquo;<\/p>\n<\/blockquote>\n<p>Since joining the Senate in 2009, Merkley has held a town hall in each of Oregon&rsquo;s 36 counties every year. These town halls will be his 409th, 410th, 411th, 412th, 413th, 414th, 415th, 416th, and 417th as a U.S. Senator. Details are below.<\/p>\n<p>Please find town hall details below:<\/p>\n<p><strong>&nbsp;<\/strong><\/p>\n<p><strong><span style=\"text-decoration: underline;\">FEBRUARY 19, 2020<\/span><\/strong><\/p>\n<p><span style=\"text-decoration: underline;\"><b>Qu\u00e9:<\/b><\/span><\/p>\n<p>Ayuntamiento del condado de Polk<\/p>\n<p>&nbsp;<\/p>\n<p><span style=\"text-decoration: underline;\"><b>Cuando:<\/b><\/span><\/p>\n<p>Wednesday, Feb. 19, 2020<\/p>\n<p>13:00<\/p>\n<p>&nbsp;<\/p>\n<p><span style=\"text-decoration: underline;\"><b>D\u00f3nde:<\/b><\/span><\/p>\n<p>Centro Comunitario de Falls City, Sal\u00f3n Principal<\/p>\n<p>320 N. Main St.<\/p>\n<p>Falls City, OR, 97344<\/p>\n<p>#<\/p>\n<p>&nbsp;<\/p>\n<p><span style=\"text-decoration: underline;\"><b>Qu\u00e9:<\/b><\/span><\/p>\n<p>Ayuntamiento del condado de Yamhill<\/p>\n<p>&nbsp;<\/p>\n<p><span style=\"text-decoration: underline;\"><b>Cuando:<\/b><\/span><\/p>\n<p>Wednesday, Feb. 19, 2020<\/p>\n<p>16:00<\/p>\n<p>&nbsp;<\/p>\n<p><span style=\"text-decoration: underline;\"><b>D\u00f3nde:<\/b><\/span><\/p>\n<p>Escuela Secundaria Willamina, Cafeter\u00eda<\/p>\n<p>1100 NE Oaken Hills Drive #A<\/p>\n<p>Willamina, OR, 97396<\/p>\n<p>#<\/p>\n<p><strong>&nbsp;<\/strong><\/p>\n<p><strong><span style=\"text-decoration: underline;\">FEBRUARY 20, 2020<\/span><\/strong><\/p>\n<p><span style=\"text-decoration: underline;\"><b>Qu\u00e9:<\/b><\/span><\/p>\n<p>Ayuntamiento del condado de Malheur<\/p>\n<p>&nbsp;<\/p>\n<p><span style=\"text-decoration: underline;\"><b>Cuando:<\/b><\/span><\/p>\n<p>Thursday, Feb. 20, 2020<\/p>\n<p>1 p.m. Mountain Time<\/p>\n<p>&nbsp;<\/p>\n<p><span style=\"text-decoration: underline;\"><b>D\u00f3nde:<\/b><\/span><\/p>\n<p>Centro de la Tercera Edad de Vale<\/p>\n<p>100 Longfellow St. Sur<\/p>\n<p>Vale, OR, 97918<\/p>\n<p>#<\/p>\n<p>&nbsp;<\/p>\n<p><span style=\"text-decoration: underline;\"><b>Qu\u00e9:<\/b><\/span><\/p>\n<p>Ayuntamiento del condado de Baker<\/p>\n<p>&nbsp;<\/p>\n<p><span style=\"text-decoration: underline;\"><b>Cuando:<\/b><\/span><\/p>\n<p>Thursday, Feb. 20, 2020<\/p>\n<p>4:30 p.m. Pacific Time<\/p>\n<p>&nbsp;<\/p>\n<p><span style=\"text-decoration: underline;\"><b>D\u00f3nde:<\/b><\/span><\/p>\n<p>Community Connection-Baker, sal\u00f3n principal<\/p>\n<p>2810 calle cedro<\/p>\n<p>Baker City, OR, 97814<\/p>\n<p>#<\/p>\n<p><strong>&nbsp;<\/strong><\/p>\n<p><strong><span style=\"text-decoration: underline;\">FEBRUARY 21, 2020<\/span><\/strong><\/p>\n<p><span style=\"text-decoration: underline;\"><b>Qu\u00e9:<\/b><\/span><\/p>\n<p>Ayuntamiento del condado de Wallowa<\/p>\n<p>&nbsp;<\/p>\n<p><span style=\"text-decoration: underline;\"><b>Cuando:<\/b><\/span><\/p>\n<p>Friday, Feb. 21, 2020<\/p>\n<p>08:30 am<\/p>\n<p>&nbsp;<\/p>\n<p><span style=\"text-decoration: underline;\"><b>D\u00f3nde:<\/b><\/span><\/p>\n<p>Granja de Southfork<\/p>\n<p>Calle Rosewell 307<\/p>\n<p>Lostine, OR, 97857<\/p>\n<p>#<\/p>\n<p>&nbsp;<\/p>\n<p><span style=\"text-decoration: underline;\"><b>Qu\u00e9:<\/b><\/span><\/p>\n<p>Ayuntamiento del condado de Union<\/p>\n<p>&nbsp;<\/p>\n<p><span style=\"text-decoration: underline;\"><b>Cuando:<\/b><\/span><\/p>\n<p>Friday, Feb. 21, 2020<\/p>\n<p>11:30 am<\/p>\n<p>&nbsp;<\/p>\n<p><span style=\"text-decoration: underline;\"><b>D\u00f3nde:<\/b><\/span><\/p>\n<p>Centro Comunitario de Elgin<\/p>\n<p>260 N. 10<sup>el<\/sup> Calle.<\/p>\n<p>Elgin, OR, 97827<\/p>\n<p>#<\/p>\n<p>&nbsp;<\/p>\n<p><span style=\"text-decoration: underline;\"><b>Qu\u00e9:<\/b><\/span><\/p>\n<p>Ayuntamiento del condado de Umatilla<\/p>\n<p>&nbsp;<\/p>\n<p><span style=\"text-decoration: underline;\"><b>Cuando:<\/b><\/span><\/p>\n<p>Friday, Feb. 21, 2020<\/p>\n<p>17:00<\/p>\n<p>&nbsp;<\/p>\n<p><span style=\"text-decoration: underline;\"><b>D\u00f3nde:<\/b><\/span><\/p>\n<p>Centro de convenciones de Pendleton, edificio oeste<\/p>\n<p>1601 Puerta Oeste<\/p>\n<p>Pendleton, OR, 97801<\/p>\n<p>#<\/p>\n<p><strong>&nbsp;<\/strong><\/p>\n<p><strong><span style=\"text-decoration: underline;\">FEBRUARY 22, 2020<\/span><\/strong><\/p>\n<p><span style=\"text-decoration: underline;\"><b>Qu\u00e9:<\/b><\/span><\/p>\n<p>Ayuntamiento del condado de Linn<\/p>\n<p>&nbsp;<\/p>\n<p><span style=\"text-decoration: underline;\"><b>Cuando:<\/b><\/span><\/p>\n<p>Saturday, Feb. 22, 2020<\/p>\n<p>11:30 am<\/p>\n<p>&nbsp;<\/p>\n<p><span style=\"text-decoration: underline;\"><b>D\u00f3nde:<\/b><\/span><\/p>\n<p>Escuela Secundaria South Albany, Cafeter\u00eda<\/p>\n<p>3705 SE Col\u00f3n St.<\/p>\n<p>Albany, OR, 97322<\/p>\n<p>#<\/p>\n<p>&nbsp;<\/p>\n<p><span style=\"text-decoration: underline;\"><b>Qu\u00e9:<\/b><\/span><\/p>\n<p>Ayuntamiento del condado de Lane<\/p>\n<p>&nbsp;<\/p>\n<p><span style=\"text-decoration: underline;\"><b>Cuando:<\/b><\/span><\/p>\n<p>Saturday, Feb. 22, 2020<\/p>\n<p>5:30 pm<\/p>\n<p>&nbsp;<\/p>\n<p><span style=\"text-decoration: underline;\"><b>D\u00f3nde:<\/b><\/span><\/p>\n<p>Escuela Secundaria Churchill, Gimnasio<\/p>\n<p>Calle Bailey Hill 1850.<\/p>\n<p>Eugene, OR, 97405<\/p>","protected":false},"excerpt":{"rendered":"<p>Portland, OR &ndash; Oregon&rsquo;s U.S. Senator Jeff Merkley next week will hold town halls in nine counties across Oregon. The town halls will be February 19 through 22, in Polk, Yamhill, Malheur, Baker, Wallowa, Union, Umatilla, Linn, and Lane counties. He will update constituents on his work in Washington, D.C., and answer their questions and [&hellip;]<\/p>\n","protected":false},"author":2,"featured_media":0,"comment_status":"closed","ping_status":"closed","sticky":false,"template":"","format":"standard","meta":{"_acf_changed":false,"inline_featured_image":false,"footnotes":""},"categories":[24],"tags":[],"class_list":["post-3667","post","type-post","status-publish","format-standard","hentry","category-press-releases"],"acf":[],"yoast_head":"<!-- This site is optimized with the Yoast SEO plugin v27.2 - https:\/\/yoast.com\/product\/yoast-seo-wordpress\/ -->\n<title>Merkley to Hold Nine Town Halls Across Oregon - Merkley<\/title>\n<meta name=\"robots\" content=\"index, follow, max-snippet:-1, max-image-preview:large, max-video-preview:-1\" \/>\n<link rel=\"canonical\" href=\"https:\/\/www.merkley.senate.gov\/es\/merkley-to-hold-nine-town-halls-across-oregon-2020\/\" \/>\n<meta property=\"og:locale\" content=\"es_MX\" \/>\n<meta property=\"og:type\" content=\"article\" \/>\n<meta property=\"og:title\" content=\"Merkley to Hold Nine Town Halls Across Oregon - Merkley\" \/>\n<meta property=\"og:description\" content=\"Portland, OR &ndash; Oregon&rsquo;s U.S. Senator Jeff Merkley next week will hold town halls in nine counties across Oregon. The town halls will be February 19 through 22, in Polk, Yamhill, Malheur, Baker, Wallowa, Union, Umatilla, Linn, and Lane counties. He will update constituents on his work in Washington, D.C., and answer their questions and [&hellip;]\" \/>\n<meta property=\"og:url\" content=\"https:\/\/www.merkley.senate.gov\/es\/merkley-to-hold-nine-town-halls-across-oregon-2020\/\" \/>\n<meta property=\"og:site_name\" content=\"Merkley\" \/>\n<meta property=\"article:published_time\" content=\"2020-02-13T19:47:00+00:00\" \/>\n<meta property=\"article:modified_time\" content=\"2023-07-24T15:07:04+00:00\" \/>\n<meta name=\"twitter:card\" content=\"summary_large_image\" \/>\n<meta name=\"twitter:label1\" content=\"Written by\" \/>\n\t<meta name=\"twitter:data1\" content=\"\" \/>\n\t<meta name=\"twitter:label2\" content=\"Est. reading time\" \/>\n\t<meta name=\"twitter:data2\" content=\"2 minutes\" \/>\n<script type=\"application\/ld+json\" class=\"yoast-schema-graph\">{\"@context\":\"https:\/\/schema.org\",\"@graph\":[{\"@type\":\"Article\",\"@id\":\"https:\/\/www.merkley.senate.gov\/merkley-to-hold-nine-town-halls-across-oregon-2020\/#article\",\"isPartOf\":{\"@id\":\"https:\/\/www.merkley.senate.gov\/merkley-to-hold-nine-town-halls-across-oregon-2020\/\"},\"author\":{\"name\":\"\",\"@id\":\"\"},\"headline\":\"Merkley to Hold Nine Town Halls Across Oregon\",\"datePublished\":\"2020-02-13T19:47:00+00:00\",\"dateModified\":\"2023-07-24T15:07:04+00:00\",\"mainEntityOfPage\":{\"@id\":\"https:\/\/www.merkley.senate.gov\/merkley-to-hold-nine-town-halls-across-oregon-2020\/\"},\"wordCount\":428,\"articleSection\":[\"Press Releases\"],\"inLanguage\":\"es-MX\"},{\"@type\":\"WebPage\",\"@id\":\"https:\/\/www.merkley.senate.gov\/merkley-to-hold-nine-town-halls-across-oregon-2020\/\",\"url\":\"https:\/\/www.merkley.senate.gov\/merkley-to-hold-nine-town-halls-across-oregon-2020\/\",\"name\":\"Merkley to Hold Nine Town Halls Across Oregon - Merkley\",\"isPartOf\":{\"@id\":\"https:\/\/www.merkley.senate.gov\/#website\"},\"datePublished\":\"2020-02-13T19:47:00+00:00\",\"dateModified\":\"2023-07-24T15:07:04+00:00\",\"author\":{\"@id\":\"\"},\"breadcrumb\":{\"@id\":\"https:\/\/www.merkley.senate.gov\/merkley-to-hold-nine-town-halls-across-oregon-2020\/#breadcrumb\"},\"inLanguage\":\"es-MX\",\"potentialAction\":[{\"@type\":\"ReadAction\",\"target\":[\"https:\/\/www.merkley.senate.gov\/merkley-to-hold-nine-town-halls-across-oregon-2020\/\"]}]},{\"@type\":\"BreadcrumbList\",\"@id\":\"https:\/\/www.merkley.senate.gov\/merkley-to-hold-nine-town-halls-across-oregon-2020\/#breadcrumb\",\"itemListElement\":[{\"@type\":\"ListItem\",\"position\":1,\"name\":\"Home\",\"item\":\"https:\/\/www.merkley.senate.gov\/\"},{\"@type\":\"ListItem\",\"position\":2,\"name\":\"Merkley to Hold Nine Town Halls Across Oregon\"}]},{\"@type\":\"WebSite\",\"@id\":\"https:\/\/www.merkley.senate.gov\/#website\",\"url\":\"https:\/\/www.merkley.senate.gov\/\",\"name\":\"Merkley\",\"description\":\"Merkley\",\"potentialAction\":[{\"@type\":\"SearchAction\",\"target\":{\"@type\":\"EntryPoint\",\"urlTemplate\":\"https:\/\/www.merkley.senate.gov\/?s={search_term_string}\"},\"query-input\":{\"@type\":\"PropertyValueSpecification\",\"valueRequired\":true,\"valueName\":\"search_term_string\"}}],\"inLanguage\":\"es-MX\"},{\"@type\":\"Person\",\"@id\":\"\",\"url\":\"https:\/\/www.merkley.senate.gov\/es\/author\/\"}]}<\/script>\n<!-- \/ Yoast SEO plugin. -->","yoast_head_json":{"title":"Merkley to Hold Nine Town Halls Across Oregon - Merkley","robots":{"index":"index","follow":"follow","max-snippet":"max-snippet:-1","max-image-preview":"max-image-preview:large","max-video-preview":"max-video-preview:-1"},"canonical":"https:\/\/www.merkley.senate.gov\/es\/merkley-to-hold-nine-town-halls-across-oregon-2020\/","og_locale":"es_MX","og_type":"article","og_title":"Merkley to Hold Nine Town Halls Across Oregon - Merkley","og_description":"Portland, OR &ndash; Oregon&rsquo;s U.S. Senator Jeff Merkley next week will hold town halls in nine counties across Oregon. The town halls will be February 19 through 22, in Polk, Yamhill, Malheur, Baker, Wallowa, Union, Umatilla, Linn, and Lane counties. He will update constituents on his work in Washington, D.C., and answer their questions and [&hellip;]","og_url":"https:\/\/www.merkley.senate.gov\/es\/merkley-to-hold-nine-town-halls-across-oregon-2020\/","og_site_name":"Merkley","article_published_time":"2020-02-13T19:47:00+00:00","article_modified_time":"2023-07-24T15:07:04+00:00","twitter_card":"summary_large_image","twitter_misc":{"Written by":"","Est. reading time":"2 minutes"},"schema":{"@context":"https:\/\/schema.org","@graph":[{"@type":"Article","@id":"https:\/\/www.merkley.senate.gov\/merkley-to-hold-nine-town-halls-across-oregon-2020\/#article","isPartOf":{"@id":"https:\/\/www.merkley.senate.gov\/merkley-to-hold-nine-town-halls-across-oregon-2020\/"},"author":{"name":"","@id":""},"headline":"Merkley to Hold Nine Town Halls Across Oregon","datePublished":"2020-02-13T19:47:00+00:00","dateModified":"2023-07-24T15:07:04+00:00","mainEntityOfPage":{"@id":"https:\/\/www.merkley.senate.gov\/merkley-to-hold-nine-town-halls-across-oregon-2020\/"},"wordCount":428,"articleSection":["Press Releases"],"inLanguage":"es-MX"},{"@type":"WebPage","@id":"https:\/\/www.merkley.senate.gov\/merkley-to-hold-nine-town-halls-across-oregon-2020\/","url":"https:\/\/www.merkley.senate.gov\/merkley-to-hold-nine-town-halls-across-oregon-2020\/","name":"Merkley to Hold Nine Town Halls Across Oregon - Merkley","isPartOf":{"@id":"https:\/\/www.merkley.senate.gov\/#website"},"datePublished":"2020-02-13T19:47:00+00:00","dateModified":"2023-07-24T15:07:04+00:00","author":{"@id":""},"breadcrumb":{"@id":"https:\/\/www.merkley.senate.gov\/merkley-to-hold-nine-town-halls-across-oregon-2020\/#breadcrumb"},"inLanguage":"es-MX","potentialAction":[{"@type":"ReadAction","target":["https:\/\/www.merkley.senate.gov\/merkley-to-hold-nine-town-halls-across-oregon-2020\/"]}]},{"@type":"BreadcrumbList","@id":"https:\/\/www.merkley.senate.gov\/merkley-to-hold-nine-town-halls-across-oregon-2020\/#breadcrumb","itemListElement":[{"@type":"ListItem","position":1,"name":"Home","item":"https:\/\/www.merkley.senate.gov\/"},{"@type":"ListItem","position":2,"name":"Merkley to Hold Nine Town Halls Across Oregon"}]},{"@type":"WebSite","@id":"https:\/\/www.merkley.senate.gov\/#website","url":"https:\/\/www.merkley.senate.gov\/","name":"merkley","description":"merkley","potentialAction":[{"@type":"SearchAction","target":{"@type":"EntryPoint","urlTemplate":"https:\/\/www.merkley.senate.gov\/?s={search_term_string}"},"query-input":{"@type":"PropertyValueSpecification","valueRequired":true,"valueName":"search_term_string"}}],"inLanguage":"es-MX"},{"@type":"Person","@id":"","url":"https:\/\/www.merkley.senate.gov\/es\/author\/"}]}},"_links":{"self":[{"href":"https:\/\/www.merkley.senate.gov\/es\/wp-json\/wp\/v2\/posts\/3667","targetHints":{"allow":["GET"]}}],"collection":[{"href":"https:\/\/www.merkley.senate.gov\/es\/wp-json\/wp\/v2\/posts"}],"about":[{"href":"https:\/\/www.merkley.senate.gov\/es\/wp-json\/wp\/v2\/types\/post"}],"author":[{"embeddable":true,"href":"https:\/\/www.merkley.senate.gov\/es\/wp-json\/wp\/v2\/users\/2"}],"replies":[{"embeddable":true,"href":"https:\/\/www.merkley.senate.gov\/es\/wp-json\/wp\/v2\/comments?post=3667"}],"version-history":[{"count":1,"href":"https:\/\/www.merkley.senate.gov\/es\/wp-json\/wp\/v2\/posts\/3667\/revisions"}],"predecessor-version":[{"id":13043,"href":"https:\/\/www.merkley.senate.gov\/es\/wp-json\/wp\/v2\/posts\/3667\/revisions\/13043"}],"wp:attachment":[{"href":"https:\/\/www.merkley.senate.gov\/es\/wp-json\/wp\/v2\/media?parent=3667"}],"wp:term":[{"taxonomy":"category","embeddable":true,"href":"https:\/\/www.merkley.senate.gov\/es\/wp-json\/wp\/v2\/categories?post=3667"},{"taxonomy":"post_tag","embeddable":true,"href":"https:\/\/www.merkley.senate.gov\/es\/wp-json\/wp\/v2\/tags?post=3667"}],"curies":[{"name":"wp","href":"https:\/\/api.w.org\/{rel}","templated":true}]}}