{"id":3676,"date":"2020-02-12T12:50:00","date_gmt":"2020-02-12T17:50:00","guid":{"rendered":"https:\/\/www.merkley.senate.gov\/legislation-introduced-to-prohibit-irresponsible-government-use-of-facial-recognition-technology\/"},"modified":"2023-07-24T11:07:05","modified_gmt":"2023-07-24T15:07:05","slug":"legislation-introduced-to-prohibit-irresponsible-government-use-of-facial-recognition-technology","status":"publish","type":"post","link":"https:\/\/www.merkley.senate.gov\/es\/legislation-introduced-to-prohibit-irresponsible-government-use-of-facial-recognition-technology\/","title":{"rendered":"Legislaci\u00f3n introducida para prohibir el uso irresponsable del gobierno de la tecnolog\u00eda de reconocimiento facial"},"content":{"rendered":"<p><span>WASHINGTON, DC \u2013 El Senador de Oreg\u00f3n Jeff Merkley y el Senador Cory Booker (D-NJ) presentaron hoy legislaci\u00f3n para proteger la privacidad de los consumidores del r\u00e1pido avance de la tecnolog\u00eda de reconocimiento facial y las pr\u00e1cticas de recopilaci\u00f3n de datos que aumentan el riesgo de sobrevigilancia y vigilancia, especialmente en comunidades que ya est\u00e1n desproporcionadamente en el punto de mira de las fuerzas del orden.<\/span><\/p>\n<p>En medio de las crecientes preocupaciones sobre el uso inapropiado de la tecnolog\u00eda de reconocimiento facial, la Ley de Uso \u00c9tico del Reconocimiento Facial salvaguardar\u00eda el derecho a la privacidad de los estadounidenses al instituir una moratoria sobre todo uso gubernamental federal de la tecnolog\u00eda hasta que el Congreso apruebe una legislaci\u00f3n que describa usos espec\u00edficos para los datos.<\/p>\n<p>\u201cLa tecnolog\u00eda evoluciona y avanza todos los d\u00edas y, a menudo, estos avances mejoran nuestra calidad de vida, nuestra econom\u00eda e incluso nuestra seguridad p\u00fablica\u201d, dijo Merkley. \u201cPero el Congreso tiene la importante responsabilidad de asegurarse de que el gobierno no abuse de la tecnolog\u00eda emergente de manera que viole el derecho a la privacidad de los estadounidenses o que se\u00f1ale de manera desproporcionada e injusta a los estadounidenses de color.<\/p>\n<p>\u201cAntes de que este mercado no regulado se vuelva demasiado grande para domesticarlo, el Congreso debe poner una moratoria sobre el uso federal del reconocimiento facial mientras desarrollamos pautas responsables y \u00e9ticas para su uso en el futuro\u201d.<\/p>\n<p>\u201cEl reconocimiento facial es una tecnolog\u00eda poderosa y en r\u00e1pida evoluci\u00f3n, pero sin la supervisi\u00f3n adecuada representa un grave riesgo para la privacidad y la seguridad\u201d, dijo Booker. \u201cSe ha demostrado que la tecnolog\u00eda de reconocimiento facial a menudo es inexacta: identifica err\u00f3neamente y se dirige de manera desproporcionada&nbsp;<a href=\"https:\/\/www.theskanner.com\/news\/usa\/28330-face-recognition-researcher-fights-amazon-over-biased-ai\" target=\"_blank\" rel=\"noopener\">mujeres y personas de color.<\/a>&nbsp;Para proteger la privacidad y la seguridad del consumidor, el Congreso debe trabajar para establecer las reglas del camino para el uso responsable de esta tecnolog\u00eda por parte del gobierno federal\u201d.<\/p>\n<p>Adem\u00e1s de detener el uso federal de la tecnolog\u00eda de reconocimiento facial, esta legislaci\u00f3n prohibir\u00eda el uso de fondos federales por parte de los gobiernos estatales o locales para invertir o comprar la tecnolog\u00eda. La Ley de uso \u00e9tico del reconocimiento facial crear\u00eda una comisi\u00f3n para considerar y crear recomendaciones, que se entregar\u00e1n al Congreso dentro de los 18 meses, para garantizar que cualquier uso federal futuro de la tecnolog\u00eda de reconocimiento facial se limite a usos responsables que promuevan la seguridad p\u00fablica y protejan a los estadounidenses. privacidad. El proyecto de ley incluye excepciones limitadas para el uso del reconocimiento facial por parte de las fuerzas del orden p\u00fablico de conformidad con las \u00f3rdenes emitidas por un tribunal.<\/p>\n<p>La tecnolog\u00eda de reconocimiento facial funciona empleando un software biom\u00e9trico para analizar una foto o un video con el fin de crear un mapa del rostro de una persona, que luego se puede usar para identificar a esa persona. En los \u00faltimos a\u00f1os, la tecnolog\u00eda ha provocado intensas cr\u00edticas a nivel internacional, ya que el gobierno chino utiliza el reconocimiento facial para rastrear a los miembros de una minor\u00eda \u00e9tnica musulmana perseguida, y dentro de Estados Unidos, donde la Oficina Federal de Investigaciones y el Servicio de Inmigraci\u00f3n y Control de Aduanas utilizan bases de datos de fotos de licencias de conducir. para buscar a personas sospechosas de participar en actividades delictivas.<\/p>\n<p>Pero es probable que el uso de la tecnolog\u00eda de reconocimiento facial tenga graves consecuencias. A&nbsp;<a href=\"https:\/\/www.washingtonpost.com\/technology\/2019\/12\/19\/federal-study-confirms-racial-bias-many-facial-recognition-systems-casts-doubt-their-expanding-use\/\" target=\"_blank\" rel=\"noopener\">estudio federal hist\u00f3rico<\/a>&nbsp;publicado en diciembre de 2019 descubri\u00f3 que las personas asi\u00e1ticas y afroamericanas ten\u00edan hasta 100 veces m\u00e1s probabilidades de ser identificadas err\u00f3neamente mediante el reconocimiento facial que los hombres blancos, lo que gener\u00f3 una seria alarma sobre las implicaciones del uso de la tecnolog\u00eda en la aplicaci\u00f3n de la ley.&nbsp;<\/p>\n<p>Varias ciudades de todo el pa\u00eds, desde California hasta Massachusetts, han prohibido que las agencias municipales utilicen el reconocimiento facial. El Congreso a\u00fan no ha aprobado ning\u00fan reglamento o directriz federal que rija su uso.<\/p>\n<p>El texto completo del proyecto de Ley de Uso \u00c9tico del Reconocimiento Facial est\u00e1 disponible&nbsp;<a href=\"https:\/\/www.merkley.senate.gov\/es\/imo\/media\/doc\/20.02.12%20Facial%20Recognition.pdf\/\" target=\"_blank\" rel=\"noopener\">aqu\u00ed<\/a>.<\/p>","protected":false},"excerpt":{"rendered":"<p>WASHINGTON, D.C. &ndash; Oregon&rsquo;s Senator Jeff Merkley and Senator Cory Booker (D-NJ) today introduced legislation to protect the privacy of consumers from rapidly advancing facial recognition technology and data collection practices that heighten the risk of over-surveillance and over-policing, especially in communities that are already disproportionately targeted by law enforcement. Amid growing concerns of inappropriate [&hellip;]<\/p>\n","protected":false},"author":2,"featured_media":0,"comment_status":"closed","ping_status":"closed","sticky":false,"template":"","format":"standard","meta":{"_acf_changed":false,"inline_featured_image":false,"footnotes":""},"categories":[26],"tags":[],"class_list":["post-3676","post","type-post","status-publish","format-standard","hentry","category-in-the-news"],"acf":[],"yoast_head":"<!-- This site is optimized with the Yoast SEO plugin v27.2 - https:\/\/yoast.com\/product\/yoast-seo-wordpress\/ -->\n<title>Legislation Introduced to Prohibit Irresponsible Government Use of Facial Recognition Technology - Merkley<\/title>\n<meta name=\"robots\" content=\"index, follow, max-snippet:-1, max-image-preview:large, max-video-preview:-1\" \/>\n<link rel=\"canonical\" href=\"https:\/\/www.merkley.senate.gov\/es\/legislation-introduced-to-prohibit-irresponsible-government-use-of-facial-recognition-technology\/\" \/>\n<meta property=\"og:locale\" content=\"es_MX\" \/>\n<meta property=\"og:type\" content=\"article\" \/>\n<meta property=\"og:title\" content=\"Legislation Introduced to Prohibit Irresponsible Government Use of Facial Recognition Technology - Merkley\" \/>\n<meta property=\"og:description\" content=\"WASHINGTON, D.C. &ndash; Oregon&rsquo;s Senator Jeff Merkley and Senator Cory Booker (D-NJ) today introduced legislation to protect the privacy of consumers from rapidly advancing facial recognition technology and data collection practices that heighten the risk of over-surveillance and over-policing, especially in communities that are already disproportionately targeted by law enforcement. Amid growing concerns of inappropriate [&hellip;]\" \/>\n<meta property=\"og:url\" content=\"https:\/\/www.merkley.senate.gov\/es\/legislation-introduced-to-prohibit-irresponsible-government-use-of-facial-recognition-technology\/\" \/>\n<meta property=\"og:site_name\" content=\"Merkley\" \/>\n<meta property=\"article:published_time\" content=\"2020-02-12T17:50:00+00:00\" \/>\n<meta property=\"article:modified_time\" content=\"2023-07-24T15:07:05+00:00\" \/>\n<meta name=\"twitter:card\" content=\"summary_large_image\" \/>\n<meta name=\"twitter:label1\" content=\"Written by\" \/>\n\t<meta name=\"twitter:data1\" content=\"\" \/>\n\t<meta name=\"twitter:label2\" content=\"Est. reading time\" \/>\n\t<meta name=\"twitter:data2\" content=\"3 minutes\" \/>\n<script type=\"application\/ld+json\" class=\"yoast-schema-graph\">{\"@context\":\"https:\/\/schema.org\",\"@graph\":[{\"@type\":\"Article\",\"@id\":\"https:\/\/www.merkley.senate.gov\/legislation-introduced-to-prohibit-irresponsible-government-use-of-facial-recognition-technology\/#article\",\"isPartOf\":{\"@id\":\"https:\/\/www.merkley.senate.gov\/legislation-introduced-to-prohibit-irresponsible-government-use-of-facial-recognition-technology\/\"},\"author\":{\"name\":\"\",\"@id\":\"\"},\"headline\":\"Legislation Introduced to Prohibit Irresponsible Government Use of Facial Recognition Technology\",\"datePublished\":\"2020-02-12T17:50:00+00:00\",\"dateModified\":\"2023-07-24T15:07:05+00:00\",\"mainEntityOfPage\":{\"@id\":\"https:\/\/www.merkley.senate.gov\/legislation-introduced-to-prohibit-irresponsible-government-use-of-facial-recognition-technology\/\"},\"wordCount\":589,\"articleSection\":[\"In the News\"],\"inLanguage\":\"es-MX\"},{\"@type\":\"WebPage\",\"@id\":\"https:\/\/www.merkley.senate.gov\/legislation-introduced-to-prohibit-irresponsible-government-use-of-facial-recognition-technology\/\",\"url\":\"https:\/\/www.merkley.senate.gov\/legislation-introduced-to-prohibit-irresponsible-government-use-of-facial-recognition-technology\/\",\"name\":\"Legislation Introduced to Prohibit Irresponsible Government Use of Facial Recognition Technology - Merkley\",\"isPartOf\":{\"@id\":\"https:\/\/www.merkley.senate.gov\/#website\"},\"datePublished\":\"2020-02-12T17:50:00+00:00\",\"dateModified\":\"2023-07-24T15:07:05+00:00\",\"author\":{\"@id\":\"\"},\"breadcrumb\":{\"@id\":\"https:\/\/www.merkley.senate.gov\/legislation-introduced-to-prohibit-irresponsible-government-use-of-facial-recognition-technology\/#breadcrumb\"},\"inLanguage\":\"es-MX\",\"potentialAction\":[{\"@type\":\"ReadAction\",\"target\":[\"https:\/\/www.merkley.senate.gov\/legislation-introduced-to-prohibit-irresponsible-government-use-of-facial-recognition-technology\/\"]}]},{\"@type\":\"BreadcrumbList\",\"@id\":\"https:\/\/www.merkley.senate.gov\/legislation-introduced-to-prohibit-irresponsible-government-use-of-facial-recognition-technology\/#breadcrumb\",\"itemListElement\":[{\"@type\":\"ListItem\",\"position\":1,\"name\":\"Home\",\"item\":\"https:\/\/www.merkley.senate.gov\/\"},{\"@type\":\"ListItem\",\"position\":2,\"name\":\"Legislation Introduced to Prohibit Irresponsible Government Use of Facial Recognition Technology\"}]},{\"@type\":\"WebSite\",\"@id\":\"https:\/\/www.merkley.senate.gov\/#website\",\"url\":\"https:\/\/www.merkley.senate.gov\/\",\"name\":\"Merkley\",\"description\":\"Merkley\",\"potentialAction\":[{\"@type\":\"SearchAction\",\"target\":{\"@type\":\"EntryPoint\",\"urlTemplate\":\"https:\/\/www.merkley.senate.gov\/?s={search_term_string}\"},\"query-input\":{\"@type\":\"PropertyValueSpecification\",\"valueRequired\":true,\"valueName\":\"search_term_string\"}}],\"inLanguage\":\"es-MX\"},{\"@type\":\"Person\",\"@id\":\"\",\"url\":\"https:\/\/www.merkley.senate.gov\/es\/author\/\"}]}<\/script>\n<!-- \/ Yoast SEO plugin. -->","yoast_head_json":{"title":"Legislation Introduced to Prohibit Irresponsible Government Use of Facial Recognition Technology - Merkley","robots":{"index":"index","follow":"follow","max-snippet":"max-snippet:-1","max-image-preview":"max-image-preview:large","max-video-preview":"max-video-preview:-1"},"canonical":"https:\/\/www.merkley.senate.gov\/es\/legislation-introduced-to-prohibit-irresponsible-government-use-of-facial-recognition-technology\/","og_locale":"es_MX","og_type":"article","og_title":"Legislation Introduced to Prohibit Irresponsible Government Use of Facial Recognition Technology - Merkley","og_description":"WASHINGTON, D.C. &ndash; Oregon&rsquo;s Senator Jeff Merkley and Senator Cory Booker (D-NJ) today introduced legislation to protect the privacy of consumers from rapidly advancing facial recognition technology and data collection practices that heighten the risk of over-surveillance and over-policing, especially in communities that are already disproportionately targeted by law enforcement. Amid growing concerns of inappropriate [&hellip;]","og_url":"https:\/\/www.merkley.senate.gov\/es\/legislation-introduced-to-prohibit-irresponsible-government-use-of-facial-recognition-technology\/","og_site_name":"Merkley","article_published_time":"2020-02-12T17:50:00+00:00","article_modified_time":"2023-07-24T15:07:05+00:00","twitter_card":"summary_large_image","twitter_misc":{"Written by":"","Est. reading time":"3 minutes"},"schema":{"@context":"https:\/\/schema.org","@graph":[{"@type":"Article","@id":"https:\/\/www.merkley.senate.gov\/legislation-introduced-to-prohibit-irresponsible-government-use-of-facial-recognition-technology\/#article","isPartOf":{"@id":"https:\/\/www.merkley.senate.gov\/legislation-introduced-to-prohibit-irresponsible-government-use-of-facial-recognition-technology\/"},"author":{"name":"","@id":""},"headline":"Legislation Introduced to Prohibit Irresponsible Government Use of Facial Recognition Technology","datePublished":"2020-02-12T17:50:00+00:00","dateModified":"2023-07-24T15:07:05+00:00","mainEntityOfPage":{"@id":"https:\/\/www.merkley.senate.gov\/legislation-introduced-to-prohibit-irresponsible-government-use-of-facial-recognition-technology\/"},"wordCount":589,"articleSection":["In the News"],"inLanguage":"es-MX"},{"@type":"WebPage","@id":"https:\/\/www.merkley.senate.gov\/legislation-introduced-to-prohibit-irresponsible-government-use-of-facial-recognition-technology\/","url":"https:\/\/www.merkley.senate.gov\/legislation-introduced-to-prohibit-irresponsible-government-use-of-facial-recognition-technology\/","name":"Legislation Introduced to Prohibit Irresponsible Government Use of Facial Recognition Technology - Merkley","isPartOf":{"@id":"https:\/\/www.merkley.senate.gov\/#website"},"datePublished":"2020-02-12T17:50:00+00:00","dateModified":"2023-07-24T15:07:05+00:00","author":{"@id":""},"breadcrumb":{"@id":"https:\/\/www.merkley.senate.gov\/legislation-introduced-to-prohibit-irresponsible-government-use-of-facial-recognition-technology\/#breadcrumb"},"inLanguage":"es-MX","potentialAction":[{"@type":"ReadAction","target":["https:\/\/www.merkley.senate.gov\/legislation-introduced-to-prohibit-irresponsible-government-use-of-facial-recognition-technology\/"]}]},{"@type":"BreadcrumbList","@id":"https:\/\/www.merkley.senate.gov\/legislation-introduced-to-prohibit-irresponsible-government-use-of-facial-recognition-technology\/#breadcrumb","itemListElement":[{"@type":"ListItem","position":1,"name":"Home","item":"https:\/\/www.merkley.senate.gov\/"},{"@type":"ListItem","position":2,"name":"Legislation Introduced to Prohibit Irresponsible Government Use of Facial Recognition Technology"}]},{"@type":"WebSite","@id":"https:\/\/www.merkley.senate.gov\/#website","url":"https:\/\/www.merkley.senate.gov\/","name":"merkley","description":"merkley","potentialAction":[{"@type":"SearchAction","target":{"@type":"EntryPoint","urlTemplate":"https:\/\/www.merkley.senate.gov\/?s={search_term_string}"},"query-input":{"@type":"PropertyValueSpecification","valueRequired":true,"valueName":"search_term_string"}}],"inLanguage":"es-MX"},{"@type":"Person","@id":"","url":"https:\/\/www.merkley.senate.gov\/es\/author\/"}]}},"_links":{"self":[{"href":"https:\/\/www.merkley.senate.gov\/es\/wp-json\/wp\/v2\/posts\/3676","targetHints":{"allow":["GET"]}}],"collection":[{"href":"https:\/\/www.merkley.senate.gov\/es\/wp-json\/wp\/v2\/posts"}],"about":[{"href":"https:\/\/www.merkley.senate.gov\/es\/wp-json\/wp\/v2\/types\/post"}],"author":[{"embeddable":true,"href":"https:\/\/www.merkley.senate.gov\/es\/wp-json\/wp\/v2\/users\/2"}],"replies":[{"embeddable":true,"href":"https:\/\/www.merkley.senate.gov\/es\/wp-json\/wp\/v2\/comments?post=3676"}],"version-history":[{"count":1,"href":"https:\/\/www.merkley.senate.gov\/es\/wp-json\/wp\/v2\/posts\/3676\/revisions"}],"predecessor-version":[{"id":13052,"href":"https:\/\/www.merkley.senate.gov\/es\/wp-json\/wp\/v2\/posts\/3676\/revisions\/13052"}],"wp:attachment":[{"href":"https:\/\/www.merkley.senate.gov\/es\/wp-json\/wp\/v2\/media?parent=3676"}],"wp:term":[{"taxonomy":"category","embeddable":true,"href":"https:\/\/www.merkley.senate.gov\/es\/wp-json\/wp\/v2\/categories?post=3676"},{"taxonomy":"post_tag","embeddable":true,"href":"https:\/\/www.merkley.senate.gov\/es\/wp-json\/wp\/v2\/tags?post=3676"}],"curies":[{"name":"wp","href":"https:\/\/api.w.org\/{rel}","templated":true}]}}