{"id":3725,"date":"2020-01-03T17:03:00","date_gmt":"2020-01-03T22:03:00","guid":{"rendered":"https:\/\/www.merkley.senate.gov\/merkley-answers-questions-at-sutherlin-town-hall-meeting\/"},"modified":"2023-07-24T11:07:09","modified_gmt":"2023-07-24T15:07:09","slug":"merkley-answers-questions-at-sutherlin-town-hall-meeting","status":"publish","type":"post","link":"https:\/\/www.merkley.senate.gov\/es\/merkley-answers-questions-at-sutherlin-town-hall-meeting\/","title":{"rendered":"Merkley responde preguntas en la reuni\u00f3n del ayuntamiento de Sutherlin"},"content":{"rendered":"<div class=\"subscriber-preview\">\n<p>SUTHERLIN \u2014 En su primera reuni\u00f3n p\u00fablica del a\u00f1o nuevo, el senador estadounidense Jeff Merkley, dem\u00f3crata de Oreg\u00f3n, les dijo a los residentes del condado de Douglas que ser\u00eda un jurado justo en un juicio en el Senado sobre la destituci\u00f3n del presidente Donald Trump por parte de la C\u00e1mara.<\/p>\n<\/div>\n<div class=\"subscriber-only\">\n<p>Cerca de 100 personas asistieron a la reuni\u00f3n del ayuntamiento en el gimnasio de Sutherlin High School el jueves por la ma\u00f1ana.<\/p>\n<\/div>\n<div class=\"subscriber-only\">\n<p>Merkley dijo que lo importante para el juicio en el Senado es que tanto la fiscal\u00eda como la defensa puedan llamar a sus testigos y que los citados se presenten a declarar. Y dijo que los senadores deben considerar c\u00f3mo votar\u00edan si el presidente fuera miembro del partido opuesto.<\/p>\n<\/div>\n<div class=\"subscriber-only\">\n<p>\u201cCreo que todos los senadores de Estados Unidos en este momento deben duplicar su compromiso de ser imparciales. Este es un momento que exige pa\u00eds por encima de partido\u201d, dijo.<\/p>\n<\/div>\n<div class=\"subscriber-only\">\n<p>La primera pregunta de la ma\u00f1ana, hecha por un estudiante, fue qu\u00e9 est\u00e1 haciendo Merkley para garantizar que el bipartidismo contin\u00fae en el pa\u00eds.<\/p>\n<\/div>\n<div class=\"subscriber-only\">\n<p>Merkley dijo que es natural que las personas con preocupaciones comunes se agrupen, pero sugiri\u00f3 que las cosas han ido demasiado lejos.<\/p>\n<\/div>\n<div class=\"subscriber-only\">\n<p>\u201cLa divisi\u00f3n ha ido mucho m\u00e1s all\u00e1 de reflejar algunas diferencias en el enfoque de casi una animosidad tribal, y eso realmente es destructivo\u201d, dijo Merkley.<\/p>\n<\/div>\n<div class=\"subscriber-only\">\n<p>Pero tambi\u00e9n dijo que se hace mucho trabajo bipartidista y no recibe tanta publicidad.<\/p>\n<\/div>\n<div class=\"subscriber-only\">\n<p>Una victoria bipartidista que promocion\u00f3 fue que los senadores de Oreg\u00f3n, Idaho y Montana trabajaron juntos para asegurar una extensi\u00f3n de los fondos de Escuelas Rurales Seguras que se espera aporte alrededor de $8.5 millones al presupuesto del condado de Douglas este a\u00f1o fiscal.<\/p>\n<\/div>\n<div class=\"subscriber-only\">\n<p>Tambi\u00e9n cit\u00f3 el trabajo con el l\u00edder de la mayor\u00eda republicana en el Senado, Mitch McConnell, sobre el c\u00e1\u00f1amo agr\u00edcola y la restauraci\u00f3n de los programas del Cuerpo Civil de Conservaci\u00f3n como Wolf Creek Job Corps.<\/p>\n<\/div>\n<div class=\"subscriber-only\">\n<p>\u201cPuedes elegir a casi cualquiera de los senadores m\u00e1s conservadores de Estados Unidos y he trabajado con ellos en algo\u201d, dijo.<\/p>\n<\/div>\n<div class=\"subscriber-only\">\n<p>En respuesta a una mujer que pregunt\u00f3 por qu\u00e9 los senadores republicanos apoyan a Trump, Merkley se\u00f1al\u00f3 que el presidente hizo campa\u00f1a para luchar por las familias trabajadoras, desafiar las pr\u00e1cticas comerciales injustas de China y reducir los precios de los medicamentos, todos los temas en los que Merkley dijo que estaba de acuerdo con \u00e9l en ese momento. Merkley dijo que quer\u00eda trabajar con el presidente en la manipulaci\u00f3n de precios de los medicamentos, pero nunca recibi\u00f3 una llamada de la Casa Blanca, que dijo que abandon\u00f3 su iniciativa.<\/p>\n<\/div>\n<div class=\"subscriber-only\">\n<p>Dijo que est\u00e1 preocupado por parte del comportamiento del presidente, y dijo en privado que algunos senadores republicanos admiten que tambi\u00e9n lo est\u00e1n. No dio m\u00e1s detalles.<\/p>\n<\/div>\n<div class=\"subscriber-only\">\n<p>A Merkley tambi\u00e9n le preocupan las decisiones judiciales sobre manipulaci\u00f3n electoral, supresi\u00f3n de votantes y la decisi\u00f3n de Citizens United que permite a los multimillonarios gastar dinero en campa\u00f1as. Cit\u00f3 a Thomas Jefferson, quien abog\u00f3 por que todos los ciudadanos tuvieran la misma voz.<\/p>\n<\/div>\n<div class=\"subscriber-only\">\n<p>\u201cDijo que si no tienes el poder distribuido equitativamente entre los votantes, entonces lo que terminas son leyes para los poderosos, no leyes para el pueblo\u201d, dijo.<\/p>\n<\/div>\n<div class=\"subscriber-only\">\n<p>Dijo que as\u00ed fue como Estados Unidos termin\u00f3 con una factura de impuestos en 2017 que, seg\u00fan dijo, envi\u00f3 alrededor de $2 billones casi en su totalidad a los estadounidenses m\u00e1s ricos.<\/p>\n<\/div>\n<div class=\"subscriber-only\">\n<p>\u201c\u00bfQu\u00e9 hubiera pasado si hubi\u00e9ramos gastado $2 billones en vivienda, atenci\u00f3n m\u00e9dica, educaci\u00f3n, infraestructura y empleos con salarios dignos en Estados Unidos? Esa ser\u00eda una base que ayudar\u00eda a las familias a prosperar en nuestra naci\u00f3n en lugar de aumentar la disparidad de ingresos y riqueza\u201d, dijo.<\/p>\n<\/div>\n<div class=\"subscriber-only\">\n<p>En respuesta a una pregunta sobre el cambio clim\u00e1tico, dijo que las econom\u00edas rurales se ven particularmente afectadas. Hay menos agua para los agricultores y ganaderos, los arroyos de truchas y salmones se est\u00e1n volviendo m\u00e1s peque\u00f1os y c\u00e1lidos, los incendios forestales est\u00e1n aumentando.<\/p>\n<\/div>\n<div class=\"subscriber-only\">\n<p>\u201cTenemos que encontrar estrategias para abordar la contaminaci\u00f3n actual que apoyen y fortalezcan nuestras econom\u00edas rurales, no las perjudiquen porque creo que ha sido un tipo de bloqueo importante para tener una conversaci\u00f3n saludable sobre lo que estamos enfrentando\u201d, dijo.<\/p>\n<\/div>\n<div class=\"subscriber-only\">\n<p>Merkley tambi\u00e9n entreg\u00f3 una bandera que hab\u00eda ondeado sobre el Capitolio de los EE. UU. a Pat y Gwen Lynch, de Friends of the Sutherlin Library, por sus esfuerzos para mantener esa biblioteca abierta despu\u00e9s del cierre del sistema de bibliotecas del condado.<\/p>\n<\/div>","protected":false},"excerpt":{"rendered":"<p>SUTHERLIN &mdash; In his first town hall meeting of the new year, U.S. Sen. Jeff Merkley, D-Oregon, told Douglas County residents he would be a fair juror at a Senate trial on President Donald Trump&rsquo;s impeachment by the House. About 100 people attended the town hall meeting in the Sutherlin High School gym Thursday morning. [&hellip;]<\/p>\n","protected":false},"author":2,"featured_media":0,"comment_status":"closed","ping_status":"closed","sticky":false,"template":"","format":"standard","meta":{"_acf_changed":false,"inline_featured_image":false,"footnotes":""},"categories":[26],"tags":[],"class_list":["post-3725","post","type-post","status-publish","format-standard","hentry","category-in-the-news"],"acf":[],"yoast_head":"<!-- This site is optimized with the Yoast SEO plugin v27.2 - https:\/\/yoast.com\/product\/yoast-seo-wordpress\/ -->\n<title>Merkley answers questions at Sutherlin town hall meeting - Merkley<\/title>\n<meta name=\"robots\" content=\"index, follow, max-snippet:-1, max-image-preview:large, max-video-preview:-1\" \/>\n<link rel=\"canonical\" href=\"https:\/\/www.merkley.senate.gov\/es\/merkley-answers-questions-at-sutherlin-town-hall-meeting\/\" \/>\n<meta property=\"og:locale\" content=\"es_MX\" \/>\n<meta property=\"og:type\" content=\"article\" \/>\n<meta property=\"og:title\" content=\"Merkley answers questions at Sutherlin town hall meeting - Merkley\" \/>\n<meta property=\"og:description\" content=\"SUTHERLIN &mdash; In his first town hall meeting of the new year, U.S. Sen. Jeff Merkley, D-Oregon, told Douglas County residents he would be a fair juror at a Senate trial on President Donald Trump&rsquo;s impeachment by the House. About 100 people attended the town hall meeting in the Sutherlin High School gym Thursday morning. [&hellip;]\" \/>\n<meta property=\"og:url\" content=\"https:\/\/www.merkley.senate.gov\/es\/merkley-answers-questions-at-sutherlin-town-hall-meeting\/\" \/>\n<meta property=\"og:site_name\" content=\"Merkley\" \/>\n<meta property=\"article:published_time\" content=\"2020-01-03T22:03:00+00:00\" \/>\n<meta property=\"article:modified_time\" content=\"2023-07-24T15:07:09+00:00\" \/>\n<meta name=\"twitter:card\" content=\"summary_large_image\" \/>\n<meta name=\"twitter:label1\" content=\"Written by\" \/>\n\t<meta name=\"twitter:data1\" content=\"\" \/>\n\t<meta name=\"twitter:label2\" content=\"Est. reading time\" \/>\n\t<meta name=\"twitter:data2\" content=\"3 minutes\" \/>\n<script type=\"application\/ld+json\" class=\"yoast-schema-graph\">{\"@context\":\"https:\/\/schema.org\",\"@graph\":[{\"@type\":\"Article\",\"@id\":\"https:\/\/www.merkley.senate.gov\/es\/merkley-answers-questions-at-sutherlin-town-hall-meeting\/#article\",\"isPartOf\":{\"@id\":\"https:\/\/www.merkley.senate.gov\/es\/merkley-answers-questions-at-sutherlin-town-hall-meeting\/\"},\"author\":{\"name\":\"\",\"@id\":\"\"},\"headline\":\"Merkley answers questions at Sutherlin town hall meeting\",\"datePublished\":\"2020-01-03T22:03:00+00:00\",\"dateModified\":\"2023-07-24T15:07:09+00:00\",\"mainEntityOfPage\":{\"@id\":\"https:\/\/www.merkley.senate.gov\/es\/merkley-answers-questions-at-sutherlin-town-hall-meeting\/\"},\"wordCount\":707,\"articleSection\":[\"In the News\"],\"inLanguage\":\"es-MX\"},{\"@type\":\"WebPage\",\"@id\":\"https:\/\/www.merkley.senate.gov\/es\/merkley-answers-questions-at-sutherlin-town-hall-meeting\/\",\"url\":\"https:\/\/www.merkley.senate.gov\/es\/merkley-answers-questions-at-sutherlin-town-hall-meeting\/\",\"name\":\"Merkley answers questions at Sutherlin town hall meeting - Merkley\",\"isPartOf\":{\"@id\":\"https:\/\/www.merkley.senate.gov\/#website\"},\"datePublished\":\"2020-01-03T22:03:00+00:00\",\"dateModified\":\"2023-07-24T15:07:09+00:00\",\"author\":{\"@id\":\"\"},\"breadcrumb\":{\"@id\":\"https:\/\/www.merkley.senate.gov\/es\/merkley-answers-questions-at-sutherlin-town-hall-meeting\/#breadcrumb\"},\"inLanguage\":\"es-MX\",\"potentialAction\":[{\"@type\":\"ReadAction\",\"target\":[\"https:\/\/www.merkley.senate.gov\/es\/merkley-answers-questions-at-sutherlin-town-hall-meeting\/\"]}]},{\"@type\":\"BreadcrumbList\",\"@id\":\"https:\/\/www.merkley.senate.gov\/es\/merkley-answers-questions-at-sutherlin-town-hall-meeting\/#breadcrumb\",\"itemListElement\":[{\"@type\":\"ListItem\",\"position\":1,\"name\":\"Home\",\"item\":\"https:\/\/www.merkley.senate.gov\/\"},{\"@type\":\"ListItem\",\"position\":2,\"name\":\"Merkley answers questions at Sutherlin town hall meeting\"}]},{\"@type\":\"WebSite\",\"@id\":\"https:\/\/www.merkley.senate.gov\/#website\",\"url\":\"https:\/\/www.merkley.senate.gov\/\",\"name\":\"Merkley\",\"description\":\"Merkley\",\"potentialAction\":[{\"@type\":\"SearchAction\",\"target\":{\"@type\":\"EntryPoint\",\"urlTemplate\":\"https:\/\/www.merkley.senate.gov\/?s={search_term_string}\"},\"query-input\":{\"@type\":\"PropertyValueSpecification\",\"valueRequired\":true,\"valueName\":\"search_term_string\"}}],\"inLanguage\":\"es-MX\"},{\"@type\":\"Person\",\"@id\":\"\",\"url\":\"https:\/\/www.merkley.senate.gov\/es\/author\/\"}]}<\/script>\n<!-- \/ Yoast SEO plugin. -->","yoast_head_json":{"title":"Merkley answers questions at Sutherlin town hall meeting - Merkley","robots":{"index":"index","follow":"follow","max-snippet":"max-snippet:-1","max-image-preview":"max-image-preview:large","max-video-preview":"max-video-preview:-1"},"canonical":"https:\/\/www.merkley.senate.gov\/es\/merkley-answers-questions-at-sutherlin-town-hall-meeting\/","og_locale":"es_MX","og_type":"article","og_title":"Merkley answers questions at Sutherlin town hall meeting - Merkley","og_description":"SUTHERLIN &mdash; In his first town hall meeting of the new year, U.S. Sen. Jeff Merkley, D-Oregon, told Douglas County residents he would be a fair juror at a Senate trial on President Donald Trump&rsquo;s impeachment by the House. About 100 people attended the town hall meeting in the Sutherlin High School gym Thursday morning. [&hellip;]","og_url":"https:\/\/www.merkley.senate.gov\/es\/merkley-answers-questions-at-sutherlin-town-hall-meeting\/","og_site_name":"Merkley","article_published_time":"2020-01-03T22:03:00+00:00","article_modified_time":"2023-07-24T15:07:09+00:00","twitter_card":"summary_large_image","twitter_misc":{"Written by":"","Est. reading time":"3 minutes"},"schema":{"@context":"https:\/\/schema.org","@graph":[{"@type":"Article","@id":"https:\/\/www.merkley.senate.gov\/es\/merkley-answers-questions-at-sutherlin-town-hall-meeting\/#article","isPartOf":{"@id":"https:\/\/www.merkley.senate.gov\/es\/merkley-answers-questions-at-sutherlin-town-hall-meeting\/"},"author":{"name":"","@id":""},"headline":"Merkley answers questions at Sutherlin town hall meeting","datePublished":"2020-01-03T22:03:00+00:00","dateModified":"2023-07-24T15:07:09+00:00","mainEntityOfPage":{"@id":"https:\/\/www.merkley.senate.gov\/es\/merkley-answers-questions-at-sutherlin-town-hall-meeting\/"},"wordCount":707,"articleSection":["In the News"],"inLanguage":"es-MX"},{"@type":"WebPage","@id":"https:\/\/www.merkley.senate.gov\/es\/merkley-answers-questions-at-sutherlin-town-hall-meeting\/","url":"https:\/\/www.merkley.senate.gov\/es\/merkley-answers-questions-at-sutherlin-town-hall-meeting\/","name":"Merkley answers questions at Sutherlin town hall meeting - Merkley","isPartOf":{"@id":"https:\/\/www.merkley.senate.gov\/#website"},"datePublished":"2020-01-03T22:03:00+00:00","dateModified":"2023-07-24T15:07:09+00:00","author":{"@id":""},"breadcrumb":{"@id":"https:\/\/www.merkley.senate.gov\/es\/merkley-answers-questions-at-sutherlin-town-hall-meeting\/#breadcrumb"},"inLanguage":"es-MX","potentialAction":[{"@type":"ReadAction","target":["https:\/\/www.merkley.senate.gov\/es\/merkley-answers-questions-at-sutherlin-town-hall-meeting\/"]}]},{"@type":"BreadcrumbList","@id":"https:\/\/www.merkley.senate.gov\/es\/merkley-answers-questions-at-sutherlin-town-hall-meeting\/#breadcrumb","itemListElement":[{"@type":"ListItem","position":1,"name":"Home","item":"https:\/\/www.merkley.senate.gov\/"},{"@type":"ListItem","position":2,"name":"Merkley answers questions at Sutherlin town hall meeting"}]},{"@type":"WebSite","@id":"https:\/\/www.merkley.senate.gov\/#website","url":"https:\/\/www.merkley.senate.gov\/","name":"merkley","description":"merkley","potentialAction":[{"@type":"SearchAction","target":{"@type":"EntryPoint","urlTemplate":"https:\/\/www.merkley.senate.gov\/?s={search_term_string}"},"query-input":{"@type":"PropertyValueSpecification","valueRequired":true,"valueName":"search_term_string"}}],"inLanguage":"es-MX"},{"@type":"Person","@id":"","url":"https:\/\/www.merkley.senate.gov\/es\/author\/"}]}},"_links":{"self":[{"href":"https:\/\/www.merkley.senate.gov\/es\/wp-json\/wp\/v2\/posts\/3725","targetHints":{"allow":["GET"]}}],"collection":[{"href":"https:\/\/www.merkley.senate.gov\/es\/wp-json\/wp\/v2\/posts"}],"about":[{"href":"https:\/\/www.merkley.senate.gov\/es\/wp-json\/wp\/v2\/types\/post"}],"author":[{"embeddable":true,"href":"https:\/\/www.merkley.senate.gov\/es\/wp-json\/wp\/v2\/users\/2"}],"replies":[{"embeddable":true,"href":"https:\/\/www.merkley.senate.gov\/es\/wp-json\/wp\/v2\/comments?post=3725"}],"version-history":[{"count":1,"href":"https:\/\/www.merkley.senate.gov\/es\/wp-json\/wp\/v2\/posts\/3725\/revisions"}],"predecessor-version":[{"id":13101,"href":"https:\/\/www.merkley.senate.gov\/es\/wp-json\/wp\/v2\/posts\/3725\/revisions\/13101"}],"wp:attachment":[{"href":"https:\/\/www.merkley.senate.gov\/es\/wp-json\/wp\/v2\/media?parent=3725"}],"wp:term":[{"taxonomy":"category","embeddable":true,"href":"https:\/\/www.merkley.senate.gov\/es\/wp-json\/wp\/v2\/categories?post=3725"},{"taxonomy":"post_tag","embeddable":true,"href":"https:\/\/www.merkley.senate.gov\/es\/wp-json\/wp\/v2\/tags?post=3725"}],"curies":[{"name":"wp","href":"https:\/\/api.w.org\/{rel}","templated":true}]}}