{"id":3737,"date":"2019-12-20T11:50:00","date_gmt":"2019-12-20T16:50:00","guid":{"rendered":"https:\/\/www.merkley.senate.gov\/merkley-to-start-the-new-year-with-12-town-halls-2019\/"},"modified":"2023-07-24T11:07:10","modified_gmt":"2023-07-24T15:07:10","slug":"merkley-to-start-the-new-year-with-12-town-halls-2019","status":"publish","type":"post","link":"https:\/\/www.merkley.senate.gov\/es\/merkley-to-start-the-new-year-with-12-town-halls-2019\/","title":{"rendered":"Merkley comenzar\u00e1 el a\u00f1o nuevo con 12 ayuntamientos"},"content":{"rendered":"<p align=\"center\"><b><i>The public forums will be held in the towns of Sutherlin, Coquille, Port Orford, Grants Pass, Ashland, Klamath Falls, Redmond, Madras, Prineville, Mitchell, Mt. Vernon, and Condon<\/i><\/b><\/p>\n<p>&nbsp;<\/p>\n<p>Portland, OR &ndash; Oregon&rsquo;s U.S. Senator Jeff Merkley will kick off 2020 with 12 town halls across Southern and Central Oregon. The town halls will be January 2 through 5, in Douglas, Coos, Curry, Josephine, Jackson, Klamath, Deschutes, Jefferson, Crook, Wheeler, Grant, and Gilliam counties.<\/p>\n<p>Actualizar\u00e1 a los electores sobre su trabajo en Washington, DC, responder\u00e1 sus preguntas e invitar\u00e1 sus sugerencias sobre c\u00f3mo abordar los desaf\u00edos que enfrentan Oreg\u00f3n y Estados Unidos.<\/p>\n<blockquote>\n<p>&ldquo;Hearing from Oregonians across the state is critical to doing my job,&rdquo; <b>dijo Merkley.<\/b> &ldquo;From tackling Sudden Oak Death, to big investments in rural broadband, to making sure small ports get dredged, the ideas and priorities I hear about in town halls wind up as the solutions I fight to get into federal law. I look forward to these discussions about how we can strengthen our state and our nation.&rdquo;<\/p>\n<\/blockquote>\n<p>Since joining the Senate in 2009, Merkley has held a town hall in each of Oregon&rsquo;s 36 counties every year. These town halls will be his 397th, 398th, 399th, 400th, 401st, 402nd, 403rd, 404th, 405th, 406th, 407th, and 408th as a U.S. Senator. Details are below.<\/p>\n<p>&nbsp;<\/p>\n<p><b>RSVP de medios:<\/b> Please RSVP to State Communications Director Sara Hottman by email at <a href=\"mailto:sara_hottman@merkley.senate.gov\">sara_hottman@merkley.senate.gov<\/a> or by phone at 503-326-3386 if you are going to cover the event, and she will share opportunities to interview Sen. Merkley.<\/p>\n<p>&nbsp;<\/p>\n<p>Please find town hall details below:<\/p>\n<p>&nbsp;<\/p>\n<p><b><span style=\"text-decoration: underline;\">JANUARY 2, 2020<\/span><\/b><\/p>\n<p><b>Qu\u00e9:<\/b><\/p>\n<p>Ayuntamiento del condado de Douglas<\/p>\n<p>&nbsp;<\/p>\n<p><b>Cuando:<\/b><\/p>\n<p>Thursday, Jan. 2, 2020<\/p>\n<p>10 a.m.<\/p>\n<p>&nbsp;<\/p>\n<p><b>D\u00f3nde:<\/b><\/p>\n<p>Escuela Secundaria Sutherlin, gimnasio<\/p>\n<p>500 E. Cuarta Avenida.<\/p>\n<p>Sutherlin, OR, 97479<\/p>\n<p>#<\/p>\n<p>&nbsp;<\/p>\n<p><b>Qu\u00e9:<\/b><\/p>\n<p>Ayuntamiento del condado de Coos<\/p>\n<p>&nbsp;<\/p>\n<p><b>Cuando:<\/b><\/p>\n<p>Thursday, Jan. 2, 2020<\/p>\n<p>14:00<\/p>\n<p>&nbsp;<\/p>\n<p><b>D\u00f3nde:<\/b><\/p>\n<p>Centro Comunitario Coquille, peque\u00f1o auditorio<\/p>\n<p>115 N. Birch St.<\/p>\n<p>Coquille, OR, 97423<\/p>\n<p>#<\/p>\n<p>&nbsp;<\/p>\n<p><b>Qu\u00e9:<\/b><\/p>\n<p>Ayuntamiento del condado de Curry<\/p>\n<p>&nbsp;<\/p>\n<p><b>Cuando:<\/b><\/p>\n<p>Thursday, Jan. 2, 2020<\/p>\n<p>5:30 pm<\/p>\n<p>&nbsp;<\/p>\n<p><b>D\u00f3nde:<\/b><\/p>\n<p>Sal\u00f3n comunitario de Port Orford<\/p>\n<p>419 Calle Once<\/p>\n<p>Port Orford, OR, 97465<\/p>\n<p>#<\/p>\n<p>&nbsp;<\/p>\n<p><b><span style=\"text-decoration: underline;\">JANUARY 3, 2020<\/span><\/b><\/p>\n<p><b>Qu\u00e9:<\/b><\/p>\n<p>Ayuntamiento del condado de Josephine<\/p>\n<p>&nbsp;<\/p>\n<p><b>Cuando:<\/b><\/p>\n<p>Friday, Jan. 3, 2020<\/p>\n<p>08:30 am<\/p>\n<p>&nbsp;<\/p>\n<p><b>D\u00f3nde:<\/b><\/p>\n<p>Rogue Community College, gimnasio<\/p>\n<p>3345 Carretera de la secoya<\/p>\n<p>Grants Pass, OR, 97527<\/p>\n<p>#<\/p>\n<p>&nbsp;<\/p>\n<p><b>Qu\u00e9:<\/b><\/p>\n<p>Ayuntamiento del condado de Jackson<\/p>\n<p>&nbsp;<\/p>\n<p><b>Cuando:<\/b><\/p>\n<p>Friday, Jan. 3, 2020<\/p>\n<p>Mediod\u00eda<\/p>\n<p>&nbsp;<\/p>\n<p><b>D\u00f3nde:<\/b><\/p>\n<p>Universidad del Sur de Oreg\u00f3n, Sala Rogue River<\/p>\n<p>1250 Siskiyou Blvd.<\/p>\n<p>Ashland, OR, 97520<\/p>\n<p>#<\/p>\n<p>&nbsp;<\/p>\n<p><b>Qu\u00e9:<\/b><\/p>\n<p>Ayuntamiento del condado de Klamath<\/p>\n<p>&nbsp;<\/p>\n<p><b>Cuando:<\/b><\/p>\n<p>Friday, Jan. 3, 2020<\/p>\n<p>16:00<\/p>\n<p>&nbsp;<\/p>\n<p><b>D\u00f3nde:<\/b><\/p>\n<p>Instituto de Tecnolog\u00eda de Oreg\u00f3n, College Union, Sala Mazama-Scott<\/p>\n<p>3201 Campus Drive<\/p>\n<p>Klamath Falls, OR, 97601<\/p>\n<p>#<\/p>\n<p>&nbsp;<\/p>\n<p><b><span style=\"text-decoration: underline;\">JANUARY 4, 2020<\/span><\/b><\/p>\n<p><b>Qu\u00e9:<\/b><\/p>\n<p>Ayuntamiento del condado de Deschutes<\/p>\n<p>&nbsp;<\/p>\n<p><b>Cuando:<\/b><\/p>\n<p>Saturday, Jan. 4, 2020<\/p>\n<p>9 a.m.<\/p>\n<p>&nbsp;<\/p>\n<p><b>D\u00f3nde:<\/b><\/p>\n<p>Escuela Secundaria Ridgeview, auditorio<\/p>\n<p>4555 suroeste de la avenida Elkhorn<\/p>\n<p>Redmond, OR, 97756<\/p>\n<p>#<\/p>\n<p>&nbsp;<\/p>\n<p><b>Qu\u00e9:<\/b><\/p>\n<p>Ayuntamiento del condado de Jefferson<\/p>\n<p>&nbsp;<\/p>\n<p><b>Cuando:<\/b><\/p>\n<p>Saturday, Jan. 4, 2020<\/p>\n<p>Mediod\u00eda<\/p>\n<p>&nbsp;<\/p>\n<p><b>D\u00f3nde:<\/b><\/p>\n<p>Centro de artes esc\u00e9nicas de Madr\u00e1s, auditorio<\/p>\n<p>412 SE Buff St.<\/p>\n<p>Madras, OR, 97741<\/p>\n<p>#<\/p>\n<p>&nbsp;<\/p>\n<p><b>Qu\u00e9:<\/b><\/p>\n<p>Ayuntamiento del condado de Crook<\/p>\n<p>&nbsp;<\/p>\n<p><b>Cuando:<\/b><\/p>\n<p>Saturday, Jan. 4, 2020<\/p>\n<p>3 pm<\/p>\n<p>&nbsp;<\/p>\n<p><b>D\u00f3nde:<\/b><\/p>\n<p>Escuela primaria Barnes Butte, gimnasio<\/p>\n<p>1875 NE Ironhorse Drive<\/p>\n<p>Prineville, OR, 97754<\/p>\n<p>#<\/p>\n<p>&nbsp;<\/p>\n<p><b>Qu\u00e9:<\/b><\/p>\n<p>Ayuntamiento del condado de Wheeler<\/p>\n<p>&nbsp;<\/p>\n<p><b>Cuando:<\/b><\/p>\n<p>Saturday, Jan. 4, 2020<\/p>\n<p>6:30 p.m.<\/p>\n<p>&nbsp;<\/p>\n<p><b>D\u00f3nde:<\/b><\/p>\n<p>Escuela Mitchell, cafeter\u00eda<\/p>\n<p>340 SE High St.<\/p>\n<p>Mitchell, OR, 97750<\/p>\n<p>#<\/p>\n<p>&nbsp;<\/p>\n<p><b><span style=\"text-decoration: underline;\">JANUARY 5, 2020<\/span><\/b><\/p>\n<p><b>Qu\u00e9:<\/b><\/p>\n<p>Ayuntamiento del condado de Grant<\/p>\n<p>&nbsp;<\/p>\n<p><b>Cuando:<\/b><\/p>\n<p>Sunday, Jan. 5, 2020<\/p>\n<p>12:30 pm<\/p>\n<p>&nbsp;<\/p>\n<p><b>D\u00f3nde:<\/b><\/p>\n<p>Sal\u00f3n comunitario de Mount Vernon<\/p>\n<p>640 Ingle St.<\/p>\n<p>Mt. Vernon, OR, 97865<\/p>\n<p>#<\/p>\n<p>&nbsp;<\/p>\n<p><b>Qu\u00e9:<\/b><\/p>\n<p>Ayuntamiento del condado de Gilliam<\/p>\n<p>&nbsp;<\/p>\n<p><b>Cuando:<\/b><\/p>\n<p>Sunday, Jan. 5, 2020<\/p>\n<p>17:00<\/p>\n<p>&nbsp;<\/p>\n<p><b>D\u00f3nde:<\/b><\/p>\n<p>Sal\u00f3n conmemorativo de los veteranos<\/p>\n<p>120 S. Main St.<\/p>\n<p>Condon, OR, 97823<\/p>","protected":false},"excerpt":{"rendered":"<p>The public forums will be held in the towns of Sutherlin, Coquille, Port Orford, Grants Pass, Ashland, Klamath Falls, Redmond, Madras, Prineville, Mitchell, Mt. Vernon, and Condon &nbsp; Portland, OR &ndash; Oregon&rsquo;s U.S. Senator Jeff Merkley will kick off 2020 with 12 town halls across Southern and Central Oregon. The town halls will be January [&hellip;]<\/p>\n","protected":false},"author":2,"featured_media":0,"comment_status":"closed","ping_status":"closed","sticky":false,"template":"","format":"standard","meta":{"_acf_changed":false,"inline_featured_image":false,"footnotes":""},"categories":[24],"tags":[],"class_list":["post-3737","post","type-post","status-publish","format-standard","hentry","category-press-releases"],"acf":[],"yoast_head":"<!-- This site is optimized with the Yoast SEO plugin v27.2 - https:\/\/yoast.com\/product\/yoast-seo-wordpress\/ -->\n<title>Merkley to Start the New Year with 12 Town Halls - Merkley<\/title>\n<meta name=\"robots\" content=\"index, follow, max-snippet:-1, max-image-preview:large, max-video-preview:-1\" \/>\n<link rel=\"canonical\" href=\"https:\/\/www.merkley.senate.gov\/es\/merkley-to-start-the-new-year-with-12-town-halls-2019\/\" \/>\n<meta property=\"og:locale\" content=\"es_MX\" \/>\n<meta property=\"og:type\" content=\"article\" \/>\n<meta property=\"og:title\" content=\"Merkley to Start the New Year with 12 Town Halls - Merkley\" \/>\n<meta property=\"og:description\" content=\"The public forums will be held in the towns of Sutherlin, Coquille, Port Orford, Grants Pass, Ashland, Klamath Falls, Redmond, Madras, Prineville, Mitchell, Mt. Vernon, and Condon &nbsp; Portland, OR &ndash; Oregon&rsquo;s U.S. Senator Jeff Merkley will kick off 2020 with 12 town halls across Southern and Central Oregon. The town halls will be January [&hellip;]\" \/>\n<meta property=\"og:url\" content=\"https:\/\/www.merkley.senate.gov\/es\/merkley-to-start-the-new-year-with-12-town-halls-2019\/\" \/>\n<meta property=\"og:site_name\" content=\"Merkley\" \/>\n<meta property=\"article:published_time\" content=\"2019-12-20T16:50:00+00:00\" \/>\n<meta property=\"article:modified_time\" content=\"2023-07-24T15:07:10+00:00\" \/>\n<meta name=\"twitter:card\" content=\"summary_large_image\" \/>\n<meta name=\"twitter:label1\" content=\"Written by\" \/>\n\t<meta name=\"twitter:data1\" content=\"\" \/>\n\t<meta name=\"twitter:label2\" content=\"Est. reading time\" \/>\n\t<meta name=\"twitter:data2\" content=\"3 minutes\" \/>\n<script type=\"application\/ld+json\" class=\"yoast-schema-graph\">{\"@context\":\"https:\/\/schema.org\",\"@graph\":[{\"@type\":\"Article\",\"@id\":\"https:\/\/www.merkley.senate.gov\/merkley-to-start-the-new-year-with-12-town-halls-2019\/#article\",\"isPartOf\":{\"@id\":\"https:\/\/www.merkley.senate.gov\/merkley-to-start-the-new-year-with-12-town-halls-2019\/\"},\"author\":{\"name\":\"\",\"@id\":\"\"},\"headline\":\"Merkley to Start the New Year with 12 Town Halls\",\"datePublished\":\"2019-12-20T16:50:00+00:00\",\"dateModified\":\"2023-07-24T15:07:10+00:00\",\"mainEntityOfPage\":{\"@id\":\"https:\/\/www.merkley.senate.gov\/merkley-to-start-the-new-year-with-12-town-halls-2019\/\"},\"wordCount\":564,\"articleSection\":[\"Press Releases\"],\"inLanguage\":\"es-MX\"},{\"@type\":\"WebPage\",\"@id\":\"https:\/\/www.merkley.senate.gov\/merkley-to-start-the-new-year-with-12-town-halls-2019\/\",\"url\":\"https:\/\/www.merkley.senate.gov\/merkley-to-start-the-new-year-with-12-town-halls-2019\/\",\"name\":\"Merkley to Start the New Year with 12 Town Halls - Merkley\",\"isPartOf\":{\"@id\":\"https:\/\/www.merkley.senate.gov\/#website\"},\"datePublished\":\"2019-12-20T16:50:00+00:00\",\"dateModified\":\"2023-07-24T15:07:10+00:00\",\"author\":{\"@id\":\"\"},\"breadcrumb\":{\"@id\":\"https:\/\/www.merkley.senate.gov\/merkley-to-start-the-new-year-with-12-town-halls-2019\/#breadcrumb\"},\"inLanguage\":\"es-MX\",\"potentialAction\":[{\"@type\":\"ReadAction\",\"target\":[\"https:\/\/www.merkley.senate.gov\/merkley-to-start-the-new-year-with-12-town-halls-2019\/\"]}]},{\"@type\":\"BreadcrumbList\",\"@id\":\"https:\/\/www.merkley.senate.gov\/merkley-to-start-the-new-year-with-12-town-halls-2019\/#breadcrumb\",\"itemListElement\":[{\"@type\":\"ListItem\",\"position\":1,\"name\":\"Home\",\"item\":\"https:\/\/www.merkley.senate.gov\/\"},{\"@type\":\"ListItem\",\"position\":2,\"name\":\"Merkley to Start the New Year with 12 Town Halls\"}]},{\"@type\":\"WebSite\",\"@id\":\"https:\/\/www.merkley.senate.gov\/#website\",\"url\":\"https:\/\/www.merkley.senate.gov\/\",\"name\":\"Merkley\",\"description\":\"Merkley\",\"potentialAction\":[{\"@type\":\"SearchAction\",\"target\":{\"@type\":\"EntryPoint\",\"urlTemplate\":\"https:\/\/www.merkley.senate.gov\/?s={search_term_string}\"},\"query-input\":{\"@type\":\"PropertyValueSpecification\",\"valueRequired\":true,\"valueName\":\"search_term_string\"}}],\"inLanguage\":\"es-MX\"},{\"@type\":\"Person\",\"@id\":\"\",\"url\":\"https:\/\/www.merkley.senate.gov\/es\/author\/\"}]}<\/script>\n<!-- \/ Yoast SEO plugin. -->","yoast_head_json":{"title":"Merkley to Start the New Year with 12 Town Halls - Merkley","robots":{"index":"index","follow":"follow","max-snippet":"max-snippet:-1","max-image-preview":"max-image-preview:large","max-video-preview":"max-video-preview:-1"},"canonical":"https:\/\/www.merkley.senate.gov\/es\/merkley-to-start-the-new-year-with-12-town-halls-2019\/","og_locale":"es_MX","og_type":"article","og_title":"Merkley to Start the New Year with 12 Town Halls - Merkley","og_description":"The public forums will be held in the towns of Sutherlin, Coquille, Port Orford, Grants Pass, Ashland, Klamath Falls, Redmond, Madras, Prineville, Mitchell, Mt. Vernon, and Condon &nbsp; Portland, OR &ndash; Oregon&rsquo;s U.S. Senator Jeff Merkley will kick off 2020 with 12 town halls across Southern and Central Oregon. The town halls will be January [&hellip;]","og_url":"https:\/\/www.merkley.senate.gov\/es\/merkley-to-start-the-new-year-with-12-town-halls-2019\/","og_site_name":"Merkley","article_published_time":"2019-12-20T16:50:00+00:00","article_modified_time":"2023-07-24T15:07:10+00:00","twitter_card":"summary_large_image","twitter_misc":{"Written by":"","Est. reading time":"3 minutes"},"schema":{"@context":"https:\/\/schema.org","@graph":[{"@type":"Article","@id":"https:\/\/www.merkley.senate.gov\/merkley-to-start-the-new-year-with-12-town-halls-2019\/#article","isPartOf":{"@id":"https:\/\/www.merkley.senate.gov\/merkley-to-start-the-new-year-with-12-town-halls-2019\/"},"author":{"name":"","@id":""},"headline":"Merkley to Start the New Year with 12 Town Halls","datePublished":"2019-12-20T16:50:00+00:00","dateModified":"2023-07-24T15:07:10+00:00","mainEntityOfPage":{"@id":"https:\/\/www.merkley.senate.gov\/merkley-to-start-the-new-year-with-12-town-halls-2019\/"},"wordCount":564,"articleSection":["Press Releases"],"inLanguage":"es-MX"},{"@type":"WebPage","@id":"https:\/\/www.merkley.senate.gov\/merkley-to-start-the-new-year-with-12-town-halls-2019\/","url":"https:\/\/www.merkley.senate.gov\/merkley-to-start-the-new-year-with-12-town-halls-2019\/","name":"Merkley to Start the New Year with 12 Town Halls - Merkley","isPartOf":{"@id":"https:\/\/www.merkley.senate.gov\/#website"},"datePublished":"2019-12-20T16:50:00+00:00","dateModified":"2023-07-24T15:07:10+00:00","author":{"@id":""},"breadcrumb":{"@id":"https:\/\/www.merkley.senate.gov\/merkley-to-start-the-new-year-with-12-town-halls-2019\/#breadcrumb"},"inLanguage":"es-MX","potentialAction":[{"@type":"ReadAction","target":["https:\/\/www.merkley.senate.gov\/merkley-to-start-the-new-year-with-12-town-halls-2019\/"]}]},{"@type":"BreadcrumbList","@id":"https:\/\/www.merkley.senate.gov\/merkley-to-start-the-new-year-with-12-town-halls-2019\/#breadcrumb","itemListElement":[{"@type":"ListItem","position":1,"name":"Home","item":"https:\/\/www.merkley.senate.gov\/"},{"@type":"ListItem","position":2,"name":"Merkley to Start the New Year with 12 Town Halls"}]},{"@type":"WebSite","@id":"https:\/\/www.merkley.senate.gov\/#website","url":"https:\/\/www.merkley.senate.gov\/","name":"merkley","description":"merkley","potentialAction":[{"@type":"SearchAction","target":{"@type":"EntryPoint","urlTemplate":"https:\/\/www.merkley.senate.gov\/?s={search_term_string}"},"query-input":{"@type":"PropertyValueSpecification","valueRequired":true,"valueName":"search_term_string"}}],"inLanguage":"es-MX"},{"@type":"Person","@id":"","url":"https:\/\/www.merkley.senate.gov\/es\/author\/"}]}},"_links":{"self":[{"href":"https:\/\/www.merkley.senate.gov\/es\/wp-json\/wp\/v2\/posts\/3737","targetHints":{"allow":["GET"]}}],"collection":[{"href":"https:\/\/www.merkley.senate.gov\/es\/wp-json\/wp\/v2\/posts"}],"about":[{"href":"https:\/\/www.merkley.senate.gov\/es\/wp-json\/wp\/v2\/types\/post"}],"author":[{"embeddable":true,"href":"https:\/\/www.merkley.senate.gov\/es\/wp-json\/wp\/v2\/users\/2"}],"replies":[{"embeddable":true,"href":"https:\/\/www.merkley.senate.gov\/es\/wp-json\/wp\/v2\/comments?post=3737"}],"version-history":[{"count":1,"href":"https:\/\/www.merkley.senate.gov\/es\/wp-json\/wp\/v2\/posts\/3737\/revisions"}],"predecessor-version":[{"id":13113,"href":"https:\/\/www.merkley.senate.gov\/es\/wp-json\/wp\/v2\/posts\/3737\/revisions\/13113"}],"wp:attachment":[{"href":"https:\/\/www.merkley.senate.gov\/es\/wp-json\/wp\/v2\/media?parent=3737"}],"wp:term":[{"taxonomy":"category","embeddable":true,"href":"https:\/\/www.merkley.senate.gov\/es\/wp-json\/wp\/v2\/categories?post=3737"},{"taxonomy":"post_tag","embeddable":true,"href":"https:\/\/www.merkley.senate.gov\/es\/wp-json\/wp\/v2\/tags?post=3737"}],"curies":[{"name":"wp","href":"https:\/\/api.w.org\/{rel}","templated":true}]}}