{"id":3773,"date":"2019-12-10T16:41:00","date_gmt":"2019-12-10T21:41:00","guid":{"rendered":"https:\/\/www.merkley.senate.gov\/wyden-merkley-introduce-resolution-in-support-of-us-commitment-to-paris-climate-agreement-2019\/"},"modified":"2023-07-24T11:07:13","modified_gmt":"2023-07-24T15:07:13","slug":"wyden-merkley-introduce-resolution-in-support-of-us-commitment-to-paris-climate-agreement-2019","status":"publish","type":"post","link":"https:\/\/www.merkley.senate.gov\/es\/wyden-merkley-introduce-resolution-in-support-of-us-commitment-to-paris-climate-agreement-2019\/","title":{"rendered":"Wyden y Merkley presentan una resoluci\u00f3n en apoyo del compromiso de EE. UU. con el Acuerdo Clim\u00e1tico de Par\u00eds"},"content":{"rendered":"<p><b><i>Washington DC<\/i><\/b> \u2013 Mientras los negociadores internacionales contin\u00faan las discusiones en la 25.\u00aa Conferencia de las Partes de la Convenci\u00f3n Marco de las Naciones Unidas sobre el Cambio Clim\u00e1tico en Madrid, los senadores estadounidenses de Oreg\u00f3n, Ron Wyden y Jeff Merkley, presentaron hoy una resoluci\u00f3n para expresar su apoyo al acuerdo clim\u00e1tico de Par\u00eds.<\/p>\n<p>La resoluci\u00f3n se\u00f1ala la creciente urgencia cient\u00edfica en torno a la necesidad de actuar para combatir la crisis clim\u00e1tica y detalla los pasos audaces que los estados, municipios y empresas est\u00e1n tomando para reducir las emisiones de gases de efecto invernadero, crear empleos de energ\u00eda limpia y cumplir los objetivos del acuerdo clim\u00e1tico de Par\u00eds. .<\/p>\n<blockquote>\n<p><b>\u201cLa decisi\u00f3n de Donald Trump de retirarse del acuerdo clim\u00e1tico de Par\u00eds fue una clara renuncia a la responsabilidad de Estados Unidos de actuar ahora para garantizar la salud y la seguridad de las generaciones futuras. El Congreso no deber\u00eda seguir el liderazgo miope y poco cient\u00edfico de Trump\u201d, <\/b>dijo Wyden.<b> \u201cEsta resoluci\u00f3n indica que todav\u00eda hay l\u00edderes en los EE. UU. que se toman en serio abordar la crisis clim\u00e1tica. Seguir enterrando nuestras cabezas en la arena no cambiar\u00e1 la ciencia\u201d.<\/b><\/p>\n<p><b>\u201cLa retirada de la administraci\u00f3n Trump del Acuerdo Clim\u00e1tico de Par\u00eds es un obsequio masivo para las corporaciones que no quieren limpiar su actuaci\u00f3n, a expensas de la salud y la seguridad del pueblo estadounidense y la comunidad global\u201d, <\/b>dijo Merkley.<b> \u201cEso es vergonzoso y vergonzoso. Es responsabilidad del Congreso hacer todo lo posible para seguir siendo l\u00edderes en la lucha contra el caos clim\u00e1tico, y esta resoluci\u00f3n es fundamental para enviar ese mensaje\u201d.<\/b><\/p>\n<\/blockquote>\n<p>Adem\u00e1s de Wyden y Merkley, la resoluci\u00f3n est\u00e1 copatrocinada por los senadores estadounidenses Edward J. Markey, D-Mass., Tom Carper, D-Del., Richard Blumenthal, D-Conn., Sheldon Whitehouse, D.I. , Jeanne Shaheen, DN.H., Chris Van Hollen, D-Md., Amy Klobuchar, D-Minn., Dick Durbin, D-Ill., Cory Booker, DN.J., Tina Smith, D-Minn., Maggie Hassan, DN.H., Bob Casey, D-Penn., y Jack Reed, DR.I.<\/p>\n<p>Se encuentra disponible una copia de la resoluci\u00f3n. <a href=\"https:\/\/www.markey.senate.gov\/imo\/media\/doc\/Paris%20Agreement%20COP%202019%20letter.pdf\">aqu\u00ed<\/a>.<\/p>\n<p>Una versi\u00f3n web de este comunicado est\u00e1 disponible <a href=\"https:\/\/www.wyden.senate.gov\/news\/press-releases\/wyden-merkley-introduce-resolution-in-support-of-us-commitment-to-paris-climate-agreement\">aqu\u00ed<\/a>.<\/p>","protected":false},"excerpt":{"rendered":"<p>Washington, D.C. &ndash; As international negotiators continue discussions at the 25th Conference of Parties to the United Nations Framework Convention on Climate Change in Madrid, Oregon&rsquo;s U.S. Senators Ron Wyden and Jeff Merkley today introduced a resolution to express support for the Paris climate agreement. The resolution notes the growing scientific urgency around the need [&hellip;]<\/p>\n","protected":false},"author":2,"featured_media":0,"comment_status":"closed","ping_status":"closed","sticky":false,"template":"","format":"standard","meta":{"_acf_changed":false,"inline_featured_image":false,"footnotes":""},"categories":[24],"tags":[45],"class_list":["post-3773","post","type-post","status-publish","format-standard","hentry","category-press-releases","tag-tackling-climate-change"],"acf":[],"yoast_head":"<!-- This site is optimized with the Yoast SEO plugin v27.2 - https:\/\/yoast.com\/product\/yoast-seo-wordpress\/ -->\n<title>Wyden, Merkley Introduce Resolution in Support of U.S. Commitment to Paris Climate Agreement - Merkley<\/title>\n<meta name=\"robots\" content=\"index, follow, max-snippet:-1, max-image-preview:large, max-video-preview:-1\" \/>\n<link rel=\"canonical\" href=\"https:\/\/www.merkley.senate.gov\/es\/wyden-merkley-introduce-resolution-in-support-of-us-commitment-to-paris-climate-agreement-2019\/\" \/>\n<meta property=\"og:locale\" content=\"es_MX\" \/>\n<meta property=\"og:type\" content=\"article\" \/>\n<meta property=\"og:title\" content=\"Wyden, Merkley Introduce Resolution in Support of U.S. Commitment to Paris Climate Agreement - Merkley\" \/>\n<meta property=\"og:description\" content=\"Washington, D.C. &ndash; As international negotiators continue discussions at the 25th Conference of Parties to the United Nations Framework Convention on Climate Change in Madrid, Oregon&rsquo;s U.S. Senators Ron Wyden and Jeff Merkley today introduced a resolution to express support for the Paris climate agreement. The resolution notes the growing scientific urgency around the need [&hellip;]\" \/>\n<meta property=\"og:url\" content=\"https:\/\/www.merkley.senate.gov\/es\/wyden-merkley-introduce-resolution-in-support-of-us-commitment-to-paris-climate-agreement-2019\/\" \/>\n<meta property=\"og:site_name\" content=\"Merkley\" \/>\n<meta property=\"article:published_time\" content=\"2019-12-10T21:41:00+00:00\" \/>\n<meta property=\"article:modified_time\" content=\"2023-07-24T15:07:13+00:00\" \/>\n<meta name=\"twitter:card\" content=\"summary_large_image\" \/>\n<meta name=\"twitter:label1\" content=\"Written by\" \/>\n\t<meta name=\"twitter:data1\" content=\"\" \/>\n\t<meta name=\"twitter:label2\" content=\"Est. reading time\" \/>\n\t<meta name=\"twitter:data2\" content=\"2 minutes\" \/>\n<script type=\"application\/ld+json\" class=\"yoast-schema-graph\">{\"@context\":\"https:\/\/schema.org\",\"@graph\":[{\"@type\":\"Article\",\"@id\":\"https:\/\/www.merkley.senate.gov\/wyden-merkley-introduce-resolution-in-support-of-us-commitment-to-paris-climate-agreement-2019\/#article\",\"isPartOf\":{\"@id\":\"https:\/\/www.merkley.senate.gov\/wyden-merkley-introduce-resolution-in-support-of-us-commitment-to-paris-climate-agreement-2019\/\"},\"author\":{\"name\":\"\",\"@id\":\"\"},\"headline\":\"Wyden, Merkley Introduce Resolution in Support of U.S. Commitment to Paris Climate Agreement\",\"datePublished\":\"2019-12-10T21:41:00+00:00\",\"dateModified\":\"2023-07-24T15:07:13+00:00\",\"mainEntityOfPage\":{\"@id\":\"https:\/\/www.merkley.senate.gov\/wyden-merkley-introduce-resolution-in-support-of-us-commitment-to-paris-climate-agreement-2019\/\"},\"wordCount\":355,\"keywords\":[\"Tackling Climate Change\"],\"articleSection\":[\"Press Releases\"],\"inLanguage\":\"es-MX\"},{\"@type\":\"WebPage\",\"@id\":\"https:\/\/www.merkley.senate.gov\/wyden-merkley-introduce-resolution-in-support-of-us-commitment-to-paris-climate-agreement-2019\/\",\"url\":\"https:\/\/www.merkley.senate.gov\/wyden-merkley-introduce-resolution-in-support-of-us-commitment-to-paris-climate-agreement-2019\/\",\"name\":\"Wyden, Merkley Introduce Resolution in Support of U.S. Commitment to Paris Climate Agreement - Merkley\",\"isPartOf\":{\"@id\":\"https:\/\/www.merkley.senate.gov\/#website\"},\"datePublished\":\"2019-12-10T21:41:00+00:00\",\"dateModified\":\"2023-07-24T15:07:13+00:00\",\"author\":{\"@id\":\"\"},\"breadcrumb\":{\"@id\":\"https:\/\/www.merkley.senate.gov\/wyden-merkley-introduce-resolution-in-support-of-us-commitment-to-paris-climate-agreement-2019\/#breadcrumb\"},\"inLanguage\":\"es-MX\",\"potentialAction\":[{\"@type\":\"ReadAction\",\"target\":[\"https:\/\/www.merkley.senate.gov\/wyden-merkley-introduce-resolution-in-support-of-us-commitment-to-paris-climate-agreement-2019\/\"]}]},{\"@type\":\"BreadcrumbList\",\"@id\":\"https:\/\/www.merkley.senate.gov\/wyden-merkley-introduce-resolution-in-support-of-us-commitment-to-paris-climate-agreement-2019\/#breadcrumb\",\"itemListElement\":[{\"@type\":\"ListItem\",\"position\":1,\"name\":\"Home\",\"item\":\"https:\/\/www.merkley.senate.gov\/\"},{\"@type\":\"ListItem\",\"position\":2,\"name\":\"Wyden, Merkley Introduce Resolution in Support of U.S. Commitment to Paris Climate Agreement\"}]},{\"@type\":\"WebSite\",\"@id\":\"https:\/\/www.merkley.senate.gov\/#website\",\"url\":\"https:\/\/www.merkley.senate.gov\/\",\"name\":\"Merkley\",\"description\":\"Merkley\",\"potentialAction\":[{\"@type\":\"SearchAction\",\"target\":{\"@type\":\"EntryPoint\",\"urlTemplate\":\"https:\/\/www.merkley.senate.gov\/?s={search_term_string}\"},\"query-input\":{\"@type\":\"PropertyValueSpecification\",\"valueRequired\":true,\"valueName\":\"search_term_string\"}}],\"inLanguage\":\"es-MX\"},{\"@type\":\"Person\",\"@id\":\"\",\"url\":\"https:\/\/www.merkley.senate.gov\/es\/author\/\"}]}<\/script>\n<!-- \/ Yoast SEO plugin. -->","yoast_head_json":{"title":"Wyden, Merkley Introduce Resolution in Support of U.S. Commitment to Paris Climate Agreement - Merkley","robots":{"index":"index","follow":"follow","max-snippet":"max-snippet:-1","max-image-preview":"max-image-preview:large","max-video-preview":"max-video-preview:-1"},"canonical":"https:\/\/www.merkley.senate.gov\/es\/wyden-merkley-introduce-resolution-in-support-of-us-commitment-to-paris-climate-agreement-2019\/","og_locale":"es_MX","og_type":"article","og_title":"Wyden, Merkley Introduce Resolution in Support of U.S. Commitment to Paris Climate Agreement - Merkley","og_description":"Washington, D.C. &ndash; As international negotiators continue discussions at the 25th Conference of Parties to the United Nations Framework Convention on Climate Change in Madrid, Oregon&rsquo;s U.S. Senators Ron Wyden and Jeff Merkley today introduced a resolution to express support for the Paris climate agreement. The resolution notes the growing scientific urgency around the need [&hellip;]","og_url":"https:\/\/www.merkley.senate.gov\/es\/wyden-merkley-introduce-resolution-in-support-of-us-commitment-to-paris-climate-agreement-2019\/","og_site_name":"Merkley","article_published_time":"2019-12-10T21:41:00+00:00","article_modified_time":"2023-07-24T15:07:13+00:00","twitter_card":"summary_large_image","twitter_misc":{"Written by":"","Est. reading time":"2 minutes"},"schema":{"@context":"https:\/\/schema.org","@graph":[{"@type":"Article","@id":"https:\/\/www.merkley.senate.gov\/wyden-merkley-introduce-resolution-in-support-of-us-commitment-to-paris-climate-agreement-2019\/#article","isPartOf":{"@id":"https:\/\/www.merkley.senate.gov\/wyden-merkley-introduce-resolution-in-support-of-us-commitment-to-paris-climate-agreement-2019\/"},"author":{"name":"","@id":""},"headline":"Wyden, Merkley Introduce Resolution in Support of U.S. Commitment to Paris Climate Agreement","datePublished":"2019-12-10T21:41:00+00:00","dateModified":"2023-07-24T15:07:13+00:00","mainEntityOfPage":{"@id":"https:\/\/www.merkley.senate.gov\/wyden-merkley-introduce-resolution-in-support-of-us-commitment-to-paris-climate-agreement-2019\/"},"wordCount":355,"keywords":["Tackling Climate Change"],"articleSection":["Press Releases"],"inLanguage":"es-MX"},{"@type":"WebPage","@id":"https:\/\/www.merkley.senate.gov\/wyden-merkley-introduce-resolution-in-support-of-us-commitment-to-paris-climate-agreement-2019\/","url":"https:\/\/www.merkley.senate.gov\/wyden-merkley-introduce-resolution-in-support-of-us-commitment-to-paris-climate-agreement-2019\/","name":"Wyden, Merkley Introduce Resolution in Support of U.S. Commitment to Paris Climate Agreement - Merkley","isPartOf":{"@id":"https:\/\/www.merkley.senate.gov\/#website"},"datePublished":"2019-12-10T21:41:00+00:00","dateModified":"2023-07-24T15:07:13+00:00","author":{"@id":""},"breadcrumb":{"@id":"https:\/\/www.merkley.senate.gov\/wyden-merkley-introduce-resolution-in-support-of-us-commitment-to-paris-climate-agreement-2019\/#breadcrumb"},"inLanguage":"es-MX","potentialAction":[{"@type":"ReadAction","target":["https:\/\/www.merkley.senate.gov\/wyden-merkley-introduce-resolution-in-support-of-us-commitment-to-paris-climate-agreement-2019\/"]}]},{"@type":"BreadcrumbList","@id":"https:\/\/www.merkley.senate.gov\/wyden-merkley-introduce-resolution-in-support-of-us-commitment-to-paris-climate-agreement-2019\/#breadcrumb","itemListElement":[{"@type":"ListItem","position":1,"name":"Home","item":"https:\/\/www.merkley.senate.gov\/"},{"@type":"ListItem","position":2,"name":"Wyden, Merkley Introduce Resolution in Support of U.S. Commitment to Paris Climate Agreement"}]},{"@type":"WebSite","@id":"https:\/\/www.merkley.senate.gov\/#website","url":"https:\/\/www.merkley.senate.gov\/","name":"merkley","description":"merkley","potentialAction":[{"@type":"SearchAction","target":{"@type":"EntryPoint","urlTemplate":"https:\/\/www.merkley.senate.gov\/?s={search_term_string}"},"query-input":{"@type":"PropertyValueSpecification","valueRequired":true,"valueName":"search_term_string"}}],"inLanguage":"es-MX"},{"@type":"Person","@id":"","url":"https:\/\/www.merkley.senate.gov\/es\/author\/"}]}},"_links":{"self":[{"href":"https:\/\/www.merkley.senate.gov\/es\/wp-json\/wp\/v2\/posts\/3773","targetHints":{"allow":["GET"]}}],"collection":[{"href":"https:\/\/www.merkley.senate.gov\/es\/wp-json\/wp\/v2\/posts"}],"about":[{"href":"https:\/\/www.merkley.senate.gov\/es\/wp-json\/wp\/v2\/types\/post"}],"author":[{"embeddable":true,"href":"https:\/\/www.merkley.senate.gov\/es\/wp-json\/wp\/v2\/users\/2"}],"replies":[{"embeddable":true,"href":"https:\/\/www.merkley.senate.gov\/es\/wp-json\/wp\/v2\/comments?post=3773"}],"version-history":[{"count":1,"href":"https:\/\/www.merkley.senate.gov\/es\/wp-json\/wp\/v2\/posts\/3773\/revisions"}],"predecessor-version":[{"id":13149,"href":"https:\/\/www.merkley.senate.gov\/es\/wp-json\/wp\/v2\/posts\/3773\/revisions\/13149"}],"wp:attachment":[{"href":"https:\/\/www.merkley.senate.gov\/es\/wp-json\/wp\/v2\/media?parent=3773"}],"wp:term":[{"taxonomy":"category","embeddable":true,"href":"https:\/\/www.merkley.senate.gov\/es\/wp-json\/wp\/v2\/categories?post=3773"},{"taxonomy":"post_tag","embeddable":true,"href":"https:\/\/www.merkley.senate.gov\/es\/wp-json\/wp\/v2\/tags?post=3773"}],"curies":[{"name":"wp","href":"https:\/\/api.w.org\/{rel}","templated":true}]}}