{"id":3863,"date":"2019-10-23T16:36:00","date_gmt":"2019-10-23T20:36:00","guid":{"rendered":"https:\/\/www.merkley.senate.gov\/sen-merkley-attends-oregon-city-manufacturing-day-event\/"},"modified":"2023-07-24T11:07:20","modified_gmt":"2023-07-24T15:07:20","slug":"sen-merkley-attends-oregon-city-manufacturing-day-event","status":"publish","type":"post","link":"https:\/\/www.merkley.senate.gov\/es\/sen-merkley-attends-oregon-city-manufacturing-day-event\/","title":{"rendered":"El Senador Merkley asiste al evento del D\u00eda de la Fabricaci\u00f3n de la Ciudad de Oreg\u00f3n"},"content":{"rendered":"<p>El senador estadounidense Jeff Merkley visit\u00f3 el Centro de Tecnolog\u00eda Industrial de Clackamas Community College el 4 de octubre como parte de las actividades de todo el d\u00eda dise\u00f1adas para aumentar la conciencia de los estudiantes sobre posibles caminos profesionales dentro de la industria manufacturera.<\/p>\n<p>\u201cTodo el campo de la energ\u00eda renovable seguir\u00e1 creciendo\u201d, dijo Merkley a un grupo de estudiantes de la preparatoria Oregon City.<\/p>\n<p>Con el aumento de la cantidad de carbono en el aire en las \u00faltimas d\u00e9cadas causado por el cambio clim\u00e1tico, Merkley les dijo a los estudiantes: \u201cTenemos que reconstruir toda la econom\u00eda energ\u00e9tica de la naci\u00f3n\u201d.<\/p>\n<p>Celebrado siempre el primer viernes de octubre, el D\u00eda de la Fabricaci\u00f3n es un feriado nacional dise\u00f1ado para ampliar el conocimiento del valor de la fabricaci\u00f3n en la econom\u00eda de los EE. UU. y ayudar a fomentar el inter\u00e9s de los estudiantes de secundaria por las carreras de fabricaci\u00f3n.<\/p>\n<p>Los entornos de fabricaci\u00f3n modernos com\u00fanmente se consideran f\u00e1bricas oscuras y peligrosas dise\u00f1adas para trabajadores poco calificados. El D\u00eda de la Fabricaci\u00f3n aborda esta percepci\u00f3n err\u00f3nea al brindar una oportunidad para que los fabricantes abran sus puertas y muestren lo que realmente es la fabricaci\u00f3n moderna.<\/p>\n<p>Hablando en el Centro de Tecnolog\u00eda Industrial de 40,000 pies cuadrados de CCC, que alberga los programas de Fabricaci\u00f3n y Ciencias Industriales de la universidad, el estudiante de CCC, Steven Zimmerman, les dijo a los estudiantes que era un veterano de la Fuerza A\u00e9rea y un empleado de la construcci\u00f3n que encontr\u00f3 que la fabricaci\u00f3n se adaptaba bien a \u00e9l.<\/p>\n<p>\u201cSi te gusta trabajar con las manos y al aire libre, te sugiero encarecidamente la energ\u00eda renovable\u201d, dijo.<\/p>\n<p>Clackamas Workforce Partnership se asoci\u00f3 con el Distrito de Servicios Educativos de Clackamas, Clackamas Community College, 13 fabricantes del \u00e1rea y 10 escuelas secundarias locales y\/o programas para j\u00f3venes, que incluyeron a casi 250 estudiantes, para celebrar el D\u00eda de la Fabricaci\u00f3n en el condado de Clackamas. Otros 200 estudiantes y una lista de fabricantes participaron en un evento independiente patrocinado por la Academia de Ciencias Industriales de Clackamas en Oregon City.<\/p>\n<p>Visitas a las instalaciones de fabricaci\u00f3n locales destinadas a educar a los estudiantes sobre una variedad de habilidades necesarias para trabajar en la fabricaci\u00f3n, entrevistas informativas, acceso a l\u00edderes de la industria y programas de capacitaci\u00f3n.<\/p>","protected":false},"excerpt":{"rendered":"<p>U.S. Sen. Jeff Merkley paid a visit to Clackamas Community College&#8217;s Industrial Technology Center on Oct. 4 as part of daylong activities designed to increase student awareness about potential career pathways within the manufacturing industry. &#8220;The whole field of renewable energy is just going to keep growing,&#8221; Merkley told a group of students from Oregon [&hellip;]<\/p>\n","protected":false},"author":2,"featured_media":0,"comment_status":"closed","ping_status":"closed","sticky":false,"template":"","format":"standard","meta":{"_acf_changed":false,"inline_featured_image":false,"footnotes":""},"categories":[26],"tags":[],"class_list":["post-3863","post","type-post","status-publish","format-standard","hentry","category-in-the-news"],"acf":[],"yoast_head":"<!-- This site is optimized with the Yoast SEO plugin v27.2 - https:\/\/yoast.com\/product\/yoast-seo-wordpress\/ -->\n<title>Sen. Merkley attends Oregon City Manufacturing Day event - Merkley<\/title>\n<meta name=\"robots\" content=\"index, follow, max-snippet:-1, max-image-preview:large, max-video-preview:-1\" \/>\n<link rel=\"canonical\" href=\"https:\/\/www.merkley.senate.gov\/es\/sen-merkley-attends-oregon-city-manufacturing-day-event\/\" \/>\n<meta property=\"og:locale\" content=\"es_MX\" \/>\n<meta property=\"og:type\" content=\"article\" \/>\n<meta property=\"og:title\" content=\"Sen. Merkley attends Oregon City Manufacturing Day event - Merkley\" \/>\n<meta property=\"og:description\" content=\"U.S. Sen. Jeff Merkley paid a visit to Clackamas Community College&#8217;s Industrial Technology Center on Oct. 4 as part of daylong activities designed to increase student awareness about potential career pathways within the manufacturing industry. &#8220;The whole field of renewable energy is just going to keep growing,&#8221; Merkley told a group of students from Oregon [&hellip;]\" \/>\n<meta property=\"og:url\" content=\"https:\/\/www.merkley.senate.gov\/es\/sen-merkley-attends-oregon-city-manufacturing-day-event\/\" \/>\n<meta property=\"og:site_name\" content=\"Merkley\" \/>\n<meta property=\"article:published_time\" content=\"2019-10-23T20:36:00+00:00\" \/>\n<meta property=\"article:modified_time\" content=\"2023-07-24T15:07:20+00:00\" \/>\n<meta name=\"twitter:card\" content=\"summary_large_image\" \/>\n<meta name=\"twitter:label1\" content=\"Written by\" \/>\n\t<meta name=\"twitter:data1\" content=\"\" \/>\n\t<meta name=\"twitter:label2\" content=\"Est. reading time\" \/>\n\t<meta name=\"twitter:data2\" content=\"2 minutes\" \/>\n<script type=\"application\/ld+json\" class=\"yoast-schema-graph\">{\"@context\":\"https:\/\/schema.org\",\"@graph\":[{\"@type\":\"Article\",\"@id\":\"https:\/\/www.merkley.senate.gov\/sen-merkley-attends-oregon-city-manufacturing-day-event\/#article\",\"isPartOf\":{\"@id\":\"https:\/\/www.merkley.senate.gov\/sen-merkley-attends-oregon-city-manufacturing-day-event\/\"},\"author\":{\"name\":\"\",\"@id\":\"\"},\"headline\":\"Sen. Merkley attends Oregon City Manufacturing Day event\",\"datePublished\":\"2019-10-23T20:36:00+00:00\",\"dateModified\":\"2023-07-24T15:07:20+00:00\",\"mainEntityOfPage\":{\"@id\":\"https:\/\/www.merkley.senate.gov\/sen-merkley-attends-oregon-city-manufacturing-day-event\/\"},\"wordCount\":313,\"articleSection\":[\"In the News\"],\"inLanguage\":\"es-MX\"},{\"@type\":\"WebPage\",\"@id\":\"https:\/\/www.merkley.senate.gov\/sen-merkley-attends-oregon-city-manufacturing-day-event\/\",\"url\":\"https:\/\/www.merkley.senate.gov\/sen-merkley-attends-oregon-city-manufacturing-day-event\/\",\"name\":\"Sen. Merkley attends Oregon City Manufacturing Day event - Merkley\",\"isPartOf\":{\"@id\":\"https:\/\/www.merkley.senate.gov\/#website\"},\"datePublished\":\"2019-10-23T20:36:00+00:00\",\"dateModified\":\"2023-07-24T15:07:20+00:00\",\"author\":{\"@id\":\"\"},\"breadcrumb\":{\"@id\":\"https:\/\/www.merkley.senate.gov\/sen-merkley-attends-oregon-city-manufacturing-day-event\/#breadcrumb\"},\"inLanguage\":\"es-MX\",\"potentialAction\":[{\"@type\":\"ReadAction\",\"target\":[\"https:\/\/www.merkley.senate.gov\/sen-merkley-attends-oregon-city-manufacturing-day-event\/\"]}]},{\"@type\":\"BreadcrumbList\",\"@id\":\"https:\/\/www.merkley.senate.gov\/sen-merkley-attends-oregon-city-manufacturing-day-event\/#breadcrumb\",\"itemListElement\":[{\"@type\":\"ListItem\",\"position\":1,\"name\":\"Home\",\"item\":\"https:\/\/www.merkley.senate.gov\/\"},{\"@type\":\"ListItem\",\"position\":2,\"name\":\"Sen. Merkley attends Oregon City Manufacturing Day event\"}]},{\"@type\":\"WebSite\",\"@id\":\"https:\/\/www.merkley.senate.gov\/#website\",\"url\":\"https:\/\/www.merkley.senate.gov\/\",\"name\":\"Merkley\",\"description\":\"Merkley\",\"potentialAction\":[{\"@type\":\"SearchAction\",\"target\":{\"@type\":\"EntryPoint\",\"urlTemplate\":\"https:\/\/www.merkley.senate.gov\/?s={search_term_string}\"},\"query-input\":{\"@type\":\"PropertyValueSpecification\",\"valueRequired\":true,\"valueName\":\"search_term_string\"}}],\"inLanguage\":\"es-MX\"},{\"@type\":\"Person\",\"@id\":\"\",\"url\":\"https:\/\/www.merkley.senate.gov\/es\/author\/\"}]}<\/script>\n<!-- \/ Yoast SEO plugin. -->","yoast_head_json":{"title":"Sen. Merkley attends Oregon City Manufacturing Day event - Merkley","robots":{"index":"index","follow":"follow","max-snippet":"max-snippet:-1","max-image-preview":"max-image-preview:large","max-video-preview":"max-video-preview:-1"},"canonical":"https:\/\/www.merkley.senate.gov\/es\/sen-merkley-attends-oregon-city-manufacturing-day-event\/","og_locale":"es_MX","og_type":"article","og_title":"Sen. Merkley attends Oregon City Manufacturing Day event - Merkley","og_description":"U.S. Sen. Jeff Merkley paid a visit to Clackamas Community College&#8217;s Industrial Technology Center on Oct. 4 as part of daylong activities designed to increase student awareness about potential career pathways within the manufacturing industry. &#8220;The whole field of renewable energy is just going to keep growing,&#8221; Merkley told a group of students from Oregon [&hellip;]","og_url":"https:\/\/www.merkley.senate.gov\/es\/sen-merkley-attends-oregon-city-manufacturing-day-event\/","og_site_name":"Merkley","article_published_time":"2019-10-23T20:36:00+00:00","article_modified_time":"2023-07-24T15:07:20+00:00","twitter_card":"summary_large_image","twitter_misc":{"Written by":"","Est. reading time":"2 minutes"},"schema":{"@context":"https:\/\/schema.org","@graph":[{"@type":"Article","@id":"https:\/\/www.merkley.senate.gov\/sen-merkley-attends-oregon-city-manufacturing-day-event\/#article","isPartOf":{"@id":"https:\/\/www.merkley.senate.gov\/sen-merkley-attends-oregon-city-manufacturing-day-event\/"},"author":{"name":"","@id":""},"headline":"Sen. Merkley attends Oregon City Manufacturing Day event","datePublished":"2019-10-23T20:36:00+00:00","dateModified":"2023-07-24T15:07:20+00:00","mainEntityOfPage":{"@id":"https:\/\/www.merkley.senate.gov\/sen-merkley-attends-oregon-city-manufacturing-day-event\/"},"wordCount":313,"articleSection":["In the News"],"inLanguage":"es-MX"},{"@type":"WebPage","@id":"https:\/\/www.merkley.senate.gov\/sen-merkley-attends-oregon-city-manufacturing-day-event\/","url":"https:\/\/www.merkley.senate.gov\/sen-merkley-attends-oregon-city-manufacturing-day-event\/","name":"Sen. Merkley attends Oregon City Manufacturing Day event - Merkley","isPartOf":{"@id":"https:\/\/www.merkley.senate.gov\/#website"},"datePublished":"2019-10-23T20:36:00+00:00","dateModified":"2023-07-24T15:07:20+00:00","author":{"@id":""},"breadcrumb":{"@id":"https:\/\/www.merkley.senate.gov\/sen-merkley-attends-oregon-city-manufacturing-day-event\/#breadcrumb"},"inLanguage":"es-MX","potentialAction":[{"@type":"ReadAction","target":["https:\/\/www.merkley.senate.gov\/sen-merkley-attends-oregon-city-manufacturing-day-event\/"]}]},{"@type":"BreadcrumbList","@id":"https:\/\/www.merkley.senate.gov\/sen-merkley-attends-oregon-city-manufacturing-day-event\/#breadcrumb","itemListElement":[{"@type":"ListItem","position":1,"name":"Home","item":"https:\/\/www.merkley.senate.gov\/"},{"@type":"ListItem","position":2,"name":"Sen. Merkley attends Oregon City Manufacturing Day event"}]},{"@type":"WebSite","@id":"https:\/\/www.merkley.senate.gov\/#website","url":"https:\/\/www.merkley.senate.gov\/","name":"merkley","description":"merkley","potentialAction":[{"@type":"SearchAction","target":{"@type":"EntryPoint","urlTemplate":"https:\/\/www.merkley.senate.gov\/?s={search_term_string}"},"query-input":{"@type":"PropertyValueSpecification","valueRequired":true,"valueName":"search_term_string"}}],"inLanguage":"es-MX"},{"@type":"Person","@id":"","url":"https:\/\/www.merkley.senate.gov\/es\/author\/"}]}},"_links":{"self":[{"href":"https:\/\/www.merkley.senate.gov\/es\/wp-json\/wp\/v2\/posts\/3863","targetHints":{"allow":["GET"]}}],"collection":[{"href":"https:\/\/www.merkley.senate.gov\/es\/wp-json\/wp\/v2\/posts"}],"about":[{"href":"https:\/\/www.merkley.senate.gov\/es\/wp-json\/wp\/v2\/types\/post"}],"author":[{"embeddable":true,"href":"https:\/\/www.merkley.senate.gov\/es\/wp-json\/wp\/v2\/users\/2"}],"replies":[{"embeddable":true,"href":"https:\/\/www.merkley.senate.gov\/es\/wp-json\/wp\/v2\/comments?post=3863"}],"version-history":[{"count":1,"href":"https:\/\/www.merkley.senate.gov\/es\/wp-json\/wp\/v2\/posts\/3863\/revisions"}],"predecessor-version":[{"id":13239,"href":"https:\/\/www.merkley.senate.gov\/es\/wp-json\/wp\/v2\/posts\/3863\/revisions\/13239"}],"wp:attachment":[{"href":"https:\/\/www.merkley.senate.gov\/es\/wp-json\/wp\/v2\/media?parent=3863"}],"wp:term":[{"taxonomy":"category","embeddable":true,"href":"https:\/\/www.merkley.senate.gov\/es\/wp-json\/wp\/v2\/categories?post=3863"},{"taxonomy":"post_tag","embeddable":true,"href":"https:\/\/www.merkley.senate.gov\/es\/wp-json\/wp\/v2\/tags?post=3863"}],"curies":[{"name":"wp","href":"https:\/\/api.w.org\/{rel}","templated":true}]}}