{"id":3928,"date":"2019-09-19T11:38:00","date_gmt":"2019-09-19T15:38:00","guid":{"rendered":"https:\/\/www.merkley.senate.gov\/wyden-merkley-push-back-on-emission-standards-rollback\/"},"modified":"2023-07-24T11:07:25","modified_gmt":"2023-07-24T15:07:25","slug":"wyden-merkley-push-back-on-emission-standards-rollback","status":"publish","type":"post","link":"https:\/\/www.merkley.senate.gov\/es\/wyden-merkley-push-back-on-emission-standards-rollback\/","title":{"rendered":"Wyden y Merkley rechazan la reversi\u00f3n de los est\u00e1ndares de emisiones"},"content":{"rendered":"<p>WASHINGTON &#8211; Sens. Ron Wyden and Jeff Merkley, D-Ore., joined Sen. Kamala Harris, D-Calif., this week to reintroduce a resolution in response to the Trump administration&#8217;s efforts to roll back federal fuel economy and greenhouse gas standards they said are designed to fight climate change and protect Americans&#8217; access to clean air.<\/p>\n<p>The senators, along with 31 of their colleagues, reintroduced the resolution in advance of the administration&#8217;s expected move to formally revoke California&#8217;s authority to set its own automobile emission standards &mdash; standards the state of Oregon also adopted. Rep. Mark DeSaulnier, D-Calif., will introduce a companion resolution in the House, the senators said in a news release Thursday.<\/p>\n<p>&#8220;Republicans claim to be the party of states&#8217; rights, but actually only care selectively when it means lining Big Oil&#8217;s pockets and endangering the health of our planet and all Americans,&#8221;&nbsp;Wyden said.&nbsp;&#8220;We&#8217;re in the midst of a climate crisis, but Trump and his cadre of climate change deniers and liars continue to bury their heads in the sand. Congress ought to protect and encourage states in their efforts to be leaders in the fight against climate change.&#8221;<\/p>\n<p>&#8220;From more frequent, extreme wildfires that blanket our communities with smoke, to the impacts of ocean acidification on our coastal economies, Oregonians are already facing the effects of climate chaos,&#8221;&nbsp;said Merkley.&nbsp;&#8220;The people of Oregon have consistently supported a variety policies to preserve our state&#8217;s natural treasures and make sure our state is habitable for generations to come. This resolution is a critical step forward in safeguarding those measures from an administration determined to sell off our environment to the highest bidder, with no regard for the health and well-being of our communities.&#8221;<\/p>\n<p>&#8220;As the climate crisis escalates, more states are looking to strong vehicle standards to cut emissions and save consumers millions at the pump. The law is clear&mdash;California can set emissions standards and other states can adopt those standards. We applaud Senator Kamala Harris and Representative Mark DeSaulnier for introducing this resolution that recognizes and defends state authority,&#8221;&nbsp;Ken Kimmell, President of the Union of Concerned Scientists, said.<\/p>\n<p>Adem\u00e1s de Wyden, Merkley y Harris, la resoluci\u00f3n est\u00e1 copatrocinada por los senadores Dianne Feinstein, dem\u00f3crata por California, Ed Markey, dem\u00f3crata por Massachusetts, Richard Blumenthal, dem\u00f3crata por Connecticut, Catherine Cortez Masto, dem\u00f3crata por Nevada, Maria Cantwell, dem\u00f3crata por Washington, Cory Booker, DN.J., Brian Schatz, dem\u00f3crata por Hawaii, Maggie Hassan, DN.H., Tom Carper, dem\u00f3crata por Delaware, Michael Bennet, dem\u00f3crata por Colorado, Chris Van Hollen , D-Md., Chris Coons, D-Del., Elizabeth Warren, D-Mass., Kirsten Gillibrand, DN.Y., Mazie Hirono, D-Haw\u00e1i, Tammy Baldwin, D-Wisc., Bernie Sanders, I- Vt., Jack Reed, DR.I., Tina Smith, dem\u00f3crata por Minnesota, Amy Klobuchar, dem\u00f3crata por Minnesota, Ben Cardin, dem\u00f3crata por Maryland, Tim Kaine, dem\u00f3crata por Virginia, Sheldon Whitehouse, DR.I. , Patrick Leahy, dem\u00f3crata por Vermont, Jeanne Shaheen, DN.H., Tom Udall, DN.M., Bob Casey, dem\u00f3crata por Pensilvania, Bob Men\u00e9ndez, DN.J., Patty Murray, dem\u00f3crata por Washington, Tammy Duckworth, dem\u00f3crata por Illinois, y Dick Durbin, dem\u00f3crata por Illinois.&nbsp;<\/p>\n<p>Una copia del texto de la factura est\u00e1 disponible.&nbsp;<a href=\"https:\/\/www.harris.senate.gov\/imo\/media\/doc\/PAT19763.pdf\" target=\"_blank\" rel=\"noopener\">aqu\u00ed<\/a>.<\/p>","protected":false},"excerpt":{"rendered":"<p>WASHINGTON &#8211; Sens. Ron Wyden and Jeff Merkley, D-Ore., joined Sen. Kamala Harris, D-Calif., this week to reintroduce a resolution in response to the Trump administration&#8217;s efforts to roll back federal fuel economy and greenhouse gas standards they said are designed to fight climate change and protect Americans&#8217; access to clean air. The senators, along [&hellip;]<\/p>\n","protected":false},"author":2,"featured_media":0,"comment_status":"closed","ping_status":"closed","sticky":false,"template":"","format":"standard","meta":{"_acf_changed":false,"inline_featured_image":false,"footnotes":""},"categories":[26],"tags":[],"class_list":["post-3928","post","type-post","status-publish","format-standard","hentry","category-in-the-news"],"acf":[],"yoast_head":"<!-- This site is optimized with the Yoast SEO plugin v27.2 - https:\/\/yoast.com\/product\/yoast-seo-wordpress\/ -->\n<title>Wyden, Merkley push back on emission standards rollback - Merkley<\/title>\n<meta name=\"robots\" content=\"index, follow, max-snippet:-1, max-image-preview:large, max-video-preview:-1\" \/>\n<link rel=\"canonical\" href=\"https:\/\/www.merkley.senate.gov\/es\/wyden-merkley-push-back-on-emission-standards-rollback\/\" \/>\n<meta property=\"og:locale\" content=\"es_MX\" \/>\n<meta property=\"og:type\" content=\"article\" \/>\n<meta property=\"og:title\" content=\"Wyden, Merkley push back on emission standards rollback - Merkley\" \/>\n<meta property=\"og:description\" content=\"WASHINGTON &#8211; Sens. Ron Wyden and Jeff Merkley, D-Ore., joined Sen. Kamala Harris, D-Calif., this week to reintroduce a resolution in response to the Trump administration&#8217;s efforts to roll back federal fuel economy and greenhouse gas standards they said are designed to fight climate change and protect Americans&#8217; access to clean air. The senators, along [&hellip;]\" \/>\n<meta property=\"og:url\" content=\"https:\/\/www.merkley.senate.gov\/es\/wyden-merkley-push-back-on-emission-standards-rollback\/\" \/>\n<meta property=\"og:site_name\" content=\"Merkley\" \/>\n<meta property=\"article:published_time\" content=\"2019-09-19T15:38:00+00:00\" \/>\n<meta property=\"article:modified_time\" content=\"2023-07-24T15:07:25+00:00\" \/>\n<meta name=\"twitter:card\" content=\"summary_large_image\" \/>\n<meta name=\"twitter:label1\" content=\"Written by\" \/>\n\t<meta name=\"twitter:data1\" content=\"\" \/>\n\t<meta name=\"twitter:label2\" content=\"Est. reading time\" \/>\n\t<meta name=\"twitter:data2\" content=\"2 minutes\" \/>\n<script type=\"application\/ld+json\" class=\"yoast-schema-graph\">{\"@context\":\"https:\/\/schema.org\",\"@graph\":[{\"@type\":\"Article\",\"@id\":\"https:\/\/www.merkley.senate.gov\/wyden-merkley-push-back-on-emission-standards-rollback\/#article\",\"isPartOf\":{\"@id\":\"https:\/\/www.merkley.senate.gov\/wyden-merkley-push-back-on-emission-standards-rollback\/\"},\"author\":{\"name\":\"\",\"@id\":\"\"},\"headline\":\"Wyden, Merkley push back on emission standards rollback\",\"datePublished\":\"2019-09-19T15:38:00+00:00\",\"dateModified\":\"2023-07-24T15:07:25+00:00\",\"mainEntityOfPage\":{\"@id\":\"https:\/\/www.merkley.senate.gov\/wyden-merkley-push-back-on-emission-standards-rollback\/\"},\"wordCount\":498,\"articleSection\":[\"In the News\"],\"inLanguage\":\"es-MX\"},{\"@type\":\"WebPage\",\"@id\":\"https:\/\/www.merkley.senate.gov\/wyden-merkley-push-back-on-emission-standards-rollback\/\",\"url\":\"https:\/\/www.merkley.senate.gov\/wyden-merkley-push-back-on-emission-standards-rollback\/\",\"name\":\"Wyden, Merkley push back on emission standards rollback - Merkley\",\"isPartOf\":{\"@id\":\"https:\/\/www.merkley.senate.gov\/#website\"},\"datePublished\":\"2019-09-19T15:38:00+00:00\",\"dateModified\":\"2023-07-24T15:07:25+00:00\",\"author\":{\"@id\":\"\"},\"breadcrumb\":{\"@id\":\"https:\/\/www.merkley.senate.gov\/wyden-merkley-push-back-on-emission-standards-rollback\/#breadcrumb\"},\"inLanguage\":\"es-MX\",\"potentialAction\":[{\"@type\":\"ReadAction\",\"target\":[\"https:\/\/www.merkley.senate.gov\/wyden-merkley-push-back-on-emission-standards-rollback\/\"]}]},{\"@type\":\"BreadcrumbList\",\"@id\":\"https:\/\/www.merkley.senate.gov\/wyden-merkley-push-back-on-emission-standards-rollback\/#breadcrumb\",\"itemListElement\":[{\"@type\":\"ListItem\",\"position\":1,\"name\":\"Home\",\"item\":\"https:\/\/www.merkley.senate.gov\/\"},{\"@type\":\"ListItem\",\"position\":2,\"name\":\"Wyden, Merkley push back on emission standards rollback\"}]},{\"@type\":\"WebSite\",\"@id\":\"https:\/\/www.merkley.senate.gov\/#website\",\"url\":\"https:\/\/www.merkley.senate.gov\/\",\"name\":\"Merkley\",\"description\":\"Merkley\",\"potentialAction\":[{\"@type\":\"SearchAction\",\"target\":{\"@type\":\"EntryPoint\",\"urlTemplate\":\"https:\/\/www.merkley.senate.gov\/?s={search_term_string}\"},\"query-input\":{\"@type\":\"PropertyValueSpecification\",\"valueRequired\":true,\"valueName\":\"search_term_string\"}}],\"inLanguage\":\"es-MX\"},{\"@type\":\"Person\",\"@id\":\"\",\"url\":\"https:\/\/www.merkley.senate.gov\/es\/author\/\"}]}<\/script>\n<!-- \/ Yoast SEO plugin. -->","yoast_head_json":{"title":"Wyden, Merkley push back on emission standards rollback - Merkley","robots":{"index":"index","follow":"follow","max-snippet":"max-snippet:-1","max-image-preview":"max-image-preview:large","max-video-preview":"max-video-preview:-1"},"canonical":"https:\/\/www.merkley.senate.gov\/es\/wyden-merkley-push-back-on-emission-standards-rollback\/","og_locale":"es_MX","og_type":"article","og_title":"Wyden, Merkley push back on emission standards rollback - Merkley","og_description":"WASHINGTON &#8211; Sens. Ron Wyden and Jeff Merkley, D-Ore., joined Sen. Kamala Harris, D-Calif., this week to reintroduce a resolution in response to the Trump administration&#8217;s efforts to roll back federal fuel economy and greenhouse gas standards they said are designed to fight climate change and protect Americans&#8217; access to clean air. The senators, along [&hellip;]","og_url":"https:\/\/www.merkley.senate.gov\/es\/wyden-merkley-push-back-on-emission-standards-rollback\/","og_site_name":"Merkley","article_published_time":"2019-09-19T15:38:00+00:00","article_modified_time":"2023-07-24T15:07:25+00:00","twitter_card":"summary_large_image","twitter_misc":{"Written by":"","Est. reading time":"2 minutes"},"schema":{"@context":"https:\/\/schema.org","@graph":[{"@type":"Article","@id":"https:\/\/www.merkley.senate.gov\/wyden-merkley-push-back-on-emission-standards-rollback\/#article","isPartOf":{"@id":"https:\/\/www.merkley.senate.gov\/wyden-merkley-push-back-on-emission-standards-rollback\/"},"author":{"name":"","@id":""},"headline":"Wyden, Merkley push back on emission standards rollback","datePublished":"2019-09-19T15:38:00+00:00","dateModified":"2023-07-24T15:07:25+00:00","mainEntityOfPage":{"@id":"https:\/\/www.merkley.senate.gov\/wyden-merkley-push-back-on-emission-standards-rollback\/"},"wordCount":498,"articleSection":["In the News"],"inLanguage":"es-MX"},{"@type":"WebPage","@id":"https:\/\/www.merkley.senate.gov\/wyden-merkley-push-back-on-emission-standards-rollback\/","url":"https:\/\/www.merkley.senate.gov\/wyden-merkley-push-back-on-emission-standards-rollback\/","name":"Wyden, Merkley push back on emission standards rollback - Merkley","isPartOf":{"@id":"https:\/\/www.merkley.senate.gov\/#website"},"datePublished":"2019-09-19T15:38:00+00:00","dateModified":"2023-07-24T15:07:25+00:00","author":{"@id":""},"breadcrumb":{"@id":"https:\/\/www.merkley.senate.gov\/wyden-merkley-push-back-on-emission-standards-rollback\/#breadcrumb"},"inLanguage":"es-MX","potentialAction":[{"@type":"ReadAction","target":["https:\/\/www.merkley.senate.gov\/wyden-merkley-push-back-on-emission-standards-rollback\/"]}]},{"@type":"BreadcrumbList","@id":"https:\/\/www.merkley.senate.gov\/wyden-merkley-push-back-on-emission-standards-rollback\/#breadcrumb","itemListElement":[{"@type":"ListItem","position":1,"name":"Home","item":"https:\/\/www.merkley.senate.gov\/"},{"@type":"ListItem","position":2,"name":"Wyden, Merkley push back on emission standards rollback"}]},{"@type":"WebSite","@id":"https:\/\/www.merkley.senate.gov\/#website","url":"https:\/\/www.merkley.senate.gov\/","name":"merkley","description":"merkley","potentialAction":[{"@type":"SearchAction","target":{"@type":"EntryPoint","urlTemplate":"https:\/\/www.merkley.senate.gov\/?s={search_term_string}"},"query-input":{"@type":"PropertyValueSpecification","valueRequired":true,"valueName":"search_term_string"}}],"inLanguage":"es-MX"},{"@type":"Person","@id":"","url":"https:\/\/www.merkley.senate.gov\/es\/author\/"}]}},"_links":{"self":[{"href":"https:\/\/www.merkley.senate.gov\/es\/wp-json\/wp\/v2\/posts\/3928","targetHints":{"allow":["GET"]}}],"collection":[{"href":"https:\/\/www.merkley.senate.gov\/es\/wp-json\/wp\/v2\/posts"}],"about":[{"href":"https:\/\/www.merkley.senate.gov\/es\/wp-json\/wp\/v2\/types\/post"}],"author":[{"embeddable":true,"href":"https:\/\/www.merkley.senate.gov\/es\/wp-json\/wp\/v2\/users\/2"}],"replies":[{"embeddable":true,"href":"https:\/\/www.merkley.senate.gov\/es\/wp-json\/wp\/v2\/comments?post=3928"}],"version-history":[{"count":1,"href":"https:\/\/www.merkley.senate.gov\/es\/wp-json\/wp\/v2\/posts\/3928\/revisions"}],"predecessor-version":[{"id":13304,"href":"https:\/\/www.merkley.senate.gov\/es\/wp-json\/wp\/v2\/posts\/3928\/revisions\/13304"}],"wp:attachment":[{"href":"https:\/\/www.merkley.senate.gov\/es\/wp-json\/wp\/v2\/media?parent=3928"}],"wp:term":[{"taxonomy":"category","embeddable":true,"href":"https:\/\/www.merkley.senate.gov\/es\/wp-json\/wp\/v2\/categories?post=3928"},{"taxonomy":"post_tag","embeddable":true,"href":"https:\/\/www.merkley.senate.gov\/es\/wp-json\/wp\/v2\/tags?post=3928"}],"curies":[{"name":"wp","href":"https:\/\/api.w.org\/{rel}","templated":true}]}}