{"id":4008,"date":"2019-07-26T10:41:00","date_gmt":"2019-07-26T14:41:00","guid":{"rendered":"https:\/\/www.merkley.senate.gov\/oregon-sen-merkley-pushes-for-greater-congressional-action-for-child-asylum-seekers\/"},"modified":"2023-07-24T11:07:32","modified_gmt":"2023-07-24T15:07:32","slug":"oregon-sen-merkley-pushes-for-greater-congressional-action-for-child-asylum-seekers","status":"publish","type":"post","link":"https:\/\/www.merkley.senate.gov\/es\/oregon-sen-merkley-pushes-for-greater-congressional-action-for-child-asylum-seekers\/","title":{"rendered":"El senador Merkley de Oreg\u00f3n impulsa una mayor acci\u00f3n del Congreso para los ni\u00f1os solicitantes de asilo"},"content":{"rendered":"<p>It&rsquo;s been over a year since U.S. Senator Jeff Merkley made his first diplomatic trip to a border facility in McAllen, Texas. Since then, the Oregon Democrat says not much has changed.<\/p>\n<p>Last Friday, Merkley and 12 other Senate Democrats made the trek to a migrant detention center inMcAllen,&nbsp;<\/p>\n<p>Texas. He said he found child separations were still happening, though he said they are happening at a lower level.<\/p>\n<p>&ldquo;If the administration says [the] parent has a former traffic citation, or a former cannabis citation, or a former DUI, they will separate the child from the parent,&rdquo; he said. He added that wouldn&rsquo;t happen in the U.S.<\/p>\n<p>In addition, he said sleeping arrangements were poor, and provided healthcare was concerning.<\/p>\n<p>&ldquo;I&rsquo;ve been pushing for immediately upon our Custom and Border Protection, or border patrol, encountering children to at least check their temperature and ask a few questions about dehydration and illness,&rdquo; Merkley said.<\/p>\n<p>On July 15, Merkley introduced the&nbsp;<a href=\"https:\/\/www.govtrack.us\/congress\/bills\/116\/s2113\">Stop Cruelty To Migrant Children Act<\/a>&nbsp;that would end family separations, and provide sufficient medical support. Around 40 legislators have signed onto the proposal.<\/p>\n<p>Merkley said there&rsquo;s growing interest from fellow lawmakers, and the most recent trip to McAllen, TX was encouraging.<\/p>\n<p>&ldquo;To have that large a group collectively see what was going on, not all that dissimilar from what was going on a year before, and be able to talk about it and discuss was powerful and I think it will lead to increased efforts to put an end to it,&rdquo; Merkley said.<\/p>\n<p>Merkley said he&rsquo;s pushing for a regular senate committee hearing on the treatment of detained migrant children, but the Republican majority has refused. He co-chaired a shadow hearing with health and legal experts this week that he says deserves to be heard on a grander scale.<\/p>\n","protected":false},"excerpt":{"rendered":"<p>It&rsquo;s been over a year since U.S. Senator Jeff Merkley made his first diplomatic trip to a border facility in McAllen, Texas. Since then, the Oregon Democrat says not much has changed. Last Friday, Merkley and 12 other Senate Democrats made the trek to a migrant detention center inMcAllen,&nbsp; Texas. He said he found child [&hellip;]<\/p>\n","protected":false},"author":2,"featured_media":0,"comment_status":"closed","ping_status":"closed","sticky":false,"template":"","format":"standard","meta":{"_acf_changed":false,"inline_featured_image":false,"footnotes":""},"categories":[26],"tags":[],"class_list":["post-4008","post","type-post","status-publish","format-standard","hentry","category-in-the-news"],"acf":[],"yoast_head":"<!-- This site is optimized with the Yoast SEO plugin v27.2 - https:\/\/yoast.com\/product\/yoast-seo-wordpress\/ -->\n<title>Oregon Sen. Merkley Pushes For Greater Congressional Action For Child Asylum Seekers - Merkley<\/title>\n<meta name=\"robots\" content=\"index, follow, max-snippet:-1, max-image-preview:large, max-video-preview:-1\" \/>\n<link rel=\"canonical\" href=\"https:\/\/www.merkley.senate.gov\/es\/oregon-sen-merkley-pushes-for-greater-congressional-action-for-child-asylum-seekers\/\" \/>\n<meta property=\"og:locale\" content=\"es_MX\" \/>\n<meta property=\"og:type\" content=\"article\" \/>\n<meta property=\"og:title\" content=\"Oregon Sen. Merkley Pushes For Greater Congressional Action For Child Asylum Seekers - Merkley\" \/>\n<meta property=\"og:description\" content=\"It&rsquo;s been over a year since U.S. Senator Jeff Merkley made his first diplomatic trip to a border facility in McAllen, Texas. Since then, the Oregon Democrat says not much has changed. Last Friday, Merkley and 12 other Senate Democrats made the trek to a migrant detention center inMcAllen,&nbsp; Texas. He said he found child [&hellip;]\" \/>\n<meta property=\"og:url\" content=\"https:\/\/www.merkley.senate.gov\/es\/oregon-sen-merkley-pushes-for-greater-congressional-action-for-child-asylum-seekers\/\" \/>\n<meta property=\"og:site_name\" content=\"Merkley\" \/>\n<meta property=\"article:published_time\" content=\"2019-07-26T14:41:00+00:00\" \/>\n<meta property=\"article:modified_time\" content=\"2023-07-24T15:07:32+00:00\" \/>\n<meta name=\"twitter:card\" content=\"summary_large_image\" \/>\n<meta name=\"twitter:label1\" content=\"Written by\" \/>\n\t<meta name=\"twitter:data1\" content=\"\" \/>\n\t<meta name=\"twitter:label2\" content=\"Est. reading time\" \/>\n\t<meta name=\"twitter:data2\" content=\"2 minutes\" \/>\n<script type=\"application\/ld+json\" class=\"yoast-schema-graph\">{\"@context\":\"https:\/\/schema.org\",\"@graph\":[{\"@type\":\"Article\",\"@id\":\"https:\/\/www.merkley.senate.gov\/oregon-sen-merkley-pushes-for-greater-congressional-action-for-child-asylum-seekers\/#article\",\"isPartOf\":{\"@id\":\"https:\/\/www.merkley.senate.gov\/oregon-sen-merkley-pushes-for-greater-congressional-action-for-child-asylum-seekers\/\"},\"author\":{\"name\":\"\",\"@id\":\"\"},\"headline\":\"Oregon Sen. Merkley Pushes For Greater Congressional Action For Child Asylum Seekers\",\"datePublished\":\"2019-07-26T14:41:00+00:00\",\"dateModified\":\"2023-07-24T15:07:32+00:00\",\"mainEntityOfPage\":{\"@id\":\"https:\/\/www.merkley.senate.gov\/oregon-sen-merkley-pushes-for-greater-congressional-action-for-child-asylum-seekers\/\"},\"wordCount\":329,\"articleSection\":[\"In the News\"],\"inLanguage\":\"es-MX\"},{\"@type\":\"WebPage\",\"@id\":\"https:\/\/www.merkley.senate.gov\/oregon-sen-merkley-pushes-for-greater-congressional-action-for-child-asylum-seekers\/\",\"url\":\"https:\/\/www.merkley.senate.gov\/oregon-sen-merkley-pushes-for-greater-congressional-action-for-child-asylum-seekers\/\",\"name\":\"Oregon Sen. Merkley Pushes For Greater Congressional Action For Child Asylum Seekers - Merkley\",\"isPartOf\":{\"@id\":\"https:\/\/www.merkley.senate.gov\/#website\"},\"datePublished\":\"2019-07-26T14:41:00+00:00\",\"dateModified\":\"2023-07-24T15:07:32+00:00\",\"author\":{\"@id\":\"\"},\"breadcrumb\":{\"@id\":\"https:\/\/www.merkley.senate.gov\/oregon-sen-merkley-pushes-for-greater-congressional-action-for-child-asylum-seekers\/#breadcrumb\"},\"inLanguage\":\"es-MX\",\"potentialAction\":[{\"@type\":\"ReadAction\",\"target\":[\"https:\/\/www.merkley.senate.gov\/oregon-sen-merkley-pushes-for-greater-congressional-action-for-child-asylum-seekers\/\"]}]},{\"@type\":\"BreadcrumbList\",\"@id\":\"https:\/\/www.merkley.senate.gov\/oregon-sen-merkley-pushes-for-greater-congressional-action-for-child-asylum-seekers\/#breadcrumb\",\"itemListElement\":[{\"@type\":\"ListItem\",\"position\":1,\"name\":\"Home\",\"item\":\"https:\/\/www.merkley.senate.gov\/\"},{\"@type\":\"ListItem\",\"position\":2,\"name\":\"Oregon Sen. Merkley Pushes For Greater Congressional Action For Child Asylum Seekers\"}]},{\"@type\":\"WebSite\",\"@id\":\"https:\/\/www.merkley.senate.gov\/#website\",\"url\":\"https:\/\/www.merkley.senate.gov\/\",\"name\":\"Merkley\",\"description\":\"Merkley\",\"potentialAction\":[{\"@type\":\"SearchAction\",\"target\":{\"@type\":\"EntryPoint\",\"urlTemplate\":\"https:\/\/www.merkley.senate.gov\/?s={search_term_string}\"},\"query-input\":{\"@type\":\"PropertyValueSpecification\",\"valueRequired\":true,\"valueName\":\"search_term_string\"}}],\"inLanguage\":\"es-MX\"},{\"@type\":\"Person\",\"@id\":\"\",\"url\":\"https:\/\/www.merkley.senate.gov\/es\/author\/\"}]}<\/script>\n<!-- \/ Yoast SEO plugin. -->","yoast_head_json":{"title":"Oregon Sen. Merkley Pushes For Greater Congressional Action For Child Asylum Seekers - Merkley","robots":{"index":"index","follow":"follow","max-snippet":"max-snippet:-1","max-image-preview":"max-image-preview:large","max-video-preview":"max-video-preview:-1"},"canonical":"https:\/\/www.merkley.senate.gov\/es\/oregon-sen-merkley-pushes-for-greater-congressional-action-for-child-asylum-seekers\/","og_locale":"es_MX","og_type":"article","og_title":"Oregon Sen. Merkley Pushes For Greater Congressional Action For Child Asylum Seekers - Merkley","og_description":"It&rsquo;s been over a year since U.S. Senator Jeff Merkley made his first diplomatic trip to a border facility in McAllen, Texas. Since then, the Oregon Democrat says not much has changed. Last Friday, Merkley and 12 other Senate Democrats made the trek to a migrant detention center inMcAllen,&nbsp; Texas. He said he found child [&hellip;]","og_url":"https:\/\/www.merkley.senate.gov\/es\/oregon-sen-merkley-pushes-for-greater-congressional-action-for-child-asylum-seekers\/","og_site_name":"Merkley","article_published_time":"2019-07-26T14:41:00+00:00","article_modified_time":"2023-07-24T15:07:32+00:00","twitter_card":"summary_large_image","twitter_misc":{"Written by":"","Est. reading time":"2 minutes"},"schema":{"@context":"https:\/\/schema.org","@graph":[{"@type":"Article","@id":"https:\/\/www.merkley.senate.gov\/oregon-sen-merkley-pushes-for-greater-congressional-action-for-child-asylum-seekers\/#article","isPartOf":{"@id":"https:\/\/www.merkley.senate.gov\/oregon-sen-merkley-pushes-for-greater-congressional-action-for-child-asylum-seekers\/"},"author":{"name":"","@id":""},"headline":"Oregon Sen. Merkley Pushes For Greater Congressional Action For Child Asylum Seekers","datePublished":"2019-07-26T14:41:00+00:00","dateModified":"2023-07-24T15:07:32+00:00","mainEntityOfPage":{"@id":"https:\/\/www.merkley.senate.gov\/oregon-sen-merkley-pushes-for-greater-congressional-action-for-child-asylum-seekers\/"},"wordCount":329,"articleSection":["In the News"],"inLanguage":"es-MX"},{"@type":"WebPage","@id":"https:\/\/www.merkley.senate.gov\/oregon-sen-merkley-pushes-for-greater-congressional-action-for-child-asylum-seekers\/","url":"https:\/\/www.merkley.senate.gov\/oregon-sen-merkley-pushes-for-greater-congressional-action-for-child-asylum-seekers\/","name":"Oregon Sen. Merkley Pushes For Greater Congressional Action For Child Asylum Seekers - Merkley","isPartOf":{"@id":"https:\/\/www.merkley.senate.gov\/#website"},"datePublished":"2019-07-26T14:41:00+00:00","dateModified":"2023-07-24T15:07:32+00:00","author":{"@id":""},"breadcrumb":{"@id":"https:\/\/www.merkley.senate.gov\/oregon-sen-merkley-pushes-for-greater-congressional-action-for-child-asylum-seekers\/#breadcrumb"},"inLanguage":"es-MX","potentialAction":[{"@type":"ReadAction","target":["https:\/\/www.merkley.senate.gov\/oregon-sen-merkley-pushes-for-greater-congressional-action-for-child-asylum-seekers\/"]}]},{"@type":"BreadcrumbList","@id":"https:\/\/www.merkley.senate.gov\/oregon-sen-merkley-pushes-for-greater-congressional-action-for-child-asylum-seekers\/#breadcrumb","itemListElement":[{"@type":"ListItem","position":1,"name":"Home","item":"https:\/\/www.merkley.senate.gov\/"},{"@type":"ListItem","position":2,"name":"Oregon Sen. Merkley Pushes For Greater Congressional Action For Child Asylum Seekers"}]},{"@type":"WebSite","@id":"https:\/\/www.merkley.senate.gov\/#website","url":"https:\/\/www.merkley.senate.gov\/","name":"merkley","description":"merkley","potentialAction":[{"@type":"SearchAction","target":{"@type":"EntryPoint","urlTemplate":"https:\/\/www.merkley.senate.gov\/?s={search_term_string}"},"query-input":{"@type":"PropertyValueSpecification","valueRequired":true,"valueName":"search_term_string"}}],"inLanguage":"es-MX"},{"@type":"Person","@id":"","url":"https:\/\/www.merkley.senate.gov\/es\/author\/"}]}},"_links":{"self":[{"href":"https:\/\/www.merkley.senate.gov\/es\/wp-json\/wp\/v2\/posts\/4008","targetHints":{"allow":["GET"]}}],"collection":[{"href":"https:\/\/www.merkley.senate.gov\/es\/wp-json\/wp\/v2\/posts"}],"about":[{"href":"https:\/\/www.merkley.senate.gov\/es\/wp-json\/wp\/v2\/types\/post"}],"author":[{"embeddable":true,"href":"https:\/\/www.merkley.senate.gov\/es\/wp-json\/wp\/v2\/users\/2"}],"replies":[{"embeddable":true,"href":"https:\/\/www.merkley.senate.gov\/es\/wp-json\/wp\/v2\/comments?post=4008"}],"version-history":[{"count":1,"href":"https:\/\/www.merkley.senate.gov\/es\/wp-json\/wp\/v2\/posts\/4008\/revisions"}],"predecessor-version":[{"id":13384,"href":"https:\/\/www.merkley.senate.gov\/es\/wp-json\/wp\/v2\/posts\/4008\/revisions\/13384"}],"wp:attachment":[{"href":"https:\/\/www.merkley.senate.gov\/es\/wp-json\/wp\/v2\/media?parent=4008"}],"wp:term":[{"taxonomy":"category","embeddable":true,"href":"https:\/\/www.merkley.senate.gov\/es\/wp-json\/wp\/v2\/categories?post=4008"},{"taxonomy":"post_tag","embeddable":true,"href":"https:\/\/www.merkley.senate.gov\/es\/wp-json\/wp\/v2\/tags?post=4008"}],"curies":[{"name":"wp","href":"https:\/\/api.w.org\/{rel}","templated":true}]}}