{"id":4167,"date":"2019-05-22T09:36:00","date_gmt":"2019-05-22T13:36:00","guid":{"rendered":"https:\/\/www.merkley.senate.gov\/democrats-grill-trump-interior-chief-for-saying-he-hasnt-lost-sleep-over-climate-change\/"},"modified":"2023-07-24T11:07:44","modified_gmt":"2023-07-24T15:07:44","slug":"democrats-grill-trump-interior-chief-for-saying-he-hasnt-lost-sleep-over-climate-change","status":"publish","type":"post","link":"https:\/\/www.merkley.senate.gov\/es\/democrats-grill-trump-interior-chief-for-saying-he-hasnt-lost-sleep-over-climate-change\/","title":{"rendered":"Los dem\u00f3cratas interrogan al jefe del Interior de Trump por decir que no ha &quot;perdido el sue\u00f1o&quot; por el cambio clim\u00e1tico"},"content":{"rendered":"<p>Democrats grilled&nbsp;<a href=\"https:\/\/thehill.com\/people\/donald-trump\" data-saferedirecturl=\"https:\/\/www.google.com\/url?q=https:\/\/thehill.com\/people\/donald-trump&amp;source=gmail&amp;ust=1558631529962000&amp;usg=AFQjCNHJ8OGToBtrcYOJBKkvAuDxh0dS7g\">presidente trump<\/a>&#8216;s new Interior secretary on Wednesday over his recent comments that he hasn&#8217;t&nbsp;<a href=\"https:\/\/thehill.com\/policy\/energy-environment\/443894-interior-chief-dodges-climate-questions-during-first-natural\" data-saferedirecturl=\"https:\/\/www.google.com\/url?q=https:\/\/thehill.com\/policy\/energy-environment\/443894-interior-chief-dodges-climate-questions-during-first-natural&amp;source=gmail&amp;ust=1558631529962000&amp;usg=AFQjCNF9KA0fTAumjzCkHg_8Cd6u6U34TA\">&#8220;lost any sleep&#8221;<\/a>&nbsp;over aspects of climate change.<\/p>\n<p>Interior Secretary David Bernhardt appeared before a subcommittee of the Senate Appropriations Committee, but&nbsp;faced more questions about his response to climate change&nbsp;and a slew of ethical concerns than about his budget.<\/p>\n<p>Senador&nbsp;<a href=\"https:\/\/thehill.com\/people\/jeff-merkley\" data-saferedirecturl=\"https:\/\/www.google.com\/url?q=https:\/\/thehill.com\/people\/jeff-merkley&amp;source=gmail&amp;ust=1558631529962000&amp;usg=AFQjCNGaDtocyFEQiWr0E-k3BC801xcVQw\">jeff merkley<\/a>&nbsp;(D-Ore.) centered his questions entirely on Bernhardt&rsquo;s &#8220;sleep&#8221; comment,&nbsp;flanked by a staffer holding photos of climate-related&nbsp;disasters in Puerto Rico, California and Texas, listing off the number of people who died in the disasters and how much damage they caused.<\/p>\n<p>&#8220;Do you lose sleep over it?&#8221; Merkley asked after each example.<\/p>\n<p>&ldquo;I think it&rsquo;s an issue that need to be addressed, but I don&rsquo;t lose sleep over it,&rdquo; Bernhardt responded.&nbsp;<\/p>\n<p>&ldquo;The policies you&rsquo;re promoting are doing enormous damage to our planet,&rdquo; Merkley said, calling the agency&#8217;s policies &ldquo;an immoral thing to do to the generations to come.&rdquo;<\/p>\n<p>Merkley told&nbsp;the secretary he should &ldquo;maybe lose some sleep and maybe decide to be part of the solution&rdquo; on climate change.<\/p>\n<p>Bernhardt later said: &ldquo;We completely respect that the climate is changing, and we need to study and address it,&rdquo; and listed divisions of the department he said are making such efforts.<\/p>\n<p>Some of Bernhardt&#8217;s comments echoed his past&nbsp;<a href=\"https:\/\/thehill.com\/policy\/energy-environment\/442605-interior-secretary-says-climate-change-response-falls-on-congress\" data-saferedirecturl=\"https:\/\/www.google.com\/url?q=https:\/\/thehill.com\/policy\/energy-environment\/442605-interior-secretary-says-climate-change-response-falls-on-congress&amp;source=gmail&amp;ust=1558631529962000&amp;usg=AFQjCNHdH07HL39HuGhozuCqvlYTMsgDcg\">assertion<\/a>&nbsp;that&nbsp;the&nbsp;legislative branch needs to take a greater role in directing the department to respond to climate change.&nbsp;<\/p>\n<p>Speaking to reporters after the meeting, subcommittee Chairwoman&nbsp;<a href=\"https:\/\/thehill.com\/people\/lisa-murkowski\" data-saferedirecturl=\"https:\/\/www.google.com\/url?q=https:\/\/thehill.com\/people\/lisa-murkowski&amp;source=gmail&amp;ust=1558631529963000&amp;usg=AFQjCNEwaQ3j_Mp8kj7VENgwHrZVkE-nOA\">Lisa Murkowski<\/a>&nbsp;(R-Alaska) agreed, saying it shouldn&rsquo;t fall to one secretary to make such determinations, and criticized her colleagues for &#8220;rhetorical&#8221; questioning of the secretary.<\/p>\n<p>&ldquo;I think the secretary, in response to rhetorical questions, is just kind of pointing out the obvious that the authority rests with Congress,&rdquo; she said.<\/p>\n<p>But Democrats have criticized Bernhardt for not viewing climate change as part of his job,&nbsp;with&nbsp;Sen.&nbsp;<a href=\"https:\/\/thehill.com\/people\/tom-udall\" data-saferedirecturl=\"https:\/\/www.google.com\/url?q=https:\/\/thehill.com\/people\/tom-udall&amp;source=gmail&amp;ust=1558631529962000&amp;usg=AFQjCNE2SILx1RTrUyX4VCZxwC-p10bDtA\">tom udall<\/a>&nbsp;(D-N.M.)&nbsp;arguing that&nbsp;Bernhardt is ignoring the intent of legislation.<\/p>\n<p>&ldquo;Blaming Congress is a dodge,&#8221; Udall said.<\/p>\n<p>He also raised&nbsp;<a href=\"https:\/\/thehill.com\/policy\/energy-environment\/437576-dems-want-documents-on-bernhardts-lobbying-work\" data-saferedirecturl=\"https:\/\/www.google.com\/url?q=https:\/\/thehill.com\/policy\/energy-environment\/437576-dems-want-documents-on-bernhardts-lobbying-work&amp;source=gmail&amp;ust=1558631529962000&amp;usg=AFQjCNFOBNIt0FxNxwGQP1C6JxQRunBqSA\">conflict of interest concerns<\/a>&nbsp;related to Bernhardt&#8217;s past as a lobbyist.<\/p>\n<p>&ldquo;We could spend this entire hearing probing your various conflicts of interest,&#8221; Udall said. &#8220;It&rsquo;s clear you&rsquo;re making decisions that benefit former clients instead of the American people.&#8221;<\/p>\n<p>Senators on both sides of the aisle also pressed Bernhardt to limit offshore drilling and clarify the department&rsquo;s position on the issue after pausing the development of its five-year offshore drilling plan.<\/p>\n<p>In responding to a question from Sen.&nbsp;<a href=\"https:\/\/thehill.com\/people\/chris-van-hollen\" data-saferedirecturl=\"https:\/\/www.google.com\/url?q=https:\/\/thehill.com\/people\/chris-van-hollen&amp;source=gmail&amp;ust=1558631529963000&amp;usg=AFQjCNEhgprHibeWzZJp4R2aV-aiDYu54g\">chris van hollen<\/a>&nbsp;(D-Md.) Bernhardt said litigation was the driver behind halting the plan&rsquo;s development.<\/p>\n<p>&ldquo;I&rsquo;ve paused it until I figure out a pathway,&rdquo; Bernhardt said, nodding to an&nbsp;<a href=\"https:\/\/www.usatoday.com\/story\/news\/nation\/2019\/03\/31\/offshore-drilling-alaska-judge-blocks-trump-administration\/3327715002\/\" data-saferedirecturl=\"https:\/\/www.google.com\/url?q=https:\/\/www.usatoday.com\/story\/news\/nation\/2019\/03\/31\/offshore-drilling-alaska-judge-blocks-trump-administration\/3327715002\/&amp;source=gmail&amp;ust=1558631529963000&amp;usg=AFQjCNH1VQpFNm5avu21h_awRhLeDBY_lA\">Alaska case<\/a>&nbsp;that would bar drilling in the Arctic.&nbsp;<\/p>\n<p>&ldquo;I&rsquo;m glad you&rsquo;ve paused it and hope you permanently pause it,&rdquo; Van Hollen replied.<\/p>\n<p>The Trump administration&rsquo;s $30 billion budget request for the Interior Department would be a cut from last year&rsquo;s budget, though Bernhardt noted it is larger than what the department requested last year.<\/p>\n<p>Republicans praised aspects of the budget that would help deal with the maintenance backlog in national parks and funds included to protect the Everglades.<\/p>","protected":false},"excerpt":{"rendered":"<p>Democrats grilled&nbsp;President Trump&#8216;s new Interior secretary on Wednesday over his recent comments that he hasn&#8217;t&nbsp;&#8220;lost any sleep&#8221;&nbsp;over aspects of climate change. Interior Secretary David Bernhardt appeared before a subcommittee of the Senate Appropriations Committee, but&nbsp;faced more questions about his response to climate change&nbsp;and a slew of ethical concerns than about his budget. Sen.&nbsp;Jeff Merkley&nbsp;(D-Ore.) centered [&hellip;]<\/p>\n","protected":false},"author":2,"featured_media":0,"comment_status":"closed","ping_status":"closed","sticky":false,"template":"","format":"standard","meta":{"_acf_changed":false,"inline_featured_image":false,"footnotes":""},"categories":[26],"tags":[],"class_list":["post-4167","post","type-post","status-publish","format-standard","hentry","category-in-the-news"],"acf":[],"yoast_head":"<!-- This site is optimized with the Yoast SEO plugin v27.2 - https:\/\/yoast.com\/product\/yoast-seo-wordpress\/ -->\n<title>Democrats grill Trump Interior chief for saying he hasn&#039;t &#039;lost sleep&#039; over climate change - Merkley<\/title>\n<meta name=\"robots\" content=\"index, follow, max-snippet:-1, max-image-preview:large, max-video-preview:-1\" \/>\n<link rel=\"canonical\" href=\"https:\/\/www.merkley.senate.gov\/es\/democrats-grill-trump-interior-chief-for-saying-he-hasnt-lost-sleep-over-climate-change\/\" \/>\n<meta property=\"og:locale\" content=\"es_MX\" \/>\n<meta property=\"og:type\" content=\"article\" \/>\n<meta property=\"og:title\" content=\"Democrats grill Trump Interior chief for saying he hasn&#039;t &#039;lost sleep&#039; over climate change - Merkley\" \/>\n<meta property=\"og:description\" content=\"Democrats grilled&nbsp;President Trump&#8216;s new Interior secretary on Wednesday over his recent comments that he hasn&#8217;t&nbsp;&#8220;lost any sleep&#8221;&nbsp;over aspects of climate change. Interior Secretary David Bernhardt appeared before a subcommittee of the Senate Appropriations Committee, but&nbsp;faced more questions about his response to climate change&nbsp;and a slew of ethical concerns than about his budget. Sen.&nbsp;Jeff Merkley&nbsp;(D-Ore.) centered [&hellip;]\" \/>\n<meta property=\"og:url\" content=\"https:\/\/www.merkley.senate.gov\/es\/democrats-grill-trump-interior-chief-for-saying-he-hasnt-lost-sleep-over-climate-change\/\" \/>\n<meta property=\"og:site_name\" content=\"Merkley\" \/>\n<meta property=\"article:published_time\" content=\"2019-05-22T13:36:00+00:00\" \/>\n<meta property=\"article:modified_time\" content=\"2023-07-24T15:07:44+00:00\" \/>\n<meta name=\"twitter:card\" content=\"summary_large_image\" \/>\n<meta name=\"twitter:label1\" content=\"Written by\" \/>\n\t<meta name=\"twitter:data1\" content=\"\" \/>\n\t<meta name=\"twitter:label2\" content=\"Est. reading time\" \/>\n\t<meta name=\"twitter:data2\" content=\"3 minutes\" \/>\n<script type=\"application\/ld+json\" class=\"yoast-schema-graph\">{\"@context\":\"https:\/\/schema.org\",\"@graph\":[{\"@type\":\"Article\",\"@id\":\"https:\/\/www.merkley.senate.gov\/democrats-grill-trump-interior-chief-for-saying-he-hasnt-lost-sleep-over-climate-change\/#article\",\"isPartOf\":{\"@id\":\"https:\/\/www.merkley.senate.gov\/democrats-grill-trump-interior-chief-for-saying-he-hasnt-lost-sleep-over-climate-change\/\"},\"author\":{\"name\":\"\",\"@id\":\"\"},\"headline\":\"Democrats grill Trump Interior chief for saying he hasn&#8217;t &#8216;lost sleep&#8217; over climate change\",\"datePublished\":\"2019-05-22T13:36:00+00:00\",\"dateModified\":\"2023-07-24T15:07:44+00:00\",\"mainEntityOfPage\":{\"@id\":\"https:\/\/www.merkley.senate.gov\/democrats-grill-trump-interior-chief-for-saying-he-hasnt-lost-sleep-over-climate-change\/\"},\"wordCount\":618,\"articleSection\":[\"In the News\"],\"inLanguage\":\"es-MX\"},{\"@type\":\"WebPage\",\"@id\":\"https:\/\/www.merkley.senate.gov\/democrats-grill-trump-interior-chief-for-saying-he-hasnt-lost-sleep-over-climate-change\/\",\"url\":\"https:\/\/www.merkley.senate.gov\/democrats-grill-trump-interior-chief-for-saying-he-hasnt-lost-sleep-over-climate-change\/\",\"name\":\"Democrats grill Trump Interior chief for saying he hasn't 'lost sleep' over climate change - Merkley\",\"isPartOf\":{\"@id\":\"https:\/\/www.merkley.senate.gov\/#website\"},\"datePublished\":\"2019-05-22T13:36:00+00:00\",\"dateModified\":\"2023-07-24T15:07:44+00:00\",\"author\":{\"@id\":\"\"},\"breadcrumb\":{\"@id\":\"https:\/\/www.merkley.senate.gov\/democrats-grill-trump-interior-chief-for-saying-he-hasnt-lost-sleep-over-climate-change\/#breadcrumb\"},\"inLanguage\":\"es-MX\",\"potentialAction\":[{\"@type\":\"ReadAction\",\"target\":[\"https:\/\/www.merkley.senate.gov\/democrats-grill-trump-interior-chief-for-saying-he-hasnt-lost-sleep-over-climate-change\/\"]}]},{\"@type\":\"BreadcrumbList\",\"@id\":\"https:\/\/www.merkley.senate.gov\/democrats-grill-trump-interior-chief-for-saying-he-hasnt-lost-sleep-over-climate-change\/#breadcrumb\",\"itemListElement\":[{\"@type\":\"ListItem\",\"position\":1,\"name\":\"Home\",\"item\":\"https:\/\/www.merkley.senate.gov\/\"},{\"@type\":\"ListItem\",\"position\":2,\"name\":\"Democrats grill Trump Interior chief for saying he hasn&#8217;t &#8216;lost sleep&#8217; over climate change\"}]},{\"@type\":\"WebSite\",\"@id\":\"https:\/\/www.merkley.senate.gov\/#website\",\"url\":\"https:\/\/www.merkley.senate.gov\/\",\"name\":\"Merkley\",\"description\":\"Merkley\",\"potentialAction\":[{\"@type\":\"SearchAction\",\"target\":{\"@type\":\"EntryPoint\",\"urlTemplate\":\"https:\/\/www.merkley.senate.gov\/?s={search_term_string}\"},\"query-input\":{\"@type\":\"PropertyValueSpecification\",\"valueRequired\":true,\"valueName\":\"search_term_string\"}}],\"inLanguage\":\"es-MX\"},{\"@type\":\"Person\",\"@id\":\"\",\"url\":\"https:\/\/www.merkley.senate.gov\/es\/author\/\"}]}<\/script>\n<!-- \/ Yoast SEO plugin. -->","yoast_head_json":{"title":"Democrats grill Trump Interior chief for saying he hasn't 'lost sleep' over climate change - Merkley","robots":{"index":"index","follow":"follow","max-snippet":"max-snippet:-1","max-image-preview":"max-image-preview:large","max-video-preview":"max-video-preview:-1"},"canonical":"https:\/\/www.merkley.senate.gov\/es\/democrats-grill-trump-interior-chief-for-saying-he-hasnt-lost-sleep-over-climate-change\/","og_locale":"es_MX","og_type":"article","og_title":"Democrats grill Trump Interior chief for saying he hasn't 'lost sleep' over climate change - Merkley","og_description":"Democrats grilled&nbsp;President Trump&#8216;s new Interior secretary on Wednesday over his recent comments that he hasn&#8217;t&nbsp;&#8220;lost any sleep&#8221;&nbsp;over aspects of climate change. Interior Secretary David Bernhardt appeared before a subcommittee of the Senate Appropriations Committee, but&nbsp;faced more questions about his response to climate change&nbsp;and a slew of ethical concerns than about his budget. Sen.&nbsp;Jeff Merkley&nbsp;(D-Ore.) centered [&hellip;]","og_url":"https:\/\/www.merkley.senate.gov\/es\/democrats-grill-trump-interior-chief-for-saying-he-hasnt-lost-sleep-over-climate-change\/","og_site_name":"Merkley","article_published_time":"2019-05-22T13:36:00+00:00","article_modified_time":"2023-07-24T15:07:44+00:00","twitter_card":"summary_large_image","twitter_misc":{"Written by":"","Est. reading time":"3 minutes"},"schema":{"@context":"https:\/\/schema.org","@graph":[{"@type":"Article","@id":"https:\/\/www.merkley.senate.gov\/democrats-grill-trump-interior-chief-for-saying-he-hasnt-lost-sleep-over-climate-change\/#article","isPartOf":{"@id":"https:\/\/www.merkley.senate.gov\/democrats-grill-trump-interior-chief-for-saying-he-hasnt-lost-sleep-over-climate-change\/"},"author":{"name":"","@id":""},"headline":"Democrats grill Trump Interior chief for saying he hasn&#8217;t &#8216;lost sleep&#8217; over climate change","datePublished":"2019-05-22T13:36:00+00:00","dateModified":"2023-07-24T15:07:44+00:00","mainEntityOfPage":{"@id":"https:\/\/www.merkley.senate.gov\/democrats-grill-trump-interior-chief-for-saying-he-hasnt-lost-sleep-over-climate-change\/"},"wordCount":618,"articleSection":["In the News"],"inLanguage":"es-MX"},{"@type":"WebPage","@id":"https:\/\/www.merkley.senate.gov\/democrats-grill-trump-interior-chief-for-saying-he-hasnt-lost-sleep-over-climate-change\/","url":"https:\/\/www.merkley.senate.gov\/democrats-grill-trump-interior-chief-for-saying-he-hasnt-lost-sleep-over-climate-change\/","name":"Democrats grill Trump Interior chief for saying he hasn't 'lost sleep' over climate change - Merkley","isPartOf":{"@id":"https:\/\/www.merkley.senate.gov\/#website"},"datePublished":"2019-05-22T13:36:00+00:00","dateModified":"2023-07-24T15:07:44+00:00","author":{"@id":""},"breadcrumb":{"@id":"https:\/\/www.merkley.senate.gov\/democrats-grill-trump-interior-chief-for-saying-he-hasnt-lost-sleep-over-climate-change\/#breadcrumb"},"inLanguage":"es-MX","potentialAction":[{"@type":"ReadAction","target":["https:\/\/www.merkley.senate.gov\/democrats-grill-trump-interior-chief-for-saying-he-hasnt-lost-sleep-over-climate-change\/"]}]},{"@type":"BreadcrumbList","@id":"https:\/\/www.merkley.senate.gov\/democrats-grill-trump-interior-chief-for-saying-he-hasnt-lost-sleep-over-climate-change\/#breadcrumb","itemListElement":[{"@type":"ListItem","position":1,"name":"Home","item":"https:\/\/www.merkley.senate.gov\/"},{"@type":"ListItem","position":2,"name":"Democrats grill Trump Interior chief for saying he hasn&#8217;t &#8216;lost sleep&#8217; over climate change"}]},{"@type":"WebSite","@id":"https:\/\/www.merkley.senate.gov\/#website","url":"https:\/\/www.merkley.senate.gov\/","name":"merkley","description":"merkley","potentialAction":[{"@type":"SearchAction","target":{"@type":"EntryPoint","urlTemplate":"https:\/\/www.merkley.senate.gov\/?s={search_term_string}"},"query-input":{"@type":"PropertyValueSpecification","valueRequired":true,"valueName":"search_term_string"}}],"inLanguage":"es-MX"},{"@type":"Person","@id":"","url":"https:\/\/www.merkley.senate.gov\/es\/author\/"}]}},"_links":{"self":[{"href":"https:\/\/www.merkley.senate.gov\/es\/wp-json\/wp\/v2\/posts\/4167","targetHints":{"allow":["GET"]}}],"collection":[{"href":"https:\/\/www.merkley.senate.gov\/es\/wp-json\/wp\/v2\/posts"}],"about":[{"href":"https:\/\/www.merkley.senate.gov\/es\/wp-json\/wp\/v2\/types\/post"}],"author":[{"embeddable":true,"href":"https:\/\/www.merkley.senate.gov\/es\/wp-json\/wp\/v2\/users\/2"}],"replies":[{"embeddable":true,"href":"https:\/\/www.merkley.senate.gov\/es\/wp-json\/wp\/v2\/comments?post=4167"}],"version-history":[{"count":1,"href":"https:\/\/www.merkley.senate.gov\/es\/wp-json\/wp\/v2\/posts\/4167\/revisions"}],"predecessor-version":[{"id":13543,"href":"https:\/\/www.merkley.senate.gov\/es\/wp-json\/wp\/v2\/posts\/4167\/revisions\/13543"}],"wp:attachment":[{"href":"https:\/\/www.merkley.senate.gov\/es\/wp-json\/wp\/v2\/media?parent=4167"}],"wp:term":[{"taxonomy":"category","embeddable":true,"href":"https:\/\/www.merkley.senate.gov\/es\/wp-json\/wp\/v2\/categories?post=4167"},{"taxonomy":"post_tag","embeddable":true,"href":"https:\/\/www.merkley.senate.gov\/es\/wp-json\/wp\/v2\/tags?post=4167"}],"curies":[{"name":"wp","href":"https:\/\/api.w.org\/{rel}","templated":true}]}}