{"id":4309,"date":"2019-02-28T15:43:00","date_gmt":"2019-02-28T20:43:00","guid":{"rendered":"https:\/\/www.merkley.senate.gov\/merkley-decries-ice-detainment-of-infants\/"},"modified":"2023-07-24T11:07:56","modified_gmt":"2023-07-24T15:07:56","slug":"merkley-decries-ice-detainment-of-infants","status":"publish","type":"post","link":"https:\/\/www.merkley.senate.gov\/es\/merkley-decries-ice-detainment-of-infants\/","title":{"rendered":"Merkley condena la detenci\u00f3n de beb\u00e9s por parte de ICE"},"content":{"rendered":"<p>WASHINGTON, DC \u2013 El senador de Oreg\u00f3n, Jeff Merkley, emiti\u00f3 la siguiente declaraci\u00f3n despu\u00e9s de que el Consejo Estadounidense de Inmigraci\u00f3n (AIC, por sus siglas en ingl\u00e9s) present\u00f3 una queja ante el Servicio de Inmigraci\u00f3n y Control de Aduanas (ICE, por sus siglas en ingl\u00e9s) de Estados Unidos, pidiendo a ICE que libere de la custodia a los beb\u00e9s con sus madres. Actualmente, al menos nueve beb\u00e9s menores de un a\u00f1o se encuentran recluidos en un centro de internamiento familiar en Dilley, Texas.<\/p>\n<blockquote>\n<p>\u201cLos beb\u00e9s no deben estar en la c\u00e1rcel. Per\u00edodo. Ning\u00fan beb\u00e9 deber\u00eda jam\u00e1s ser encerrado en un centro de detenci\u00f3n.<\/p>\n<p>\u201cICE est\u00e1 poniendo en riesgo la salud y el bienestar de estos beb\u00e9s al mantenerlos atrapados en instalaciones con atenci\u00f3n m\u00e9dica infantil inadecuada. Es m\u00e1s, ning\u00fan ser humano moralmente apoya encerrar a los beb\u00e9s detr\u00e1s de alambre de p\u00faas. La administraci\u00f3n deber\u00eda liberar inmediatamente a estos beb\u00e9s y a sus madres\u201d.<\/p>\n<\/blockquote>\n<p>El 3 de junio, Merkley desat\u00f3 una tormenta nacional cuando fue a la frontera para investigar personalmente la pol\u00edtica de separaci\u00f3n de ni\u00f1os de la administraci\u00f3n y fue rechazado en un centro de detenci\u00f3n de ni\u00f1os en Brownsville, Texas. Merkley presion\u00f3 a la administraci\u00f3n Trump para que retrocediera en esta cruel pol\u00edtica de separar a los ni\u00f1os de sus padres, pero la administraci\u00f3n ha estado decidida a seguir aplicando pol\u00edticas que infligen traumas a los ni\u00f1os y las familias que huyen de la persecuci\u00f3n en el extranjero, una de las cuales es encarcelar al mayor n\u00famero posible de familias migrantes. posible en centros de internamiento familiar. En diciembre, Merkley encabez\u00f3 una delegaci\u00f3n del Congreso para investigar las condiciones en Dilley, donde Merkley se reuni\u00f3 con una madre cuyo hijo hab\u00eda estado encarcelado con ella en Dilley durante casi seis meses.<\/p>\n<p>Una copia de la denuncia de la AIC est\u00e1 disponible. <a href=\"http:\/\/americanimmigrationcouncil.org\/advocacy\/infants-immigration-detention\">aqu\u00ed<\/a>. &nbsp;<\/p>","protected":false},"excerpt":{"rendered":"<p>WASHINGTON, D.C. &ndash; Oregon&rsquo;s Senator Jeff Merkley released the following statement after the American Immigration Council (AIC) filed a complaint with U.S. Immigration and Customs Enforcement (ICE), calling on ICE to release infants with their mothers from custody. Currently, at least nine infants under one year of age are being held in a family internment [&hellip;]<\/p>\n","protected":false},"author":2,"featured_media":0,"comment_status":"closed","ping_status":"closed","sticky":false,"template":"","format":"standard","meta":{"_acf_changed":false,"inline_featured_image":false,"footnotes":""},"categories":[24],"tags":[],"class_list":["post-4309","post","type-post","status-publish","format-standard","hentry","category-press-releases"],"acf":[],"yoast_head":"<!-- This site is optimized with the Yoast SEO plugin v27.2 - https:\/\/yoast.com\/product\/yoast-seo-wordpress\/ -->\n<title>Merkley Decries ICE Detainment of Infants - Merkley<\/title>\n<meta name=\"robots\" content=\"index, follow, max-snippet:-1, max-image-preview:large, max-video-preview:-1\" \/>\n<link rel=\"canonical\" href=\"https:\/\/www.merkley.senate.gov\/es\/merkley-decries-ice-detainment-of-infants\/\" \/>\n<meta property=\"og:locale\" content=\"es_MX\" \/>\n<meta property=\"og:type\" content=\"article\" \/>\n<meta property=\"og:title\" content=\"Merkley Decries ICE Detainment of Infants - Merkley\" \/>\n<meta property=\"og:description\" content=\"WASHINGTON, D.C. &ndash; Oregon&rsquo;s Senator Jeff Merkley released the following statement after the American Immigration Council (AIC) filed a complaint with U.S. Immigration and Customs Enforcement (ICE), calling on ICE to release infants with their mothers from custody. Currently, at least nine infants under one year of age are being held in a family internment [&hellip;]\" \/>\n<meta property=\"og:url\" content=\"https:\/\/www.merkley.senate.gov\/es\/merkley-decries-ice-detainment-of-infants\/\" \/>\n<meta property=\"og:site_name\" content=\"Merkley\" \/>\n<meta property=\"article:published_time\" content=\"2019-02-28T20:43:00+00:00\" \/>\n<meta property=\"article:modified_time\" content=\"2023-07-24T15:07:56+00:00\" \/>\n<meta name=\"twitter:card\" content=\"summary_large_image\" \/>\n<meta name=\"twitter:label1\" content=\"Written by\" \/>\n\t<meta name=\"twitter:data1\" content=\"\" \/>\n\t<meta name=\"twitter:label2\" content=\"Est. reading time\" \/>\n\t<meta name=\"twitter:data2\" content=\"1 minute\" \/>\n<script type=\"application\/ld+json\" class=\"yoast-schema-graph\">{\"@context\":\"https:\/\/schema.org\",\"@graph\":[{\"@type\":\"Article\",\"@id\":\"https:\/\/www.merkley.senate.gov\/merkley-decries-ice-detainment-of-infants\/#article\",\"isPartOf\":{\"@id\":\"https:\/\/www.merkley.senate.gov\/merkley-decries-ice-detainment-of-infants\/\"},\"author\":{\"name\":\"\",\"@id\":\"\"},\"headline\":\"Merkley Decries ICE Detainment of Infants\",\"datePublished\":\"2019-02-28T20:43:00+00:00\",\"dateModified\":\"2023-07-24T15:07:56+00:00\",\"mainEntityOfPage\":{\"@id\":\"https:\/\/www.merkley.senate.gov\/merkley-decries-ice-detainment-of-infants\/\"},\"wordCount\":273,\"articleSection\":[\"Press Releases\"],\"inLanguage\":\"es-MX\"},{\"@type\":\"WebPage\",\"@id\":\"https:\/\/www.merkley.senate.gov\/merkley-decries-ice-detainment-of-infants\/\",\"url\":\"https:\/\/www.merkley.senate.gov\/merkley-decries-ice-detainment-of-infants\/\",\"name\":\"Merkley Decries ICE Detainment of Infants - Merkley\",\"isPartOf\":{\"@id\":\"https:\/\/www.merkley.senate.gov\/#website\"},\"datePublished\":\"2019-02-28T20:43:00+00:00\",\"dateModified\":\"2023-07-24T15:07:56+00:00\",\"author\":{\"@id\":\"\"},\"breadcrumb\":{\"@id\":\"https:\/\/www.merkley.senate.gov\/merkley-decries-ice-detainment-of-infants\/#breadcrumb\"},\"inLanguage\":\"es-MX\",\"potentialAction\":[{\"@type\":\"ReadAction\",\"target\":[\"https:\/\/www.merkley.senate.gov\/merkley-decries-ice-detainment-of-infants\/\"]}]},{\"@type\":\"BreadcrumbList\",\"@id\":\"https:\/\/www.merkley.senate.gov\/merkley-decries-ice-detainment-of-infants\/#breadcrumb\",\"itemListElement\":[{\"@type\":\"ListItem\",\"position\":1,\"name\":\"Home\",\"item\":\"https:\/\/www.merkley.senate.gov\/\"},{\"@type\":\"ListItem\",\"position\":2,\"name\":\"Merkley Decries ICE Detainment of Infants\"}]},{\"@type\":\"WebSite\",\"@id\":\"https:\/\/www.merkley.senate.gov\/#website\",\"url\":\"https:\/\/www.merkley.senate.gov\/\",\"name\":\"Merkley\",\"description\":\"Merkley\",\"potentialAction\":[{\"@type\":\"SearchAction\",\"target\":{\"@type\":\"EntryPoint\",\"urlTemplate\":\"https:\/\/www.merkley.senate.gov\/?s={search_term_string}\"},\"query-input\":{\"@type\":\"PropertyValueSpecification\",\"valueRequired\":true,\"valueName\":\"search_term_string\"}}],\"inLanguage\":\"es-MX\"},{\"@type\":\"Person\",\"@id\":\"\",\"url\":\"https:\/\/www.merkley.senate.gov\/es\/author\/\"}]}<\/script>\n<!-- \/ Yoast SEO plugin. -->","yoast_head_json":{"title":"Merkley Decries ICE Detainment of Infants - Merkley","robots":{"index":"index","follow":"follow","max-snippet":"max-snippet:-1","max-image-preview":"max-image-preview:large","max-video-preview":"max-video-preview:-1"},"canonical":"https:\/\/www.merkley.senate.gov\/es\/merkley-decries-ice-detainment-of-infants\/","og_locale":"es_MX","og_type":"article","og_title":"Merkley Decries ICE Detainment of Infants - Merkley","og_description":"WASHINGTON, D.C. &ndash; Oregon&rsquo;s Senator Jeff Merkley released the following statement after the American Immigration Council (AIC) filed a complaint with U.S. Immigration and Customs Enforcement (ICE), calling on ICE to release infants with their mothers from custody. Currently, at least nine infants under one year of age are being held in a family internment [&hellip;]","og_url":"https:\/\/www.merkley.senate.gov\/es\/merkley-decries-ice-detainment-of-infants\/","og_site_name":"Merkley","article_published_time":"2019-02-28T20:43:00+00:00","article_modified_time":"2023-07-24T15:07:56+00:00","twitter_card":"summary_large_image","twitter_misc":{"Written by":"","Est. reading time":"1 minute"},"schema":{"@context":"https:\/\/schema.org","@graph":[{"@type":"Article","@id":"https:\/\/www.merkley.senate.gov\/merkley-decries-ice-detainment-of-infants\/#article","isPartOf":{"@id":"https:\/\/www.merkley.senate.gov\/merkley-decries-ice-detainment-of-infants\/"},"author":{"name":"","@id":""},"headline":"Merkley Decries ICE Detainment of Infants","datePublished":"2019-02-28T20:43:00+00:00","dateModified":"2023-07-24T15:07:56+00:00","mainEntityOfPage":{"@id":"https:\/\/www.merkley.senate.gov\/merkley-decries-ice-detainment-of-infants\/"},"wordCount":273,"articleSection":["Press Releases"],"inLanguage":"es-MX"},{"@type":"WebPage","@id":"https:\/\/www.merkley.senate.gov\/merkley-decries-ice-detainment-of-infants\/","url":"https:\/\/www.merkley.senate.gov\/merkley-decries-ice-detainment-of-infants\/","name":"Merkley Decries ICE Detainment of Infants - Merkley","isPartOf":{"@id":"https:\/\/www.merkley.senate.gov\/#website"},"datePublished":"2019-02-28T20:43:00+00:00","dateModified":"2023-07-24T15:07:56+00:00","author":{"@id":""},"breadcrumb":{"@id":"https:\/\/www.merkley.senate.gov\/merkley-decries-ice-detainment-of-infants\/#breadcrumb"},"inLanguage":"es-MX","potentialAction":[{"@type":"ReadAction","target":["https:\/\/www.merkley.senate.gov\/merkley-decries-ice-detainment-of-infants\/"]}]},{"@type":"BreadcrumbList","@id":"https:\/\/www.merkley.senate.gov\/merkley-decries-ice-detainment-of-infants\/#breadcrumb","itemListElement":[{"@type":"ListItem","position":1,"name":"Home","item":"https:\/\/www.merkley.senate.gov\/"},{"@type":"ListItem","position":2,"name":"Merkley Decries ICE Detainment of Infants"}]},{"@type":"WebSite","@id":"https:\/\/www.merkley.senate.gov\/#website","url":"https:\/\/www.merkley.senate.gov\/","name":"merkley","description":"merkley","potentialAction":[{"@type":"SearchAction","target":{"@type":"EntryPoint","urlTemplate":"https:\/\/www.merkley.senate.gov\/?s={search_term_string}"},"query-input":{"@type":"PropertyValueSpecification","valueRequired":true,"valueName":"search_term_string"}}],"inLanguage":"es-MX"},{"@type":"Person","@id":"","url":"https:\/\/www.merkley.senate.gov\/es\/author\/"}]}},"_links":{"self":[{"href":"https:\/\/www.merkley.senate.gov\/es\/wp-json\/wp\/v2\/posts\/4309","targetHints":{"allow":["GET"]}}],"collection":[{"href":"https:\/\/www.merkley.senate.gov\/es\/wp-json\/wp\/v2\/posts"}],"about":[{"href":"https:\/\/www.merkley.senate.gov\/es\/wp-json\/wp\/v2\/types\/post"}],"author":[{"embeddable":true,"href":"https:\/\/www.merkley.senate.gov\/es\/wp-json\/wp\/v2\/users\/2"}],"replies":[{"embeddable":true,"href":"https:\/\/www.merkley.senate.gov\/es\/wp-json\/wp\/v2\/comments?post=4309"}],"version-history":[{"count":1,"href":"https:\/\/www.merkley.senate.gov\/es\/wp-json\/wp\/v2\/posts\/4309\/revisions"}],"predecessor-version":[{"id":13685,"href":"https:\/\/www.merkley.senate.gov\/es\/wp-json\/wp\/v2\/posts\/4309\/revisions\/13685"}],"wp:attachment":[{"href":"https:\/\/www.merkley.senate.gov\/es\/wp-json\/wp\/v2\/media?parent=4309"}],"wp:term":[{"taxonomy":"category","embeddable":true,"href":"https:\/\/www.merkley.senate.gov\/es\/wp-json\/wp\/v2\/categories?post=4309"},{"taxonomy":"post_tag","embeddable":true,"href":"https:\/\/www.merkley.senate.gov\/es\/wp-json\/wp\/v2\/tags?post=4309"}],"curies":[{"name":"wp","href":"https:\/\/api.w.org\/{rel}","templated":true}]}}