{"id":4383,"date":"2018-12-13T14:59:00","date_gmt":"2018-12-13T19:59:00","guid":{"rendered":"https:\/\/www.merkley.senate.gov\/merkley-to-return-to-texas-lead-delegation-investigating-trump-administrations-ongoing-mistreatment-of-migrant-children\/"},"modified":"2023-07-24T11:08:01","modified_gmt":"2023-07-24T15:08:01","slug":"merkley-to-return-to-texas-lead-delegation-investigating-trump-administrations-ongoing-mistreatment-of-migrant-children","status":"publish","type":"post","link":"https:\/\/www.merkley.senate.gov\/es\/merkley-to-return-to-texas-lead-delegation-investigating-trump-administrations-ongoing-mistreatment-of-migrant-children\/","title":{"rendered":"Merkley regresar\u00e1 a Texas y encabezar\u00e1 la delegaci\u00f3n que investiga el continuo maltrato de los ni\u00f1os migrantes por parte de la administraci\u00f3n Trump"},"content":{"rendered":"<p align=\"center\" style=\"text-align: left;\">WASHINGTON DC -<b> <\/b>Seis meses despu\u00e9s de su viaje del D\u00eda del Padre para exponer la crisis del encarcelamiento de ni\u00f1os y la separaci\u00f3n de familias en la frontera de Texas, el senador de Oreg\u00f3n Jeff Merkley encabezar\u00e1 un viaje de supervisi\u00f3n del Congreso que investiga el trato que la Administraci\u00f3n Trump da a los ni\u00f1os que han cruzado la frontera entre Estados Unidos y M\u00e9xico huyendo de la persecuci\u00f3n y el peligro en el extranjero. .<\/p>\n<p>Merkley se unir\u00e1 a la delegaci\u00f3n este viernes y s\u00e1bado, 14 y 15 de diciembre, con las senadoras Mazie Hirono (D-HI) y Tina Smith (D-MN) y la congresista Judy Chu (D-CA-27).<\/p>\n<p>El representante Beto O&#039;Rourke (D-TX-16) tambi\u00e9n se unir\u00e1 a la delegaci\u00f3n el s\u00e1bado en Tornillo.<\/p>\n<p>La delegaci\u00f3n analizar\u00e1 c\u00f3mo se ha tratado a los ni\u00f1os en dos entornos diferentes: los centros de internamiento familiar y las prisiones infantiles, cada uno de los cuales ha sido se\u00f1alado por expertos por sus efectos traum\u00e1ticos en los ni\u00f1os. Espec\u00edficamente, la delegaci\u00f3n inspeccionar\u00e1 los centros de internamiento familiar en Karnes City y Dilley, Texas; y la prisi\u00f3n infantil en Tornillo, Texas. La prisi\u00f3n infantil de Tornillo actualmente encarcela a m\u00e1s de 2000 ni\u00f1os en un campamento de tiendas de campa\u00f1a en el desierto.<\/p>\n<p>&nbsp;<\/p>\n<p><b>OMS: <\/b><\/p>\n<p>Senador de Oreg\u00f3n Jeff Merkley<\/p>\n<p>Senadora Mazie Hirono (D-HI)<\/p>\n<p>Senadora Tina Smith (D-MN)<\/p>\n<p>Representante Judy Chu (D-CA-27)<\/p>\n<p>Diputado Beto O&#039;Rourke (D-TX-16)*<\/p>\n<p><i>*Solo s\u00e1bado<\/i><\/p>\n<p><i>&nbsp;<\/i><\/p>\n<p><b>QU\u00c9:<\/b><\/p>\n<p>Delegaci\u00f3n del Congreso que investiga el maltrato de la Administraci\u00f3n Trump a los ni\u00f1os solicitantes de asilo<\/p>\n<p>&nbsp;<\/p>\n<p><b>D\u00d3NDE:<\/b><\/p>\n<p>Centro residencial familiar del sur de Texas, Dilley, TX (viernes)<\/p>\n<p>Karnes Residential Center, Karnes City, TX (viernes)<\/p>\n<p>Campamento de detenci\u00f3n infantil de Tornillo, Puerto de entrada de Tornillo (s\u00e1bado)<\/p>\n<p>&nbsp;<\/p>\n<p><b>CUANDO:<\/b><\/p>\n<p>Viernes 14 y s\u00e1bado 15 de diciembre de 2018<\/p>\n<p>&nbsp;<\/p>","protected":false},"excerpt":{"rendered":"<p>WASHINGTON, D.C. &ndash; Six months after his Father&rsquo;s Day trip&nbsp;exposing the child imprisonment and family separation crisis on the Texas border, Oregon&rsquo;s Senator Jeff Merkley will lead a congressional oversight trip investigating the Trump Administration&rsquo;s treatment of children who have crossed the U.S.-Mexico border fleeing persecution and danger abroad. Merkley will be joined on the [&hellip;]<\/p>\n","protected":false},"author":2,"featured_media":0,"comment_status":"closed","ping_status":"closed","sticky":false,"template":"","format":"standard","meta":{"_acf_changed":false,"inline_featured_image":false,"footnotes":""},"categories":[24],"tags":[],"class_list":["post-4383","post","type-post","status-publish","format-standard","hentry","category-press-releases"],"acf":[],"yoast_head":"<!-- This site is optimized with the Yoast SEO plugin v27.2 - https:\/\/yoast.com\/product\/yoast-seo-wordpress\/ -->\n<title>Merkley to Return to Texas, Lead Delegation Investigating Trump Administration\u2019s Ongoing Mistreatment of Migrant Children - Merkley<\/title>\n<meta name=\"robots\" content=\"index, follow, max-snippet:-1, max-image-preview:large, max-video-preview:-1\" \/>\n<link rel=\"canonical\" href=\"https:\/\/www.merkley.senate.gov\/es\/merkley-to-return-to-texas-lead-delegation-investigating-trump-administrations-ongoing-mistreatment-of-migrant-children\/\" \/>\n<meta property=\"og:locale\" content=\"es_MX\" \/>\n<meta property=\"og:type\" content=\"article\" \/>\n<meta property=\"og:title\" content=\"Merkley to Return to Texas, Lead Delegation Investigating Trump Administration\u2019s Ongoing Mistreatment of Migrant Children - Merkley\" \/>\n<meta property=\"og:description\" content=\"WASHINGTON, D.C. &ndash; Six months after his Father&rsquo;s Day trip&nbsp;exposing the child imprisonment and family separation crisis on the Texas border, Oregon&rsquo;s Senator Jeff Merkley will lead a congressional oversight trip investigating the Trump Administration&rsquo;s treatment of children who have crossed the U.S.-Mexico border fleeing persecution and danger abroad. Merkley will be joined on the [&hellip;]\" \/>\n<meta property=\"og:url\" content=\"https:\/\/www.merkley.senate.gov\/es\/merkley-to-return-to-texas-lead-delegation-investigating-trump-administrations-ongoing-mistreatment-of-migrant-children\/\" \/>\n<meta property=\"og:site_name\" content=\"Merkley\" \/>\n<meta property=\"article:published_time\" content=\"2018-12-13T19:59:00+00:00\" \/>\n<meta property=\"article:modified_time\" content=\"2023-07-24T15:08:01+00:00\" \/>\n<meta name=\"twitter:card\" content=\"summary_large_image\" \/>\n<meta name=\"twitter:label1\" content=\"Written by\" \/>\n\t<meta name=\"twitter:data1\" content=\"\" \/>\n\t<meta name=\"twitter:label2\" content=\"Est. reading time\" \/>\n\t<meta name=\"twitter:data2\" content=\"1 minute\" \/>\n<script type=\"application\/ld+json\" class=\"yoast-schema-graph\">{\"@context\":\"https:\/\/schema.org\",\"@graph\":[{\"@type\":\"Article\",\"@id\":\"https:\/\/www.merkley.senate.gov\/merkley-to-return-to-texas-lead-delegation-investigating-trump-administrations-ongoing-mistreatment-of-migrant-children\/#article\",\"isPartOf\":{\"@id\":\"https:\/\/www.merkley.senate.gov\/merkley-to-return-to-texas-lead-delegation-investigating-trump-administrations-ongoing-mistreatment-of-migrant-children\/\"},\"author\":{\"name\":\"\",\"@id\":\"\"},\"headline\":\"Merkley to Return to Texas, Lead Delegation Investigating Trump Administration\u2019s Ongoing Mistreatment of Migrant Children\",\"datePublished\":\"2018-12-13T19:59:00+00:00\",\"dateModified\":\"2023-07-24T15:08:01+00:00\",\"mainEntityOfPage\":{\"@id\":\"https:\/\/www.merkley.senate.gov\/merkley-to-return-to-texas-lead-delegation-investigating-trump-administrations-ongoing-mistreatment-of-migrant-children\/\"},\"wordCount\":271,\"articleSection\":[\"Press Releases\"],\"inLanguage\":\"es-MX\"},{\"@type\":\"WebPage\",\"@id\":\"https:\/\/www.merkley.senate.gov\/merkley-to-return-to-texas-lead-delegation-investigating-trump-administrations-ongoing-mistreatment-of-migrant-children\/\",\"url\":\"https:\/\/www.merkley.senate.gov\/merkley-to-return-to-texas-lead-delegation-investigating-trump-administrations-ongoing-mistreatment-of-migrant-children\/\",\"name\":\"Merkley to Return to Texas, Lead Delegation Investigating Trump Administration\u2019s Ongoing Mistreatment of Migrant Children - Merkley\",\"isPartOf\":{\"@id\":\"https:\/\/www.merkley.senate.gov\/#website\"},\"datePublished\":\"2018-12-13T19:59:00+00:00\",\"dateModified\":\"2023-07-24T15:08:01+00:00\",\"author\":{\"@id\":\"\"},\"breadcrumb\":{\"@id\":\"https:\/\/www.merkley.senate.gov\/merkley-to-return-to-texas-lead-delegation-investigating-trump-administrations-ongoing-mistreatment-of-migrant-children\/#breadcrumb\"},\"inLanguage\":\"es-MX\",\"potentialAction\":[{\"@type\":\"ReadAction\",\"target\":[\"https:\/\/www.merkley.senate.gov\/merkley-to-return-to-texas-lead-delegation-investigating-trump-administrations-ongoing-mistreatment-of-migrant-children\/\"]}]},{\"@type\":\"BreadcrumbList\",\"@id\":\"https:\/\/www.merkley.senate.gov\/merkley-to-return-to-texas-lead-delegation-investigating-trump-administrations-ongoing-mistreatment-of-migrant-children\/#breadcrumb\",\"itemListElement\":[{\"@type\":\"ListItem\",\"position\":1,\"name\":\"Home\",\"item\":\"https:\/\/www.merkley.senate.gov\/\"},{\"@type\":\"ListItem\",\"position\":2,\"name\":\"Merkley to Return to Texas, Lead Delegation Investigating Trump Administration\u2019s Ongoing Mistreatment of Migrant Children\"}]},{\"@type\":\"WebSite\",\"@id\":\"https:\/\/www.merkley.senate.gov\/#website\",\"url\":\"https:\/\/www.merkley.senate.gov\/\",\"name\":\"Merkley\",\"description\":\"Merkley\",\"potentialAction\":[{\"@type\":\"SearchAction\",\"target\":{\"@type\":\"EntryPoint\",\"urlTemplate\":\"https:\/\/www.merkley.senate.gov\/?s={search_term_string}\"},\"query-input\":{\"@type\":\"PropertyValueSpecification\",\"valueRequired\":true,\"valueName\":\"search_term_string\"}}],\"inLanguage\":\"es-MX\"},{\"@type\":\"Person\",\"@id\":\"\",\"url\":\"https:\/\/www.merkley.senate.gov\/es\/author\/\"}]}<\/script>\n<!-- \/ Yoast SEO plugin. -->","yoast_head_json":{"title":"Merkley to Return to Texas, Lead Delegation Investigating Trump Administration\u2019s Ongoing Mistreatment of Migrant Children - Merkley","robots":{"index":"index","follow":"follow","max-snippet":"max-snippet:-1","max-image-preview":"max-image-preview:large","max-video-preview":"max-video-preview:-1"},"canonical":"https:\/\/www.merkley.senate.gov\/es\/merkley-to-return-to-texas-lead-delegation-investigating-trump-administrations-ongoing-mistreatment-of-migrant-children\/","og_locale":"es_MX","og_type":"article","og_title":"Merkley to Return to Texas, Lead Delegation Investigating Trump Administration\u2019s Ongoing Mistreatment of Migrant Children - Merkley","og_description":"WASHINGTON, D.C. &ndash; Six months after his Father&rsquo;s Day trip&nbsp;exposing the child imprisonment and family separation crisis on the Texas border, Oregon&rsquo;s Senator Jeff Merkley will lead a congressional oversight trip investigating the Trump Administration&rsquo;s treatment of children who have crossed the U.S.-Mexico border fleeing persecution and danger abroad. Merkley will be joined on the [&hellip;]","og_url":"https:\/\/www.merkley.senate.gov\/es\/merkley-to-return-to-texas-lead-delegation-investigating-trump-administrations-ongoing-mistreatment-of-migrant-children\/","og_site_name":"Merkley","article_published_time":"2018-12-13T19:59:00+00:00","article_modified_time":"2023-07-24T15:08:01+00:00","twitter_card":"summary_large_image","twitter_misc":{"Written by":"","Est. reading time":"1 minute"},"schema":{"@context":"https:\/\/schema.org","@graph":[{"@type":"Article","@id":"https:\/\/www.merkley.senate.gov\/merkley-to-return-to-texas-lead-delegation-investigating-trump-administrations-ongoing-mistreatment-of-migrant-children\/#article","isPartOf":{"@id":"https:\/\/www.merkley.senate.gov\/merkley-to-return-to-texas-lead-delegation-investigating-trump-administrations-ongoing-mistreatment-of-migrant-children\/"},"author":{"name":"","@id":""},"headline":"Merkley to Return to Texas, Lead Delegation Investigating Trump Administration\u2019s Ongoing Mistreatment of Migrant Children","datePublished":"2018-12-13T19:59:00+00:00","dateModified":"2023-07-24T15:08:01+00:00","mainEntityOfPage":{"@id":"https:\/\/www.merkley.senate.gov\/merkley-to-return-to-texas-lead-delegation-investigating-trump-administrations-ongoing-mistreatment-of-migrant-children\/"},"wordCount":271,"articleSection":["Press Releases"],"inLanguage":"es-MX"},{"@type":"WebPage","@id":"https:\/\/www.merkley.senate.gov\/merkley-to-return-to-texas-lead-delegation-investigating-trump-administrations-ongoing-mistreatment-of-migrant-children\/","url":"https:\/\/www.merkley.senate.gov\/merkley-to-return-to-texas-lead-delegation-investigating-trump-administrations-ongoing-mistreatment-of-migrant-children\/","name":"Merkley to Return to Texas, Lead Delegation Investigating Trump Administration\u2019s Ongoing Mistreatment of Migrant Children - Merkley","isPartOf":{"@id":"https:\/\/www.merkley.senate.gov\/#website"},"datePublished":"2018-12-13T19:59:00+00:00","dateModified":"2023-07-24T15:08:01+00:00","author":{"@id":""},"breadcrumb":{"@id":"https:\/\/www.merkley.senate.gov\/merkley-to-return-to-texas-lead-delegation-investigating-trump-administrations-ongoing-mistreatment-of-migrant-children\/#breadcrumb"},"inLanguage":"es-MX","potentialAction":[{"@type":"ReadAction","target":["https:\/\/www.merkley.senate.gov\/merkley-to-return-to-texas-lead-delegation-investigating-trump-administrations-ongoing-mistreatment-of-migrant-children\/"]}]},{"@type":"BreadcrumbList","@id":"https:\/\/www.merkley.senate.gov\/merkley-to-return-to-texas-lead-delegation-investigating-trump-administrations-ongoing-mistreatment-of-migrant-children\/#breadcrumb","itemListElement":[{"@type":"ListItem","position":1,"name":"Home","item":"https:\/\/www.merkley.senate.gov\/"},{"@type":"ListItem","position":2,"name":"Merkley to Return to Texas, Lead Delegation Investigating Trump Administration\u2019s Ongoing Mistreatment of Migrant Children"}]},{"@type":"WebSite","@id":"https:\/\/www.merkley.senate.gov\/#website","url":"https:\/\/www.merkley.senate.gov\/","name":"merkley","description":"merkley","potentialAction":[{"@type":"SearchAction","target":{"@type":"EntryPoint","urlTemplate":"https:\/\/www.merkley.senate.gov\/?s={search_term_string}"},"query-input":{"@type":"PropertyValueSpecification","valueRequired":true,"valueName":"search_term_string"}}],"inLanguage":"es-MX"},{"@type":"Person","@id":"","url":"https:\/\/www.merkley.senate.gov\/es\/author\/"}]}},"_links":{"self":[{"href":"https:\/\/www.merkley.senate.gov\/es\/wp-json\/wp\/v2\/posts\/4383","targetHints":{"allow":["GET"]}}],"collection":[{"href":"https:\/\/www.merkley.senate.gov\/es\/wp-json\/wp\/v2\/posts"}],"about":[{"href":"https:\/\/www.merkley.senate.gov\/es\/wp-json\/wp\/v2\/types\/post"}],"author":[{"embeddable":true,"href":"https:\/\/www.merkley.senate.gov\/es\/wp-json\/wp\/v2\/users\/2"}],"replies":[{"embeddable":true,"href":"https:\/\/www.merkley.senate.gov\/es\/wp-json\/wp\/v2\/comments?post=4383"}],"version-history":[{"count":1,"href":"https:\/\/www.merkley.senate.gov\/es\/wp-json\/wp\/v2\/posts\/4383\/revisions"}],"predecessor-version":[{"id":13759,"href":"https:\/\/www.merkley.senate.gov\/es\/wp-json\/wp\/v2\/posts\/4383\/revisions\/13759"}],"wp:attachment":[{"href":"https:\/\/www.merkley.senate.gov\/es\/wp-json\/wp\/v2\/media?parent=4383"}],"wp:term":[{"taxonomy":"category","embeddable":true,"href":"https:\/\/www.merkley.senate.gov\/es\/wp-json\/wp\/v2\/categories?post=4383"},{"taxonomy":"post_tag","embeddable":true,"href":"https:\/\/www.merkley.senate.gov\/es\/wp-json\/wp\/v2\/tags?post=4383"}],"curies":[{"name":"wp","href":"https:\/\/api.w.org\/{rel}","templated":true}]}}