{"id":4516,"date":"2018-07-26T16:43:00","date_gmt":"2018-07-26T20:43:00","guid":{"rendered":"https:\/\/www.merkley.senate.gov\/merkley-statement-on-reunification-deadline\/"},"modified":"2023-07-24T11:08:12","modified_gmt":"2023-07-24T15:08:12","slug":"merkley-statement-on-reunification-deadline","status":"publish","type":"post","link":"https:\/\/www.merkley.senate.gov\/es\/merkley-statement-on-reunification-deadline\/","title":{"rendered":"Declaraci\u00f3n de Merkley sobre la fecha l\u00edmite para la reunificaci\u00f3n"},"content":{"rendered":"<p align=\"center\" style=\"text-align: left;\">WASHINGTON, D.C. &ndash; Oregon&rsquo;s Senator Jeff Merkley released the following statement regarding the court-ordered family reunification deadline today:<\/p>\n<blockquote>\n<p style=\"padding-left: 30px;\">&ldquo;The Trump administration&rsquo;s decision to separate children from their families was a dark and evil deed. Now, cruelty is being compounded by incompetence. This will go down as a shameful chapter in American history, and I will keep pushing to reunite each and every family as quickly as possible so that we can close this horrific chapter. The administration seems incapable or unwilling to fix this, so Congress should immediately&nbsp;pass the REUNITE Act.&rdquo;<\/p>\n<\/blockquote>\n<p>On June 3, Merkley set off a national firestorm when he went to the border to personally investigate the child separation policy and was turned away from a children&rsquo;s detention center in Brownsville, TX. Merkley successfully pressured the Trump administration to back down from this cruel policy, but since the administration never had a coherent plan to bring families back together once they had been separated, the administration has struggled to reunite children with their parents. Currently, fewer than half of the over 2,600 children have been reunited, and <a href=\"https:\/\/www.cnn.com\/2018\/07\/23\/politics\/family-reunions-update\/index.html\">reports indicate<\/a> that hundreds of parents have already been deported without their children. <a href=\"https:\/\/www.merkley.senate.gov\/es\/news\/press-releases\/harris-merkley-cortez-masto-introduce-bill-to-reunify-and-protect-immigrant-families\/\">Merkley has joined Sen. Kamala Harris (D-CA) to introduce the REUNITE Act<\/a>, legislation that would expedite the reunification process.<\/p>","protected":false},"excerpt":{"rendered":"<p>WASHINGTON, D.C. &ndash; Oregon&rsquo;s Senator Jeff Merkley released the following statement regarding the court-ordered family reunification deadline today: &ldquo;The Trump administration&rsquo;s decision to separate children from their families was a dark and evil deed. Now, cruelty is being compounded by incompetence. This will go down as a shameful chapter in American history, and I will [&hellip;]<\/p>\n","protected":false},"author":2,"featured_media":0,"comment_status":"closed","ping_status":"closed","sticky":false,"template":"","format":"standard","meta":{"_acf_changed":false,"inline_featured_image":false,"footnotes":""},"categories":[24],"tags":[53],"class_list":["post-4516","post","type-post","status-publish","format-standard","hentry","category-press-releases","tag-civil-rights"],"acf":[],"yoast_head":"<!-- This site is optimized with the Yoast SEO plugin v27.2 - https:\/\/yoast.com\/product\/yoast-seo-wordpress\/ -->\n<title>Merkley Statement on Reunification Deadline - Merkley<\/title>\n<meta name=\"robots\" content=\"index, follow, max-snippet:-1, max-image-preview:large, max-video-preview:-1\" \/>\n<link rel=\"canonical\" href=\"https:\/\/www.merkley.senate.gov\/es\/merkley-statement-on-reunification-deadline\/\" \/>\n<meta property=\"og:locale\" content=\"es_MX\" \/>\n<meta property=\"og:type\" content=\"article\" \/>\n<meta property=\"og:title\" content=\"Merkley Statement on Reunification Deadline - Merkley\" \/>\n<meta property=\"og:description\" content=\"WASHINGTON, D.C. &ndash; Oregon&rsquo;s Senator Jeff Merkley released the following statement regarding the court-ordered family reunification deadline today: &ldquo;The Trump administration&rsquo;s decision to separate children from their families was a dark and evil deed. Now, cruelty is being compounded by incompetence. This will go down as a shameful chapter in American history, and I will [&hellip;]\" \/>\n<meta property=\"og:url\" content=\"https:\/\/www.merkley.senate.gov\/es\/merkley-statement-on-reunification-deadline\/\" \/>\n<meta property=\"og:site_name\" content=\"Merkley\" \/>\n<meta property=\"article:published_time\" content=\"2018-07-26T20:43:00+00:00\" \/>\n<meta property=\"article:modified_time\" content=\"2023-07-24T15:08:12+00:00\" \/>\n<meta name=\"twitter:card\" content=\"summary_large_image\" \/>\n<meta name=\"twitter:label1\" content=\"Written by\" \/>\n\t<meta name=\"twitter:data1\" content=\"\" \/>\n\t<meta name=\"twitter:label2\" content=\"Est. reading time\" \/>\n\t<meta name=\"twitter:data2\" content=\"1 minute\" \/>\n<script type=\"application\/ld+json\" class=\"yoast-schema-graph\">{\"@context\":\"https:\/\/schema.org\",\"@graph\":[{\"@type\":\"Article\",\"@id\":\"https:\/\/www.merkley.senate.gov\/merkley-statement-on-reunification-deadline\/#article\",\"isPartOf\":{\"@id\":\"https:\/\/www.merkley.senate.gov\/merkley-statement-on-reunification-deadline\/\"},\"author\":{\"name\":\"\",\"@id\":\"\"},\"headline\":\"Merkley Statement on Reunification Deadline\",\"datePublished\":\"2018-07-26T20:43:00+00:00\",\"dateModified\":\"2023-07-24T15:08:12+00:00\",\"mainEntityOfPage\":{\"@id\":\"https:\/\/www.merkley.senate.gov\/merkley-statement-on-reunification-deadline\/\"},\"wordCount\":226,\"keywords\":[\"Civil Rights\"],\"articleSection\":[\"Press Releases\"],\"inLanguage\":\"es-MX\"},{\"@type\":\"WebPage\",\"@id\":\"https:\/\/www.merkley.senate.gov\/merkley-statement-on-reunification-deadline\/\",\"url\":\"https:\/\/www.merkley.senate.gov\/merkley-statement-on-reunification-deadline\/\",\"name\":\"Merkley Statement on Reunification Deadline - Merkley\",\"isPartOf\":{\"@id\":\"https:\/\/www.merkley.senate.gov\/#website\"},\"datePublished\":\"2018-07-26T20:43:00+00:00\",\"dateModified\":\"2023-07-24T15:08:12+00:00\",\"author\":{\"@id\":\"\"},\"breadcrumb\":{\"@id\":\"https:\/\/www.merkley.senate.gov\/merkley-statement-on-reunification-deadline\/#breadcrumb\"},\"inLanguage\":\"es-MX\",\"potentialAction\":[{\"@type\":\"ReadAction\",\"target\":[\"https:\/\/www.merkley.senate.gov\/merkley-statement-on-reunification-deadline\/\"]}]},{\"@type\":\"BreadcrumbList\",\"@id\":\"https:\/\/www.merkley.senate.gov\/merkley-statement-on-reunification-deadline\/#breadcrumb\",\"itemListElement\":[{\"@type\":\"ListItem\",\"position\":1,\"name\":\"Home\",\"item\":\"https:\/\/www.merkley.senate.gov\/\"},{\"@type\":\"ListItem\",\"position\":2,\"name\":\"Merkley Statement on Reunification Deadline\"}]},{\"@type\":\"WebSite\",\"@id\":\"https:\/\/www.merkley.senate.gov\/#website\",\"url\":\"https:\/\/www.merkley.senate.gov\/\",\"name\":\"Merkley\",\"description\":\"Merkley\",\"potentialAction\":[{\"@type\":\"SearchAction\",\"target\":{\"@type\":\"EntryPoint\",\"urlTemplate\":\"https:\/\/www.merkley.senate.gov\/?s={search_term_string}\"},\"query-input\":{\"@type\":\"PropertyValueSpecification\",\"valueRequired\":true,\"valueName\":\"search_term_string\"}}],\"inLanguage\":\"es-MX\"},{\"@type\":\"Person\",\"@id\":\"\",\"url\":\"https:\/\/www.merkley.senate.gov\/es\/author\/\"}]}<\/script>\n<!-- \/ Yoast SEO plugin. -->","yoast_head_json":{"title":"Merkley Statement on Reunification Deadline - Merkley","robots":{"index":"index","follow":"follow","max-snippet":"max-snippet:-1","max-image-preview":"max-image-preview:large","max-video-preview":"max-video-preview:-1"},"canonical":"https:\/\/www.merkley.senate.gov\/es\/merkley-statement-on-reunification-deadline\/","og_locale":"es_MX","og_type":"article","og_title":"Merkley Statement on Reunification Deadline - Merkley","og_description":"WASHINGTON, D.C. &ndash; Oregon&rsquo;s Senator Jeff Merkley released the following statement regarding the court-ordered family reunification deadline today: &ldquo;The Trump administration&rsquo;s decision to separate children from their families was a dark and evil deed. Now, cruelty is being compounded by incompetence. This will go down as a shameful chapter in American history, and I will [&hellip;]","og_url":"https:\/\/www.merkley.senate.gov\/es\/merkley-statement-on-reunification-deadline\/","og_site_name":"Merkley","article_published_time":"2018-07-26T20:43:00+00:00","article_modified_time":"2023-07-24T15:08:12+00:00","twitter_card":"summary_large_image","twitter_misc":{"Written by":"","Est. reading time":"1 minute"},"schema":{"@context":"https:\/\/schema.org","@graph":[{"@type":"Article","@id":"https:\/\/www.merkley.senate.gov\/merkley-statement-on-reunification-deadline\/#article","isPartOf":{"@id":"https:\/\/www.merkley.senate.gov\/merkley-statement-on-reunification-deadline\/"},"author":{"name":"","@id":""},"headline":"Merkley Statement on Reunification Deadline","datePublished":"2018-07-26T20:43:00+00:00","dateModified":"2023-07-24T15:08:12+00:00","mainEntityOfPage":{"@id":"https:\/\/www.merkley.senate.gov\/merkley-statement-on-reunification-deadline\/"},"wordCount":226,"keywords":["Civil Rights"],"articleSection":["Press Releases"],"inLanguage":"es-MX"},{"@type":"WebPage","@id":"https:\/\/www.merkley.senate.gov\/merkley-statement-on-reunification-deadline\/","url":"https:\/\/www.merkley.senate.gov\/merkley-statement-on-reunification-deadline\/","name":"Merkley Statement on Reunification Deadline - Merkley","isPartOf":{"@id":"https:\/\/www.merkley.senate.gov\/#website"},"datePublished":"2018-07-26T20:43:00+00:00","dateModified":"2023-07-24T15:08:12+00:00","author":{"@id":""},"breadcrumb":{"@id":"https:\/\/www.merkley.senate.gov\/merkley-statement-on-reunification-deadline\/#breadcrumb"},"inLanguage":"es-MX","potentialAction":[{"@type":"ReadAction","target":["https:\/\/www.merkley.senate.gov\/merkley-statement-on-reunification-deadline\/"]}]},{"@type":"BreadcrumbList","@id":"https:\/\/www.merkley.senate.gov\/merkley-statement-on-reunification-deadline\/#breadcrumb","itemListElement":[{"@type":"ListItem","position":1,"name":"Home","item":"https:\/\/www.merkley.senate.gov\/"},{"@type":"ListItem","position":2,"name":"Merkley Statement on Reunification Deadline"}]},{"@type":"WebSite","@id":"https:\/\/www.merkley.senate.gov\/#website","url":"https:\/\/www.merkley.senate.gov\/","name":"merkley","description":"merkley","potentialAction":[{"@type":"SearchAction","target":{"@type":"EntryPoint","urlTemplate":"https:\/\/www.merkley.senate.gov\/?s={search_term_string}"},"query-input":{"@type":"PropertyValueSpecification","valueRequired":true,"valueName":"search_term_string"}}],"inLanguage":"es-MX"},{"@type":"Person","@id":"","url":"https:\/\/www.merkley.senate.gov\/es\/author\/"}]}},"_links":{"self":[{"href":"https:\/\/www.merkley.senate.gov\/es\/wp-json\/wp\/v2\/posts\/4516","targetHints":{"allow":["GET"]}}],"collection":[{"href":"https:\/\/www.merkley.senate.gov\/es\/wp-json\/wp\/v2\/posts"}],"about":[{"href":"https:\/\/www.merkley.senate.gov\/es\/wp-json\/wp\/v2\/types\/post"}],"author":[{"embeddable":true,"href":"https:\/\/www.merkley.senate.gov\/es\/wp-json\/wp\/v2\/users\/2"}],"replies":[{"embeddable":true,"href":"https:\/\/www.merkley.senate.gov\/es\/wp-json\/wp\/v2\/comments?post=4516"}],"version-history":[{"count":1,"href":"https:\/\/www.merkley.senate.gov\/es\/wp-json\/wp\/v2\/posts\/4516\/revisions"}],"predecessor-version":[{"id":13892,"href":"https:\/\/www.merkley.senate.gov\/es\/wp-json\/wp\/v2\/posts\/4516\/revisions\/13892"}],"wp:attachment":[{"href":"https:\/\/www.merkley.senate.gov\/es\/wp-json\/wp\/v2\/media?parent=4516"}],"wp:term":[{"taxonomy":"category","embeddable":true,"href":"https:\/\/www.merkley.senate.gov\/es\/wp-json\/wp\/v2\/categories?post=4516"},{"taxonomy":"post_tag","embeddable":true,"href":"https:\/\/www.merkley.senate.gov\/es\/wp-json\/wp\/v2\/tags?post=4516"}],"curies":[{"name":"wp","href":"https:\/\/api.w.org\/{rel}","templated":true}]}}