{"id":4574,"date":"2018-05-16T14:44:00","date_gmt":"2018-05-16T18:44:00","guid":{"rendered":"https:\/\/www.merkley.senate.gov\/merkley-to-hold-town-halls-in-jackson-douglas-coos-counties\/"},"modified":"2023-07-24T11:08:18","modified_gmt":"2023-07-24T15:08:18","slug":"merkley-to-hold-town-halls-in-jackson-douglas-coos-counties","status":"publish","type":"post","link":"https:\/\/www.merkley.senate.gov\/es\/merkley-to-hold-town-halls-in-jackson-douglas-coos-counties\/","title":{"rendered":"Merkley realizar\u00e1 asambleas p\u00fablicas en los condados de Jackson, Douglas y Coos"},"content":{"rendered":"<p><b>Portland, Oreg\u00f3n<\/b> &ndash; Oregon&rsquo;s Senator Jeff Merkley will hold town halls in Jackson, Douglas and Coos counties on Tuesday and Wednesday, May 29 and 30. <\/p>\n<p> Actualizar\u00e1 a los electores sobre su trabajo en Washington, DC, responder\u00e1 sus preguntas e invitar\u00e1 sus sugerencias sobre c\u00f3mo abordar los desaf\u00edos que enfrentan Oreg\u00f3n y Estados Unidos.<\/p>\n<p> \u201cEn nuestra democracia de &#039;Nosotros, la gente&#039;, las reuniones p\u00fablicas son una herramienta esencial para m\u00ed para escuchar a los habitantes de Oreg\u00f3n y representar sus intereses en DC\u201d, dijo Merkley. \u201cInvito a todos en estos condados a venir y discutir lo que debemos hacer para fortalecer nuestro estado y nuestra naci\u00f3n\u201d.<\/p>\n<p> Since joining the Senate in 2009, Merkley has held a town hall in each of Oregon&rsquo;s 36 counties every year. These three town halls will be his 352<sup>Dakota del Norte<\/sup>, 353<sup>rd<\/sup>, and 354<sup>el<\/sup> como senador de los EE.UU. Los detalles est\u00e1n abajo.<\/p>\n<p>&nbsp;<\/p>\n<p><b>Qu\u00e9:<\/b><\/p>\n<p>Ayuntamiento del condado de Jackson<\/p>\n<p><b>&nbsp;<\/b><\/p>\n<p><b>Cuando:<\/b><\/p>\n<p>Tuesday, May 29, 2018<\/p>\n<p>08:30 am<\/p>\n<p><b>&nbsp;<\/b><\/p>\n<p><b>D\u00f3nde:<\/b><\/p>\n<p>Medford Central High School &ndash; Gym<\/p>\n<p>815 S Oakdale Ave<\/p>\n<p>Medford, Oreg\u00f3n 97501<\/p>\n<p><b>&nbsp;<\/b><\/p>\n<p>&nbsp;<\/p>\n<p><b>Qu\u00e9:<\/b><\/p>\n<p>Ayuntamiento del condado de Douglas<\/p>\n<p><b>&nbsp;<\/b><\/p>\n<p><b>Cuando:<\/b><\/p>\n<p>Tuesday, May 29, 2018<\/p>\n<p>6:30 p.m.<\/p>\n<p><b>&nbsp;<\/b><\/p>\n<p><b>D\u00f3nde:<\/b><\/p>\n<p>Elkton High School &ndash; Gym<\/p>\n<p>739 R\u00edo Drive<\/p>\n<p>Elkton, OR&nbsp; 97436<\/p>\n<p>&nbsp;<\/p>\n<p>&#8212;&nbsp;<\/p>\n<p><b>Qu\u00e9:<\/b><\/p>\n<p>Ayuntamiento del condado de Coos<\/p>\n<p><b>&nbsp;<\/b><\/p>\n<p><b>Cuando:<\/b><\/p>\n<p>Wednesday, May 30, 2018<\/p>\n<p>Mediod\u00eda<\/p>\n<p><b>&nbsp;<\/b><\/p>\n<p><b>D\u00f3nde:<\/b><\/p>\n<p>Centro Comunitario Coquille<\/p>\n<p>115 N. Birch Street<\/p>\n<p>Coquille, OR&nbsp; 97423<\/p>","protected":false},"excerpt":{"rendered":"<p>Portland, OR &ndash; Oregon&rsquo;s Senator Jeff Merkley will hold town halls in Jackson, Douglas and Coos counties on Tuesday and Wednesday, May 29 and 30. He will update constituents on his work in Washington, D.C., and answer their questions and invite their suggestions about how to tackle the challenges facing Oregon and America. &ldquo;In our [&hellip;]<\/p>\n","protected":false},"author":2,"featured_media":0,"comment_status":"closed","ping_status":"closed","sticky":false,"template":"","format":"standard","meta":{"_acf_changed":false,"inline_featured_image":false,"footnotes":""},"categories":[24],"tags":[],"class_list":["post-4574","post","type-post","status-publish","format-standard","hentry","category-press-releases"],"acf":[],"yoast_head":"<!-- This site is optimized with the Yoast SEO plugin v27.2 - https:\/\/yoast.com\/product\/yoast-seo-wordpress\/ -->\n<title>Merkley to Hold Town Halls in Jackson, Douglas, Coos Counties - Merkley<\/title>\n<meta name=\"robots\" content=\"index, follow, max-snippet:-1, max-image-preview:large, max-video-preview:-1\" \/>\n<link rel=\"canonical\" href=\"https:\/\/www.merkley.senate.gov\/es\/merkley-to-hold-town-halls-in-jackson-douglas-coos-counties\/\" \/>\n<meta property=\"og:locale\" content=\"es_MX\" \/>\n<meta property=\"og:type\" content=\"article\" \/>\n<meta property=\"og:title\" content=\"Merkley to Hold Town Halls in Jackson, Douglas, Coos Counties - Merkley\" \/>\n<meta property=\"og:description\" content=\"Portland, OR &ndash; Oregon&rsquo;s Senator Jeff Merkley will hold town halls in Jackson, Douglas and Coos counties on Tuesday and Wednesday, May 29 and 30. He will update constituents on his work in Washington, D.C., and answer their questions and invite their suggestions about how to tackle the challenges facing Oregon and America. &ldquo;In our [&hellip;]\" \/>\n<meta property=\"og:url\" content=\"https:\/\/www.merkley.senate.gov\/es\/merkley-to-hold-town-halls-in-jackson-douglas-coos-counties\/\" \/>\n<meta property=\"og:site_name\" content=\"Merkley\" \/>\n<meta property=\"article:published_time\" content=\"2018-05-16T18:44:00+00:00\" \/>\n<meta property=\"article:modified_time\" content=\"2023-07-24T15:08:18+00:00\" \/>\n<meta name=\"twitter:card\" content=\"summary_large_image\" \/>\n<meta name=\"twitter:label1\" content=\"Written by\" \/>\n\t<meta name=\"twitter:data1\" content=\"\" \/>\n\t<meta name=\"twitter:label2\" content=\"Est. reading time\" \/>\n\t<meta name=\"twitter:data2\" content=\"1 minute\" \/>\n<script type=\"application\/ld+json\" class=\"yoast-schema-graph\">{\"@context\":\"https:\/\/schema.org\",\"@graph\":[{\"@type\":\"Article\",\"@id\":\"https:\/\/www.merkley.senate.gov\/merkley-to-hold-town-halls-in-jackson-douglas-coos-counties\/#article\",\"isPartOf\":{\"@id\":\"https:\/\/www.merkley.senate.gov\/merkley-to-hold-town-halls-in-jackson-douglas-coos-counties\/\"},\"author\":{\"name\":\"\",\"@id\":\"\"},\"headline\":\"Merkley to Hold Town Halls in Jackson, Douglas, Coos Counties\",\"datePublished\":\"2018-05-16T18:44:00+00:00\",\"dateModified\":\"2023-07-24T15:08:18+00:00\",\"mainEntityOfPage\":{\"@id\":\"https:\/\/www.merkley.senate.gov\/merkley-to-hold-town-halls-in-jackson-douglas-coos-counties\/\"},\"wordCount\":235,\"articleSection\":[\"Press Releases\"],\"inLanguage\":\"es-MX\"},{\"@type\":\"WebPage\",\"@id\":\"https:\/\/www.merkley.senate.gov\/merkley-to-hold-town-halls-in-jackson-douglas-coos-counties\/\",\"url\":\"https:\/\/www.merkley.senate.gov\/merkley-to-hold-town-halls-in-jackson-douglas-coos-counties\/\",\"name\":\"Merkley to Hold Town Halls in Jackson, Douglas, Coos Counties - Merkley\",\"isPartOf\":{\"@id\":\"https:\/\/www.merkley.senate.gov\/#website\"},\"datePublished\":\"2018-05-16T18:44:00+00:00\",\"dateModified\":\"2023-07-24T15:08:18+00:00\",\"author\":{\"@id\":\"\"},\"breadcrumb\":{\"@id\":\"https:\/\/www.merkley.senate.gov\/merkley-to-hold-town-halls-in-jackson-douglas-coos-counties\/#breadcrumb\"},\"inLanguage\":\"es-MX\",\"potentialAction\":[{\"@type\":\"ReadAction\",\"target\":[\"https:\/\/www.merkley.senate.gov\/merkley-to-hold-town-halls-in-jackson-douglas-coos-counties\/\"]}]},{\"@type\":\"BreadcrumbList\",\"@id\":\"https:\/\/www.merkley.senate.gov\/merkley-to-hold-town-halls-in-jackson-douglas-coos-counties\/#breadcrumb\",\"itemListElement\":[{\"@type\":\"ListItem\",\"position\":1,\"name\":\"Home\",\"item\":\"https:\/\/www.merkley.senate.gov\/\"},{\"@type\":\"ListItem\",\"position\":2,\"name\":\"Merkley to Hold Town Halls in Jackson, Douglas, Coos Counties\"}]},{\"@type\":\"WebSite\",\"@id\":\"https:\/\/www.merkley.senate.gov\/#website\",\"url\":\"https:\/\/www.merkley.senate.gov\/\",\"name\":\"Merkley\",\"description\":\"Merkley\",\"potentialAction\":[{\"@type\":\"SearchAction\",\"target\":{\"@type\":\"EntryPoint\",\"urlTemplate\":\"https:\/\/www.merkley.senate.gov\/?s={search_term_string}\"},\"query-input\":{\"@type\":\"PropertyValueSpecification\",\"valueRequired\":true,\"valueName\":\"search_term_string\"}}],\"inLanguage\":\"es-MX\"},{\"@type\":\"Person\",\"@id\":\"\",\"url\":\"https:\/\/www.merkley.senate.gov\/es\/author\/\"}]}<\/script>\n<!-- \/ Yoast SEO plugin. -->","yoast_head_json":{"title":"Merkley to Hold Town Halls in Jackson, Douglas, Coos Counties - Merkley","robots":{"index":"index","follow":"follow","max-snippet":"max-snippet:-1","max-image-preview":"max-image-preview:large","max-video-preview":"max-video-preview:-1"},"canonical":"https:\/\/www.merkley.senate.gov\/es\/merkley-to-hold-town-halls-in-jackson-douglas-coos-counties\/","og_locale":"es_MX","og_type":"article","og_title":"Merkley to Hold Town Halls in Jackson, Douglas, Coos Counties - Merkley","og_description":"Portland, OR &ndash; Oregon&rsquo;s Senator Jeff Merkley will hold town halls in Jackson, Douglas and Coos counties on Tuesday and Wednesday, May 29 and 30. He will update constituents on his work in Washington, D.C., and answer their questions and invite their suggestions about how to tackle the challenges facing Oregon and America. &ldquo;In our [&hellip;]","og_url":"https:\/\/www.merkley.senate.gov\/es\/merkley-to-hold-town-halls-in-jackson-douglas-coos-counties\/","og_site_name":"Merkley","article_published_time":"2018-05-16T18:44:00+00:00","article_modified_time":"2023-07-24T15:08:18+00:00","twitter_card":"summary_large_image","twitter_misc":{"Written by":"","Est. reading time":"1 minute"},"schema":{"@context":"https:\/\/schema.org","@graph":[{"@type":"Article","@id":"https:\/\/www.merkley.senate.gov\/merkley-to-hold-town-halls-in-jackson-douglas-coos-counties\/#article","isPartOf":{"@id":"https:\/\/www.merkley.senate.gov\/merkley-to-hold-town-halls-in-jackson-douglas-coos-counties\/"},"author":{"name":"","@id":""},"headline":"Merkley to Hold Town Halls in Jackson, Douglas, Coos Counties","datePublished":"2018-05-16T18:44:00+00:00","dateModified":"2023-07-24T15:08:18+00:00","mainEntityOfPage":{"@id":"https:\/\/www.merkley.senate.gov\/merkley-to-hold-town-halls-in-jackson-douglas-coos-counties\/"},"wordCount":235,"articleSection":["Press Releases"],"inLanguage":"es-MX"},{"@type":"WebPage","@id":"https:\/\/www.merkley.senate.gov\/merkley-to-hold-town-halls-in-jackson-douglas-coos-counties\/","url":"https:\/\/www.merkley.senate.gov\/merkley-to-hold-town-halls-in-jackson-douglas-coos-counties\/","name":"Merkley to Hold Town Halls in Jackson, Douglas, Coos Counties - Merkley","isPartOf":{"@id":"https:\/\/www.merkley.senate.gov\/#website"},"datePublished":"2018-05-16T18:44:00+00:00","dateModified":"2023-07-24T15:08:18+00:00","author":{"@id":""},"breadcrumb":{"@id":"https:\/\/www.merkley.senate.gov\/merkley-to-hold-town-halls-in-jackson-douglas-coos-counties\/#breadcrumb"},"inLanguage":"es-MX","potentialAction":[{"@type":"ReadAction","target":["https:\/\/www.merkley.senate.gov\/merkley-to-hold-town-halls-in-jackson-douglas-coos-counties\/"]}]},{"@type":"BreadcrumbList","@id":"https:\/\/www.merkley.senate.gov\/merkley-to-hold-town-halls-in-jackson-douglas-coos-counties\/#breadcrumb","itemListElement":[{"@type":"ListItem","position":1,"name":"Home","item":"https:\/\/www.merkley.senate.gov\/"},{"@type":"ListItem","position":2,"name":"Merkley to Hold Town Halls in Jackson, Douglas, Coos Counties"}]},{"@type":"WebSite","@id":"https:\/\/www.merkley.senate.gov\/#website","url":"https:\/\/www.merkley.senate.gov\/","name":"merkley","description":"merkley","potentialAction":[{"@type":"SearchAction","target":{"@type":"EntryPoint","urlTemplate":"https:\/\/www.merkley.senate.gov\/?s={search_term_string}"},"query-input":{"@type":"PropertyValueSpecification","valueRequired":true,"valueName":"search_term_string"}}],"inLanguage":"es-MX"},{"@type":"Person","@id":"","url":"https:\/\/www.merkley.senate.gov\/es\/author\/"}]}},"_links":{"self":[{"href":"https:\/\/www.merkley.senate.gov\/es\/wp-json\/wp\/v2\/posts\/4574","targetHints":{"allow":["GET"]}}],"collection":[{"href":"https:\/\/www.merkley.senate.gov\/es\/wp-json\/wp\/v2\/posts"}],"about":[{"href":"https:\/\/www.merkley.senate.gov\/es\/wp-json\/wp\/v2\/types\/post"}],"author":[{"embeddable":true,"href":"https:\/\/www.merkley.senate.gov\/es\/wp-json\/wp\/v2\/users\/2"}],"replies":[{"embeddable":true,"href":"https:\/\/www.merkley.senate.gov\/es\/wp-json\/wp\/v2\/comments?post=4574"}],"version-history":[{"count":1,"href":"https:\/\/www.merkley.senate.gov\/es\/wp-json\/wp\/v2\/posts\/4574\/revisions"}],"predecessor-version":[{"id":13950,"href":"https:\/\/www.merkley.senate.gov\/es\/wp-json\/wp\/v2\/posts\/4574\/revisions\/13950"}],"wp:attachment":[{"href":"https:\/\/www.merkley.senate.gov\/es\/wp-json\/wp\/v2\/media?parent=4574"}],"wp:term":[{"taxonomy":"category","embeddable":true,"href":"https:\/\/www.merkley.senate.gov\/es\/wp-json\/wp\/v2\/categories?post=4574"},{"taxonomy":"post_tag","embeddable":true,"href":"https:\/\/www.merkley.senate.gov\/es\/wp-json\/wp\/v2\/tags?post=4574"}],"curies":[{"name":"wp","href":"https:\/\/api.w.org\/{rel}","templated":true}]}}