{"id":4582,"date":"2018-04-26T14:30:00","date_gmt":"2018-04-26T18:30:00","guid":{"rendered":"https:\/\/www.merkley.senate.gov\/merkley-to-hold-town-halls-in-polk-yamhill-sherman-gilliam-wheeler-harney-crook-counties\/"},"modified":"2023-07-24T11:08:18","modified_gmt":"2023-07-24T15:08:18","slug":"merkley-to-hold-town-halls-in-polk-yamhill-sherman-gilliam-wheeler-harney-crook-counties","status":"publish","type":"post","link":"https:\/\/www.merkley.senate.gov\/es\/merkley-to-hold-town-halls-in-polk-yamhill-sherman-gilliam-wheeler-harney-crook-counties\/","title":{"rendered":"Merkley realizar\u00e1 asambleas p\u00fablicas en los condados de Polk, Yamhill, Sherman, Gilliam, Wheeler, Harney y Crook"},"content":{"rendered":"<p><b>Portland, Oreg\u00f3n<\/b> \u2013 El Senador de Oreg\u00f3n Jeff Merkley realizar\u00e1 reuniones p\u00fablicas en los condados de Polk, Yamhill, Sherman, Gilliam, Wheeler, Harney y Crook los viernes, s\u00e1bados y domingos 4, 5 y 6 de mayo. <\/p>\n<p> Actualizar\u00e1 a los electores sobre su trabajo en Washington, DC, responder\u00e1 sus preguntas e invitar\u00e1 sus sugerencias sobre c\u00f3mo abordar los desaf\u00edos que enfrentan Oreg\u00f3n y Estados Unidos.<\/p>\n<p> \u201cEn nuestra democracia de &#039;Nosotros, la gente&#039;, las reuniones p\u00fablicas son una herramienta esencial para m\u00ed para escuchar a los habitantes de Oreg\u00f3n y representar sus intereses en DC\u201d, dijo Merkley. \u201cInvito a todos en estos condados a venir y discutir lo que debemos hacer para fortalecer nuestro estado y nuestra naci\u00f3n\u201d.<\/p>\n<p> Desde que se uni\u00f3 al Senado en 2009, Merkley ha realizado un ayuntamiento en cada uno de los 36 condados de Oreg\u00f3n cada a\u00f1o. Estos siete ayuntamientos ser\u00e1n sus 345<sup>el<\/sup>, 346<sup>el<\/sup>, 347<sup>el<\/sup>, 348<sup>el<\/sup>, 349<sup>el<\/sup>, 350<sup>el<\/sup>, y 351<sup>calle<\/sup> como senador de los EE.UU. Los detalles est\u00e1n abajo.<\/p>\n<p>&nbsp;<\/p>\n<p><b>RSVP de medios: <\/b>Informe a la Directora de Comunicaciones del Estado, Sara Hottman, si va a cubrir alguno de estos eventos. Puede confirmar su asistencia por correo electr\u00f3nico a <a href=\"mailto:sara_hottman@merkley.senate.gov\">sara_hottman@merkley.senate.gov<\/a>, o por tel\u00e9fono al 503-326-3386.<\/p>\n<p>&#8212;<\/p>\n<p><b>Qu\u00e9:<\/b><\/p>\n<p>Ayuntamiento del condado de Polk<\/p>\n<p><b>&nbsp;<\/b><\/p>\n<p><b>Cuando:<\/b><\/p>\n<p>viernes, 4 de mayo de 2018<\/p>\n<p>Mediod\u00eda<\/p>\n<p><b>&nbsp;<\/b><\/p>\n<p><b>D\u00f3nde:<\/b><\/p>\n<p>Centro de preparaci\u00f3n Colonel Nesmith - Sal\u00f3n de actos<b>&nbsp;<\/b><\/p>\n<p>12830 Westview Dr.<\/p>\n<p>Dallas, Oreg\u00f3n 97338<\/p>\n<p><b>&nbsp;<\/b><\/p>\n<p>&nbsp;<\/p>\n<p><b>Qu\u00e9:<\/b><\/p>\n<p>Ayuntamiento del condado de Yamhill<\/p>\n<p><b>&nbsp;<\/b><\/p>\n<p><b>Cuando:<\/b><\/p>\n<p>viernes, 4 de mayo de 2018<\/p>\n<p>5:30 pm<\/p>\n<p><b>&nbsp;<\/b><\/p>\n<p><b>D\u00f3nde:<\/b><\/p>\n<p>Escuela secundaria McMinnville - Auditorio<\/p>\n<p>615 NE 15th St.<\/p>\n<p>McMinnville, OR 97128<\/p>\n<p>&nbsp;<\/p>\n<p>&#8212;&nbsp;<\/p>\n<p><b>Qu\u00e9:<\/b><\/p>\n<p>Ayuntamiento del condado de Sherman<\/p>\n<p><b>&nbsp;<\/b><\/p>\n<p><b>Cuando:<\/b><\/p>\n<p>s\u00e1bado, 5 de mayo de 2018<\/p>\n<p>10 a.m.<\/p>\n<p><b>&nbsp;<\/b><\/p>\n<p><b>D\u00f3nde:<\/b><\/p>\n<p>Centro de Eventos de la Escuela Wasco \u2013 Gimnasio<\/p>\n<p>903 Barnet St.<\/p>\n<p>Wasco, Oreg\u00f3n 97065<\/p>\n<p><b>&nbsp;<\/b><\/p>\n<p><b>&nbsp;<\/b><\/p>\n<p><b>Qu\u00e9:<\/b><\/p>\n<p>Ayuntamiento del condado de Gilliam<\/p>\n<p><b>&nbsp;<\/b><\/p>\n<p><b>Cuando:<\/b><\/p>\n<p>s\u00e1bado, 5 de mayo de 2018<\/p>\n<p>1:30 de la tarde<\/p>\n<p><b>&nbsp;<\/b><\/p>\n<p><b>D\u00f3nde:<\/b><\/p>\n<p>Escuela Secundaria Condon - Gimnasio<\/p>\n<p>210 E. Bayard St.<\/p>\n<p>Cond\u00f3n, OR 97823<\/p>\n<p>&nbsp;<\/p>\n<p>&nbsp;<\/p>\n<p><b>Qu\u00e9:<\/b><\/p>\n<p>Ayuntamiento del condado de Wheeler<\/p>\n<p><b>&nbsp;<\/b><\/p>\n<p><b>Cuando:<\/b><\/p>\n<p>s\u00e1bado, 5 de mayo de 2018<\/p>\n<p>4:30 pm<\/p>\n<p><b>&nbsp;<\/b><\/p>\n<p><b>D\u00f3nde:<\/b><\/p>\n<p>Escuela Spray \u2013 Gimnasio<\/p>\n<p>Avenida del parque 303.<\/p>\n<p>Roc\u00ede, O 97874<\/p>\n<p>&nbsp;<\/p>\n<p>&#8212;<\/p>\n<p><b>Qu\u00e9:<\/b><\/p>\n<p>Ayuntamiento del condado de Harney<\/p>\n<p><b>&nbsp;<\/b><\/p>\n<p><b>Cuando:<\/b><\/p>\n<p>domingo, 6 de mayo de 2018<\/p>\n<p>13:00<\/p>\n<p><b>&nbsp;<\/b><\/p>\n<p><b>D\u00f3nde:<\/b><\/p>\n<p>Distrito Escolar del Condado de Harney - Auditorio Lincoln<\/p>\n<p>550 N Court Ave.<\/p>\n<p>Quemaduras, OR 97720<\/p>\n<p>&nbsp;<\/p>\n<p>&nbsp;<\/p>\n<p><b>Qu\u00e9:<\/b><\/p>\n<p>Ayuntamiento del condado de Crook<\/p>\n<p><b>&nbsp;<\/b><\/p>\n<p><b>Cuando:<\/b><\/p>\n<p>domingo, 6 de mayo de 2018<\/p>\n<p>18:00<\/p>\n<p><b>&nbsp;<\/b><\/p>\n<p><b>D\u00f3nde:<\/b><\/p>\n<p>Escuela secundaria del condado de Crook - Gimnasio<\/p>\n<p>1100 SE Lynn Blvd.<\/p>\n<p>Prineville, Oreg\u00f3n 97754<\/p>","protected":false},"excerpt":{"rendered":"<p>Portland, OR &ndash; Oregon&rsquo;s Senator Jeff Merkley will hold town halls in Polk, Yamhill, Sherman, Gilliam, Wheeler, Harney and Crook counties on Friday, Saturday and Sunday, May 4, 5 and 6. He will update constituents on his work in Washington, D.C., and answer their questions and invite their suggestions about how to tackle the challenges [&hellip;]<\/p>\n","protected":false},"author":2,"featured_media":0,"comment_status":"closed","ping_status":"closed","sticky":false,"template":"","format":"standard","meta":{"_acf_changed":false,"inline_featured_image":false,"footnotes":""},"categories":[24],"tags":[],"class_list":["post-4582","post","type-post","status-publish","format-standard","hentry","category-press-releases"],"acf":[],"yoast_head":"<!-- This site is optimized with the Yoast SEO plugin v27.2 - https:\/\/yoast.com\/product\/yoast-seo-wordpress\/ -->\n<title>Merkley to Hold Town Halls in Polk, Yamhill, Sherman, Gilliam, Wheeler, Harney, Crook Counties - Merkley<\/title>\n<meta name=\"robots\" content=\"index, follow, max-snippet:-1, max-image-preview:large, max-video-preview:-1\" \/>\n<link rel=\"canonical\" href=\"https:\/\/www.merkley.senate.gov\/es\/merkley-to-hold-town-halls-in-polk-yamhill-sherman-gilliam-wheeler-harney-crook-counties\/\" \/>\n<meta property=\"og:locale\" content=\"es_MX\" \/>\n<meta property=\"og:type\" content=\"article\" \/>\n<meta property=\"og:title\" content=\"Merkley to Hold Town Halls in Polk, Yamhill, Sherman, Gilliam, Wheeler, Harney, Crook Counties - Merkley\" \/>\n<meta property=\"og:description\" content=\"Portland, OR &ndash; Oregon&rsquo;s Senator Jeff Merkley will hold town halls in Polk, Yamhill, Sherman, Gilliam, Wheeler, Harney and Crook counties on Friday, Saturday and Sunday, May 4, 5 and 6. He will update constituents on his work in Washington, D.C., and answer their questions and invite their suggestions about how to tackle the challenges [&hellip;]\" \/>\n<meta property=\"og:url\" content=\"https:\/\/www.merkley.senate.gov\/es\/merkley-to-hold-town-halls-in-polk-yamhill-sherman-gilliam-wheeler-harney-crook-counties\/\" \/>\n<meta property=\"og:site_name\" content=\"Merkley\" \/>\n<meta property=\"article:published_time\" content=\"2018-04-26T18:30:00+00:00\" \/>\n<meta property=\"article:modified_time\" content=\"2023-07-24T15:08:18+00:00\" \/>\n<meta name=\"twitter:card\" content=\"summary_large_image\" \/>\n<meta name=\"twitter:label1\" content=\"Written by\" \/>\n\t<meta name=\"twitter:data1\" content=\"\" \/>\n\t<meta name=\"twitter:label2\" content=\"Est. reading time\" \/>\n\t<meta name=\"twitter:data2\" content=\"2 minutes\" \/>\n<script type=\"application\/ld+json\" class=\"yoast-schema-graph\">{\"@context\":\"https:\/\/schema.org\",\"@graph\":[{\"@type\":\"Article\",\"@id\":\"https:\/\/www.merkley.senate.gov\/merkley-to-hold-town-halls-in-polk-yamhill-sherman-gilliam-wheeler-harney-crook-counties\/#article\",\"isPartOf\":{\"@id\":\"https:\/\/www.merkley.senate.gov\/merkley-to-hold-town-halls-in-polk-yamhill-sherman-gilliam-wheeler-harney-crook-counties\/\"},\"author\":{\"name\":\"\",\"@id\":\"\"},\"headline\":\"Merkley to Hold Town Halls in Polk, Yamhill, Sherman, Gilliam, Wheeler, Harney, Crook Counties\",\"datePublished\":\"2018-04-26T18:30:00+00:00\",\"dateModified\":\"2023-07-24T15:08:18+00:00\",\"mainEntityOfPage\":{\"@id\":\"https:\/\/www.merkley.senate.gov\/merkley-to-hold-town-halls-in-polk-yamhill-sherman-gilliam-wheeler-harney-crook-counties\/\"},\"wordCount\":389,\"articleSection\":[\"Press Releases\"],\"inLanguage\":\"es-MX\"},{\"@type\":\"WebPage\",\"@id\":\"https:\/\/www.merkley.senate.gov\/merkley-to-hold-town-halls-in-polk-yamhill-sherman-gilliam-wheeler-harney-crook-counties\/\",\"url\":\"https:\/\/www.merkley.senate.gov\/merkley-to-hold-town-halls-in-polk-yamhill-sherman-gilliam-wheeler-harney-crook-counties\/\",\"name\":\"Merkley to Hold Town Halls in Polk, Yamhill, Sherman, Gilliam, Wheeler, Harney, Crook Counties - Merkley\",\"isPartOf\":{\"@id\":\"https:\/\/www.merkley.senate.gov\/#website\"},\"datePublished\":\"2018-04-26T18:30:00+00:00\",\"dateModified\":\"2023-07-24T15:08:18+00:00\",\"author\":{\"@id\":\"\"},\"breadcrumb\":{\"@id\":\"https:\/\/www.merkley.senate.gov\/merkley-to-hold-town-halls-in-polk-yamhill-sherman-gilliam-wheeler-harney-crook-counties\/#breadcrumb\"},\"inLanguage\":\"es-MX\",\"potentialAction\":[{\"@type\":\"ReadAction\",\"target\":[\"https:\/\/www.merkley.senate.gov\/merkley-to-hold-town-halls-in-polk-yamhill-sherman-gilliam-wheeler-harney-crook-counties\/\"]}]},{\"@type\":\"BreadcrumbList\",\"@id\":\"https:\/\/www.merkley.senate.gov\/merkley-to-hold-town-halls-in-polk-yamhill-sherman-gilliam-wheeler-harney-crook-counties\/#breadcrumb\",\"itemListElement\":[{\"@type\":\"ListItem\",\"position\":1,\"name\":\"Home\",\"item\":\"https:\/\/www.merkley.senate.gov\/\"},{\"@type\":\"ListItem\",\"position\":2,\"name\":\"Merkley to Hold Town Halls in Polk, Yamhill, Sherman, Gilliam, Wheeler, Harney, Crook Counties\"}]},{\"@type\":\"WebSite\",\"@id\":\"https:\/\/www.merkley.senate.gov\/#website\",\"url\":\"https:\/\/www.merkley.senate.gov\/\",\"name\":\"Merkley\",\"description\":\"Merkley\",\"potentialAction\":[{\"@type\":\"SearchAction\",\"target\":{\"@type\":\"EntryPoint\",\"urlTemplate\":\"https:\/\/www.merkley.senate.gov\/?s={search_term_string}\"},\"query-input\":{\"@type\":\"PropertyValueSpecification\",\"valueRequired\":true,\"valueName\":\"search_term_string\"}}],\"inLanguage\":\"es-MX\"},{\"@type\":\"Person\",\"@id\":\"\",\"url\":\"https:\/\/www.merkley.senate.gov\/es\/author\/\"}]}<\/script>\n<!-- \/ Yoast SEO plugin. -->","yoast_head_json":{"title":"Merkley to Hold Town Halls in Polk, Yamhill, Sherman, Gilliam, Wheeler, Harney, Crook Counties - Merkley","robots":{"index":"index","follow":"follow","max-snippet":"max-snippet:-1","max-image-preview":"max-image-preview:large","max-video-preview":"max-video-preview:-1"},"canonical":"https:\/\/www.merkley.senate.gov\/es\/merkley-to-hold-town-halls-in-polk-yamhill-sherman-gilliam-wheeler-harney-crook-counties\/","og_locale":"es_MX","og_type":"article","og_title":"Merkley to Hold Town Halls in Polk, Yamhill, Sherman, Gilliam, Wheeler, Harney, Crook Counties - Merkley","og_description":"Portland, OR &ndash; Oregon&rsquo;s Senator Jeff Merkley will hold town halls in Polk, Yamhill, Sherman, Gilliam, Wheeler, Harney and Crook counties on Friday, Saturday and Sunday, May 4, 5 and 6. He will update constituents on his work in Washington, D.C., and answer their questions and invite their suggestions about how to tackle the challenges [&hellip;]","og_url":"https:\/\/www.merkley.senate.gov\/es\/merkley-to-hold-town-halls-in-polk-yamhill-sherman-gilliam-wheeler-harney-crook-counties\/","og_site_name":"Merkley","article_published_time":"2018-04-26T18:30:00+00:00","article_modified_time":"2023-07-24T15:08:18+00:00","twitter_card":"summary_large_image","twitter_misc":{"Written by":"","Est. reading time":"2 minutes"},"schema":{"@context":"https:\/\/schema.org","@graph":[{"@type":"Article","@id":"https:\/\/www.merkley.senate.gov\/merkley-to-hold-town-halls-in-polk-yamhill-sherman-gilliam-wheeler-harney-crook-counties\/#article","isPartOf":{"@id":"https:\/\/www.merkley.senate.gov\/merkley-to-hold-town-halls-in-polk-yamhill-sherman-gilliam-wheeler-harney-crook-counties\/"},"author":{"name":"","@id":""},"headline":"Merkley to Hold Town Halls in Polk, Yamhill, Sherman, Gilliam, Wheeler, Harney, Crook Counties","datePublished":"2018-04-26T18:30:00+00:00","dateModified":"2023-07-24T15:08:18+00:00","mainEntityOfPage":{"@id":"https:\/\/www.merkley.senate.gov\/merkley-to-hold-town-halls-in-polk-yamhill-sherman-gilliam-wheeler-harney-crook-counties\/"},"wordCount":389,"articleSection":["Press Releases"],"inLanguage":"es-MX"},{"@type":"WebPage","@id":"https:\/\/www.merkley.senate.gov\/merkley-to-hold-town-halls-in-polk-yamhill-sherman-gilliam-wheeler-harney-crook-counties\/","url":"https:\/\/www.merkley.senate.gov\/merkley-to-hold-town-halls-in-polk-yamhill-sherman-gilliam-wheeler-harney-crook-counties\/","name":"Merkley to Hold Town Halls in Polk, Yamhill, Sherman, Gilliam, Wheeler, Harney, Crook Counties - Merkley","isPartOf":{"@id":"https:\/\/www.merkley.senate.gov\/#website"},"datePublished":"2018-04-26T18:30:00+00:00","dateModified":"2023-07-24T15:08:18+00:00","author":{"@id":""},"breadcrumb":{"@id":"https:\/\/www.merkley.senate.gov\/merkley-to-hold-town-halls-in-polk-yamhill-sherman-gilliam-wheeler-harney-crook-counties\/#breadcrumb"},"inLanguage":"es-MX","potentialAction":[{"@type":"ReadAction","target":["https:\/\/www.merkley.senate.gov\/merkley-to-hold-town-halls-in-polk-yamhill-sherman-gilliam-wheeler-harney-crook-counties\/"]}]},{"@type":"BreadcrumbList","@id":"https:\/\/www.merkley.senate.gov\/merkley-to-hold-town-halls-in-polk-yamhill-sherman-gilliam-wheeler-harney-crook-counties\/#breadcrumb","itemListElement":[{"@type":"ListItem","position":1,"name":"Home","item":"https:\/\/www.merkley.senate.gov\/"},{"@type":"ListItem","position":2,"name":"Merkley to Hold Town Halls in Polk, Yamhill, Sherman, Gilliam, Wheeler, Harney, Crook Counties"}]},{"@type":"WebSite","@id":"https:\/\/www.merkley.senate.gov\/#website","url":"https:\/\/www.merkley.senate.gov\/","name":"merkley","description":"merkley","potentialAction":[{"@type":"SearchAction","target":{"@type":"EntryPoint","urlTemplate":"https:\/\/www.merkley.senate.gov\/?s={search_term_string}"},"query-input":{"@type":"PropertyValueSpecification","valueRequired":true,"valueName":"search_term_string"}}],"inLanguage":"es-MX"},{"@type":"Person","@id":"","url":"https:\/\/www.merkley.senate.gov\/es\/author\/"}]}},"_links":{"self":[{"href":"https:\/\/www.merkley.senate.gov\/es\/wp-json\/wp\/v2\/posts\/4582","targetHints":{"allow":["GET"]}}],"collection":[{"href":"https:\/\/www.merkley.senate.gov\/es\/wp-json\/wp\/v2\/posts"}],"about":[{"href":"https:\/\/www.merkley.senate.gov\/es\/wp-json\/wp\/v2\/types\/post"}],"author":[{"embeddable":true,"href":"https:\/\/www.merkley.senate.gov\/es\/wp-json\/wp\/v2\/users\/2"}],"replies":[{"embeddable":true,"href":"https:\/\/www.merkley.senate.gov\/es\/wp-json\/wp\/v2\/comments?post=4582"}],"version-history":[{"count":1,"href":"https:\/\/www.merkley.senate.gov\/es\/wp-json\/wp\/v2\/posts\/4582\/revisions"}],"predecessor-version":[{"id":13958,"href":"https:\/\/www.merkley.senate.gov\/es\/wp-json\/wp\/v2\/posts\/4582\/revisions\/13958"}],"wp:attachment":[{"href":"https:\/\/www.merkley.senate.gov\/es\/wp-json\/wp\/v2\/media?parent=4582"}],"wp:term":[{"taxonomy":"category","embeddable":true,"href":"https:\/\/www.merkley.senate.gov\/es\/wp-json\/wp\/v2\/categories?post=4582"},{"taxonomy":"post_tag","embeddable":true,"href":"https:\/\/www.merkley.senate.gov\/es\/wp-json\/wp\/v2\/tags?post=4582"}],"curies":[{"name":"wp","href":"https:\/\/api.w.org\/{rel}","templated":true}]}}