{"id":4636,"date":"2018-03-07T18:10:00","date_gmt":"2018-03-07T23:10:00","guid":{"rendered":"https:\/\/www.merkley.senate.gov\/merkley-to-hold-town-halls-in-malheur-and-baker-counties\/"},"modified":"2023-07-24T11:08:23","modified_gmt":"2023-07-24T15:08:23","slug":"merkley-to-hold-town-halls-in-malheur-and-baker-counties","status":"publish","type":"post","link":"https:\/\/www.merkley.senate.gov\/es\/merkley-to-hold-town-halls-in-malheur-and-baker-counties\/","title":{"rendered":"Merkley realizar\u00e1 asambleas p\u00fablicas en los condados de Malheur y Baker"},"content":{"rendered":"<p><b>Portland, Oreg\u00f3n<\/b> &ndash; Oregon&rsquo;s Senator Jeff Merkley will hold town halls in Malheur and Baker counties Sunday, March 18. <\/p>\n<p> Actualizar\u00e1 a los electores sobre su trabajo en Washington, DC, responder\u00e1 sus preguntas e invitar\u00e1 sus sugerencias sobre c\u00f3mo abordar los desaf\u00edos que enfrentan Oreg\u00f3n y Estados Unidos.<\/p>\n<p> \u201cEn nuestra democracia de &#039;Nosotros, la gente&#039;, las reuniones p\u00fablicas son una herramienta esencial para m\u00ed para escuchar a los habitantes de Oreg\u00f3n y representar sus intereses en DC\u201d, dijo Merkley. \u201cInvito a todos en estos condados a venir y discutir lo que debemos hacer para fortalecer nuestro estado y nuestra naci\u00f3n\u201d.<\/p>\n<p> Since joining the Senate in 2009, Merkley has held a town hall in each of Oregon&rsquo;s 36 counties every year. These two town halls will be his 338<sup>el<\/sup> and&nbsp;339<sup>el<\/sup> como senador de los EE.UU. Los detalles est\u00e1n abajo.<\/p>\n<p>&nbsp;<\/p>\n<p><b>Qu\u00e9:<\/b><\/p>\n<p>Ayuntamiento del condado de Malheur<\/p>\n<p><b>&nbsp;<\/b><\/p>\n<p><b>Cuando:<\/b><\/p>\n<p>Sunday, March 18, 2018<\/p>\n<p>2 p.m. MT<\/p>\n<p><b>&nbsp;<\/b><\/p>\n<p><b>D\u00f3nde:<\/b><\/p>\n<p>Lion&rsquo;s Club Community Hall<\/p>\n<p>902 Carretera estadounidense 95<\/p>\n<p>Valle del Jord\u00e1n, OR 97910<b>&nbsp;<\/b><\/p>\n<p><b>&nbsp;<\/b><\/p>\n<p><b>Qu\u00e9:<\/b><\/p>\n<p>Ayuntamiento del condado de Baker<\/p>\n<p><b>&nbsp;<\/b><\/p>\n<p><b>Cuando:<\/b><\/p>\n<p>Sunday, March 18, 2018<\/p>\n<p>5:30 p. m. hora del Pac\u00edfico<\/p>\n<p><b>&nbsp;<\/b><\/p>\n<p><b>D\u00f3nde:<\/b><\/p>\n<p>Sal\u00f3n VFW de la ciudad de Huntington<\/p>\n<p>205 1st St. Este<\/p>\n<p>Huntington, OR 97907&nbsp;<\/p>","protected":false},"excerpt":{"rendered":"<p>Portland, OR &ndash; Oregon&rsquo;s Senator Jeff Merkley will hold town halls in Malheur and Baker counties Sunday, March 18. He will update constituents on his work in Washington, D.C., and answer their questions and invite their suggestions about how to tackle the challenges facing Oregon and America. &ldquo;In our &lsquo;We the People&rsquo; democracy, town hall [&hellip;]<\/p>\n","protected":false},"author":2,"featured_media":0,"comment_status":"closed","ping_status":"closed","sticky":false,"template":"","format":"standard","meta":{"_acf_changed":false,"inline_featured_image":false,"footnotes":""},"categories":[24],"tags":[],"class_list":["post-4636","post","type-post","status-publish","format-standard","hentry","category-press-releases"],"acf":[],"yoast_head":"<!-- This site is optimized with the Yoast SEO plugin v27.2 - https:\/\/yoast.com\/product\/yoast-seo-wordpress\/ -->\n<title>Merkley to Hold Town Halls in Malheur and Baker Counties - Merkley<\/title>\n<meta name=\"robots\" content=\"index, follow, max-snippet:-1, max-image-preview:large, max-video-preview:-1\" \/>\n<link rel=\"canonical\" href=\"https:\/\/www.merkley.senate.gov\/es\/merkley-to-hold-town-halls-in-malheur-and-baker-counties\/\" \/>\n<meta property=\"og:locale\" content=\"es_MX\" \/>\n<meta property=\"og:type\" content=\"article\" \/>\n<meta property=\"og:title\" content=\"Merkley to Hold Town Halls in Malheur and Baker Counties - Merkley\" \/>\n<meta property=\"og:description\" content=\"Portland, OR &ndash; Oregon&rsquo;s Senator Jeff Merkley will hold town halls in Malheur and Baker counties Sunday, March 18. He will update constituents on his work in Washington, D.C., and answer their questions and invite their suggestions about how to tackle the challenges facing Oregon and America. &ldquo;In our &lsquo;We the People&rsquo; democracy, town hall [&hellip;]\" \/>\n<meta property=\"og:url\" content=\"https:\/\/www.merkley.senate.gov\/es\/merkley-to-hold-town-halls-in-malheur-and-baker-counties\/\" \/>\n<meta property=\"og:site_name\" content=\"Merkley\" \/>\n<meta property=\"article:published_time\" content=\"2018-03-07T23:10:00+00:00\" \/>\n<meta property=\"article:modified_time\" content=\"2023-07-24T15:08:23+00:00\" \/>\n<meta name=\"twitter:card\" content=\"summary_large_image\" \/>\n<meta name=\"twitter:label1\" content=\"Written by\" \/>\n\t<meta name=\"twitter:data1\" content=\"\" \/>\n\t<meta name=\"twitter:label2\" content=\"Est. reading time\" \/>\n\t<meta name=\"twitter:data2\" content=\"1 minute\" \/>\n<script type=\"application\/ld+json\" class=\"yoast-schema-graph\">{\"@context\":\"https:\/\/schema.org\",\"@graph\":[{\"@type\":\"Article\",\"@id\":\"https:\/\/www.merkley.senate.gov\/merkley-to-hold-town-halls-in-malheur-and-baker-counties\/#article\",\"isPartOf\":{\"@id\":\"https:\/\/www.merkley.senate.gov\/merkley-to-hold-town-halls-in-malheur-and-baker-counties\/\"},\"author\":{\"name\":\"\",\"@id\":\"\"},\"headline\":\"Merkley to Hold Town Halls in Malheur and Baker Counties\",\"datePublished\":\"2018-03-07T23:10:00+00:00\",\"dateModified\":\"2023-07-24T15:08:23+00:00\",\"mainEntityOfPage\":{\"@id\":\"https:\/\/www.merkley.senate.gov\/merkley-to-hold-town-halls-in-malheur-and-baker-counties\/\"},\"wordCount\":210,\"articleSection\":[\"Press Releases\"],\"inLanguage\":\"es-MX\"},{\"@type\":\"WebPage\",\"@id\":\"https:\/\/www.merkley.senate.gov\/merkley-to-hold-town-halls-in-malheur-and-baker-counties\/\",\"url\":\"https:\/\/www.merkley.senate.gov\/merkley-to-hold-town-halls-in-malheur-and-baker-counties\/\",\"name\":\"Merkley to Hold Town Halls in Malheur and Baker Counties - Merkley\",\"isPartOf\":{\"@id\":\"https:\/\/www.merkley.senate.gov\/#website\"},\"datePublished\":\"2018-03-07T23:10:00+00:00\",\"dateModified\":\"2023-07-24T15:08:23+00:00\",\"author\":{\"@id\":\"\"},\"breadcrumb\":{\"@id\":\"https:\/\/www.merkley.senate.gov\/merkley-to-hold-town-halls-in-malheur-and-baker-counties\/#breadcrumb\"},\"inLanguage\":\"es-MX\",\"potentialAction\":[{\"@type\":\"ReadAction\",\"target\":[\"https:\/\/www.merkley.senate.gov\/merkley-to-hold-town-halls-in-malheur-and-baker-counties\/\"]}]},{\"@type\":\"BreadcrumbList\",\"@id\":\"https:\/\/www.merkley.senate.gov\/merkley-to-hold-town-halls-in-malheur-and-baker-counties\/#breadcrumb\",\"itemListElement\":[{\"@type\":\"ListItem\",\"position\":1,\"name\":\"Home\",\"item\":\"https:\/\/www.merkley.senate.gov\/\"},{\"@type\":\"ListItem\",\"position\":2,\"name\":\"Merkley to Hold Town Halls in Malheur and Baker Counties\"}]},{\"@type\":\"WebSite\",\"@id\":\"https:\/\/www.merkley.senate.gov\/#website\",\"url\":\"https:\/\/www.merkley.senate.gov\/\",\"name\":\"Merkley\",\"description\":\"Merkley\",\"potentialAction\":[{\"@type\":\"SearchAction\",\"target\":{\"@type\":\"EntryPoint\",\"urlTemplate\":\"https:\/\/www.merkley.senate.gov\/?s={search_term_string}\"},\"query-input\":{\"@type\":\"PropertyValueSpecification\",\"valueRequired\":true,\"valueName\":\"search_term_string\"}}],\"inLanguage\":\"es-MX\"},{\"@type\":\"Person\",\"@id\":\"\",\"url\":\"https:\/\/www.merkley.senate.gov\/es\/author\/\"}]}<\/script>\n<!-- \/ Yoast SEO plugin. -->","yoast_head_json":{"title":"Merkley to Hold Town Halls in Malheur and Baker Counties - Merkley","robots":{"index":"index","follow":"follow","max-snippet":"max-snippet:-1","max-image-preview":"max-image-preview:large","max-video-preview":"max-video-preview:-1"},"canonical":"https:\/\/www.merkley.senate.gov\/es\/merkley-to-hold-town-halls-in-malheur-and-baker-counties\/","og_locale":"es_MX","og_type":"article","og_title":"Merkley to Hold Town Halls in Malheur and Baker Counties - Merkley","og_description":"Portland, OR &ndash; Oregon&rsquo;s Senator Jeff Merkley will hold town halls in Malheur and Baker counties Sunday, March 18. He will update constituents on his work in Washington, D.C., and answer their questions and invite their suggestions about how to tackle the challenges facing Oregon and America. &ldquo;In our &lsquo;We the People&rsquo; democracy, town hall [&hellip;]","og_url":"https:\/\/www.merkley.senate.gov\/es\/merkley-to-hold-town-halls-in-malheur-and-baker-counties\/","og_site_name":"Merkley","article_published_time":"2018-03-07T23:10:00+00:00","article_modified_time":"2023-07-24T15:08:23+00:00","twitter_card":"summary_large_image","twitter_misc":{"Written by":"","Est. reading time":"1 minute"},"schema":{"@context":"https:\/\/schema.org","@graph":[{"@type":"Article","@id":"https:\/\/www.merkley.senate.gov\/merkley-to-hold-town-halls-in-malheur-and-baker-counties\/#article","isPartOf":{"@id":"https:\/\/www.merkley.senate.gov\/merkley-to-hold-town-halls-in-malheur-and-baker-counties\/"},"author":{"name":"","@id":""},"headline":"Merkley to Hold Town Halls in Malheur and Baker Counties","datePublished":"2018-03-07T23:10:00+00:00","dateModified":"2023-07-24T15:08:23+00:00","mainEntityOfPage":{"@id":"https:\/\/www.merkley.senate.gov\/merkley-to-hold-town-halls-in-malheur-and-baker-counties\/"},"wordCount":210,"articleSection":["Press Releases"],"inLanguage":"es-MX"},{"@type":"WebPage","@id":"https:\/\/www.merkley.senate.gov\/merkley-to-hold-town-halls-in-malheur-and-baker-counties\/","url":"https:\/\/www.merkley.senate.gov\/merkley-to-hold-town-halls-in-malheur-and-baker-counties\/","name":"Merkley to Hold Town Halls in Malheur and Baker Counties - Merkley","isPartOf":{"@id":"https:\/\/www.merkley.senate.gov\/#website"},"datePublished":"2018-03-07T23:10:00+00:00","dateModified":"2023-07-24T15:08:23+00:00","author":{"@id":""},"breadcrumb":{"@id":"https:\/\/www.merkley.senate.gov\/merkley-to-hold-town-halls-in-malheur-and-baker-counties\/#breadcrumb"},"inLanguage":"es-MX","potentialAction":[{"@type":"ReadAction","target":["https:\/\/www.merkley.senate.gov\/merkley-to-hold-town-halls-in-malheur-and-baker-counties\/"]}]},{"@type":"BreadcrumbList","@id":"https:\/\/www.merkley.senate.gov\/merkley-to-hold-town-halls-in-malheur-and-baker-counties\/#breadcrumb","itemListElement":[{"@type":"ListItem","position":1,"name":"Home","item":"https:\/\/www.merkley.senate.gov\/"},{"@type":"ListItem","position":2,"name":"Merkley to Hold Town Halls in Malheur and Baker Counties"}]},{"@type":"WebSite","@id":"https:\/\/www.merkley.senate.gov\/#website","url":"https:\/\/www.merkley.senate.gov\/","name":"merkley","description":"merkley","potentialAction":[{"@type":"SearchAction","target":{"@type":"EntryPoint","urlTemplate":"https:\/\/www.merkley.senate.gov\/?s={search_term_string}"},"query-input":{"@type":"PropertyValueSpecification","valueRequired":true,"valueName":"search_term_string"}}],"inLanguage":"es-MX"},{"@type":"Person","@id":"","url":"https:\/\/www.merkley.senate.gov\/es\/author\/"}]}},"_links":{"self":[{"href":"https:\/\/www.merkley.senate.gov\/es\/wp-json\/wp\/v2\/posts\/4636","targetHints":{"allow":["GET"]}}],"collection":[{"href":"https:\/\/www.merkley.senate.gov\/es\/wp-json\/wp\/v2\/posts"}],"about":[{"href":"https:\/\/www.merkley.senate.gov\/es\/wp-json\/wp\/v2\/types\/post"}],"author":[{"embeddable":true,"href":"https:\/\/www.merkley.senate.gov\/es\/wp-json\/wp\/v2\/users\/2"}],"replies":[{"embeddable":true,"href":"https:\/\/www.merkley.senate.gov\/es\/wp-json\/wp\/v2\/comments?post=4636"}],"version-history":[{"count":1,"href":"https:\/\/www.merkley.senate.gov\/es\/wp-json\/wp\/v2\/posts\/4636\/revisions"}],"predecessor-version":[{"id":14012,"href":"https:\/\/www.merkley.senate.gov\/es\/wp-json\/wp\/v2\/posts\/4636\/revisions\/14012"}],"wp:attachment":[{"href":"https:\/\/www.merkley.senate.gov\/es\/wp-json\/wp\/v2\/media?parent=4636"}],"wp:term":[{"taxonomy":"category","embeddable":true,"href":"https:\/\/www.merkley.senate.gov\/es\/wp-json\/wp\/v2\/categories?post=4636"},{"taxonomy":"post_tag","embeddable":true,"href":"https:\/\/www.merkley.senate.gov\/es\/wp-json\/wp\/v2\/tags?post=4636"}],"curies":[{"name":"wp","href":"https:\/\/api.w.org\/{rel}","templated":true}]}}