{"id":4727,"date":"2017-12-14T12:41:00","date_gmt":"2017-12-14T17:41:00","guid":{"rendered":"https:\/\/www.merkley.senate.gov\/merkley-senators-proposed-cuts-to-epa-threaten-public-health\/"},"modified":"2023-07-24T11:08:31","modified_gmt":"2023-07-24T15:08:31","slug":"merkley-senators-proposed-cuts-to-epa-threaten-public-health","status":"publish","type":"post","link":"https:\/\/www.merkley.senate.gov\/es\/merkley-senators-proposed-cuts-to-epa-threaten-public-health\/","title":{"rendered":"Merkley, Senadores: Los recortes propuestos a la EPA amenazan la salud p\u00fablica"},"content":{"rendered":"<p>WASHINGTON, DC \u2013 El Senador de Oreg\u00f3n Jeff Merkley lider\u00f3 hoy a tres docenas de Senadores en rechazar los recortes propuestos al presupuesto de la Agencia de Protecci\u00f3n Ambiental (EPA) que amenazar\u00edan la salud p\u00fablica y el medio ambiente.<\/p>\n<blockquote>\n<p>\u201cLa Administraci\u00f3n Trump ha hecho del desmantelamiento de la EPA una misi\u00f3n central. Los instamos a que se opongan a cualquier legislaci\u00f3n que promueva ese objetivo al reducir a\u00fan m\u00e1s los ya diezmados niveles de financiaci\u00f3n de la EPA\u201d, escribieron los senadores en una carta a los l\u00edderes del Senado.<br \/> &nbsp;<br \/> \u201cDebido a estos interminables ataques tanto a los empleados de carrera como a los programas regionales, la EPA no cuenta con suficientes fondos ni personal y tiene dificultades para desempe\u00f1ar sus funciones b\u00e1sicas y legalmente requeridas\u201d, continuaron. \u201cNo podemos tolerar los esfuerzos para paralizar una agencia que, con un mayor uso de los Pagos de Incentivos por Separaci\u00f3n Voluntaria, est\u00e1 operando con niveles de personal no vistos desde la d\u00e9cada de 1980\u201d.<\/p>\n<\/blockquote>\n<p>Como se\u00f1alaron los Senadores en la carta, estos recortes amenazan las misiones centrales de la EPA de proteger el medio ambiente y la salud p\u00fablica. Si se siguen recortando los niveles de financiaci\u00f3n de la EPA, menos contaminadores tendr\u00e1n que rendir cuentas y los proyectos de aire y agua limpios en los Estados Unidos se ver\u00e1n amenazados.<\/p>\n<p>Adem\u00e1s de Merkley, la carta fue firmada por los senadores Tom Udall (D-NM), Sheldon Whitehouse (D-RI), Michael Bennet (D-CO), Dianne Feinstein (D-CA), Chris Van Hollen (D-MD ), Ron Wyden (D-OR), Brian Schatz (D-HI), Edward J. Markey (D-MA), Richard Blumenthal (D-CT), Debbie Stabenow (D-MI), Maggie Hassan (D-NH ), Ben Cardin (D-MD), Mazie Hirono (D-HI), Kirsten Gillibrand (D-NY), Cory Booker (D-NJ), Gary Peters (D-MI), Al Franken (D-MN), Chris Coons (D-DE), Kamala Harris (D-CA), Bob Casey (D-PA), Sherrod Brown (D-OH), Tammy Baldwin (D-WI), Patty Murray (D-WA), Maria Cantwell (D-WA), Jeanne Shaheen (D-NH), Jack Reed (D-RI), Bill Nelson (D-FL), Catherine Cortez Masto (D-NV), Angus King (I-ME), Tom Carper ( D-DE), Bernie Sanders (I-VT), Bob Menendez (D-NJ), Amy Klobuchar (D-MN), Elizabeth Warren (D-MA) y Jon Tester (D-MT).<\/p>\n<p>El texto completo de la carta se encuentra a continuaci\u00f3n y <a href=\"https:\/\/www.merkley.senate.gov\/es\/imo\/media\/doc\/20171214115510391.pdf\/\">aqu\u00ed<\/a>.<\/p>\n<p align=\"center\">###<\/p>\n<p>Estimado l\u00edder de la mayor\u00eda McConnell, l\u00edder de la minor\u00eda Schumer, presidente Cochran y vicepresidente Leahy:<br \/> &nbsp;<br \/> Nos preocupa profundamente que el proyecto de ley de Asignaciones del Interior del Senado incluya otro recorte a la Agencia de Protecci\u00f3n Ambiental (EPA). Si bien la reducci\u00f3n total 2% en el proyecto de ley del Senado puede parecer peque\u00f1a, enmascara profundos recortes en los programas que garantizan la salud p\u00fablica y el cumplimiento, lo que demuestra que este proyecto de ley es otro ejemplo de c\u00f3mo los republicanos presionan repetidamente los recortes de fondos que erosionan el presupuesto central y las capacidades de la EPA. Como resultado de estos ataques partidistas sostenidos, el presupuesto general de la EPA ha bajado 22% desde 2010. Ajustado por inflaci\u00f3n, la marca del Senado ser\u00eda el presupuesto operativo m\u00e1s bajo de la EPA desde 1986. Esta tendencia no puede continuar.<br \/> &nbsp;<br \/> Adem\u00e1s, este proyecto de ley incluye recortes profundos y da\u00f1inos en programas cr\u00edticos para proteger la salud p\u00fablica y el medio ambiente. Por ejemplo, el proyecto de ley de Asignaciones del Interior del Senado har\u00eda recortes significativos a programas vitales que protegen el aire y el agua limpios, y que responsabilizan a los contaminadores, incluida la reducci\u00f3n de Cumplimiento por 10%, Cumplimiento por 15%, protecci\u00f3n de la salud humana en la oficina de agua por 9% y limpieza programas al aire por 10%.&nbsp;<br \/> &nbsp;<br \/> La Administraci\u00f3n Trump ha hecho del desmantelamiento de la EPA una misi\u00f3n central. Lo instamos a que se oponga a cualquier legislaci\u00f3n que promueva ese objetivo al reducir a\u00fan m\u00e1s los niveles de financiaci\u00f3n ya diezmados de la EPA.&nbsp;<br \/> &nbsp;<br \/> Debido a estos interminables ataques tanto a los empleados de carrera como a los programas regionales, la EPA no cuenta con suficientes fondos ni personal, y lucha por realizar sus funciones b\u00e1sicas y legalmente requeridas. No podemos tolerar esfuerzos para paralizar una agencia que, con un mayor uso de Pagos de Incentivos de Separaci\u00f3n Voluntaria, est\u00e1 operando con niveles de personal no vistos desde la d\u00e9cada de 1980.<br \/> &nbsp;<br \/> La EPA brinda asistencia t\u00e9cnica fundamental, financiamiento mediante subvenciones y apoyo a las agencias ambientales estatales. Con crisis de salud en todo el pa\u00eds en forma de sitios Superfund, agua contaminada con plomo y puntos cr\u00edticos de contaminaci\u00f3n del aire, no podemos darnos el lujo de erosionar a\u00fan m\u00e1s el presupuesto y la fuerza laboral dedicada de la EPA.<br \/> &nbsp;<br \/> Debemos asegurarnos de que la EPA tenga los fondos necesarios para llevar a cabo protecciones vitales para la salud p\u00fablica y el medio ambiente. Lo instamos a que se oponga a estos recortes presupuestarios insidiosos y a que se oponga a cualquier reducci\u00f3n en los fondos para la EPA en el paquete final de asignaciones para el a\u00f1o fiscal 2018.<\/p>\n<p>Gracias por su atenci\u00f3n a este problema.<br \/> &nbsp;<br \/> Atentamente,<\/p>","protected":false},"excerpt":{"rendered":"<p>WASHINGTON, D.C. &ndash; Oregon&rsquo;s Senator Jeff Merkley today led three dozen Senators in pushing back on proposed cuts to the Environmental Protection Agency&rsquo;s (EPA) budget that would threaten public health and the environment. &ldquo;The Trump Administration has made dismantling the EPA a core mission. We urge you to oppose any legislation that advances that goal [&hellip;]<\/p>\n","protected":false},"author":2,"featured_media":0,"comment_status":"closed","ping_status":"closed","sticky":false,"template":"","format":"standard","meta":{"_acf_changed":false,"inline_featured_image":false,"footnotes":""},"categories":[24],"tags":[],"class_list":["post-4727","post","type-post","status-publish","format-standard","hentry","category-press-releases"],"acf":[],"yoast_head":"<!-- This site is optimized with the Yoast SEO plugin v27.2 - https:\/\/yoast.com\/product\/yoast-seo-wordpress\/ -->\n<title>Merkley, Senators: Proposed Cuts to EPA Threaten Public Health - Merkley<\/title>\n<meta name=\"robots\" content=\"index, follow, max-snippet:-1, max-image-preview:large, max-video-preview:-1\" \/>\n<link rel=\"canonical\" href=\"https:\/\/www.merkley.senate.gov\/es\/merkley-senators-proposed-cuts-to-epa-threaten-public-health\/\" \/>\n<meta property=\"og:locale\" content=\"es_MX\" \/>\n<meta property=\"og:type\" content=\"article\" \/>\n<meta property=\"og:title\" content=\"Merkley, Senators: Proposed Cuts to EPA Threaten Public Health - Merkley\" \/>\n<meta property=\"og:description\" content=\"WASHINGTON, D.C. &ndash; Oregon&rsquo;s Senator Jeff Merkley today led three dozen Senators in pushing back on proposed cuts to the Environmental Protection Agency&rsquo;s (EPA) budget that would threaten public health and the environment. &ldquo;The Trump Administration has made dismantling the EPA a core mission. We urge you to oppose any legislation that advances that goal [&hellip;]\" \/>\n<meta property=\"og:url\" content=\"https:\/\/www.merkley.senate.gov\/es\/merkley-senators-proposed-cuts-to-epa-threaten-public-health\/\" \/>\n<meta property=\"og:site_name\" content=\"Merkley\" \/>\n<meta property=\"article:published_time\" content=\"2017-12-14T17:41:00+00:00\" \/>\n<meta property=\"article:modified_time\" content=\"2023-07-24T15:08:31+00:00\" \/>\n<meta name=\"twitter:card\" content=\"summary_large_image\" \/>\n<meta name=\"twitter:label1\" content=\"Written by\" \/>\n\t<meta name=\"twitter:data1\" content=\"\" \/>\n\t<meta name=\"twitter:label2\" content=\"Est. reading time\" \/>\n\t<meta name=\"twitter:data2\" content=\"3 minutes\" \/>\n<script type=\"application\/ld+json\" class=\"yoast-schema-graph\">{\"@context\":\"https:\/\/schema.org\",\"@graph\":[{\"@type\":\"Article\",\"@id\":\"https:\/\/www.merkley.senate.gov\/merkley-senators-proposed-cuts-to-epa-threaten-public-health\/#article\",\"isPartOf\":{\"@id\":\"https:\/\/www.merkley.senate.gov\/merkley-senators-proposed-cuts-to-epa-threaten-public-health\/\"},\"author\":{\"name\":\"\",\"@id\":\"\"},\"headline\":\"Merkley, Senators: Proposed Cuts to EPA Threaten Public Health\",\"datePublished\":\"2017-12-14T17:41:00+00:00\",\"dateModified\":\"2023-07-24T15:08:31+00:00\",\"mainEntityOfPage\":{\"@id\":\"https:\/\/www.merkley.senate.gov\/merkley-senators-proposed-cuts-to-epa-threaten-public-health\/\"},\"wordCount\":707,\"articleSection\":[\"Press Releases\"],\"inLanguage\":\"es-MX\"},{\"@type\":\"WebPage\",\"@id\":\"https:\/\/www.merkley.senate.gov\/merkley-senators-proposed-cuts-to-epa-threaten-public-health\/\",\"url\":\"https:\/\/www.merkley.senate.gov\/merkley-senators-proposed-cuts-to-epa-threaten-public-health\/\",\"name\":\"Merkley, Senators: Proposed Cuts to EPA Threaten Public Health - Merkley\",\"isPartOf\":{\"@id\":\"https:\/\/www.merkley.senate.gov\/#website\"},\"datePublished\":\"2017-12-14T17:41:00+00:00\",\"dateModified\":\"2023-07-24T15:08:31+00:00\",\"author\":{\"@id\":\"\"},\"breadcrumb\":{\"@id\":\"https:\/\/www.merkley.senate.gov\/merkley-senators-proposed-cuts-to-epa-threaten-public-health\/#breadcrumb\"},\"inLanguage\":\"es-MX\",\"potentialAction\":[{\"@type\":\"ReadAction\",\"target\":[\"https:\/\/www.merkley.senate.gov\/merkley-senators-proposed-cuts-to-epa-threaten-public-health\/\"]}]},{\"@type\":\"BreadcrumbList\",\"@id\":\"https:\/\/www.merkley.senate.gov\/merkley-senators-proposed-cuts-to-epa-threaten-public-health\/#breadcrumb\",\"itemListElement\":[{\"@type\":\"ListItem\",\"position\":1,\"name\":\"Home\",\"item\":\"https:\/\/www.merkley.senate.gov\/\"},{\"@type\":\"ListItem\",\"position\":2,\"name\":\"Merkley, Senators: Proposed Cuts to EPA Threaten Public Health\"}]},{\"@type\":\"WebSite\",\"@id\":\"https:\/\/www.merkley.senate.gov\/#website\",\"url\":\"https:\/\/www.merkley.senate.gov\/\",\"name\":\"Merkley\",\"description\":\"Merkley\",\"potentialAction\":[{\"@type\":\"SearchAction\",\"target\":{\"@type\":\"EntryPoint\",\"urlTemplate\":\"https:\/\/www.merkley.senate.gov\/?s={search_term_string}\"},\"query-input\":{\"@type\":\"PropertyValueSpecification\",\"valueRequired\":true,\"valueName\":\"search_term_string\"}}],\"inLanguage\":\"es-MX\"},{\"@type\":\"Person\",\"@id\":\"\",\"url\":\"https:\/\/www.merkley.senate.gov\/es\/author\/\"}]}<\/script>\n<!-- \/ Yoast SEO plugin. -->","yoast_head_json":{"title":"Merkley, Senators: Proposed Cuts to EPA Threaten Public Health - Merkley","robots":{"index":"index","follow":"follow","max-snippet":"max-snippet:-1","max-image-preview":"max-image-preview:large","max-video-preview":"max-video-preview:-1"},"canonical":"https:\/\/www.merkley.senate.gov\/es\/merkley-senators-proposed-cuts-to-epa-threaten-public-health\/","og_locale":"es_MX","og_type":"article","og_title":"Merkley, Senators: Proposed Cuts to EPA Threaten Public Health - Merkley","og_description":"WASHINGTON, D.C. &ndash; Oregon&rsquo;s Senator Jeff Merkley today led three dozen Senators in pushing back on proposed cuts to the Environmental Protection Agency&rsquo;s (EPA) budget that would threaten public health and the environment. &ldquo;The Trump Administration has made dismantling the EPA a core mission. We urge you to oppose any legislation that advances that goal [&hellip;]","og_url":"https:\/\/www.merkley.senate.gov\/es\/merkley-senators-proposed-cuts-to-epa-threaten-public-health\/","og_site_name":"Merkley","article_published_time":"2017-12-14T17:41:00+00:00","article_modified_time":"2023-07-24T15:08:31+00:00","twitter_card":"summary_large_image","twitter_misc":{"Written by":"","Est. reading time":"3 minutes"},"schema":{"@context":"https:\/\/schema.org","@graph":[{"@type":"Article","@id":"https:\/\/www.merkley.senate.gov\/merkley-senators-proposed-cuts-to-epa-threaten-public-health\/#article","isPartOf":{"@id":"https:\/\/www.merkley.senate.gov\/merkley-senators-proposed-cuts-to-epa-threaten-public-health\/"},"author":{"name":"","@id":""},"headline":"Merkley, Senators: Proposed Cuts to EPA Threaten Public Health","datePublished":"2017-12-14T17:41:00+00:00","dateModified":"2023-07-24T15:08:31+00:00","mainEntityOfPage":{"@id":"https:\/\/www.merkley.senate.gov\/merkley-senators-proposed-cuts-to-epa-threaten-public-health\/"},"wordCount":707,"articleSection":["Press Releases"],"inLanguage":"es-MX"},{"@type":"WebPage","@id":"https:\/\/www.merkley.senate.gov\/merkley-senators-proposed-cuts-to-epa-threaten-public-health\/","url":"https:\/\/www.merkley.senate.gov\/merkley-senators-proposed-cuts-to-epa-threaten-public-health\/","name":"Merkley, Senators: Proposed Cuts to EPA Threaten Public Health - Merkley","isPartOf":{"@id":"https:\/\/www.merkley.senate.gov\/#website"},"datePublished":"2017-12-14T17:41:00+00:00","dateModified":"2023-07-24T15:08:31+00:00","author":{"@id":""},"breadcrumb":{"@id":"https:\/\/www.merkley.senate.gov\/merkley-senators-proposed-cuts-to-epa-threaten-public-health\/#breadcrumb"},"inLanguage":"es-MX","potentialAction":[{"@type":"ReadAction","target":["https:\/\/www.merkley.senate.gov\/merkley-senators-proposed-cuts-to-epa-threaten-public-health\/"]}]},{"@type":"BreadcrumbList","@id":"https:\/\/www.merkley.senate.gov\/merkley-senators-proposed-cuts-to-epa-threaten-public-health\/#breadcrumb","itemListElement":[{"@type":"ListItem","position":1,"name":"Home","item":"https:\/\/www.merkley.senate.gov\/"},{"@type":"ListItem","position":2,"name":"Merkley, Senators: Proposed Cuts to EPA Threaten Public Health"}]},{"@type":"WebSite","@id":"https:\/\/www.merkley.senate.gov\/#website","url":"https:\/\/www.merkley.senate.gov\/","name":"merkley","description":"merkley","potentialAction":[{"@type":"SearchAction","target":{"@type":"EntryPoint","urlTemplate":"https:\/\/www.merkley.senate.gov\/?s={search_term_string}"},"query-input":{"@type":"PropertyValueSpecification","valueRequired":true,"valueName":"search_term_string"}}],"inLanguage":"es-MX"},{"@type":"Person","@id":"","url":"https:\/\/www.merkley.senate.gov\/es\/author\/"}]}},"_links":{"self":[{"href":"https:\/\/www.merkley.senate.gov\/es\/wp-json\/wp\/v2\/posts\/4727","targetHints":{"allow":["GET"]}}],"collection":[{"href":"https:\/\/www.merkley.senate.gov\/es\/wp-json\/wp\/v2\/posts"}],"about":[{"href":"https:\/\/www.merkley.senate.gov\/es\/wp-json\/wp\/v2\/types\/post"}],"author":[{"embeddable":true,"href":"https:\/\/www.merkley.senate.gov\/es\/wp-json\/wp\/v2\/users\/2"}],"replies":[{"embeddable":true,"href":"https:\/\/www.merkley.senate.gov\/es\/wp-json\/wp\/v2\/comments?post=4727"}],"version-history":[{"count":1,"href":"https:\/\/www.merkley.senate.gov\/es\/wp-json\/wp\/v2\/posts\/4727\/revisions"}],"predecessor-version":[{"id":14103,"href":"https:\/\/www.merkley.senate.gov\/es\/wp-json\/wp\/v2\/posts\/4727\/revisions\/14103"}],"wp:attachment":[{"href":"https:\/\/www.merkley.senate.gov\/es\/wp-json\/wp\/v2\/media?parent=4727"}],"wp:term":[{"taxonomy":"category","embeddable":true,"href":"https:\/\/www.merkley.senate.gov\/es\/wp-json\/wp\/v2\/categories?post=4727"},{"taxonomy":"post_tag","embeddable":true,"href":"https:\/\/www.merkley.senate.gov\/es\/wp-json\/wp\/v2\/tags?post=4727"}],"curies":[{"name":"wp","href":"https:\/\/api.w.org\/{rel}","templated":true}]}}