{"id":4878,"date":"2017-09-08T17:21:00","date_gmt":"2017-09-08T21:21:00","guid":{"rendered":"https:\/\/www.merkley.senate.gov\/oregon-delegation-presses-new-forest-service-chief-for-full-cooperation-to-fight-wildfires\/"},"modified":"2023-07-24T11:08:43","modified_gmt":"2023-07-24T15:08:43","slug":"oregon-delegation-presses-new-forest-service-chief-for-full-cooperation-to-fight-wildfires","status":"publish","type":"post","link":"https:\/\/www.merkley.senate.gov\/es\/oregon-delegation-presses-new-forest-service-chief-for-full-cooperation-to-fight-wildfires\/","title":{"rendered":"La delegaci\u00f3n de Oreg\u00f3n presiona al nuevo jefe del Servicio Forestal para que coopere plenamente en la lucha contra los incendios forestales"},"content":{"rendered":"<p><b><i>Washington DC<\/i><\/b> \u2013 Los senadores de Oreg\u00f3n Ron Wyden y Jeff Merkley y los representantes Earl Blumenauer, Suzanne Bonamici, Peter DeFazio, Kurt Schrader y Greg Walden <a href=\"https:\/\/www.wyden.senate.gov\/download\/oregon-delegation-letter-to-forest-service-oregon-wildfires-9817\">hoy presionado<\/a> al nuevo jefe del Servicio Forestal de los EE. UU. por su plena cooperaci\u00f3n para llevar recursos muy necesarios a las comunidades devastadas por los incendios forestales en todo Oreg\u00f3n.<\/p>\n<p><a href=\"https:\/\/www.wyden.senate.gov\/download\/oregon-delegation-letter-to-forest-service-oregon-wildfires-9817\">En una carta al Jefe del Servicio Forestal Tony Tooke<\/a>, los legisladores de Oregon enfatizaron la necesidad de que las agencias, la administraci\u00f3n y el Congreso se unan para combatir los incendios catastr\u00f3ficos que arden en Oregon y el Oeste.<\/p>\n<blockquote>\n<p>\u201cCuando se trata de la gesti\u00f3n forestal nacional en Oreg\u00f3n, necesitamos toda la atenci\u00f3n de la administraci\u00f3n, incluida la plena cooperaci\u00f3n del Servicio Forestal de los Estados Unidos\u201d, escribieron los legisladores.<\/p>\n<p>\u201cEstamos buscando activamente financiamiento para el Servicio Forestal de los EE. UU. en cualquier proyecto de ley ante el Congreso destinado a ayudar a las comunidades a recuperarse del hurac\u00e1n Harvey y otros desastres naturales. Esperamos que nos ayude a perfeccionar esas solicitudes y hacerlas lo m\u00e1s espec\u00edficas posible para ayudar a nuestras comunidades y nuestras tierras a recuperarse de este a\u00f1o de incendios que pronto establecer\u00e1 un r\u00e9cord\u201d.<\/p>\n<\/blockquote>\n<p>Esta semana, el Congreso aprob\u00f3 una legislaci\u00f3n que proporcionar\u00e1 fondos de emergencia para combatir incendios forestales como parte de un proyecto de ley m\u00e1s amplio para brindar ayuda en casos de desastre y financiar al gobierno hasta el 8 de diciembre.<\/p>\n<p>La legislaci\u00f3n tambi\u00e9n har\u00e1 posible a partir del 1 de octubre que el Servicio Forestal reembolse r\u00e1pidamente los fondos que necesitar\u00e1 pedir prestado en las pr\u00f3ximas semanas para continuar luchando contra los casi 1,5 millones de acres de tierra que actualmente se est\u00e1n quemando en nueve estados del oeste. Casi un tercio de esos acres est\u00e1n en Oreg\u00f3n.<\/p>\n<p>Leer <a href=\"https:\/\/www.wyden.senate.gov\/download\/oregon-delegation-letter-to-forest-service-oregon-wildfires-9817\">la carta completa aqu\u00ed<\/a>.&nbsp;<\/p>","protected":false},"excerpt":{"rendered":"<p>Washington, D.C. &ndash; Oregon&rsquo;s Sens. Ron Wyden and Jeff Merkley and Reps. Earl Blumenauer, Suzanne Bonamici, Peter DeFazio, Kurt Schrader and Greg Walden today pressed the new chief of the U.S. Forest Service for full cooperation in bringing much-needed resources to wildfire-ravaged communities across Oregon. In a letter to Forest Service Chief Tony Tooke, the [&hellip;]<\/p>\n","protected":false},"author":2,"featured_media":0,"comment_status":"closed","ping_status":"closed","sticky":false,"template":"","format":"standard","meta":{"_acf_changed":false,"inline_featured_image":false,"footnotes":""},"categories":[24],"tags":[],"class_list":["post-4878","post","type-post","status-publish","format-standard","hentry","category-press-releases"],"acf":[],"yoast_head":"<!-- This site is optimized with the Yoast SEO plugin v27.2 - https:\/\/yoast.com\/product\/yoast-seo-wordpress\/ -->\n<title>Oregon Delegation Presses New Forest Service Chief for Full Cooperation to Fight Wildfires - Merkley<\/title>\n<meta name=\"robots\" content=\"index, follow, max-snippet:-1, max-image-preview:large, max-video-preview:-1\" \/>\n<link rel=\"canonical\" href=\"https:\/\/www.merkley.senate.gov\/es\/oregon-delegation-presses-new-forest-service-chief-for-full-cooperation-to-fight-wildfires\/\" \/>\n<meta property=\"og:locale\" content=\"es_MX\" \/>\n<meta property=\"og:type\" content=\"article\" \/>\n<meta property=\"og:title\" content=\"Oregon Delegation Presses New Forest Service Chief for Full Cooperation to Fight Wildfires - Merkley\" \/>\n<meta property=\"og:description\" content=\"Washington, D.C. &ndash; Oregon&rsquo;s Sens. Ron Wyden and Jeff Merkley and Reps. Earl Blumenauer, Suzanne Bonamici, Peter DeFazio, Kurt Schrader and Greg Walden today pressed the new chief of the U.S. Forest Service for full cooperation in bringing much-needed resources to wildfire-ravaged communities across Oregon. In a letter to Forest Service Chief Tony Tooke, the [&hellip;]\" \/>\n<meta property=\"og:url\" content=\"https:\/\/www.merkley.senate.gov\/es\/oregon-delegation-presses-new-forest-service-chief-for-full-cooperation-to-fight-wildfires\/\" \/>\n<meta property=\"og:site_name\" content=\"Merkley\" \/>\n<meta property=\"article:published_time\" content=\"2017-09-08T21:21:00+00:00\" \/>\n<meta property=\"article:modified_time\" content=\"2023-07-24T15:08:43+00:00\" \/>\n<meta name=\"twitter:card\" content=\"summary_large_image\" \/>\n<meta name=\"twitter:label1\" content=\"Written by\" \/>\n\t<meta name=\"twitter:data1\" content=\"\" \/>\n\t<meta name=\"twitter:label2\" content=\"Est. reading time\" \/>\n\t<meta name=\"twitter:data2\" content=\"1 minute\" \/>\n<script type=\"application\/ld+json\" class=\"yoast-schema-graph\">{\"@context\":\"https:\/\/schema.org\",\"@graph\":[{\"@type\":\"Article\",\"@id\":\"https:\/\/www.merkley.senate.gov\/oregon-delegation-presses-new-forest-service-chief-for-full-cooperation-to-fight-wildfires\/#article\",\"isPartOf\":{\"@id\":\"https:\/\/www.merkley.senate.gov\/oregon-delegation-presses-new-forest-service-chief-for-full-cooperation-to-fight-wildfires\/\"},\"author\":{\"name\":\"\",\"@id\":\"\"},\"headline\":\"Oregon Delegation Presses New Forest Service Chief for Full Cooperation to Fight Wildfires\",\"datePublished\":\"2017-09-08T21:21:00+00:00\",\"dateModified\":\"2023-07-24T15:08:43+00:00\",\"mainEntityOfPage\":{\"@id\":\"https:\/\/www.merkley.senate.gov\/oregon-delegation-presses-new-forest-service-chief-for-full-cooperation-to-fight-wildfires\/\"},\"wordCount\":275,\"articleSection\":[\"Press Releases\"],\"inLanguage\":\"es-MX\"},{\"@type\":\"WebPage\",\"@id\":\"https:\/\/www.merkley.senate.gov\/oregon-delegation-presses-new-forest-service-chief-for-full-cooperation-to-fight-wildfires\/\",\"url\":\"https:\/\/www.merkley.senate.gov\/oregon-delegation-presses-new-forest-service-chief-for-full-cooperation-to-fight-wildfires\/\",\"name\":\"Oregon Delegation Presses New Forest Service Chief for Full Cooperation to Fight Wildfires - Merkley\",\"isPartOf\":{\"@id\":\"https:\/\/www.merkley.senate.gov\/#website\"},\"datePublished\":\"2017-09-08T21:21:00+00:00\",\"dateModified\":\"2023-07-24T15:08:43+00:00\",\"author\":{\"@id\":\"\"},\"breadcrumb\":{\"@id\":\"https:\/\/www.merkley.senate.gov\/oregon-delegation-presses-new-forest-service-chief-for-full-cooperation-to-fight-wildfires\/#breadcrumb\"},\"inLanguage\":\"es-MX\",\"potentialAction\":[{\"@type\":\"ReadAction\",\"target\":[\"https:\/\/www.merkley.senate.gov\/oregon-delegation-presses-new-forest-service-chief-for-full-cooperation-to-fight-wildfires\/\"]}]},{\"@type\":\"BreadcrumbList\",\"@id\":\"https:\/\/www.merkley.senate.gov\/oregon-delegation-presses-new-forest-service-chief-for-full-cooperation-to-fight-wildfires\/#breadcrumb\",\"itemListElement\":[{\"@type\":\"ListItem\",\"position\":1,\"name\":\"Home\",\"item\":\"https:\/\/www.merkley.senate.gov\/\"},{\"@type\":\"ListItem\",\"position\":2,\"name\":\"Oregon Delegation Presses New Forest Service Chief for Full Cooperation to Fight Wildfires\"}]},{\"@type\":\"WebSite\",\"@id\":\"https:\/\/www.merkley.senate.gov\/#website\",\"url\":\"https:\/\/www.merkley.senate.gov\/\",\"name\":\"Merkley\",\"description\":\"Merkley\",\"potentialAction\":[{\"@type\":\"SearchAction\",\"target\":{\"@type\":\"EntryPoint\",\"urlTemplate\":\"https:\/\/www.merkley.senate.gov\/?s={search_term_string}\"},\"query-input\":{\"@type\":\"PropertyValueSpecification\",\"valueRequired\":true,\"valueName\":\"search_term_string\"}}],\"inLanguage\":\"es-MX\"},{\"@type\":\"Person\",\"@id\":\"\",\"url\":\"https:\/\/www.merkley.senate.gov\/es\/author\/\"}]}<\/script>\n<!-- \/ Yoast SEO plugin. -->","yoast_head_json":{"title":"Oregon Delegation Presses New Forest Service Chief for Full Cooperation to Fight Wildfires - Merkley","robots":{"index":"index","follow":"follow","max-snippet":"max-snippet:-1","max-image-preview":"max-image-preview:large","max-video-preview":"max-video-preview:-1"},"canonical":"https:\/\/www.merkley.senate.gov\/es\/oregon-delegation-presses-new-forest-service-chief-for-full-cooperation-to-fight-wildfires\/","og_locale":"es_MX","og_type":"article","og_title":"Oregon Delegation Presses New Forest Service Chief for Full Cooperation to Fight Wildfires - Merkley","og_description":"Washington, D.C. &ndash; Oregon&rsquo;s Sens. Ron Wyden and Jeff Merkley and Reps. Earl Blumenauer, Suzanne Bonamici, Peter DeFazio, Kurt Schrader and Greg Walden today pressed the new chief of the U.S. Forest Service for full cooperation in bringing much-needed resources to wildfire-ravaged communities across Oregon. In a letter to Forest Service Chief Tony Tooke, the [&hellip;]","og_url":"https:\/\/www.merkley.senate.gov\/es\/oregon-delegation-presses-new-forest-service-chief-for-full-cooperation-to-fight-wildfires\/","og_site_name":"Merkley","article_published_time":"2017-09-08T21:21:00+00:00","article_modified_time":"2023-07-24T15:08:43+00:00","twitter_card":"summary_large_image","twitter_misc":{"Written by":"","Est. reading time":"1 minute"},"schema":{"@context":"https:\/\/schema.org","@graph":[{"@type":"Article","@id":"https:\/\/www.merkley.senate.gov\/oregon-delegation-presses-new-forest-service-chief-for-full-cooperation-to-fight-wildfires\/#article","isPartOf":{"@id":"https:\/\/www.merkley.senate.gov\/oregon-delegation-presses-new-forest-service-chief-for-full-cooperation-to-fight-wildfires\/"},"author":{"name":"","@id":""},"headline":"Oregon Delegation Presses New Forest Service Chief for Full Cooperation to Fight Wildfires","datePublished":"2017-09-08T21:21:00+00:00","dateModified":"2023-07-24T15:08:43+00:00","mainEntityOfPage":{"@id":"https:\/\/www.merkley.senate.gov\/oregon-delegation-presses-new-forest-service-chief-for-full-cooperation-to-fight-wildfires\/"},"wordCount":275,"articleSection":["Press Releases"],"inLanguage":"es-MX"},{"@type":"WebPage","@id":"https:\/\/www.merkley.senate.gov\/oregon-delegation-presses-new-forest-service-chief-for-full-cooperation-to-fight-wildfires\/","url":"https:\/\/www.merkley.senate.gov\/oregon-delegation-presses-new-forest-service-chief-for-full-cooperation-to-fight-wildfires\/","name":"Oregon Delegation Presses New Forest Service Chief for Full Cooperation to Fight Wildfires - Merkley","isPartOf":{"@id":"https:\/\/www.merkley.senate.gov\/#website"},"datePublished":"2017-09-08T21:21:00+00:00","dateModified":"2023-07-24T15:08:43+00:00","author":{"@id":""},"breadcrumb":{"@id":"https:\/\/www.merkley.senate.gov\/oregon-delegation-presses-new-forest-service-chief-for-full-cooperation-to-fight-wildfires\/#breadcrumb"},"inLanguage":"es-MX","potentialAction":[{"@type":"ReadAction","target":["https:\/\/www.merkley.senate.gov\/oregon-delegation-presses-new-forest-service-chief-for-full-cooperation-to-fight-wildfires\/"]}]},{"@type":"BreadcrumbList","@id":"https:\/\/www.merkley.senate.gov\/oregon-delegation-presses-new-forest-service-chief-for-full-cooperation-to-fight-wildfires\/#breadcrumb","itemListElement":[{"@type":"ListItem","position":1,"name":"Home","item":"https:\/\/www.merkley.senate.gov\/"},{"@type":"ListItem","position":2,"name":"Oregon Delegation Presses New Forest Service Chief for Full Cooperation to Fight Wildfires"}]},{"@type":"WebSite","@id":"https:\/\/www.merkley.senate.gov\/#website","url":"https:\/\/www.merkley.senate.gov\/","name":"merkley","description":"merkley","potentialAction":[{"@type":"SearchAction","target":{"@type":"EntryPoint","urlTemplate":"https:\/\/www.merkley.senate.gov\/?s={search_term_string}"},"query-input":{"@type":"PropertyValueSpecification","valueRequired":true,"valueName":"search_term_string"}}],"inLanguage":"es-MX"},{"@type":"Person","@id":"","url":"https:\/\/www.merkley.senate.gov\/es\/author\/"}]}},"_links":{"self":[{"href":"https:\/\/www.merkley.senate.gov\/es\/wp-json\/wp\/v2\/posts\/4878","targetHints":{"allow":["GET"]}}],"collection":[{"href":"https:\/\/www.merkley.senate.gov\/es\/wp-json\/wp\/v2\/posts"}],"about":[{"href":"https:\/\/www.merkley.senate.gov\/es\/wp-json\/wp\/v2\/types\/post"}],"author":[{"embeddable":true,"href":"https:\/\/www.merkley.senate.gov\/es\/wp-json\/wp\/v2\/users\/2"}],"replies":[{"embeddable":true,"href":"https:\/\/www.merkley.senate.gov\/es\/wp-json\/wp\/v2\/comments?post=4878"}],"version-history":[{"count":1,"href":"https:\/\/www.merkley.senate.gov\/es\/wp-json\/wp\/v2\/posts\/4878\/revisions"}],"predecessor-version":[{"id":14254,"href":"https:\/\/www.merkley.senate.gov\/es\/wp-json\/wp\/v2\/posts\/4878\/revisions\/14254"}],"wp:attachment":[{"href":"https:\/\/www.merkley.senate.gov\/es\/wp-json\/wp\/v2\/media?parent=4878"}],"wp:term":[{"taxonomy":"category","embeddable":true,"href":"https:\/\/www.merkley.senate.gov\/es\/wp-json\/wp\/v2\/categories?post=4878"},{"taxonomy":"post_tag","embeddable":true,"href":"https:\/\/www.merkley.senate.gov\/es\/wp-json\/wp\/v2\/tags?post=4878"}],"curies":[{"name":"wp","href":"https:\/\/api.w.org\/{rel}","templated":true}]}}