{"id":5040,"date":"2017-04-25T13:34:00","date_gmt":"2017-04-25T17:34:00","guid":{"rendered":"https:\/\/www.merkley.senate.gov\/merkley-to-hold-town-halls-in-umatilla-and-morrow-counties\/"},"modified":"2023-07-24T11:08:56","modified_gmt":"2023-07-24T15:08:56","slug":"merkley-to-hold-town-halls-in-umatilla-and-morrow-counties","status":"publish","type":"post","link":"https:\/\/www.merkley.senate.gov\/es\/merkley-to-hold-town-halls-in-umatilla-and-morrow-counties\/","title":{"rendered":"MERKLEY CELEBRAR\u00c1 AYUNTAMIENTOS EN LOS CONDADOS DE UMATILLA Y MORROW"},"content":{"rendered":"<p class=\"p1\"><span class=\"s1\"><b>Portland, Oreg\u00f3n<\/b> &ndash; Oregon&rsquo;s Senator Jeff Merkley will hold town halls in Umatilla and Morrow counties Sunday, April 30.&nbsp;<\/span><\/p>\n<p class=\"p1\"><span class=\"s1\">Actualizar\u00e1 a los electores sobre su trabajo en Washington, DC, responder\u00e1 sus preguntas e invitar\u00e1 sus sugerencias sobre c\u00f3mo abordar los desaf\u00edos que enfrentan Oreg\u00f3n y Estados Unidos.<\/span><\/p>\n<blockquote>\n<p class=\"p1\"><span class=\"s1\">&ldquo;In our &lsquo;We the People&rsquo; democracy, town hall meetings are an essential tool for me to hear from Oregonians and represent their interests back in D.C.,&rdquo; said Merkley. &nbsp;&ldquo;I invite all residents of Umatilla and Morrow counties to come and discuss what we need to do to strengthen our state and our nation.&rdquo;<\/span><\/p>\n<\/blockquote>\n<p class=\"p1\"><span class=\"s1\">Since joining the Senate in 2009, Merkley has held a town hall in each of Oregon&rsquo;s 36 counties every year. Umatilla and Morrow counties will be his 304<\/span><span class=\"s2\"><sup>el<\/sup><\/span><span class=\"s1\"> and 305<\/span><span class=\"s2\"><sup>el<\/sup><\/span><span class=\"s1\"> ayuntamientos como Senador de los Estados Unidos.<\/span><\/p>\n<p class=\"p1\">\n<p class=\"p1\"><span class=\"s1\"><b>Qu\u00e9:<\/b>&nbsp;<\/span><\/p>\n<p class=\"p1\"><span class=\"s1\">Oregon&rsquo;s Senator Jeff Merkley holds town hall in Umatilla County.<\/span><\/p>\n<p class=\"p1\">\n<p class=\"p1\"><span class=\"s1\"><b> Cuando:<\/b><\/span><\/p>\n<p class=\"p1\"><span class=\"s1\">Sunday, April 30, 2017<\/span><\/p>\n<p class=\"p1\"><span class=\"s1\">12:30 pm<\/span><\/p>\n<p class=\"p2\">\n<p class=\"p1\"><span class=\"s1\"><b>D\u00f3nde:<\/b><\/span><\/p>\n<p class=\"p1\"><span class=\"s1\">Colegio Comunitario Blue Mountain&nbsp;<\/span><\/p>\n<p class=\"p1\"><span class=\"s1\">2144 NW Carden Ave.<\/span><\/p>\n<p class=\"p1\"><span class=\"s1\">Pendleton, OR 97801<\/span><\/p>\n<p class=\"p2\">\n<p class=\"p2\">\n<p class=\"p2\">\n<p class=\"p2\">\n<p class=\"p2\">\n<p class=\"p1\"><span class=\"s1\"><b>Qu\u00e9:<\/b>&nbsp;<\/span><\/p>\n<p class=\"p1\"><span class=\"s1\">Oregon&rsquo;s Senator Jeff Merkley holds town hall in Morrow County.<\/span><\/p>\n<p class=\"p2\">\n<p class=\"p1\"><span class=\"s1\"><b>Cuando:<\/b><\/span><\/p>\n<p class=\"p1\"><span class=\"s1\">Sunday, April 30, 2017<\/span><\/p>\n<p class=\"p1\"><span class=\"s1\">5:30 pm<\/span><\/p>\n<p class=\"p2\">\n<p class=\"p1\"><span class=\"s1\"><b>D\u00f3nde:<\/b><\/span><\/p>\n<p class=\"p1\"><span class=\"s1\">Heppner Elementary School&nbsp;<\/span><\/p>\n<p class=\"p1\"><span class=\"s1\">235 Stansbury St.<\/span><\/p>\n<p class=\"p1\"><span class=\"s1\">Heppner, OR 97836<\/span><\/p>\n<p class=\"p2\">\n<p class=\"p1\"><span class=\"s1\"><b>&nbsp;<\/b><\/span><\/p>","protected":false},"excerpt":{"rendered":"<p>Portland, OR &ndash; Oregon&rsquo;s Senator Jeff Merkley will hold town halls in Umatilla and Morrow counties Sunday, April 30.&nbsp; He will update constituents on his work in Washington, D.C., and answer their questions and invite their suggestions about how to tackle the challenges facing Oregon and America. &ldquo;In our &lsquo;We the People&rsquo; democracy, town hall [&hellip;]<\/p>\n","protected":false},"author":2,"featured_media":0,"comment_status":"closed","ping_status":"closed","sticky":false,"template":"","format":"standard","meta":{"_acf_changed":false,"inline_featured_image":false,"footnotes":""},"categories":[24],"tags":[],"class_list":["post-5040","post","type-post","status-publish","format-standard","hentry","category-press-releases"],"acf":[],"yoast_head":"<!-- This site is optimized with the Yoast SEO plugin v27.2 - https:\/\/yoast.com\/product\/yoast-seo-wordpress\/ -->\n<title>MERKLEY TO HOLD TOWN HALLS IN UMATILLA AND MORROW COUNTIES - Merkley<\/title>\n<meta name=\"robots\" content=\"index, follow, max-snippet:-1, max-image-preview:large, max-video-preview:-1\" \/>\n<link rel=\"canonical\" href=\"https:\/\/www.merkley.senate.gov\/es\/merkley-to-hold-town-halls-in-umatilla-and-morrow-counties\/\" \/>\n<meta property=\"og:locale\" content=\"es_MX\" \/>\n<meta property=\"og:type\" content=\"article\" \/>\n<meta property=\"og:title\" content=\"MERKLEY TO HOLD TOWN HALLS IN UMATILLA AND MORROW COUNTIES - Merkley\" \/>\n<meta property=\"og:description\" content=\"Portland, OR &ndash; Oregon&rsquo;s Senator Jeff Merkley will hold town halls in Umatilla and Morrow counties Sunday, April 30.&nbsp; He will update constituents on his work in Washington, D.C., and answer their questions and invite their suggestions about how to tackle the challenges facing Oregon and America. &ldquo;In our &lsquo;We the People&rsquo; democracy, town hall [&hellip;]\" \/>\n<meta property=\"og:url\" content=\"https:\/\/www.merkley.senate.gov\/es\/merkley-to-hold-town-halls-in-umatilla-and-morrow-counties\/\" \/>\n<meta property=\"og:site_name\" content=\"Merkley\" \/>\n<meta property=\"article:published_time\" content=\"2017-04-25T17:34:00+00:00\" \/>\n<meta property=\"article:modified_time\" content=\"2023-07-24T15:08:56+00:00\" \/>\n<meta name=\"twitter:card\" content=\"summary_large_image\" \/>\n<meta name=\"twitter:label1\" content=\"Written by\" \/>\n\t<meta name=\"twitter:data1\" content=\"\" \/>\n\t<meta name=\"twitter:label2\" content=\"Est. reading time\" \/>\n\t<meta name=\"twitter:data2\" content=\"1 minute\" \/>\n<script type=\"application\/ld+json\" class=\"yoast-schema-graph\">{\"@context\":\"https:\/\/schema.org\",\"@graph\":[{\"@type\":\"Article\",\"@id\":\"https:\/\/www.merkley.senate.gov\/merkley-to-hold-town-halls-in-umatilla-and-morrow-counties\/#article\",\"isPartOf\":{\"@id\":\"https:\/\/www.merkley.senate.gov\/merkley-to-hold-town-halls-in-umatilla-and-morrow-counties\/\"},\"author\":{\"name\":\"\",\"@id\":\"\"},\"headline\":\"MERKLEY TO HOLD TOWN HALLS IN UMATILLA AND MORROW COUNTIES\",\"datePublished\":\"2017-04-25T17:34:00+00:00\",\"dateModified\":\"2023-07-24T15:08:56+00:00\",\"mainEntityOfPage\":{\"@id\":\"https:\/\/www.merkley.senate.gov\/merkley-to-hold-town-halls-in-umatilla-and-morrow-counties\/\"},\"wordCount\":217,\"articleSection\":[\"Press Releases\"],\"inLanguage\":\"es-MX\"},{\"@type\":\"WebPage\",\"@id\":\"https:\/\/www.merkley.senate.gov\/merkley-to-hold-town-halls-in-umatilla-and-morrow-counties\/\",\"url\":\"https:\/\/www.merkley.senate.gov\/merkley-to-hold-town-halls-in-umatilla-and-morrow-counties\/\",\"name\":\"MERKLEY TO HOLD TOWN HALLS IN UMATILLA AND MORROW COUNTIES - Merkley\",\"isPartOf\":{\"@id\":\"https:\/\/www.merkley.senate.gov\/#website\"},\"datePublished\":\"2017-04-25T17:34:00+00:00\",\"dateModified\":\"2023-07-24T15:08:56+00:00\",\"author\":{\"@id\":\"\"},\"breadcrumb\":{\"@id\":\"https:\/\/www.merkley.senate.gov\/merkley-to-hold-town-halls-in-umatilla-and-morrow-counties\/#breadcrumb\"},\"inLanguage\":\"es-MX\",\"potentialAction\":[{\"@type\":\"ReadAction\",\"target\":[\"https:\/\/www.merkley.senate.gov\/merkley-to-hold-town-halls-in-umatilla-and-morrow-counties\/\"]}]},{\"@type\":\"BreadcrumbList\",\"@id\":\"https:\/\/www.merkley.senate.gov\/merkley-to-hold-town-halls-in-umatilla-and-morrow-counties\/#breadcrumb\",\"itemListElement\":[{\"@type\":\"ListItem\",\"position\":1,\"name\":\"Home\",\"item\":\"https:\/\/www.merkley.senate.gov\/\"},{\"@type\":\"ListItem\",\"position\":2,\"name\":\"MERKLEY TO HOLD TOWN HALLS IN UMATILLA AND MORROW COUNTIES\"}]},{\"@type\":\"WebSite\",\"@id\":\"https:\/\/www.merkley.senate.gov\/#website\",\"url\":\"https:\/\/www.merkley.senate.gov\/\",\"name\":\"Merkley\",\"description\":\"Merkley\",\"potentialAction\":[{\"@type\":\"SearchAction\",\"target\":{\"@type\":\"EntryPoint\",\"urlTemplate\":\"https:\/\/www.merkley.senate.gov\/?s={search_term_string}\"},\"query-input\":{\"@type\":\"PropertyValueSpecification\",\"valueRequired\":true,\"valueName\":\"search_term_string\"}}],\"inLanguage\":\"es-MX\"},{\"@type\":\"Person\",\"@id\":\"\",\"url\":\"https:\/\/www.merkley.senate.gov\/es\/author\/\"}]}<\/script>\n<!-- \/ Yoast SEO plugin. -->","yoast_head_json":{"title":"MERKLEY TO HOLD TOWN HALLS IN UMATILLA AND MORROW COUNTIES - Merkley","robots":{"index":"index","follow":"follow","max-snippet":"max-snippet:-1","max-image-preview":"max-image-preview:large","max-video-preview":"max-video-preview:-1"},"canonical":"https:\/\/www.merkley.senate.gov\/es\/merkley-to-hold-town-halls-in-umatilla-and-morrow-counties\/","og_locale":"es_MX","og_type":"article","og_title":"MERKLEY TO HOLD TOWN HALLS IN UMATILLA AND MORROW COUNTIES - Merkley","og_description":"Portland, OR &ndash; Oregon&rsquo;s Senator Jeff Merkley will hold town halls in Umatilla and Morrow counties Sunday, April 30.&nbsp; He will update constituents on his work in Washington, D.C., and answer their questions and invite their suggestions about how to tackle the challenges facing Oregon and America. &ldquo;In our &lsquo;We the People&rsquo; democracy, town hall [&hellip;]","og_url":"https:\/\/www.merkley.senate.gov\/es\/merkley-to-hold-town-halls-in-umatilla-and-morrow-counties\/","og_site_name":"Merkley","article_published_time":"2017-04-25T17:34:00+00:00","article_modified_time":"2023-07-24T15:08:56+00:00","twitter_card":"summary_large_image","twitter_misc":{"Written by":"","Est. reading time":"1 minute"},"schema":{"@context":"https:\/\/schema.org","@graph":[{"@type":"Article","@id":"https:\/\/www.merkley.senate.gov\/merkley-to-hold-town-halls-in-umatilla-and-morrow-counties\/#article","isPartOf":{"@id":"https:\/\/www.merkley.senate.gov\/merkley-to-hold-town-halls-in-umatilla-and-morrow-counties\/"},"author":{"name":"","@id":""},"headline":"MERKLEY TO HOLD TOWN HALLS IN UMATILLA AND MORROW COUNTIES","datePublished":"2017-04-25T17:34:00+00:00","dateModified":"2023-07-24T15:08:56+00:00","mainEntityOfPage":{"@id":"https:\/\/www.merkley.senate.gov\/merkley-to-hold-town-halls-in-umatilla-and-morrow-counties\/"},"wordCount":217,"articleSection":["Press Releases"],"inLanguage":"es-MX"},{"@type":"WebPage","@id":"https:\/\/www.merkley.senate.gov\/merkley-to-hold-town-halls-in-umatilla-and-morrow-counties\/","url":"https:\/\/www.merkley.senate.gov\/merkley-to-hold-town-halls-in-umatilla-and-morrow-counties\/","name":"MERKLEY TO HOLD TOWN HALLS IN UMATILLA AND MORROW COUNTIES - Merkley","isPartOf":{"@id":"https:\/\/www.merkley.senate.gov\/#website"},"datePublished":"2017-04-25T17:34:00+00:00","dateModified":"2023-07-24T15:08:56+00:00","author":{"@id":""},"breadcrumb":{"@id":"https:\/\/www.merkley.senate.gov\/merkley-to-hold-town-halls-in-umatilla-and-morrow-counties\/#breadcrumb"},"inLanguage":"es-MX","potentialAction":[{"@type":"ReadAction","target":["https:\/\/www.merkley.senate.gov\/merkley-to-hold-town-halls-in-umatilla-and-morrow-counties\/"]}]},{"@type":"BreadcrumbList","@id":"https:\/\/www.merkley.senate.gov\/merkley-to-hold-town-halls-in-umatilla-and-morrow-counties\/#breadcrumb","itemListElement":[{"@type":"ListItem","position":1,"name":"Home","item":"https:\/\/www.merkley.senate.gov\/"},{"@type":"ListItem","position":2,"name":"MERKLEY TO HOLD TOWN HALLS IN UMATILLA AND MORROW COUNTIES"}]},{"@type":"WebSite","@id":"https:\/\/www.merkley.senate.gov\/#website","url":"https:\/\/www.merkley.senate.gov\/","name":"merkley","description":"merkley","potentialAction":[{"@type":"SearchAction","target":{"@type":"EntryPoint","urlTemplate":"https:\/\/www.merkley.senate.gov\/?s={search_term_string}"},"query-input":{"@type":"PropertyValueSpecification","valueRequired":true,"valueName":"search_term_string"}}],"inLanguage":"es-MX"},{"@type":"Person","@id":"","url":"https:\/\/www.merkley.senate.gov\/es\/author\/"}]}},"_links":{"self":[{"href":"https:\/\/www.merkley.senate.gov\/es\/wp-json\/wp\/v2\/posts\/5040","targetHints":{"allow":["GET"]}}],"collection":[{"href":"https:\/\/www.merkley.senate.gov\/es\/wp-json\/wp\/v2\/posts"}],"about":[{"href":"https:\/\/www.merkley.senate.gov\/es\/wp-json\/wp\/v2\/types\/post"}],"author":[{"embeddable":true,"href":"https:\/\/www.merkley.senate.gov\/es\/wp-json\/wp\/v2\/users\/2"}],"replies":[{"embeddable":true,"href":"https:\/\/www.merkley.senate.gov\/es\/wp-json\/wp\/v2\/comments?post=5040"}],"version-history":[{"count":1,"href":"https:\/\/www.merkley.senate.gov\/es\/wp-json\/wp\/v2\/posts\/5040\/revisions"}],"predecessor-version":[{"id":14416,"href":"https:\/\/www.merkley.senate.gov\/es\/wp-json\/wp\/v2\/posts\/5040\/revisions\/14416"}],"wp:attachment":[{"href":"https:\/\/www.merkley.senate.gov\/es\/wp-json\/wp\/v2\/media?parent=5040"}],"wp:term":[{"taxonomy":"category","embeddable":true,"href":"https:\/\/www.merkley.senate.gov\/es\/wp-json\/wp\/v2\/categories?post=5040"},{"taxonomy":"post_tag","embeddable":true,"href":"https:\/\/www.merkley.senate.gov\/es\/wp-json\/wp\/v2\/tags?post=5040"}],"curies":[{"name":"wp","href":"https:\/\/api.w.org\/{rel}","templated":true}]}}