{"id":5109,"date":"2017-03-16T16:10:00","date_gmt":"2017-03-16T20:10:00","guid":{"rendered":"https:\/\/www.merkley.senate.gov\/merkley-statement-on-usda-budget-cuts\/"},"modified":"2023-07-24T11:09:01","modified_gmt":"2023-07-24T15:09:01","slug":"merkley-statement-on-usda-budget-cuts","status":"publish","type":"post","link":"https:\/\/www.merkley.senate.gov\/es\/merkley-statement-on-usda-budget-cuts\/","title":{"rendered":"Declaraci\u00f3n de Merkley sobre los recortes presupuestarios del USDA"},"content":{"rendered":"<p>WASHINGTON, DC \u2013 El senador de Oreg\u00f3n Jeff Merkley, miembro de alto rango del Subcomit\u00e9 de Asignaciones de Agricultura del Senado, emiti\u00f3 la siguiente declaraci\u00f3n en respuesta al recorte presupuestario 26% propuesto por la Administraci\u00f3n Trump al Departamento de Agricultura de EE. UU. (USDA):<\/p>\n<p>\u201cEste presupuesto es un asalto impactante y sin precedentes en la Am\u00e9rica rural. Si se promulga, perjudicar\u00e1 a los agricultores, ganaderos, ni\u00f1os y comunidades madereras. Este presupuesto representa un ataque directo a las necesidades m\u00e1s b\u00e1sicas de las comunidades rurales, desde la reducci\u00f3n de la inversi\u00f3n en el crecimiento de peque\u00f1as empresas y la creaci\u00f3n de empleo, hasta la amenaza del acceso al agua potable.<\/p>\n<p>\u201cAdem\u00e1s, si la idea ostensible de eliminar toda la ayuda alimentaria es poner m\u00e1s dinero en defensa, no podr\u00eda estar m\u00e1s equivocada. Desestabilizar a\u00fan m\u00e1s algunas de las regiones m\u00e1s vol\u00e1tiles del mundo es una receta para el conflicto y el terrorismo. Solo esta semana, la ONU inform\u00f3 que m\u00e1s de 20 millones de personas se enfrentan al hambre y la hambruna en Yemen, Sud\u00e1n del Sur, Somalia y Nigeria. Terminar con la ayuda alimentaria estadounidense frente a esta crisis es inmoral y est\u00fapido.<\/p>\n<p>\u201cDonald Trump se postul\u00f3 como un campe\u00f3n de la Am\u00e9rica rural, pero ahora est\u00e1 golpeando a los estadounidenses rurales en el est\u00f3mago. As\u00ed como traicion\u00f3 a los subcontratistas a los que enga\u00f1\u00f3 y se neg\u00f3 a pagar, y traicion\u00f3 a las personas atra\u00eddas por las promesas de la Universidad Trump, ahora Donald Trump est\u00e1 traicionando a la Am\u00e9rica rural. Espero trabajar con verdaderos campeones de la Am\u00e9rica rural en ambos partidos en el Subcomit\u00e9 de Asignaciones de Agricultura del Senado para tirar este presupuesto a la basura donde pertenece y hacer lo correcto por nuestros electores\u201d.<\/p>","protected":false},"excerpt":{"rendered":"<p>WASHINGTON, D.C. &ndash; Oregon&rsquo;s Senator Jeff Merkley, Ranking Member of the Senate Agriculture Appropriations Subcommittee, released the following statement in response to the Trump Administration&rsquo;s proposed 26% budget cut to the U.S. Department of Agriculture (USDA): &ldquo;This budget is a shocking and unprecedented assault on rural America. If enacted, it will hurt farmers, ranchers, kids, [&hellip;]<\/p>\n","protected":false},"author":2,"featured_media":0,"comment_status":"closed","ping_status":"closed","sticky":false,"template":"","format":"standard","meta":{"_acf_changed":false,"inline_featured_image":false,"footnotes":""},"categories":[24],"tags":[42],"class_list":["post-5109","post","type-post","status-publish","format-standard","hentry","category-press-releases","tag-agriculture"],"acf":[],"yoast_head":"<!-- This site is optimized with the Yoast SEO plugin v27.2 - https:\/\/yoast.com\/product\/yoast-seo-wordpress\/ -->\n<title>Merkley Statement on USDA Budget Cuts - Merkley<\/title>\n<meta name=\"robots\" content=\"index, follow, max-snippet:-1, max-image-preview:large, max-video-preview:-1\" \/>\n<link rel=\"canonical\" href=\"https:\/\/www.merkley.senate.gov\/es\/merkley-statement-on-usda-budget-cuts\/\" \/>\n<meta property=\"og:locale\" content=\"es_MX\" \/>\n<meta property=\"og:type\" content=\"article\" \/>\n<meta property=\"og:title\" content=\"Merkley Statement on USDA Budget Cuts - Merkley\" \/>\n<meta property=\"og:description\" content=\"WASHINGTON, D.C. &ndash; Oregon&rsquo;s Senator Jeff Merkley, Ranking Member of the Senate Agriculture Appropriations Subcommittee, released the following statement in response to the Trump Administration&rsquo;s proposed 26% budget cut to the U.S. Department of Agriculture (USDA): &ldquo;This budget is a shocking and unprecedented assault on rural America. If enacted, it will hurt farmers, ranchers, kids, [&hellip;]\" \/>\n<meta property=\"og:url\" content=\"https:\/\/www.merkley.senate.gov\/es\/merkley-statement-on-usda-budget-cuts\/\" \/>\n<meta property=\"og:site_name\" content=\"Merkley\" \/>\n<meta property=\"article:published_time\" content=\"2017-03-16T20:10:00+00:00\" \/>\n<meta property=\"article:modified_time\" content=\"2023-07-24T15:09:01+00:00\" \/>\n<meta name=\"twitter:card\" content=\"summary_large_image\" \/>\n<meta name=\"twitter:label1\" content=\"Written by\" \/>\n\t<meta name=\"twitter:data1\" content=\"\" \/>\n\t<meta name=\"twitter:label2\" content=\"Est. reading time\" \/>\n\t<meta name=\"twitter:data2\" content=\"1 minute\" \/>\n<script type=\"application\/ld+json\" class=\"yoast-schema-graph\">{\"@context\":\"https:\/\/schema.org\",\"@graph\":[{\"@type\":\"Article\",\"@id\":\"https:\/\/www.merkley.senate.gov\/merkley-statement-on-usda-budget-cuts\/#article\",\"isPartOf\":{\"@id\":\"https:\/\/www.merkley.senate.gov\/merkley-statement-on-usda-budget-cuts\/\"},\"author\":{\"name\":\"\",\"@id\":\"\"},\"headline\":\"Merkley Statement on USDA Budget Cuts\",\"datePublished\":\"2017-03-16T20:10:00+00:00\",\"dateModified\":\"2023-07-24T15:09:01+00:00\",\"mainEntityOfPage\":{\"@id\":\"https:\/\/www.merkley.senate.gov\/merkley-statement-on-usda-budget-cuts\/\"},\"wordCount\":272,\"keywords\":[\"Agriculture\"],\"articleSection\":[\"Press Releases\"],\"inLanguage\":\"es-MX\"},{\"@type\":\"WebPage\",\"@id\":\"https:\/\/www.merkley.senate.gov\/merkley-statement-on-usda-budget-cuts\/\",\"url\":\"https:\/\/www.merkley.senate.gov\/merkley-statement-on-usda-budget-cuts\/\",\"name\":\"Merkley Statement on USDA Budget Cuts - Merkley\",\"isPartOf\":{\"@id\":\"https:\/\/www.merkley.senate.gov\/#website\"},\"datePublished\":\"2017-03-16T20:10:00+00:00\",\"dateModified\":\"2023-07-24T15:09:01+00:00\",\"author\":{\"@id\":\"\"},\"breadcrumb\":{\"@id\":\"https:\/\/www.merkley.senate.gov\/merkley-statement-on-usda-budget-cuts\/#breadcrumb\"},\"inLanguage\":\"es-MX\",\"potentialAction\":[{\"@type\":\"ReadAction\",\"target\":[\"https:\/\/www.merkley.senate.gov\/merkley-statement-on-usda-budget-cuts\/\"]}]},{\"@type\":\"BreadcrumbList\",\"@id\":\"https:\/\/www.merkley.senate.gov\/merkley-statement-on-usda-budget-cuts\/#breadcrumb\",\"itemListElement\":[{\"@type\":\"ListItem\",\"position\":1,\"name\":\"Home\",\"item\":\"https:\/\/www.merkley.senate.gov\/\"},{\"@type\":\"ListItem\",\"position\":2,\"name\":\"Merkley Statement on USDA Budget Cuts\"}]},{\"@type\":\"WebSite\",\"@id\":\"https:\/\/www.merkley.senate.gov\/#website\",\"url\":\"https:\/\/www.merkley.senate.gov\/\",\"name\":\"Merkley\",\"description\":\"Merkley\",\"potentialAction\":[{\"@type\":\"SearchAction\",\"target\":{\"@type\":\"EntryPoint\",\"urlTemplate\":\"https:\/\/www.merkley.senate.gov\/?s={search_term_string}\"},\"query-input\":{\"@type\":\"PropertyValueSpecification\",\"valueRequired\":true,\"valueName\":\"search_term_string\"}}],\"inLanguage\":\"es-MX\"},{\"@type\":\"Person\",\"@id\":\"\",\"url\":\"https:\/\/www.merkley.senate.gov\/es\/author\/\"}]}<\/script>\n<!-- \/ Yoast SEO plugin. -->","yoast_head_json":{"title":"Merkley Statement on USDA Budget Cuts - Merkley","robots":{"index":"index","follow":"follow","max-snippet":"max-snippet:-1","max-image-preview":"max-image-preview:large","max-video-preview":"max-video-preview:-1"},"canonical":"https:\/\/www.merkley.senate.gov\/es\/merkley-statement-on-usda-budget-cuts\/","og_locale":"es_MX","og_type":"article","og_title":"Merkley Statement on USDA Budget Cuts - Merkley","og_description":"WASHINGTON, D.C. &ndash; Oregon&rsquo;s Senator Jeff Merkley, Ranking Member of the Senate Agriculture Appropriations Subcommittee, released the following statement in response to the Trump Administration&rsquo;s proposed 26% budget cut to the U.S. Department of Agriculture (USDA): &ldquo;This budget is a shocking and unprecedented assault on rural America. If enacted, it will hurt farmers, ranchers, kids, [&hellip;]","og_url":"https:\/\/www.merkley.senate.gov\/es\/merkley-statement-on-usda-budget-cuts\/","og_site_name":"Merkley","article_published_time":"2017-03-16T20:10:00+00:00","article_modified_time":"2023-07-24T15:09:01+00:00","twitter_card":"summary_large_image","twitter_misc":{"Written by":"","Est. reading time":"1 minute"},"schema":{"@context":"https:\/\/schema.org","@graph":[{"@type":"Article","@id":"https:\/\/www.merkley.senate.gov\/merkley-statement-on-usda-budget-cuts\/#article","isPartOf":{"@id":"https:\/\/www.merkley.senate.gov\/merkley-statement-on-usda-budget-cuts\/"},"author":{"name":"","@id":""},"headline":"Merkley Statement on USDA Budget Cuts","datePublished":"2017-03-16T20:10:00+00:00","dateModified":"2023-07-24T15:09:01+00:00","mainEntityOfPage":{"@id":"https:\/\/www.merkley.senate.gov\/merkley-statement-on-usda-budget-cuts\/"},"wordCount":272,"keywords":["Agriculture"],"articleSection":["Press Releases"],"inLanguage":"es-MX"},{"@type":"WebPage","@id":"https:\/\/www.merkley.senate.gov\/merkley-statement-on-usda-budget-cuts\/","url":"https:\/\/www.merkley.senate.gov\/merkley-statement-on-usda-budget-cuts\/","name":"Merkley Statement on USDA Budget Cuts - Merkley","isPartOf":{"@id":"https:\/\/www.merkley.senate.gov\/#website"},"datePublished":"2017-03-16T20:10:00+00:00","dateModified":"2023-07-24T15:09:01+00:00","author":{"@id":""},"breadcrumb":{"@id":"https:\/\/www.merkley.senate.gov\/merkley-statement-on-usda-budget-cuts\/#breadcrumb"},"inLanguage":"es-MX","potentialAction":[{"@type":"ReadAction","target":["https:\/\/www.merkley.senate.gov\/merkley-statement-on-usda-budget-cuts\/"]}]},{"@type":"BreadcrumbList","@id":"https:\/\/www.merkley.senate.gov\/merkley-statement-on-usda-budget-cuts\/#breadcrumb","itemListElement":[{"@type":"ListItem","position":1,"name":"Home","item":"https:\/\/www.merkley.senate.gov\/"},{"@type":"ListItem","position":2,"name":"Merkley Statement on USDA Budget Cuts"}]},{"@type":"WebSite","@id":"https:\/\/www.merkley.senate.gov\/#website","url":"https:\/\/www.merkley.senate.gov\/","name":"merkley","description":"merkley","potentialAction":[{"@type":"SearchAction","target":{"@type":"EntryPoint","urlTemplate":"https:\/\/www.merkley.senate.gov\/?s={search_term_string}"},"query-input":{"@type":"PropertyValueSpecification","valueRequired":true,"valueName":"search_term_string"}}],"inLanguage":"es-MX"},{"@type":"Person","@id":"","url":"https:\/\/www.merkley.senate.gov\/es\/author\/"}]}},"_links":{"self":[{"href":"https:\/\/www.merkley.senate.gov\/es\/wp-json\/wp\/v2\/posts\/5109","targetHints":{"allow":["GET"]}}],"collection":[{"href":"https:\/\/www.merkley.senate.gov\/es\/wp-json\/wp\/v2\/posts"}],"about":[{"href":"https:\/\/www.merkley.senate.gov\/es\/wp-json\/wp\/v2\/types\/post"}],"author":[{"embeddable":true,"href":"https:\/\/www.merkley.senate.gov\/es\/wp-json\/wp\/v2\/users\/2"}],"replies":[{"embeddable":true,"href":"https:\/\/www.merkley.senate.gov\/es\/wp-json\/wp\/v2\/comments?post=5109"}],"version-history":[{"count":1,"href":"https:\/\/www.merkley.senate.gov\/es\/wp-json\/wp\/v2\/posts\/5109\/revisions"}],"predecessor-version":[{"id":14485,"href":"https:\/\/www.merkley.senate.gov\/es\/wp-json\/wp\/v2\/posts\/5109\/revisions\/14485"}],"wp:attachment":[{"href":"https:\/\/www.merkley.senate.gov\/es\/wp-json\/wp\/v2\/media?parent=5109"}],"wp:term":[{"taxonomy":"category","embeddable":true,"href":"https:\/\/www.merkley.senate.gov\/es\/wp-json\/wp\/v2\/categories?post=5109"},{"taxonomy":"post_tag","embeddable":true,"href":"https:\/\/www.merkley.senate.gov\/es\/wp-json\/wp\/v2\/tags?post=5109"}],"curies":[{"name":"wp","href":"https:\/\/api.w.org\/{rel}","templated":true}]}}